{"id":4262,"date":"2025-07-26T16:12:36","date_gmt":"2025-07-26T20:12:36","guid":{"rendered":"https:\/\/www.manaus.am.gov.br\/manauscult\/concultura-nos-bairros\/"},"modified":"2025-07-26T16:12:38","modified_gmt":"2025-07-26T20:12:38","slug":"concultura-nos-bairros","status":"publish","type":"post","link":"https:\/\/www.manaus.am.gov.br\/manauscult\/concultura-nos-bairros\/","title":{"rendered":"Prefeitura de Manaus lan\u00e7a projeto \u2018Concultura nos bairros\u2019 com participa\u00e7\u00e3o de mais de 47 artistas"},"content":{"rendered":"\n<p>A Prefeitura de Manaus, por meio do Conselho Municipal de Cultura (Concultura), realizou, na manh\u00e3 deste s\u00e1bado, 26\/7, a primeira edi\u00e7\u00e3o do projeto \u201cConcultura nos bairros\u201d. A a\u00e7\u00e3o aconteceu no Departamento de Atendimento Socioeducativo (Dase), na zona Centro-Oeste da capital, reunindo mais de 47 artistas de diferentes segmentos culturais.<\/p>\n\n\n\n<p>Com o objetivo de aproximar o Concultura da comunidade art\u00edstica e democratizar o acesso \u00e0s pol\u00edticas p\u00fablicas culturais, o evento marcou o in\u00edcio de uma s\u00e9rie de encontros que ir\u00e3o percorrer diversas zonas da cidade e comunidades ind\u00edgenas.<\/p>\n\n\n\n<p>O presidente do Concultura, Tony Medeiros, destacou a import\u00e2ncia da iniciativa para fortalecer o di\u00e1logo com os artistas da capital. &#8220;O Concultura \u00e9 o elo entre o poder p\u00fablico e o fazer art\u00edstico. Levar essa escuta ativa aos bairros \u00e9 fundamental para construirmos pol\u00edticas culturais mais eficazes e inclusivas\u201d, disse.<\/p>\n\n\n\n<p>Nesta edi\u00e7\u00e3o inaugural, o foco foi a apresenta\u00e7\u00e3o do papel institucional do Concultura, com \u00eanfase na Lei Aldir Blanc, que garante apoio financeiro a artistas, coletivos e espa\u00e7os culturais em todo o Brasil.&nbsp;<\/p>\n\n\n\n<p>Durante a palestra de abertura, a chefe de gabinete da pasta, Janayna Castro, refor\u00e7ou o compromisso do Conselho com o fomento cultural local. &#8220;O Concultura \u00e9 a casa do artista manauara. Estamos aqui para ouvir, orientar e garantir que a arte feita na nossa cidade continue viva e valorizada\u201d.<br><\/p>\n\n\n\n<p><strong>Oficinas&nbsp;<\/strong><\/p>\n\n\n\n<p>Al\u00e9m das palestras e momentos de troca entre os participantes, o evento contou com uma oficina pr\u00e1tica sobre elabora\u00e7\u00e3o de projetos culturais e portf\u00f3lio, ministrada pelo professor Carlos Kuba Luckman. A oficina orientou os artistas sobre como estruturar propostas claras e vi\u00e1veis para captar recursos p\u00fablicos.<\/p>\n\n\n\n<p>Entre os participantes estava a produtora cultural e audiovisual Danielle Nazareno, que destacou que o evento contribuiu para uma melhor compreens\u00e3o acerca das pol\u00edticas p\u00fablicas e como elas impactam na sua vida art\u00edstica.<br><br>&#8220;Mais do que alinhar com pol\u00edticas p\u00fablicas, foi uma oportunidade de compreender e nos atualizarmos de forma mais profunda o nosso papel enquanto agente cultural, representando uma classe do audiovisual que precisa ser cada vez mais ouvida e valorizada. Saio desse encontro com novas ideias, conex\u00f5es significativas e com a vontade de levar esse formato para o bairro onde moro h\u00e1 30 anos, o bairro Santa Etelvina. Que essa troca siga se espalhando e fortalecendo a cultura nos territ\u00f3rios\u201d, comemorou.&nbsp;<\/p>\n\n\n\n<p><strong>Sobre o Concultura<\/strong><\/p>\n\n\n\n<p>Criado em setembro de 2003, o Concultura \u00e9 o \u00f3rg\u00e3o respons\u00e1vel por gerir o Fundo Municipal de Cultura em Manaus. Sua principal miss\u00e3o \u00e9 fomentar a produ\u00e7\u00e3o, forma\u00e7\u00e3o e difus\u00e3o cultural no munic\u00edpio, por meio de apoio financeiro a projetos desenvolvidos por agentes culturais locais.<\/p>\n\n\n\n<p>Grande parte desse apoio \u00e9 viabilizado por meio da Lei Aldir Blanc, que vem impulsionando a cena art\u00edstica na capital amazonense. O projeto \u201cConcultura nos bairros\u201d seguir\u00e1 aos s\u00e1bados, promovendo oficinas, rodas de conversa, escuta ativa e orienta\u00e7\u00f5es pr\u00e1ticas sobre editais culturais em todas as zonas da cidade.<\/p>\n\n\n\n<p><br>\u2014 \u2014 \u2014<br><strong>Texto e fotos &#8211; <\/strong>Ismael Oliveira\/ Concultura<br><br><\/p>\n","protected":false},"excerpt":{"rendered":"","protected":false},"author":68,"featured_media":4263,"comment_status":"closed","ping_status":"closed","sticky":false,"template":"","format":"standard","meta":{"footnotes":""},"categories":[12],"tags":[1527,11],"acf":[],"yoast_head":"<!-- This site is optimized with the Yoast SEO plugin v23.0 - https:\/\/yoast.com\/wordpress\/plugins\/seo\/ -->\n<title>Prefeitura de Manaus lan\u00e7a projeto \u2018Concultura nos bairros\u2019 com participa\u00e7\u00e3o de mais de 47 artistas<\/title>\n<meta name=\"description\" content=\"A Prefeitura de Manaus, por meio do Conselho Municipal de Cultura (Concultura), realizou, na manh\u00e3 deste s\u00e1bado, 26\/7, a primeira edi\u00e7\u00e3o do projeto \u201cConcultura nos bairros\u201d. A a\u00e7\u00e3o aconteceu no Departamento de Atendimento Socioeducativo (Dase), na zona Centro-Oeste da capital, reunindo mais de 47 artistas de diferentes segmentos culturais.\" \/>\n<meta name=\"robots\" content=\"noindex, follow\" \/>\n<meta property=\"og:locale\" content=\"pt_BR\" \/>\n<meta property=\"og:type\" content=\"article\" \/>\n<meta property=\"og:title\" content=\"Prefeitura de Manaus lan\u00e7a projeto \u2018Concultura nos bairros\u2019 com participa\u00e7\u00e3o de mais de 47 artistas\" \/>\n<meta property=\"og:description\" content=\"A Prefeitura de Manaus, por meio do Conselho Municipal de Cultura (Concultura), realizou, na manh\u00e3 deste s\u00e1bado, 26\/7, a primeira edi\u00e7\u00e3o do projeto \u201cConcultura nos bairros\u201d. A a\u00e7\u00e3o aconteceu no Departamento de Atendimento Socioeducativo (Dase), na zona Centro-Oeste da capital, reunindo mais de 47 artistas de diferentes segmentos culturais.\" \/>\n<meta property=\"og:url\" content=\"https:\/\/www.manaus.am.gov.br\/manauscult\/concultura-nos-bairros\/\" \/>\n<meta property=\"og:site_name\" content=\"MANAUSCULT\" \/>\n<meta property=\"article:published_time\" content=\"2025-07-26T20:12:36+00:00\" \/>\n<meta property=\"article:modified_time\" content=\"2025-07-26T20:12:38+00:00\" \/>\n<meta property=\"og:image\" content=\"https:\/\/www.manaus.am.gov.br\/manauscult\/wp-content\/uploads\/sites\/11\/2025\/07\/Concultura-nos-bairros-2.jpg\" \/>\n\t<meta property=\"og:image:width\" content=\"800\" \/>\n\t<meta property=\"og:image:height\" content=\"600\" \/>\n\t<meta property=\"og:image:type\" content=\"image\/jpeg\" \/>\n<meta name=\"author\" content=\"bvalente\" \/>\n<meta name=\"twitter:card\" content=\"summary_large_image\" \/>\n<meta name=\"twitter:label1\" content=\"Written by\" \/>\n\t<meta name=\"twitter:data1\" content=\"bvalente\" \/>\n\t<meta name=\"twitter:label2\" content=\"Est. reading time\" \/>\n\t<meta name=\"twitter:data2\" content=\"3 minutos\" \/>\n<script type=\"application\/ld+json\" class=\"yoast-schema-graph\">{\"@context\":\"https:\/\/schema.org\",\"@graph\":[{\"@type\":\"WebPage\",\"@id\":\"https:\/\/www.manaus.am.gov.br\/manauscult\/concultura-nos-bairros\/\",\"url\":\"https:\/\/www.manaus.am.gov.br\/manauscult\/concultura-nos-bairros\/\",\"name\":\"Prefeitura de Manaus lan\u00e7a projeto \u2018Concultura nos bairros\u2019 com participa\u00e7\u00e3o de mais de 47 artistas\",\"isPartOf\":{\"@id\":\"https:\/\/www.manaus.am.gov.br\/manauscult\/#website\"},\"primaryImageOfPage\":{\"@id\":\"https:\/\/www.manaus.am.gov.br\/manauscult\/concultura-nos-bairros\/#primaryimage\"},\"image\":{\"@id\":\"https:\/\/www.manaus.am.gov.br\/manauscult\/concultura-nos-bairros\/#primaryimage\"},\"thumbnailUrl\":\"https:\/\/www.manaus.am.gov.br\/manauscult\/wp-content\/uploads\/sites\/11\/2025\/07\/Concultura-nos-bairros-2.jpg\",\"datePublished\":\"2025-07-26T20:12:36+00:00\",\"dateModified\":\"2025-07-26T20:12:38+00:00\",\"author\":{\"@id\":\"https:\/\/www.manaus.am.gov.br\/manauscult\/#\/schema\/person\/466a0e03ae4b6062809046bd560ac955\"},\"description\":\"A Prefeitura de Manaus, por meio do Conselho Municipal de Cultura (Concultura), realizou, na manh\u00e3 deste s\u00e1bado, 26\/7, a primeira edi\u00e7\u00e3o do projeto \u201cConcultura nos bairros\u201d. A a\u00e7\u00e3o aconteceu no Departamento de Atendimento Socioeducativo (Dase), na zona Centro-Oeste da capital, reunindo mais de 47 artistas de diferentes segmentos culturais.\",\"breadcrumb\":{\"@id\":\"https:\/\/www.manaus.am.gov.br\/manauscult\/concultura-nos-bairros\/#breadcrumb\"},\"inLanguage\":\"pt-BR\",\"potentialAction\":[{\"@type\":\"ReadAction\",\"target\":[\"https:\/\/www.manaus.am.gov.br\/manauscult\/concultura-nos-bairros\/\"]}]},{\"@type\":\"ImageObject\",\"inLanguage\":\"pt-BR\",\"@id\":\"https:\/\/www.manaus.am.gov.br\/manauscult\/concultura-nos-bairros\/#primaryimage\",\"url\":\"https:\/\/www.manaus.am.gov.br\/manauscult\/wp-content\/uploads\/sites\/11\/2025\/07\/Concultura-nos-bairros-2.jpg\",\"contentUrl\":\"https:\/\/www.manaus.am.gov.br\/manauscult\/wp-content\/uploads\/sites\/11\/2025\/07\/Concultura-nos-bairros-2.jpg\",\"width\":800,\"height\":600},{\"@type\":\"BreadcrumbList\",\"@id\":\"https:\/\/www.manaus.am.gov.br\/manauscult\/concultura-nos-bairros\/#breadcrumb\",\"itemListElement\":[{\"@type\":\"ListItem\",\"position\":1,\"name\":\"Home\",\"item\":\"https:\/\/www.manaus.am.gov.br\/manauscult\/\"},{\"@type\":\"ListItem\",\"position\":2,\"name\":\"Prefeitura de Manaus lan\u00e7a projeto \u2018Concultura nos bairros\u2019 com participa\u00e7\u00e3o de mais de 47 artistas\"}]},{\"@type\":\"WebSite\",\"@id\":\"https:\/\/www.manaus.am.gov.br\/manauscult\/#website\",\"url\":\"https:\/\/www.manaus.am.gov.br\/manauscult\/\",\"name\":\"MANAUSCULT\",\"description\":\"Prefeitura de Manaus\",\"potentialAction\":[{\"@type\":\"SearchAction\",\"target\":{\"@type\":\"EntryPoint\",\"urlTemplate\":\"https:\/\/www.manaus.am.gov.br\/manauscult\/?s={search_term_string}\"},\"query-input\":\"required name=search_term_string\"}],\"inLanguage\":\"pt-BR\"},{\"@type\":\"Person\",\"@id\":\"https:\/\/www.manaus.am.gov.br\/manauscult\/#\/schema\/person\/466a0e03ae4b6062809046bd560ac955\",\"name\":\"bvalente\",\"image\":{\"@type\":\"ImageObject\",\"inLanguage\":\"pt-BR\",\"@id\":\"https:\/\/www.manaus.am.gov.br\/manauscult\/#\/schema\/person\/image\/\",\"url\":\"https:\/\/secure.gravatar.com\/avatar\/3e69bc2b014bdad41adfec3a39de07d2?s=96&d=mm&r=g\",\"contentUrl\":\"https:\/\/secure.gravatar.com\/avatar\/3e69bc2b014bdad41adfec3a39de07d2?s=96&d=mm&r=g\",\"caption\":\"bvalente\"}}]}<\/script>\n<!-- \/ Yoast SEO plugin. -->","yoast_head_json":{"title":"Prefeitura de Manaus lan\u00e7a projeto \u2018Concultura nos bairros\u2019 com participa\u00e7\u00e3o de mais de 47 artistas","description":"A Prefeitura de Manaus, por meio do Conselho Municipal de Cultura (Concultura), realizou, na manh\u00e3 deste s\u00e1bado, 26\/7, a primeira edi\u00e7\u00e3o do projeto \u201cConcultura nos bairros\u201d. A a\u00e7\u00e3o aconteceu no Departamento de Atendimento Socioeducativo (Dase), na zona Centro-Oeste da capital, reunindo mais de 47 artistas de diferentes segmentos culturais.","robots":{"index":"noindex","follow":"follow"},"og_locale":"pt_BR","og_type":"article","og_title":"Prefeitura de Manaus lan\u00e7a projeto \u2018Concultura nos bairros\u2019 com participa\u00e7\u00e3o de mais de 47 artistas","og_description":"A Prefeitura de Manaus, por meio do Conselho Municipal de Cultura (Concultura), realizou, na manh\u00e3 deste s\u00e1bado, 26\/7, a primeira edi\u00e7\u00e3o do projeto \u201cConcultura nos bairros\u201d. A a\u00e7\u00e3o aconteceu no Departamento de Atendimento Socioeducativo (Dase), na zona Centro-Oeste da capital, reunindo mais de 47 artistas de diferentes segmentos culturais.","og_url":"https:\/\/www.manaus.am.gov.br\/manauscult\/concultura-nos-bairros\/","og_site_name":"MANAUSCULT","article_published_time":"2025-07-26T20:12:36+00:00","article_modified_time":"2025-07-26T20:12:38+00:00","og_image":[{"width":800,"height":600,"url":"https:\/\/www.manaus.am.gov.br\/manauscult\/wp-content\/uploads\/sites\/11\/2025\/07\/Concultura-nos-bairros-2.jpg","type":"image\/jpeg"}],"author":"bvalente","twitter_card":"summary_large_image","twitter_misc":{"Written by":"bvalente","Est. reading time":"3 minutos"},"schema":{"@context":"https:\/\/schema.org","@graph":[{"@type":"WebPage","@id":"https:\/\/www.manaus.am.gov.br\/manauscult\/concultura-nos-bairros\/","url":"https:\/\/www.manaus.am.gov.br\/manauscult\/concultura-nos-bairros\/","name":"Prefeitura de Manaus lan\u00e7a projeto \u2018Concultura nos bairros\u2019 com participa\u00e7\u00e3o de mais de 47 artistas","isPartOf":{"@id":"https:\/\/www.manaus.am.gov.br\/manauscult\/#website"},"primaryImageOfPage":{"@id":"https:\/\/www.manaus.am.gov.br\/manauscult\/concultura-nos-bairros\/#primaryimage"},"image":{"@id":"https:\/\/www.manaus.am.gov.br\/manauscult\/concultura-nos-bairros\/#primaryimage"},"thumbnailUrl":"https:\/\/www.manaus.am.gov.br\/manauscult\/wp-content\/uploads\/sites\/11\/2025\/07\/Concultura-nos-bairros-2.jpg","datePublished":"2025-07-26T20:12:36+00:00","dateModified":"2025-07-26T20:12:38+00:00","author":{"@id":"https:\/\/www.manaus.am.gov.br\/manauscult\/#\/schema\/person\/466a0e03ae4b6062809046bd560ac955"},"description":"A Prefeitura de Manaus, por meio do Conselho Municipal de Cultura (Concultura), realizou, na manh\u00e3 deste s\u00e1bado, 26\/7, a primeira edi\u00e7\u00e3o do projeto \u201cConcultura nos bairros\u201d. A a\u00e7\u00e3o aconteceu no Departamento de Atendimento Socioeducativo (Dase), na zona Centro-Oeste da capital, reunindo mais de 47 artistas de diferentes segmentos culturais.","breadcrumb":{"@id":"https:\/\/www.manaus.am.gov.br\/manauscult\/concultura-nos-bairros\/#breadcrumb"},"inLanguage":"pt-BR","potentialAction":[{"@type":"ReadAction","target":["https:\/\/www.manaus.am.gov.br\/manauscult\/concultura-nos-bairros\/"]}]},{"@type":"ImageObject","inLanguage":"pt-BR","@id":"https:\/\/www.manaus.am.gov.br\/manauscult\/concultura-nos-bairros\/#primaryimage","url":"https:\/\/www.manaus.am.gov.br\/manauscult\/wp-content\/uploads\/sites\/11\/2025\/07\/Concultura-nos-bairros-2.jpg","contentUrl":"https:\/\/www.manaus.am.gov.br\/manauscult\/wp-content\/uploads\/sites\/11\/2025\/07\/Concultura-nos-bairros-2.jpg","width":800,"height":600},{"@type":"BreadcrumbList","@id":"https:\/\/www.manaus.am.gov.br\/manauscult\/concultura-nos-bairros\/#breadcrumb","itemListElement":[{"@type":"ListItem","position":1,"name":"Home","item":"https:\/\/www.manaus.am.gov.br\/manauscult\/"},{"@type":"ListItem","position":2,"name":"Prefeitura de Manaus lan\u00e7a projeto \u2018Concultura nos bairros\u2019 com participa\u00e7\u00e3o de mais de 47 artistas"}]},{"@type":"WebSite","@id":"https:\/\/www.manaus.am.gov.br\/manauscult\/#website","url":"https:\/\/www.manaus.am.gov.br\/manauscult\/","name":"MANAUSCULT","description":"Prefeitura de Manaus","potentialAction":[{"@type":"SearchAction","target":{"@type":"EntryPoint","urlTemplate":"https:\/\/www.manaus.am.gov.br\/manauscult\/?s={search_term_string}"},"query-input":"required name=search_term_string"}],"inLanguage":"pt-BR"},{"@type":"Person","@id":"https:\/\/www.manaus.am.gov.br\/manauscult\/#\/schema\/person\/466a0e03ae4b6062809046bd560ac955","name":"bvalente","image":{"@type":"ImageObject","inLanguage":"pt-BR","@id":"https:\/\/www.manaus.am.gov.br\/manauscult\/#\/schema\/person\/image\/","url":"https:\/\/secure.gravatar.com\/avatar\/3e69bc2b014bdad41adfec3a39de07d2?s=96&d=mm&r=g","contentUrl":"https:\/\/secure.gravatar.com\/avatar\/3e69bc2b014bdad41adfec3a39de07d2?s=96&d=mm&r=g","caption":"bvalente"}}]}},"_links":{"self":[{"href":"https:\/\/www.manaus.am.gov.br\/manauscult\/wp-json\/wp\/v2\/posts\/4262"}],"collection":[{"href":"https:\/\/www.manaus.am.gov.br\/manauscult\/wp-json\/wp\/v2\/posts"}],"about":[{"href":"https:\/\/www.manaus.am.gov.br\/manauscult\/wp-json\/wp\/v2\/types\/post"}],"author":[{"embeddable":true,"href":"https:\/\/www.manaus.am.gov.br\/manauscult\/wp-json\/wp\/v2\/users\/68"}],"replies":[{"embeddable":true,"href":"https:\/\/www.manaus.am.gov.br\/manauscult\/wp-json\/wp\/v2\/comments?post=4262"}],"version-history":[{"count":0,"href":"https:\/\/www.manaus.am.gov.br\/manauscult\/wp-json\/wp\/v2\/posts\/4262\/revisions"}],"wp:featuredmedia":[{"embeddable":true,"href":"https:\/\/www.manaus.am.gov.br\/manauscult\/wp-json\/wp\/v2\/media\/4263"}],"wp:attachment":[{"href":"https:\/\/www.manaus.am.gov.br\/manauscult\/wp-json\/wp\/v2\/media?parent=4262"}],"wp:term":[{"taxonomy":"category","embeddable":true,"href":"https:\/\/www.manaus.am.gov.br\/manauscult\/wp-json\/wp\/v2\/categories?post=4262"},{"taxonomy":"post_tag","embeddable":true,"href":"https:\/\/www.manaus.am.gov.br\/manauscult\/wp-json\/wp\/v2\/tags?post=4262"}],"curies":[{"name":"wp","href":"https:\/\/api.w.org\/{rel}","templated":true}]}}