{"id":4260,"date":"2025-07-25T14:08:08","date_gmt":"2025-07-25T18:08:08","guid":{"rendered":"https:\/\/www.manaus.am.gov.br\/manauscult\/prefeitura-manauscult-vivenciasamazonicas\/"},"modified":"2025-07-25T14:08:10","modified_gmt":"2025-07-25T18:08:10","slug":"prefeitura-manauscult-vivenciasamazonicas","status":"publish","type":"post","link":"https:\/\/www.manaus.am.gov.br\/manauscult\/prefeitura-manauscult-vivenciasamazonicas\/","title":{"rendered":"Centro Hist\u00f3rico de Manaus recebe 2\u00aa etapa do \u2018Viv\u00eancias Amaz\u00f4nicas\u2019 com foco em turismo comunit\u00e1rio"},"content":{"rendered":"\n<p>A Prefeitura de Manaus, por meio da Funda\u00e7\u00e3o Municipal de Cultura, Turismo e Eventos (ManausCult), est\u00e1 com inscri\u00e7\u00f5es abertas para a segunda etapa do projeto \u201cViv\u00eancias Amaz\u00f4nicas\u201d, voltado \u00e0 capacita\u00e7\u00e3o e qualifica\u00e7\u00e3o de comunidades com voca\u00e7\u00e3o para o turismo. A nova fase do programa acontece de 4 a 22 de agosto, no centro hist\u00f3rico da cidade, com atividades no audit\u00f3rio do mirante L\u00facia Almeida, sempre das 18h \u00e0s 21h.<\/p>\n\n\n\n<p>A iniciativa faz parte do programa de Capacita\u00e7\u00e3o em Turismo de Base Comunit\u00e1ria que, ao todo, contempla tr\u00eas comunidades, totalizando 270 horas de forma\u00e7\u00e3o e beneficiando quase 300 pessoas. A terceira e \u00faltima etapa ocorrer\u00e1 na comunidade do Livramento, localizada na Reserva de Desenvolvimento Sustent\u00e1vel (RDS) do Tup\u00e9, entre os dias 1\u00ba e 19 de setembro.<\/p>\n\n\n\n<p>Voltado a moradores de \u00e1reas com potencial tur\u00edstico, o projeto oferece tr\u00eas cursos gratuitos:&nbsp;\u201cDesenvolvimento e Capacita\u00e7\u00e3o do Ecossistema do Turismo Local\u201d,&nbsp;\u201cEmpreendendo no Turismo\u201d e&nbsp;\u201cInclus\u00e3o Digital e Marketing Pessoal\u201d.<\/p>\n\n\n\n<p>O conte\u00fado program\u00e1tico inclui temas como mercado do turismo na Amaz\u00f4nia, \u00e9tica na comunica\u00e7\u00e3o, ecoturismo, boas pr\u00e1ticas no atendimento ao turista, marketing pessoal e estrat\u00e9gias para redes sociais.<\/p>\n\n\n\n<p>A etapa realizada no centro hist\u00f3rico tem como um dos principais objetivos contribuir para o fortalecimento do profissionalismo na \u00e1rea do turismo e valorizar ainda mais a import\u00e2ncia do patrim\u00f4nio hist\u00f3rico-cultural da cidade. A capacita\u00e7\u00e3o busca formar agentes locais capazes de atuar com qualidade e responsabilidade no acolhimento de visitantes, promovendo experi\u00eancias aut\u00eanticas e sustent\u00e1veis na regi\u00e3o.<\/p>\n\n\n\n<p>Segundo o diretor-presidente da Manauscult, Jender Lobato, o programa \u00e9 um passo importante para consolidar o turismo de base comunit\u00e1ria como uma alternativa sustent\u00e1vel de gera\u00e7\u00e3o de renda.<\/p>\n\n\n\n<p>\u201cNosso objetivo \u00e9 fazer com que a pr\u00f3pria comunidade seja protagonista na valoriza\u00e7\u00e3o do seu territ\u00f3rio. A capacita\u00e7\u00e3o \u00e9 o primeiro passo para transformar o potencial tur\u00edstico local em oportunidade real de desenvolvimento social e econ\u00f4mico\u201d, afirmou Lobato.<\/p>\n\n\n\n<p>As inscri\u00e7\u00f5es s\u00e3o realizadas por meio do link:&nbsp;<a href=\"https:\/\/linktr.ee\/instnacer\" target=\"_blank\" rel=\"noreferrer noopener\">https:\/\/linktr.ee\/instnacer<\/a><\/p>\n\n\n\n<p>O projeto \u201cViv\u00eancias Amaz\u00f4nicas\u201d integra as a\u00e7\u00f5es da Prefeitura de Manaus voltadas ao fortalecimento da cultura e do turismo como vetores de inclus\u00e3o e desenvolvimento nas comunidades tradicionais e urbanas da cidade.<\/p>\n\n\n\n<p>&#8212; &#8212; &#8212;<\/p>\n\n\n\n<p><strong>Texto\u00a0<\/strong>&#8211; J\u00e9ssica Trajano\/ManausCult<\/p>\n\n\n\n<p><strong>Fotos\u00a0<\/strong>&#8211; Thelson Souza\/ManausCult<\/p>\n","protected":false},"excerpt":{"rendered":"","protected":false},"author":23,"featured_media":4261,"comment_status":"closed","ping_status":"closed","sticky":false,"template":"","format":"standard","meta":{"footnotes":""},"categories":[1052],"tags":[124,9,380,11,92,1364,1526],"acf":[],"yoast_head":"<!-- This site is optimized with the Yoast SEO plugin v23.0 - https:\/\/yoast.com\/wordpress\/plugins\/seo\/ -->\n<title>Centro Hist\u00f3rico de Manaus recebe 2\u00aa etapa do \u2018Viv\u00eancias Amaz\u00f4nicas\u2019 com foco em turismo comunit\u00e1rio<\/title>\n<meta name=\"description\" content=\"A Prefeitura de Manaus, por meio da Funda\u00e7\u00e3o Municipal de Cultura, Turismo e Eventos (ManausCult), est\u00e1 com inscri\u00e7\u00f5es abertas para a segunda etapa do projeto \u201cViv\u00eancias Amaz\u00f4nicas\u201d, voltado \u00e0 capacita\u00e7\u00e3o e qualifica\u00e7\u00e3o de comunidades com voca\u00e7\u00e3o para o turismo.\" \/>\n<meta name=\"robots\" content=\"noindex, follow\" \/>\n<meta property=\"og:locale\" content=\"pt_BR\" \/>\n<meta property=\"og:type\" content=\"article\" \/>\n<meta property=\"og:title\" content=\"Centro Hist\u00f3rico de Manaus recebe 2\u00aa etapa do \u2018Viv\u00eancias Amaz\u00f4nicas\u2019 com foco em turismo comunit\u00e1rio\" \/>\n<meta property=\"og:description\" content=\"A Prefeitura de Manaus, por meio da Funda\u00e7\u00e3o Municipal de Cultura, Turismo e Eventos (ManausCult), est\u00e1 com inscri\u00e7\u00f5es abertas para a segunda etapa do projeto \u201cViv\u00eancias Amaz\u00f4nicas\u201d, voltado \u00e0 capacita\u00e7\u00e3o e qualifica\u00e7\u00e3o de comunidades com voca\u00e7\u00e3o para o turismo.\" \/>\n<meta property=\"og:url\" content=\"https:\/\/www.manaus.am.gov.br\/manauscult\/prefeitura-manauscult-vivenciasamazonicas\/\" \/>\n<meta property=\"og:site_name\" content=\"MANAUSCULT\" \/>\n<meta property=\"article:published_time\" content=\"2025-07-25T18:08:08+00:00\" \/>\n<meta property=\"article:modified_time\" content=\"2025-07-25T18:08:10+00:00\" \/>\n<meta property=\"og:image\" content=\"https:\/\/www.manaus.am.gov.br\/manauscult\/wp-content\/uploads\/sites\/11\/2025\/07\/5d143862-fc9f-46a0-9b9c-e12f3c891a16-1.jpeg\" \/>\n\t<meta property=\"og:image:width\" content=\"4160\" \/>\n\t<meta property=\"og:image:height\" content=\"2774\" \/>\n\t<meta property=\"og:image:type\" content=\"image\/jpeg\" \/>\n<meta name=\"author\" content=\"Adriana Costa\" \/>\n<meta name=\"twitter:card\" content=\"summary_large_image\" \/>\n<meta name=\"twitter:label1\" content=\"Written by\" \/>\n\t<meta name=\"twitter:data1\" content=\"Adriana Costa\" \/>\n\t<meta name=\"twitter:label2\" content=\"Est. reading time\" \/>\n\t<meta name=\"twitter:data2\" content=\"3 minutos\" \/>\n<script type=\"application\/ld+json\" class=\"yoast-schema-graph\">{\"@context\":\"https:\/\/schema.org\",\"@graph\":[{\"@type\":\"WebPage\",\"@id\":\"https:\/\/www.manaus.am.gov.br\/manauscult\/prefeitura-manauscult-vivenciasamazonicas\/\",\"url\":\"https:\/\/www.manaus.am.gov.br\/manauscult\/prefeitura-manauscult-vivenciasamazonicas\/\",\"name\":\"Centro Hist\u00f3rico de Manaus recebe 2\u00aa etapa do \u2018Viv\u00eancias Amaz\u00f4nicas\u2019 com foco em turismo comunit\u00e1rio\",\"isPartOf\":{\"@id\":\"https:\/\/www.manaus.am.gov.br\/manauscult\/#website\"},\"primaryImageOfPage\":{\"@id\":\"https:\/\/www.manaus.am.gov.br\/manauscult\/prefeitura-manauscult-vivenciasamazonicas\/#primaryimage\"},\"image\":{\"@id\":\"https:\/\/www.manaus.am.gov.br\/manauscult\/prefeitura-manauscult-vivenciasamazonicas\/#primaryimage\"},\"thumbnailUrl\":\"https:\/\/www.manaus.am.gov.br\/manauscult\/wp-content\/uploads\/sites\/11\/2025\/07\/5d143862-fc9f-46a0-9b9c-e12f3c891a16-1.jpeg\",\"datePublished\":\"2025-07-25T18:08:08+00:00\",\"dateModified\":\"2025-07-25T18:08:10+00:00\",\"author\":{\"@id\":\"https:\/\/www.manaus.am.gov.br\/manauscult\/#\/schema\/person\/4e49f4e267757a06ca072ec61b2b9968\"},\"description\":\"A Prefeitura de Manaus, por meio da Funda\u00e7\u00e3o Municipal de Cultura, Turismo e Eventos (ManausCult), est\u00e1 com inscri\u00e7\u00f5es abertas para a segunda etapa do projeto \u201cViv\u00eancias Amaz\u00f4nicas\u201d, voltado \u00e0 capacita\u00e7\u00e3o e qualifica\u00e7\u00e3o de comunidades com voca\u00e7\u00e3o para o turismo.\",\"breadcrumb\":{\"@id\":\"https:\/\/www.manaus.am.gov.br\/manauscult\/prefeitura-manauscult-vivenciasamazonicas\/#breadcrumb\"},\"inLanguage\":\"pt-BR\",\"potentialAction\":[{\"@type\":\"ReadAction\",\"target\":[\"https:\/\/www.manaus.am.gov.br\/manauscult\/prefeitura-manauscult-vivenciasamazonicas\/\"]}]},{\"@type\":\"ImageObject\",\"inLanguage\":\"pt-BR\",\"@id\":\"https:\/\/www.manaus.am.gov.br\/manauscult\/prefeitura-manauscult-vivenciasamazonicas\/#primaryimage\",\"url\":\"https:\/\/www.manaus.am.gov.br\/manauscult\/wp-content\/uploads\/sites\/11\/2025\/07\/5d143862-fc9f-46a0-9b9c-e12f3c891a16-1.jpeg\",\"contentUrl\":\"https:\/\/www.manaus.am.gov.br\/manauscult\/wp-content\/uploads\/sites\/11\/2025\/07\/5d143862-fc9f-46a0-9b9c-e12f3c891a16-1.jpeg\",\"width\":4160,\"height\":2774},{\"@type\":\"BreadcrumbList\",\"@id\":\"https:\/\/www.manaus.am.gov.br\/manauscult\/prefeitura-manauscult-vivenciasamazonicas\/#breadcrumb\",\"itemListElement\":[{\"@type\":\"ListItem\",\"position\":1,\"name\":\"Home\",\"item\":\"https:\/\/www.manaus.am.gov.br\/manauscult\/\"},{\"@type\":\"ListItem\",\"position\":2,\"name\":\"Centro Hist\u00f3rico de Manaus recebe 2\u00aa etapa do \u2018Viv\u00eancias Amaz\u00f4nicas\u2019 com foco em turismo comunit\u00e1rio\"}]},{\"@type\":\"WebSite\",\"@id\":\"https:\/\/www.manaus.am.gov.br\/manauscult\/#website\",\"url\":\"https:\/\/www.manaus.am.gov.br\/manauscult\/\",\"name\":\"MANAUSCULT\",\"description\":\"Prefeitura de Manaus\",\"potentialAction\":[{\"@type\":\"SearchAction\",\"target\":{\"@type\":\"EntryPoint\",\"urlTemplate\":\"https:\/\/www.manaus.am.gov.br\/manauscult\/?s={search_term_string}\"},\"query-input\":\"required name=search_term_string\"}],\"inLanguage\":\"pt-BR\"},{\"@type\":\"Person\",\"@id\":\"https:\/\/www.manaus.am.gov.br\/manauscult\/#\/schema\/person\/4e49f4e267757a06ca072ec61b2b9968\",\"name\":\"Adriana Costa\",\"image\":{\"@type\":\"ImageObject\",\"inLanguage\":\"pt-BR\",\"@id\":\"https:\/\/www.manaus.am.gov.br\/manauscult\/#\/schema\/person\/image\/\",\"url\":\"https:\/\/secure.gravatar.com\/avatar\/576258617ef7194f718179e766d57bd4?s=96&d=mm&r=g\",\"contentUrl\":\"https:\/\/secure.gravatar.com\/avatar\/576258617ef7194f718179e766d57bd4?s=96&d=mm&r=g\",\"caption\":\"Adriana Costa\"}}]}<\/script>\n<!-- \/ Yoast SEO plugin. -->","yoast_head_json":{"title":"Centro Hist\u00f3rico de Manaus recebe 2\u00aa etapa do \u2018Viv\u00eancias Amaz\u00f4nicas\u2019 com foco em turismo comunit\u00e1rio","description":"A Prefeitura de Manaus, por meio da Funda\u00e7\u00e3o Municipal de Cultura, Turismo e Eventos (ManausCult), est\u00e1 com inscri\u00e7\u00f5es abertas para a segunda etapa do projeto \u201cViv\u00eancias Amaz\u00f4nicas\u201d, voltado \u00e0 capacita\u00e7\u00e3o e qualifica\u00e7\u00e3o de comunidades com voca\u00e7\u00e3o para o turismo.","robots":{"index":"noindex","follow":"follow"},"og_locale":"pt_BR","og_type":"article","og_title":"Centro Hist\u00f3rico de Manaus recebe 2\u00aa etapa do \u2018Viv\u00eancias Amaz\u00f4nicas\u2019 com foco em turismo comunit\u00e1rio","og_description":"A Prefeitura de Manaus, por meio da Funda\u00e7\u00e3o Municipal de Cultura, Turismo e Eventos (ManausCult), est\u00e1 com inscri\u00e7\u00f5es abertas para a segunda etapa do projeto \u201cViv\u00eancias Amaz\u00f4nicas\u201d, voltado \u00e0 capacita\u00e7\u00e3o e qualifica\u00e7\u00e3o de comunidades com voca\u00e7\u00e3o para o turismo.","og_url":"https:\/\/www.manaus.am.gov.br\/manauscult\/prefeitura-manauscult-vivenciasamazonicas\/","og_site_name":"MANAUSCULT","article_published_time":"2025-07-25T18:08:08+00:00","article_modified_time":"2025-07-25T18:08:10+00:00","og_image":[{"width":4160,"height":2774,"url":"https:\/\/www.manaus.am.gov.br\/manauscult\/wp-content\/uploads\/sites\/11\/2025\/07\/5d143862-fc9f-46a0-9b9c-e12f3c891a16-1.jpeg","type":"image\/jpeg"}],"author":"Adriana Costa","twitter_card":"summary_large_image","twitter_misc":{"Written by":"Adriana Costa","Est. reading time":"3 minutos"},"schema":{"@context":"https:\/\/schema.org","@graph":[{"@type":"WebPage","@id":"https:\/\/www.manaus.am.gov.br\/manauscult\/prefeitura-manauscult-vivenciasamazonicas\/","url":"https:\/\/www.manaus.am.gov.br\/manauscult\/prefeitura-manauscult-vivenciasamazonicas\/","name":"Centro Hist\u00f3rico de Manaus recebe 2\u00aa etapa do \u2018Viv\u00eancias Amaz\u00f4nicas\u2019 com foco em turismo comunit\u00e1rio","isPartOf":{"@id":"https:\/\/www.manaus.am.gov.br\/manauscult\/#website"},"primaryImageOfPage":{"@id":"https:\/\/www.manaus.am.gov.br\/manauscult\/prefeitura-manauscult-vivenciasamazonicas\/#primaryimage"},"image":{"@id":"https:\/\/www.manaus.am.gov.br\/manauscult\/prefeitura-manauscult-vivenciasamazonicas\/#primaryimage"},"thumbnailUrl":"https:\/\/www.manaus.am.gov.br\/manauscult\/wp-content\/uploads\/sites\/11\/2025\/07\/5d143862-fc9f-46a0-9b9c-e12f3c891a16-1.jpeg","datePublished":"2025-07-25T18:08:08+00:00","dateModified":"2025-07-25T18:08:10+00:00","author":{"@id":"https:\/\/www.manaus.am.gov.br\/manauscult\/#\/schema\/person\/4e49f4e267757a06ca072ec61b2b9968"},"description":"A Prefeitura de Manaus, por meio da Funda\u00e7\u00e3o Municipal de Cultura, Turismo e Eventos (ManausCult), est\u00e1 com inscri\u00e7\u00f5es abertas para a segunda etapa do projeto \u201cViv\u00eancias Amaz\u00f4nicas\u201d, voltado \u00e0 capacita\u00e7\u00e3o e qualifica\u00e7\u00e3o de comunidades com voca\u00e7\u00e3o para o turismo.","breadcrumb":{"@id":"https:\/\/www.manaus.am.gov.br\/manauscult\/prefeitura-manauscult-vivenciasamazonicas\/#breadcrumb"},"inLanguage":"pt-BR","potentialAction":[{"@type":"ReadAction","target":["https:\/\/www.manaus.am.gov.br\/manauscult\/prefeitura-manauscult-vivenciasamazonicas\/"]}]},{"@type":"ImageObject","inLanguage":"pt-BR","@id":"https:\/\/www.manaus.am.gov.br\/manauscult\/prefeitura-manauscult-vivenciasamazonicas\/#primaryimage","url":"https:\/\/www.manaus.am.gov.br\/manauscult\/wp-content\/uploads\/sites\/11\/2025\/07\/5d143862-fc9f-46a0-9b9c-e12f3c891a16-1.jpeg","contentUrl":"https:\/\/www.manaus.am.gov.br\/manauscult\/wp-content\/uploads\/sites\/11\/2025\/07\/5d143862-fc9f-46a0-9b9c-e12f3c891a16-1.jpeg","width":4160,"height":2774},{"@type":"BreadcrumbList","@id":"https:\/\/www.manaus.am.gov.br\/manauscult\/prefeitura-manauscult-vivenciasamazonicas\/#breadcrumb","itemListElement":[{"@type":"ListItem","position":1,"name":"Home","item":"https:\/\/www.manaus.am.gov.br\/manauscult\/"},{"@type":"ListItem","position":2,"name":"Centro Hist\u00f3rico de Manaus recebe 2\u00aa etapa do \u2018Viv\u00eancias Amaz\u00f4nicas\u2019 com foco em turismo comunit\u00e1rio"}]},{"@type":"WebSite","@id":"https:\/\/www.manaus.am.gov.br\/manauscult\/#website","url":"https:\/\/www.manaus.am.gov.br\/manauscult\/","name":"MANAUSCULT","description":"Prefeitura de Manaus","potentialAction":[{"@type":"SearchAction","target":{"@type":"EntryPoint","urlTemplate":"https:\/\/www.manaus.am.gov.br\/manauscult\/?s={search_term_string}"},"query-input":"required name=search_term_string"}],"inLanguage":"pt-BR"},{"@type":"Person","@id":"https:\/\/www.manaus.am.gov.br\/manauscult\/#\/schema\/person\/4e49f4e267757a06ca072ec61b2b9968","name":"Adriana Costa","image":{"@type":"ImageObject","inLanguage":"pt-BR","@id":"https:\/\/www.manaus.am.gov.br\/manauscult\/#\/schema\/person\/image\/","url":"https:\/\/secure.gravatar.com\/avatar\/576258617ef7194f718179e766d57bd4?s=96&d=mm&r=g","contentUrl":"https:\/\/secure.gravatar.com\/avatar\/576258617ef7194f718179e766d57bd4?s=96&d=mm&r=g","caption":"Adriana Costa"}}]}},"_links":{"self":[{"href":"https:\/\/www.manaus.am.gov.br\/manauscult\/wp-json\/wp\/v2\/posts\/4260"}],"collection":[{"href":"https:\/\/www.manaus.am.gov.br\/manauscult\/wp-json\/wp\/v2\/posts"}],"about":[{"href":"https:\/\/www.manaus.am.gov.br\/manauscult\/wp-json\/wp\/v2\/types\/post"}],"author":[{"embeddable":true,"href":"https:\/\/www.manaus.am.gov.br\/manauscult\/wp-json\/wp\/v2\/users\/23"}],"replies":[{"embeddable":true,"href":"https:\/\/www.manaus.am.gov.br\/manauscult\/wp-json\/wp\/v2\/comments?post=4260"}],"version-history":[{"count":0,"href":"https:\/\/www.manaus.am.gov.br\/manauscult\/wp-json\/wp\/v2\/posts\/4260\/revisions"}],"wp:featuredmedia":[{"embeddable":true,"href":"https:\/\/www.manaus.am.gov.br\/manauscult\/wp-json\/wp\/v2\/media\/4261"}],"wp:attachment":[{"href":"https:\/\/www.manaus.am.gov.br\/manauscult\/wp-json\/wp\/v2\/media?parent=4260"}],"wp:term":[{"taxonomy":"category","embeddable":true,"href":"https:\/\/www.manaus.am.gov.br\/manauscult\/wp-json\/wp\/v2\/categories?post=4260"},{"taxonomy":"post_tag","embeddable":true,"href":"https:\/\/www.manaus.am.gov.br\/manauscult\/wp-json\/wp\/v2\/tags?post=4260"}],"curies":[{"name":"wp","href":"https:\/\/api.w.org\/{rel}","templated":true}]}}