{"id":4255,"date":"2025-07-24T20:55:06","date_gmt":"2025-07-25T00:55:06","guid":{"rendered":"https:\/\/www.manaus.am.gov.br\/manauscult\/reuniao-com-foruns-de-cultura\/"},"modified":"2025-07-24T20:55:07","modified_gmt":"2025-07-25T00:55:07","slug":"reuniao-com-foruns-de-cultura","status":"publish","type":"post","link":"https:\/\/www.manaus.am.gov.br\/manauscult\/reuniao-com-foruns-de-cultura\/","title":{"rendered":"Prefeitura de Manaus realiza reuni\u00e3o com f\u00f3runs de cultura para di\u00e1logo sobre o \u2018#SouManaus 2025\u2019"},"content":{"rendered":"\n<p>A Prefeitura de Manaus, por meio da Funda\u00e7\u00e3o Municipal de Cultura, Turismo e Eventos (ManausCult), promoveu, na noite desta quinta-feira, 24\/7, uma reuni\u00e3o com representantes dos f\u00f3runs de cultura da cidade. O encontro aconteceu no audit\u00f3rio do mirante L\u00facia Almeida, no centro hist\u00f3rico de Manaus, e teve como objetivo estreitar o di\u00e1logo com os fazedores de cultura da capital, visando a participa\u00e7\u00e3o no maior evento cultural de artes integradas do Brasil: o \u201c#SouManaus \u2013 Passo a Pa\u00e7o 2025\u201d, que ser\u00e1 realizado nos dias 5, 6 e 7 de setembro.<\/p>\n\n\n\n<p>Estiveram presentes representantes de segmentos culturais, refor\u00e7ando o compromisso da gest\u00e3o com uma constru\u00e7\u00e3o democr\u00e1tica e participativa. A reuni\u00e3o contou com a participa\u00e7\u00e3o do diretor-presidente da ManausCult, Jender Lobato, e de toda a diretoria da funda\u00e7\u00e3o, que mais uma vez fez quest\u00e3o de ouvir, dialogar e construir coletivamente com os agentes culturais da cidade.<\/p>\n\n\n\n<p>Durante o encontro, foram abordadas estrat\u00e9gias de participa\u00e7\u00e3o, fortalecimento dos setores culturais, propostas de melhorias e ideias para tornar a programa\u00e7\u00e3o de 2025 ainda mais diversa, inclusiva e conectada com as realidades locais.<\/p>\n\n\n\n<p>Para o diretor-presidente da ManausCult, o momento refor\u00e7a o compromisso da gest\u00e3o com a escuta ativa e com a valoriza\u00e7\u00e3o dos agentes culturais. \u201cMais um ano, nos reunimos com os f\u00f3runs porque n\u00e3o se faz cultura sem ouvir as pessoas. Abrimos as portas da ManausCult para o di\u00e1logo, inclusive com os povos origin\u00e1rios, que tamb\u00e9m v\u00e3o fazer parte do \u2018#SouManaus\u2019. Este \u00e9 o momento de debater, ouvir o que deu certo, o que n\u00e3o deu certo, e melhorar tudo que precisa ser aprimorado para 2025. Estamos todos pelo coletivo\u201d, afirmou Jender Lobato.<\/p>\n\n\n\n<p>Entre as falas, um dos momentos marcantes foi o posicionamento de Marcivana Sater\u00e9 Maw\u00e9, representando a Coordena\u00e7\u00e3o dos Povos Ind\u00edgenas de Manaus e Entorno. \u201cEstarmos aqui hoje mostra que os povos origin\u00e1rios tamb\u00e9m t\u00eam voz e espa\u00e7o dentro da cultura da cidade. O festival precisa continuar sendo um reflexo da nossa diversidade. Esse \u00e9 um espa\u00e7o importante de aproxima\u00e7\u00e3o entre os artistas e de reconhecimento das nossas express\u00f5es culturais\u201d, declarou.<\/p>\n\n\n\n<p>A ManausCult reafirmou seu papel como articuladora entre o poder p\u00fablico e a sociedade civil, trabalhando para que cada edi\u00e7\u00e3o do festival reflita as m\u00faltiplas express\u00f5es culturais da cidade.<\/p>\n\n\n\n<p>O \u201c#SouManaus \u2013 Passo a Pa\u00e7o 2025\u201d, considerado o maior festival de artes integradas do Brasil, promete seguir como uma vitrine da produ\u00e7\u00e3o cultural amazonense, conectando tradi\u00e7\u00e3o, inova\u00e7\u00e3o e participa\u00e7\u00e3o cidad\u00e3, com ainda mais pluralidade e pertencimento.<\/p>\n\n\n\n<p>\u2014 \u2014 \u2014<\/p>\n\n\n\n<p><strong>Texto &#8211;<\/strong> J\u00e9ssica Trajano \/ ManausCult<br><strong>Fotos &#8211; <\/strong>Thelson Souza \/ ManausCult<\/p>\n","protected":false},"excerpt":{"rendered":"","protected":false},"author":68,"featured_media":4256,"comment_status":"closed","ping_status":"closed","sticky":false,"template":"","format":"standard","meta":{"footnotes":""},"categories":[82],"tags":[1524,11,1525],"acf":[],"yoast_head":"<!-- This site is optimized with the Yoast SEO plugin v23.0 - https:\/\/yoast.com\/wordpress\/plugins\/seo\/ -->\n<title>Prefeitura de Manaus realiza reuni\u00e3o com f\u00f3runs de cultura para di\u00e1logo sobre o \u2018#SouManaus 2025\u2019<\/title>\n<meta name=\"description\" content=\"A Prefeitura de Manaus, por meio da Funda\u00e7\u00e3o Municipal de Cultura, Turismo e Eventos (ManausCult), promoveu, na noite desta quinta-feira, 24\/7, uma reuni\u00e3o com representantes dos f\u00f3runs de cultura da cidade. O encontro aconteceu no audit\u00f3rio do mirante L\u00facia Almeida, no centro hist\u00f3rico de Manaus, e teve como objetivo estreitar o di\u00e1logo com os fazedores de cultura da capital, visando a participa\u00e7\u00e3o no maior evento cultural de artes integradas do Brasil: o \u201c#SouManaus \u2013 Passo a Pa\u00e7o 2025\u201d, que ser\u00e1 realizado nos dias 5, 6 e 7 de setembro.\" \/>\n<meta name=\"robots\" content=\"noindex, follow\" \/>\n<meta property=\"og:locale\" content=\"pt_BR\" \/>\n<meta property=\"og:type\" content=\"article\" \/>\n<meta property=\"og:title\" content=\"Prefeitura de Manaus realiza reuni\u00e3o com f\u00f3runs de cultura para di\u00e1logo sobre o \u2018#SouManaus 2025\u2019\" \/>\n<meta property=\"og:description\" content=\"A Prefeitura de Manaus, por meio da Funda\u00e7\u00e3o Municipal de Cultura, Turismo e Eventos (ManausCult), promoveu, na noite desta quinta-feira, 24\/7, uma reuni\u00e3o com representantes dos f\u00f3runs de cultura da cidade. O encontro aconteceu no audit\u00f3rio do mirante L\u00facia Almeida, no centro hist\u00f3rico de Manaus, e teve como objetivo estreitar o di\u00e1logo com os fazedores de cultura da capital, visando a participa\u00e7\u00e3o no maior evento cultural de artes integradas do Brasil: o \u201c#SouManaus \u2013 Passo a Pa\u00e7o 2025\u201d, que ser\u00e1 realizado nos dias 5, 6 e 7 de setembro.\" \/>\n<meta property=\"og:url\" content=\"https:\/\/www.manaus.am.gov.br\/manauscult\/reuniao-com-foruns-de-cultura\/\" \/>\n<meta property=\"og:site_name\" content=\"MANAUSCULT\" \/>\n<meta property=\"article:published_time\" content=\"2025-07-25T00:55:06+00:00\" \/>\n<meta property=\"article:modified_time\" content=\"2025-07-25T00:55:07+00:00\" \/>\n<meta property=\"og:image\" content=\"https:\/\/www.manaus.am.gov.br\/manauscult\/wp-content\/uploads\/sites\/11\/2025\/07\/d4f224f9-a6bd-4aba-8cc8-49a85790cd7c.jpeg\" \/>\n\t<meta property=\"og:image:width\" content=\"4160\" \/>\n\t<meta property=\"og:image:height\" content=\"2774\" \/>\n\t<meta property=\"og:image:type\" content=\"image\/jpeg\" \/>\n<meta name=\"author\" content=\"bvalente\" \/>\n<meta name=\"twitter:card\" content=\"summary_large_image\" \/>\n<meta name=\"twitter:label1\" content=\"Written by\" \/>\n\t<meta name=\"twitter:data1\" content=\"bvalente\" \/>\n\t<meta name=\"twitter:label2\" content=\"Est. reading time\" \/>\n\t<meta name=\"twitter:data2\" content=\"3 minutos\" \/>\n<script type=\"application\/ld+json\" class=\"yoast-schema-graph\">{\"@context\":\"https:\/\/schema.org\",\"@graph\":[{\"@type\":\"WebPage\",\"@id\":\"https:\/\/www.manaus.am.gov.br\/manauscult\/reuniao-com-foruns-de-cultura\/\",\"url\":\"https:\/\/www.manaus.am.gov.br\/manauscult\/reuniao-com-foruns-de-cultura\/\",\"name\":\"Prefeitura de Manaus realiza reuni\u00e3o com f\u00f3runs de cultura para di\u00e1logo sobre o \u2018#SouManaus 2025\u2019\",\"isPartOf\":{\"@id\":\"https:\/\/www.manaus.am.gov.br\/manauscult\/#website\"},\"primaryImageOfPage\":{\"@id\":\"https:\/\/www.manaus.am.gov.br\/manauscult\/reuniao-com-foruns-de-cultura\/#primaryimage\"},\"image\":{\"@id\":\"https:\/\/www.manaus.am.gov.br\/manauscult\/reuniao-com-foruns-de-cultura\/#primaryimage\"},\"thumbnailUrl\":\"https:\/\/www.manaus.am.gov.br\/manauscult\/wp-content\/uploads\/sites\/11\/2025\/07\/d4f224f9-a6bd-4aba-8cc8-49a85790cd7c.jpeg\",\"datePublished\":\"2025-07-25T00:55:06+00:00\",\"dateModified\":\"2025-07-25T00:55:07+00:00\",\"author\":{\"@id\":\"https:\/\/www.manaus.am.gov.br\/manauscult\/#\/schema\/person\/466a0e03ae4b6062809046bd560ac955\"},\"description\":\"A Prefeitura de Manaus, por meio da Funda\u00e7\u00e3o Municipal de Cultura, Turismo e Eventos (ManausCult), promoveu, na noite desta quinta-feira, 24\/7, uma reuni\u00e3o com representantes dos f\u00f3runs de cultura da cidade. O encontro aconteceu no audit\u00f3rio do mirante L\u00facia Almeida, no centro hist\u00f3rico de Manaus, e teve como objetivo estreitar o di\u00e1logo com os fazedores de cultura da capital, visando a participa\u00e7\u00e3o no maior evento cultural de artes integradas do Brasil: o \u201c#SouManaus \u2013 Passo a Pa\u00e7o 2025\u201d, que ser\u00e1 realizado nos dias 5, 6 e 7 de setembro.\",\"breadcrumb\":{\"@id\":\"https:\/\/www.manaus.am.gov.br\/manauscult\/reuniao-com-foruns-de-cultura\/#breadcrumb\"},\"inLanguage\":\"pt-BR\",\"potentialAction\":[{\"@type\":\"ReadAction\",\"target\":[\"https:\/\/www.manaus.am.gov.br\/manauscult\/reuniao-com-foruns-de-cultura\/\"]}]},{\"@type\":\"ImageObject\",\"inLanguage\":\"pt-BR\",\"@id\":\"https:\/\/www.manaus.am.gov.br\/manauscult\/reuniao-com-foruns-de-cultura\/#primaryimage\",\"url\":\"https:\/\/www.manaus.am.gov.br\/manauscult\/wp-content\/uploads\/sites\/11\/2025\/07\/d4f224f9-a6bd-4aba-8cc8-49a85790cd7c.jpeg\",\"contentUrl\":\"https:\/\/www.manaus.am.gov.br\/manauscult\/wp-content\/uploads\/sites\/11\/2025\/07\/d4f224f9-a6bd-4aba-8cc8-49a85790cd7c.jpeg\",\"width\":4160,\"height\":2774},{\"@type\":\"BreadcrumbList\",\"@id\":\"https:\/\/www.manaus.am.gov.br\/manauscult\/reuniao-com-foruns-de-cultura\/#breadcrumb\",\"itemListElement\":[{\"@type\":\"ListItem\",\"position\":1,\"name\":\"Home\",\"item\":\"https:\/\/www.manaus.am.gov.br\/manauscult\/\"},{\"@type\":\"ListItem\",\"position\":2,\"name\":\"Prefeitura de Manaus realiza reuni\u00e3o com f\u00f3runs de cultura para di\u00e1logo sobre o \u2018#SouManaus 2025\u2019\"}]},{\"@type\":\"WebSite\",\"@id\":\"https:\/\/www.manaus.am.gov.br\/manauscult\/#website\",\"url\":\"https:\/\/www.manaus.am.gov.br\/manauscult\/\",\"name\":\"MANAUSCULT\",\"description\":\"Prefeitura de Manaus\",\"potentialAction\":[{\"@type\":\"SearchAction\",\"target\":{\"@type\":\"EntryPoint\",\"urlTemplate\":\"https:\/\/www.manaus.am.gov.br\/manauscult\/?s={search_term_string}\"},\"query-input\":\"required name=search_term_string\"}],\"inLanguage\":\"pt-BR\"},{\"@type\":\"Person\",\"@id\":\"https:\/\/www.manaus.am.gov.br\/manauscult\/#\/schema\/person\/466a0e03ae4b6062809046bd560ac955\",\"name\":\"bvalente\",\"image\":{\"@type\":\"ImageObject\",\"inLanguage\":\"pt-BR\",\"@id\":\"https:\/\/www.manaus.am.gov.br\/manauscult\/#\/schema\/person\/image\/\",\"url\":\"https:\/\/secure.gravatar.com\/avatar\/3e69bc2b014bdad41adfec3a39de07d2?s=96&d=mm&r=g\",\"contentUrl\":\"https:\/\/secure.gravatar.com\/avatar\/3e69bc2b014bdad41adfec3a39de07d2?s=96&d=mm&r=g\",\"caption\":\"bvalente\"}}]}<\/script>\n<!-- \/ Yoast SEO plugin. -->","yoast_head_json":{"title":"Prefeitura de Manaus realiza reuni\u00e3o com f\u00f3runs de cultura para di\u00e1logo sobre o \u2018#SouManaus 2025\u2019","description":"A Prefeitura de Manaus, por meio da Funda\u00e7\u00e3o Municipal de Cultura, Turismo e Eventos (ManausCult), promoveu, na noite desta quinta-feira, 24\/7, uma reuni\u00e3o com representantes dos f\u00f3runs de cultura da cidade. O encontro aconteceu no audit\u00f3rio do mirante L\u00facia Almeida, no centro hist\u00f3rico de Manaus, e teve como objetivo estreitar o di\u00e1logo com os fazedores de cultura da capital, visando a participa\u00e7\u00e3o no maior evento cultural de artes integradas do Brasil: o \u201c#SouManaus \u2013 Passo a Pa\u00e7o 2025\u201d, que ser\u00e1 realizado nos dias 5, 6 e 7 de setembro.","robots":{"index":"noindex","follow":"follow"},"og_locale":"pt_BR","og_type":"article","og_title":"Prefeitura de Manaus realiza reuni\u00e3o com f\u00f3runs de cultura para di\u00e1logo sobre o \u2018#SouManaus 2025\u2019","og_description":"A Prefeitura de Manaus, por meio da Funda\u00e7\u00e3o Municipal de Cultura, Turismo e Eventos (ManausCult), promoveu, na noite desta quinta-feira, 24\/7, uma reuni\u00e3o com representantes dos f\u00f3runs de cultura da cidade. O encontro aconteceu no audit\u00f3rio do mirante L\u00facia Almeida, no centro hist\u00f3rico de Manaus, e teve como objetivo estreitar o di\u00e1logo com os fazedores de cultura da capital, visando a participa\u00e7\u00e3o no maior evento cultural de artes integradas do Brasil: o \u201c#SouManaus \u2013 Passo a Pa\u00e7o 2025\u201d, que ser\u00e1 realizado nos dias 5, 6 e 7 de setembro.","og_url":"https:\/\/www.manaus.am.gov.br\/manauscult\/reuniao-com-foruns-de-cultura\/","og_site_name":"MANAUSCULT","article_published_time":"2025-07-25T00:55:06+00:00","article_modified_time":"2025-07-25T00:55:07+00:00","og_image":[{"width":4160,"height":2774,"url":"https:\/\/www.manaus.am.gov.br\/manauscult\/wp-content\/uploads\/sites\/11\/2025\/07\/d4f224f9-a6bd-4aba-8cc8-49a85790cd7c.jpeg","type":"image\/jpeg"}],"author":"bvalente","twitter_card":"summary_large_image","twitter_misc":{"Written by":"bvalente","Est. reading time":"3 minutos"},"schema":{"@context":"https:\/\/schema.org","@graph":[{"@type":"WebPage","@id":"https:\/\/www.manaus.am.gov.br\/manauscult\/reuniao-com-foruns-de-cultura\/","url":"https:\/\/www.manaus.am.gov.br\/manauscult\/reuniao-com-foruns-de-cultura\/","name":"Prefeitura de Manaus realiza reuni\u00e3o com f\u00f3runs de cultura para di\u00e1logo sobre o \u2018#SouManaus 2025\u2019","isPartOf":{"@id":"https:\/\/www.manaus.am.gov.br\/manauscult\/#website"},"primaryImageOfPage":{"@id":"https:\/\/www.manaus.am.gov.br\/manauscult\/reuniao-com-foruns-de-cultura\/#primaryimage"},"image":{"@id":"https:\/\/www.manaus.am.gov.br\/manauscult\/reuniao-com-foruns-de-cultura\/#primaryimage"},"thumbnailUrl":"https:\/\/www.manaus.am.gov.br\/manauscult\/wp-content\/uploads\/sites\/11\/2025\/07\/d4f224f9-a6bd-4aba-8cc8-49a85790cd7c.jpeg","datePublished":"2025-07-25T00:55:06+00:00","dateModified":"2025-07-25T00:55:07+00:00","author":{"@id":"https:\/\/www.manaus.am.gov.br\/manauscult\/#\/schema\/person\/466a0e03ae4b6062809046bd560ac955"},"description":"A Prefeitura de Manaus, por meio da Funda\u00e7\u00e3o Municipal de Cultura, Turismo e Eventos (ManausCult), promoveu, na noite desta quinta-feira, 24\/7, uma reuni\u00e3o com representantes dos f\u00f3runs de cultura da cidade. O encontro aconteceu no audit\u00f3rio do mirante L\u00facia Almeida, no centro hist\u00f3rico de Manaus, e teve como objetivo estreitar o di\u00e1logo com os fazedores de cultura da capital, visando a participa\u00e7\u00e3o no maior evento cultural de artes integradas do Brasil: o \u201c#SouManaus \u2013 Passo a Pa\u00e7o 2025\u201d, que ser\u00e1 realizado nos dias 5, 6 e 7 de setembro.","breadcrumb":{"@id":"https:\/\/www.manaus.am.gov.br\/manauscult\/reuniao-com-foruns-de-cultura\/#breadcrumb"},"inLanguage":"pt-BR","potentialAction":[{"@type":"ReadAction","target":["https:\/\/www.manaus.am.gov.br\/manauscult\/reuniao-com-foruns-de-cultura\/"]}]},{"@type":"ImageObject","inLanguage":"pt-BR","@id":"https:\/\/www.manaus.am.gov.br\/manauscult\/reuniao-com-foruns-de-cultura\/#primaryimage","url":"https:\/\/www.manaus.am.gov.br\/manauscult\/wp-content\/uploads\/sites\/11\/2025\/07\/d4f224f9-a6bd-4aba-8cc8-49a85790cd7c.jpeg","contentUrl":"https:\/\/www.manaus.am.gov.br\/manauscult\/wp-content\/uploads\/sites\/11\/2025\/07\/d4f224f9-a6bd-4aba-8cc8-49a85790cd7c.jpeg","width":4160,"height":2774},{"@type":"BreadcrumbList","@id":"https:\/\/www.manaus.am.gov.br\/manauscult\/reuniao-com-foruns-de-cultura\/#breadcrumb","itemListElement":[{"@type":"ListItem","position":1,"name":"Home","item":"https:\/\/www.manaus.am.gov.br\/manauscult\/"},{"@type":"ListItem","position":2,"name":"Prefeitura de Manaus realiza reuni\u00e3o com f\u00f3runs de cultura para di\u00e1logo sobre o \u2018#SouManaus 2025\u2019"}]},{"@type":"WebSite","@id":"https:\/\/www.manaus.am.gov.br\/manauscult\/#website","url":"https:\/\/www.manaus.am.gov.br\/manauscult\/","name":"MANAUSCULT","description":"Prefeitura de Manaus","potentialAction":[{"@type":"SearchAction","target":{"@type":"EntryPoint","urlTemplate":"https:\/\/www.manaus.am.gov.br\/manauscult\/?s={search_term_string}"},"query-input":"required name=search_term_string"}],"inLanguage":"pt-BR"},{"@type":"Person","@id":"https:\/\/www.manaus.am.gov.br\/manauscult\/#\/schema\/person\/466a0e03ae4b6062809046bd560ac955","name":"bvalente","image":{"@type":"ImageObject","inLanguage":"pt-BR","@id":"https:\/\/www.manaus.am.gov.br\/manauscult\/#\/schema\/person\/image\/","url":"https:\/\/secure.gravatar.com\/avatar\/3e69bc2b014bdad41adfec3a39de07d2?s=96&d=mm&r=g","contentUrl":"https:\/\/secure.gravatar.com\/avatar\/3e69bc2b014bdad41adfec3a39de07d2?s=96&d=mm&r=g","caption":"bvalente"}}]}},"_links":{"self":[{"href":"https:\/\/www.manaus.am.gov.br\/manauscult\/wp-json\/wp\/v2\/posts\/4255"}],"collection":[{"href":"https:\/\/www.manaus.am.gov.br\/manauscult\/wp-json\/wp\/v2\/posts"}],"about":[{"href":"https:\/\/www.manaus.am.gov.br\/manauscult\/wp-json\/wp\/v2\/types\/post"}],"author":[{"embeddable":true,"href":"https:\/\/www.manaus.am.gov.br\/manauscult\/wp-json\/wp\/v2\/users\/68"}],"replies":[{"embeddable":true,"href":"https:\/\/www.manaus.am.gov.br\/manauscult\/wp-json\/wp\/v2\/comments?post=4255"}],"version-history":[{"count":0,"href":"https:\/\/www.manaus.am.gov.br\/manauscult\/wp-json\/wp\/v2\/posts\/4255\/revisions"}],"wp:featuredmedia":[{"embeddable":true,"href":"https:\/\/www.manaus.am.gov.br\/manauscult\/wp-json\/wp\/v2\/media\/4256"}],"wp:attachment":[{"href":"https:\/\/www.manaus.am.gov.br\/manauscult\/wp-json\/wp\/v2\/media?parent=4255"}],"wp:term":[{"taxonomy":"category","embeddable":true,"href":"https:\/\/www.manaus.am.gov.br\/manauscult\/wp-json\/wp\/v2\/categories?post=4255"},{"taxonomy":"post_tag","embeddable":true,"href":"https:\/\/www.manaus.am.gov.br\/manauscult\/wp-json\/wp\/v2\/tags?post=4255"}],"curies":[{"name":"wp","href":"https:\/\/api.w.org\/{rel}","templated":true}]}}