{"id":4223,"date":"2025-07-22T12:49:45","date_gmt":"2025-07-22T16:49:45","guid":{"rendered":"https:\/\/www.manaus.am.gov.br\/manauscult\/exposicao-artistas-deficiencia-visual-paris\/"},"modified":"2025-07-22T12:49:45","modified_gmt":"2025-07-22T16:49:45","slug":"exposicao-artistas-deficiencia-visual-paris","status":"publish","type":"post","link":"https:\/\/www.manaus.am.gov.br\/manauscult\/exposicao-artistas-deficiencia-visual-paris\/","title":{"rendered":"Exposi\u00e7\u00e3o de artistas com defici\u00eancia visual contemplados pelo edital da Prefeitura de Manaus ser\u00e3o exibidas no \u2018Carrossel du Louvre\u2019 em Paris"},"content":{"rendered":"\n<p>Artistas com defici\u00eancia visual e baixa vis\u00e3o est\u00e3o quebrando barreiras e mostrando que as limita\u00e7\u00f5es f\u00edsicas n\u00e3o s\u00e3o um obst\u00e1culo para conquistar o mundo. Participantes do projeto &#8220;Arte com Toque: A Inclus\u00e3o do Deficiente Visual na Pintura Art\u00edstica&#8221; ter\u00e3o a oportunidade de expor suas obras no prestigiado \u201cCarrossel du Louvre\u201d, em Paris, no pr\u00f3ximo m\u00eas de outubro.<\/p>\n\n\n\n<p>O projeto foi contemplado pelo Edital Macro 002\/2024, da Pol\u00edtica Nacional Aldir Blanc (Pnab), promovido pela Prefeitura de Manaus, por meio do Conselho Municipal de Cultura (Concultura), e representa um marco importante na valoriza\u00e7\u00e3o da produ\u00e7\u00e3o art\u00edstica da Amaz\u00f4nia e na sua internacionaliza\u00e7\u00e3o.<\/p>\n\n\n\n<p>O presidente do Concultura, Tony Medeiros, destaca a relev\u00e2ncia do projeto para a cultura local e sua contribui\u00e7\u00e3o para a inclus\u00e3o no cen\u00e1rio art\u00edstico global.<\/p>\n\n\n\n<p>&#8220;Este projeto \u00e9 uma grande conquista para a cultura amaz\u00f4nica e \u00e9 um marco na promo\u00e7\u00e3o da inclus\u00e3o no campo art\u00edstico. A exposi\u00e7\u00e3o \u2018Arte com Toque\u2019 no Carrossel du Louvre n\u00e3o s\u00f3 coloca a arte da nossa regi\u00e3o no centro do palco internacional, mas tamb\u00e9m revela o talento e a for\u00e7a criativa de artistas com defici\u00eancia visual\u201d, afirmou o presidente da pasta.<\/p>\n\n\n\n<p>A exposi\u00e7\u00e3o reunir\u00e1 23 obras criadas por artistas com defici\u00eancia visual, todas inspiradas na fauna e flora amaz\u00f4nicas. As obras retratam o cotidiano e os elementos culturais da regi\u00e3o, como a pescaria ribeirinha, o Encontro das \u00c1guas e a exuberante biodiversidade da Amaz\u00f4nia, proporcionando uma imers\u00e3o sensorial na cultura local.<\/p>\n\n\n\n<p>A idealizadora do projeto, a professora e artista visual Ceanny Oliveira, com mais de 30 anos de experi\u00eancia, explica que a iniciativa nasceu de seu Trabalho de Conclus\u00e3o de Curso (TCC) e reflete sobre a inclus\u00e3o de pessoas com defici\u00eancia visual no universo da arte.<\/p>\n\n\n\n<p>\u201cHoje n\u00f3s temos a satisfa\u00e7\u00e3o de ter um n\u00famero significante de artistas de baixa vis\u00e3o e cegos produzindo obras in\u00e9ditas, na qual ter\u00e3o a oportunidade de mostrar esse trabalho dentro de um espa\u00e7o bem lindo, que \u00e9 o Louvre. Ent\u00e3o, eu fico muito feliz em fazer parte tamb\u00e9m, contando com eles, porque eles s\u00e3o os artistas, e fazendo com que todos possam ser aprimorados e assim mostrar que pessoas cegas e com baixa vis\u00e3o tamb\u00e9m pintam\u201d, ressaltou a idealizadora do projeto.<\/p>\n\n\n\n<p>Com uma variedade de estilos e t\u00e9cnicas, os artistas criam um di\u00e1logo sensorial, oferecendo ao p\u00fablico europeu uma interpreta\u00e7\u00e3o \u00fanica da biodiversidade e da identidade amaz\u00f4nica, revelando novos olhares sobre o ecossistema e a cultura da regi\u00e3o.<\/p>\n\n\n\n<p>Suzete Mour\u00e3o, deficiente visual, \u00e9 uma das artistas que representar\u00e1 o projeto em Paris. Para ela, levar a arte da Amaz\u00f4nia \u00e0 Europa \u00e9 uma honra e uma oportunidade de mostrar ao mundo o talento e a pot\u00eancia criativa dos artistas com defici\u00eancia visual.<\/p>\n\n\n\n<p>\u201cA experi\u00eancia que a gente est\u00e1 tendo \u00e9 de satisfa\u00e7\u00e3o, porque a gente pinta. Com esse projeto, desenvolvemos coisas que a gente achava que n\u00e3o conseguia. Espero que a gente seja bem recebida e que as pessoas vejam nossas telas, gostem e que aplaudam os nossos trabalhos. Gra\u00e7as a Deus apareceu esse projeto \u2018Arte com Toque\u2019 aqui, tirou muita gente que vivia em casa, sem fazer nada, e agora desenvolve esse trabalho que \u00e9 muito bom, muito gratificante\u201d, disse a artista.<\/p>\n\n\n\n<p>Mais do que uma simples exposi\u00e7\u00e3o, o \u201cArte com Toque\u201d \u00e9 uma ponte entre a arte contempor\u00e2nea amaz\u00f4nica e o p\u00fablico europeu, ampliando a visibilidade de talentos regionais em um dos museus mais ic\u00f4nicos do mundo, o Louvre.<\/p>\n\n\n\n<p><strong>Sobre o projeto<\/strong><\/p>\n\n\n\n<p>O \u201cArte com Toque: A Inclus\u00e3o do Deficiente Visual na Pintura Art\u00edstica\u201d foi idealizado por Ceanny Oliveira, professora ind\u00edgena do povo munduruku, formada em Licenciatura em Artes Visuais pela Universidade Federal do Amazonas (Ufam). A metodologia de ensino desenvolvida por Ceanny \u00e9 voltada para a inclus\u00e3o de pessoas com defici\u00eancia visual, ajudando-as a explorar e a criar por interm\u00e9dio da pintura art\u00edstica. O projeto conta com o apoio do Concultura e da biblioteca de Braille, onde acontecem as oficinas.<\/p>\n\n\n\n<figure class=\"wp-block-image size-large\"><img loading=\"lazy\" decoding=\"async\" width=\"1024\" height=\"768\" src=\"https:\/\/www.manaus.am.gov.br\/manauscult\/wp-content\/uploads\/sites\/11\/2025\/07\/Arte-com-Toque-4-1024x768.jpeg\" alt=\"\" class=\"wp-image-4225\" srcset=\"https:\/\/www.manaus.am.gov.br\/manauscult\/wp-content\/uploads\/sites\/11\/2025\/07\/Arte-com-Toque-4-1024x768.jpeg 1024w, https:\/\/www.manaus.am.gov.br\/manauscult\/wp-content\/uploads\/sites\/11\/2025\/07\/Arte-com-Toque-4-300x225.jpeg 300w, https:\/\/www.manaus.am.gov.br\/manauscult\/wp-content\/uploads\/sites\/11\/2025\/07\/Arte-com-Toque-4-768x576.jpeg 768w, https:\/\/www.manaus.am.gov.br\/manauscult\/wp-content\/uploads\/sites\/11\/2025\/07\/Arte-com-Toque-4-1536x1152.jpeg 1536w, https:\/\/www.manaus.am.gov.br\/manauscult\/wp-content\/uploads\/sites\/11\/2025\/07\/Arte-com-Toque-4.jpeg 1600w\" sizes=\"(max-width: 1024px) 100vw, 1024px\" \/><\/figure>\n\n\n\n<p>&#8212; &#8212; &#8212;<\/p>\n\n\n\n<p><strong>Texto e fotos<\/strong>\u00a0\u2013 Ismael Oliveira\/Concultura\u00a0<\/p>\n","protected":false},"excerpt":{"rendered":"","protected":false},"author":39,"featured_media":4224,"comment_status":"closed","ping_status":"closed","sticky":false,"template":"","format":"standard","meta":{"footnotes":""},"categories":[700],"tags":[1519,1520,45,945,1521,11],"acf":[],"yoast_head":"<!-- This site is optimized with the Yoast SEO plugin v23.0 - https:\/\/yoast.com\/wordpress\/plugins\/seo\/ -->\n<title>Exposi\u00e7\u00e3o de artistas com defici\u00eancia visual no Carrossel du Louvre<\/title>\n<meta name=\"description\" content=\"Exposi\u00e7\u00e3o de artistas com defici\u00eancia visual contemplados pelo edital da prefeitura ser\u00e3o exibidas no \u2018Carrossel du Louvre\u2019 em Paris.\" \/>\n<meta name=\"robots\" content=\"noindex, follow\" \/>\n<meta property=\"og:locale\" content=\"pt_BR\" \/>\n<meta property=\"og:type\" content=\"article\" \/>\n<meta property=\"og:title\" content=\"Exposi\u00e7\u00e3o de artistas com defici\u00eancia visual no Carrossel du Louvre\" \/>\n<meta property=\"og:description\" content=\"Exposi\u00e7\u00e3o de artistas com defici\u00eancia visual contemplados pelo edital da prefeitura ser\u00e3o exibidas no \u2018Carrossel du Louvre\u2019 em Paris.\" \/>\n<meta property=\"og:url\" content=\"https:\/\/www.manaus.am.gov.br\/manauscult\/exposicao-artistas-deficiencia-visual-paris\/\" \/>\n<meta property=\"og:site_name\" content=\"MANAUSCULT\" \/>\n<meta property=\"article:published_time\" content=\"2025-07-22T16:49:45+00:00\" \/>\n<meta property=\"og:image\" content=\"https:\/\/www.manaus.am.gov.br\/manauscult\/wp-content\/uploads\/sites\/11\/2025\/07\/Arte-com-Toque-5.jpeg\" \/>\n\t<meta property=\"og:image:width\" content=\"1600\" \/>\n\t<meta property=\"og:image:height\" content=\"1200\" \/>\n\t<meta property=\"og:image:type\" content=\"image\/jpeg\" \/>\n<meta name=\"author\" content=\"Bruna Greco\" \/>\n<meta name=\"twitter:card\" content=\"summary_large_image\" \/>\n<meta name=\"twitter:label1\" content=\"Written by\" \/>\n\t<meta name=\"twitter:data1\" content=\"Bruna Greco\" \/>\n\t<meta name=\"twitter:label2\" content=\"Est. reading time\" \/>\n\t<meta name=\"twitter:data2\" content=\"4 minutos\" \/>\n<script type=\"application\/ld+json\" class=\"yoast-schema-graph\">{\"@context\":\"https:\/\/schema.org\",\"@graph\":[{\"@type\":\"WebPage\",\"@id\":\"https:\/\/www.manaus.am.gov.br\/manauscult\/exposicao-artistas-deficiencia-visual-paris\/\",\"url\":\"https:\/\/www.manaus.am.gov.br\/manauscult\/exposicao-artistas-deficiencia-visual-paris\/\",\"name\":\"Exposi\u00e7\u00e3o de artistas com defici\u00eancia visual no Carrossel du Louvre\",\"isPartOf\":{\"@id\":\"https:\/\/www.manaus.am.gov.br\/manauscult\/#website\"},\"primaryImageOfPage\":{\"@id\":\"https:\/\/www.manaus.am.gov.br\/manauscult\/exposicao-artistas-deficiencia-visual-paris\/#primaryimage\"},\"image\":{\"@id\":\"https:\/\/www.manaus.am.gov.br\/manauscult\/exposicao-artistas-deficiencia-visual-paris\/#primaryimage\"},\"thumbnailUrl\":\"https:\/\/www.manaus.am.gov.br\/manauscult\/wp-content\/uploads\/sites\/11\/2025\/07\/Arte-com-Toque-5.jpeg\",\"datePublished\":\"2025-07-22T16:49:45+00:00\",\"dateModified\":\"2025-07-22T16:49:45+00:00\",\"author\":{\"@id\":\"https:\/\/www.manaus.am.gov.br\/manauscult\/#\/schema\/person\/05d223aea2bf115f9883a6ff3683d81b\"},\"description\":\"Exposi\u00e7\u00e3o de artistas com defici\u00eancia visual contemplados pelo edital da prefeitura ser\u00e3o exibidas no \u2018Carrossel du Louvre\u2019 em Paris.\",\"breadcrumb\":{\"@id\":\"https:\/\/www.manaus.am.gov.br\/manauscult\/exposicao-artistas-deficiencia-visual-paris\/#breadcrumb\"},\"inLanguage\":\"pt-BR\",\"potentialAction\":[{\"@type\":\"ReadAction\",\"target\":[\"https:\/\/www.manaus.am.gov.br\/manauscult\/exposicao-artistas-deficiencia-visual-paris\/\"]}]},{\"@type\":\"ImageObject\",\"inLanguage\":\"pt-BR\",\"@id\":\"https:\/\/www.manaus.am.gov.br\/manauscult\/exposicao-artistas-deficiencia-visual-paris\/#primaryimage\",\"url\":\"https:\/\/www.manaus.am.gov.br\/manauscult\/wp-content\/uploads\/sites\/11\/2025\/07\/Arte-com-Toque-5.jpeg\",\"contentUrl\":\"https:\/\/www.manaus.am.gov.br\/manauscult\/wp-content\/uploads\/sites\/11\/2025\/07\/Arte-com-Toque-5.jpeg\",\"width\":1600,\"height\":1200,\"caption\":\"#paratodosverem - Artista com defici\u00eancia visual pintando quadro para exposi\u00e7\u00e3o\"},{\"@type\":\"BreadcrumbList\",\"@id\":\"https:\/\/www.manaus.am.gov.br\/manauscult\/exposicao-artistas-deficiencia-visual-paris\/#breadcrumb\",\"itemListElement\":[{\"@type\":\"ListItem\",\"position\":1,\"name\":\"Home\",\"item\":\"https:\/\/www.manaus.am.gov.br\/manauscult\/\"},{\"@type\":\"ListItem\",\"position\":2,\"name\":\"Exposi\u00e7\u00e3o de artistas com defici\u00eancia visual contemplados pelo edital da Prefeitura de Manaus ser\u00e3o exibidas no \u2018Carrossel du Louvre\u2019 em Paris\"}]},{\"@type\":\"WebSite\",\"@id\":\"https:\/\/www.manaus.am.gov.br\/manauscult\/#website\",\"url\":\"https:\/\/www.manaus.am.gov.br\/manauscult\/\",\"name\":\"MANAUSCULT\",\"description\":\"Prefeitura de Manaus\",\"potentialAction\":[{\"@type\":\"SearchAction\",\"target\":{\"@type\":\"EntryPoint\",\"urlTemplate\":\"https:\/\/www.manaus.am.gov.br\/manauscult\/?s={search_term_string}\"},\"query-input\":\"required name=search_term_string\"}],\"inLanguage\":\"pt-BR\"},{\"@type\":\"Person\",\"@id\":\"https:\/\/www.manaus.am.gov.br\/manauscult\/#\/schema\/person\/05d223aea2bf115f9883a6ff3683d81b\",\"name\":\"Bruna Greco\",\"image\":{\"@type\":\"ImageObject\",\"inLanguage\":\"pt-BR\",\"@id\":\"https:\/\/www.manaus.am.gov.br\/manauscult\/#\/schema\/person\/image\/\",\"url\":\"https:\/\/secure.gravatar.com\/avatar\/9c877d1a6adc2a055330e5c09a8653ce?s=96&d=mm&r=g\",\"contentUrl\":\"https:\/\/secure.gravatar.com\/avatar\/9c877d1a6adc2a055330e5c09a8653ce?s=96&d=mm&r=g\",\"caption\":\"Bruna Greco\"}}]}<\/script>\n<!-- \/ Yoast SEO plugin. -->","yoast_head_json":{"title":"Exposi\u00e7\u00e3o de artistas com defici\u00eancia visual no Carrossel du Louvre","description":"Exposi\u00e7\u00e3o de artistas com defici\u00eancia visual contemplados pelo edital da prefeitura ser\u00e3o exibidas no \u2018Carrossel du Louvre\u2019 em Paris.","robots":{"index":"noindex","follow":"follow"},"og_locale":"pt_BR","og_type":"article","og_title":"Exposi\u00e7\u00e3o de artistas com defici\u00eancia visual no Carrossel du Louvre","og_description":"Exposi\u00e7\u00e3o de artistas com defici\u00eancia visual contemplados pelo edital da prefeitura ser\u00e3o exibidas no \u2018Carrossel du Louvre\u2019 em Paris.","og_url":"https:\/\/www.manaus.am.gov.br\/manauscult\/exposicao-artistas-deficiencia-visual-paris\/","og_site_name":"MANAUSCULT","article_published_time":"2025-07-22T16:49:45+00:00","og_image":[{"width":1600,"height":1200,"url":"https:\/\/www.manaus.am.gov.br\/manauscult\/wp-content\/uploads\/sites\/11\/2025\/07\/Arte-com-Toque-5.jpeg","type":"image\/jpeg"}],"author":"Bruna Greco","twitter_card":"summary_large_image","twitter_misc":{"Written by":"Bruna Greco","Est. reading time":"4 minutos"},"schema":{"@context":"https:\/\/schema.org","@graph":[{"@type":"WebPage","@id":"https:\/\/www.manaus.am.gov.br\/manauscult\/exposicao-artistas-deficiencia-visual-paris\/","url":"https:\/\/www.manaus.am.gov.br\/manauscult\/exposicao-artistas-deficiencia-visual-paris\/","name":"Exposi\u00e7\u00e3o de artistas com defici\u00eancia visual no Carrossel du Louvre","isPartOf":{"@id":"https:\/\/www.manaus.am.gov.br\/manauscult\/#website"},"primaryImageOfPage":{"@id":"https:\/\/www.manaus.am.gov.br\/manauscult\/exposicao-artistas-deficiencia-visual-paris\/#primaryimage"},"image":{"@id":"https:\/\/www.manaus.am.gov.br\/manauscult\/exposicao-artistas-deficiencia-visual-paris\/#primaryimage"},"thumbnailUrl":"https:\/\/www.manaus.am.gov.br\/manauscult\/wp-content\/uploads\/sites\/11\/2025\/07\/Arte-com-Toque-5.jpeg","datePublished":"2025-07-22T16:49:45+00:00","dateModified":"2025-07-22T16:49:45+00:00","author":{"@id":"https:\/\/www.manaus.am.gov.br\/manauscult\/#\/schema\/person\/05d223aea2bf115f9883a6ff3683d81b"},"description":"Exposi\u00e7\u00e3o de artistas com defici\u00eancia visual contemplados pelo edital da prefeitura ser\u00e3o exibidas no \u2018Carrossel du Louvre\u2019 em Paris.","breadcrumb":{"@id":"https:\/\/www.manaus.am.gov.br\/manauscult\/exposicao-artistas-deficiencia-visual-paris\/#breadcrumb"},"inLanguage":"pt-BR","potentialAction":[{"@type":"ReadAction","target":["https:\/\/www.manaus.am.gov.br\/manauscult\/exposicao-artistas-deficiencia-visual-paris\/"]}]},{"@type":"ImageObject","inLanguage":"pt-BR","@id":"https:\/\/www.manaus.am.gov.br\/manauscult\/exposicao-artistas-deficiencia-visual-paris\/#primaryimage","url":"https:\/\/www.manaus.am.gov.br\/manauscult\/wp-content\/uploads\/sites\/11\/2025\/07\/Arte-com-Toque-5.jpeg","contentUrl":"https:\/\/www.manaus.am.gov.br\/manauscult\/wp-content\/uploads\/sites\/11\/2025\/07\/Arte-com-Toque-5.jpeg","width":1600,"height":1200,"caption":"#paratodosverem - Artista com defici\u00eancia visual pintando quadro para exposi\u00e7\u00e3o"},{"@type":"BreadcrumbList","@id":"https:\/\/www.manaus.am.gov.br\/manauscult\/exposicao-artistas-deficiencia-visual-paris\/#breadcrumb","itemListElement":[{"@type":"ListItem","position":1,"name":"Home","item":"https:\/\/www.manaus.am.gov.br\/manauscult\/"},{"@type":"ListItem","position":2,"name":"Exposi\u00e7\u00e3o de artistas com defici\u00eancia visual contemplados pelo edital da Prefeitura de Manaus ser\u00e3o exibidas no \u2018Carrossel du Louvre\u2019 em Paris"}]},{"@type":"WebSite","@id":"https:\/\/www.manaus.am.gov.br\/manauscult\/#website","url":"https:\/\/www.manaus.am.gov.br\/manauscult\/","name":"MANAUSCULT","description":"Prefeitura de Manaus","potentialAction":[{"@type":"SearchAction","target":{"@type":"EntryPoint","urlTemplate":"https:\/\/www.manaus.am.gov.br\/manauscult\/?s={search_term_string}"},"query-input":"required name=search_term_string"}],"inLanguage":"pt-BR"},{"@type":"Person","@id":"https:\/\/www.manaus.am.gov.br\/manauscult\/#\/schema\/person\/05d223aea2bf115f9883a6ff3683d81b","name":"Bruna Greco","image":{"@type":"ImageObject","inLanguage":"pt-BR","@id":"https:\/\/www.manaus.am.gov.br\/manauscult\/#\/schema\/person\/image\/","url":"https:\/\/secure.gravatar.com\/avatar\/9c877d1a6adc2a055330e5c09a8653ce?s=96&d=mm&r=g","contentUrl":"https:\/\/secure.gravatar.com\/avatar\/9c877d1a6adc2a055330e5c09a8653ce?s=96&d=mm&r=g","caption":"Bruna Greco"}}]}},"_links":{"self":[{"href":"https:\/\/www.manaus.am.gov.br\/manauscult\/wp-json\/wp\/v2\/posts\/4223"}],"collection":[{"href":"https:\/\/www.manaus.am.gov.br\/manauscult\/wp-json\/wp\/v2\/posts"}],"about":[{"href":"https:\/\/www.manaus.am.gov.br\/manauscult\/wp-json\/wp\/v2\/types\/post"}],"author":[{"embeddable":true,"href":"https:\/\/www.manaus.am.gov.br\/manauscult\/wp-json\/wp\/v2\/users\/39"}],"replies":[{"embeddable":true,"href":"https:\/\/www.manaus.am.gov.br\/manauscult\/wp-json\/wp\/v2\/comments?post=4223"}],"version-history":[{"count":1,"href":"https:\/\/www.manaus.am.gov.br\/manauscult\/wp-json\/wp\/v2\/posts\/4223\/revisions"}],"predecessor-version":[{"id":4226,"href":"https:\/\/www.manaus.am.gov.br\/manauscult\/wp-json\/wp\/v2\/posts\/4223\/revisions\/4226"}],"wp:featuredmedia":[{"embeddable":true,"href":"https:\/\/www.manaus.am.gov.br\/manauscult\/wp-json\/wp\/v2\/media\/4224"}],"wp:attachment":[{"href":"https:\/\/www.manaus.am.gov.br\/manauscult\/wp-json\/wp\/v2\/media?parent=4223"}],"wp:term":[{"taxonomy":"category","embeddable":true,"href":"https:\/\/www.manaus.am.gov.br\/manauscult\/wp-json\/wp\/v2\/categories?post=4223"},{"taxonomy":"post_tag","embeddable":true,"href":"https:\/\/www.manaus.am.gov.br\/manauscult\/wp-json\/wp\/v2\/tags?post=4223"}],"curies":[{"name":"wp","href":"https:\/\/api.w.org\/{rel}","templated":true}]}}