{"id":4221,"date":"2025-07-22T12:20:01","date_gmt":"2025-07-22T16:20:01","guid":{"rendered":"https:\/\/www.manaus.am.gov.br\/manauscult\/prefeitura-manauscult-fiscalizacao-galpoes-bois\/"},"modified":"2025-07-22T12:20:02","modified_gmt":"2025-07-22T16:20:02","slug":"prefeitura-manauscult-fiscalizacao-galpoes-bois","status":"publish","type":"post","link":"https:\/\/www.manaus.am.gov.br\/manauscult\/prefeitura-manauscult-fiscalizacao-galpoes-bois\/","title":{"rendered":"Prefeitura fiscaliza barrac\u00f5es dos bois-bumb\u00e1s da categoria Ouro para garantir transpar\u00eancia na aplica\u00e7\u00e3o dos recursos p\u00fablicos"},"content":{"rendered":"\n<p>A Prefeitura de Manaus, por meio da Funda\u00e7\u00e3o Municipal de Cultura, Turismo e Eventos (ManausCult), realizou, na manh\u00e3 desta ter\u00e7a-feira, 22\/7, uma a\u00e7\u00e3o de fiscaliza\u00e7\u00e3o e de monitoramento nos barrac\u00f5es das seis associa\u00e7\u00f5es folcl\u00f3ricas que integram a categoria Ouro, do \u201cFestival de Bois-Bumb\u00e1s de Manaus\u201d. A iniciativa busca assegurar a correta aplica\u00e7\u00e3o do repasse financeiro realizado pela Prefeitura de Manaus para a realiza\u00e7\u00e3o do espet\u00e1culo no centro de conven\u00e7\u00f5es Professor Gilberto Mestrinho, o samb\u00f3dromo.<\/p>\n\n\n\n<p>A equipe t\u00e9cnica da ManausCult visitou os espa\u00e7os de trabalho dos bois Brilhante, Galante, Garanh\u00e3o, Tira Prosa, Corre Campo e Clamor de um Povo, onde conferiu o andamento da produ\u00e7\u00e3o cenogr\u00e1fica, figurinos, alegorias e a estrutura geral das apresenta\u00e7\u00f5es. O objetivo da a\u00e7\u00e3o \u00e9 garantir que os R$ 858 mil investidos pela prefeitura, repassados com mais de dois meses de anteced\u00eancia, sejam utilizados de forma adequada e transparente.<\/p>\n\n\n\n<p>Segundo o diretor-presidente da Manauscult, Jender Lobato, o acompanhamento cont\u00ednuo do uso dos recursos p\u00fablicos refor\u00e7a o compromisso da atual gest\u00e3o com a responsabilidade fiscal e o respeito \u00e0 cultura popular.<\/p>\n\n\n\n<p>\u201cFizemos um repasse hist\u00f3rico e antecipado para os bois e, &nbsp;agora, estamos fazendo o que tamb\u00e9m \u00e9 nossa responsabilidade: fiscalizar, acompanhar de perto, garantir que o recurso esteja sendo bem aplicado e que o espet\u00e1culo entregue \u00e0 popula\u00e7\u00e3o tenha qualidade e integridade\u201d, destacou.<\/p>\n\n\n\n<p>Durante as visitas, a equipe da Manauscult conversou com diretores e coordenadores das agremia\u00e7\u00f5es, que apresentaram detalhes sobre os preparativos, deram transpar\u00eancia \u00e0 execu\u00e7\u00e3o dos projetos e agradeceram o apoio do poder p\u00fablico.<\/p>\n\n\n\n<p>Para Ronaldo Matos, da coordena\u00e7\u00e3o do boi-bumb\u00e1 Tira Prosa, a presen\u00e7a da equipe da ManausCult fortalece a rela\u00e7\u00e3o de confian\u00e7a entre os bois e a prefeitura.<\/p>\n\n\n\n<p>\u201cEssa fiscaliza\u00e7\u00e3o \u00e9 bem-vinda, porque mostra que h\u00e1 seriedade em todo o processo. A ManausCult n\u00e3o s\u00f3 apoia financeiramente, mas acompanha de perto. Isso fortalece o festival e valoriza o trabalho de todos que fazem parte dessa tradi\u00e7\u00e3o\u201d, afirmou.<\/p>\n\n\n\n<p><strong>Transpar\u00eancia<\/strong><\/p>\n\n\n\n<p>O festival dos bois-bumb\u00e1s, da categoria Ouro, acontece nos dias 25 e 26 de julho, no samb\u00f3dromo de Manaus, com apresenta\u00e7\u00f5es noturnas dos seis bois. O repasse de R$ 143 mil para cada grupo permitiu que as agremia\u00e7\u00f5es se estruturassem com anteced\u00eancia, investissem em qualidade art\u00edstica e garantissem a realiza\u00e7\u00e3o de espet\u00e1culos que celebrem a identidade cultural amaz\u00f4nica.<\/p>\n\n\n\n<p>&#8212; &#8212; &#8212;<\/p>\n\n\n\n<p><strong>Texto\u00a0<\/strong>&#8211; J\u00e9ssica Trajano\/ManausCult<\/p>\n\n\n\n<p><strong>Fotos\u00a0<\/strong>&#8211; Thelson Souza\/ManausCult<\/p>\n","protected":false},"excerpt":{"rendered":"","protected":false},"author":23,"featured_media":4222,"comment_status":"closed","ping_status":"closed","sticky":false,"template":"","format":"standard","meta":{"footnotes":""},"categories":[1516],"tags":[1104,1517,1518,9,11,1432,1433],"acf":[],"yoast_head":"<!-- This site is optimized with the Yoast SEO plugin v23.0 - https:\/\/yoast.com\/wordpress\/plugins\/seo\/ -->\n<title>Prefeitura fiscaliza barrac\u00f5es dos bois-bumb\u00e1s da categoria Ouro para garantir transpar\u00eancia na aplica\u00e7\u00e3o dos recursos p\u00fablicos<\/title>\n<meta name=\"description\" content=\"A Prefeitura de Manaus, por meio da Funda\u00e7\u00e3o Municipal de Cultura, Turismo e Eventos (ManausCult), realizou, na manh\u00e3 desta ter\u00e7a-feira, 22\/7, uma a\u00e7\u00e3o de fiscaliza\u00e7\u00e3o e de monitoramento nos barrac\u00f5es das seis associa\u00e7\u00f5es folcl\u00f3ricas que integram a categoria Ouro, do \u201cFestival de Bois-Bumb\u00e1s de Manaus\u201d.\" \/>\n<meta name=\"robots\" content=\"noindex, follow\" \/>\n<meta property=\"og:locale\" content=\"pt_BR\" \/>\n<meta property=\"og:type\" content=\"article\" \/>\n<meta property=\"og:title\" content=\"Prefeitura fiscaliza barrac\u00f5es dos bois-bumb\u00e1s da categoria Ouro para garantir transpar\u00eancia na aplica\u00e7\u00e3o dos recursos p\u00fablicos\" \/>\n<meta property=\"og:description\" content=\"A Prefeitura de Manaus, por meio da Funda\u00e7\u00e3o Municipal de Cultura, Turismo e Eventos (ManausCult), realizou, na manh\u00e3 desta ter\u00e7a-feira, 22\/7, uma a\u00e7\u00e3o de fiscaliza\u00e7\u00e3o e de monitoramento nos barrac\u00f5es das seis associa\u00e7\u00f5es folcl\u00f3ricas que integram a categoria Ouro, do \u201cFestival de Bois-Bumb\u00e1s de Manaus\u201d.\" \/>\n<meta property=\"og:url\" content=\"https:\/\/www.manaus.am.gov.br\/manauscult\/prefeitura-manauscult-fiscalizacao-galpoes-bois\/\" \/>\n<meta property=\"og:site_name\" content=\"MANAUSCULT\" \/>\n<meta property=\"article:published_time\" content=\"2025-07-22T16:20:01+00:00\" \/>\n<meta property=\"article:modified_time\" content=\"2025-07-22T16:20:02+00:00\" \/>\n<meta property=\"og:image\" content=\"https:\/\/www.manaus.am.gov.br\/manauscult\/wp-content\/uploads\/sites\/11\/2025\/07\/73859826-be0d-4e78-8274-54e1a722d7f8.jpeg\" \/>\n\t<meta property=\"og:image:width\" content=\"4160\" \/>\n\t<meta property=\"og:image:height\" content=\"2774\" \/>\n\t<meta property=\"og:image:type\" content=\"image\/jpeg\" \/>\n<meta name=\"author\" content=\"Adriana Costa\" \/>\n<meta name=\"twitter:card\" content=\"summary_large_image\" \/>\n<meta name=\"twitter:label1\" content=\"Written by\" \/>\n\t<meta name=\"twitter:data1\" content=\"Adriana Costa\" \/>\n\t<meta name=\"twitter:label2\" content=\"Est. reading time\" \/>\n\t<meta name=\"twitter:data2\" content=\"3 minutos\" \/>\n<script type=\"application\/ld+json\" class=\"yoast-schema-graph\">{\"@context\":\"https:\/\/schema.org\",\"@graph\":[{\"@type\":\"WebPage\",\"@id\":\"https:\/\/www.manaus.am.gov.br\/manauscult\/prefeitura-manauscult-fiscalizacao-galpoes-bois\/\",\"url\":\"https:\/\/www.manaus.am.gov.br\/manauscult\/prefeitura-manauscult-fiscalizacao-galpoes-bois\/\",\"name\":\"Prefeitura fiscaliza barrac\u00f5es dos bois-bumb\u00e1s da categoria Ouro para garantir transpar\u00eancia na aplica\u00e7\u00e3o dos recursos p\u00fablicos\",\"isPartOf\":{\"@id\":\"https:\/\/www.manaus.am.gov.br\/manauscult\/#website\"},\"primaryImageOfPage\":{\"@id\":\"https:\/\/www.manaus.am.gov.br\/manauscult\/prefeitura-manauscult-fiscalizacao-galpoes-bois\/#primaryimage\"},\"image\":{\"@id\":\"https:\/\/www.manaus.am.gov.br\/manauscult\/prefeitura-manauscult-fiscalizacao-galpoes-bois\/#primaryimage\"},\"thumbnailUrl\":\"https:\/\/www.manaus.am.gov.br\/manauscult\/wp-content\/uploads\/sites\/11\/2025\/07\/73859826-be0d-4e78-8274-54e1a722d7f8.jpeg\",\"datePublished\":\"2025-07-22T16:20:01+00:00\",\"dateModified\":\"2025-07-22T16:20:02+00:00\",\"author\":{\"@id\":\"https:\/\/www.manaus.am.gov.br\/manauscult\/#\/schema\/person\/4e49f4e267757a06ca072ec61b2b9968\"},\"description\":\"A Prefeitura de Manaus, por meio da Funda\u00e7\u00e3o Municipal de Cultura, Turismo e Eventos (ManausCult), realizou, na manh\u00e3 desta ter\u00e7a-feira, 22\/7, uma a\u00e7\u00e3o de fiscaliza\u00e7\u00e3o e de monitoramento nos barrac\u00f5es das seis associa\u00e7\u00f5es folcl\u00f3ricas que integram a categoria Ouro, do \u201cFestival de Bois-Bumb\u00e1s de Manaus\u201d.\",\"breadcrumb\":{\"@id\":\"https:\/\/www.manaus.am.gov.br\/manauscult\/prefeitura-manauscult-fiscalizacao-galpoes-bois\/#breadcrumb\"},\"inLanguage\":\"pt-BR\",\"potentialAction\":[{\"@type\":\"ReadAction\",\"target\":[\"https:\/\/www.manaus.am.gov.br\/manauscult\/prefeitura-manauscult-fiscalizacao-galpoes-bois\/\"]}]},{\"@type\":\"ImageObject\",\"inLanguage\":\"pt-BR\",\"@id\":\"https:\/\/www.manaus.am.gov.br\/manauscult\/prefeitura-manauscult-fiscalizacao-galpoes-bois\/#primaryimage\",\"url\":\"https:\/\/www.manaus.am.gov.br\/manauscult\/wp-content\/uploads\/sites\/11\/2025\/07\/73859826-be0d-4e78-8274-54e1a722d7f8.jpeg\",\"contentUrl\":\"https:\/\/www.manaus.am.gov.br\/manauscult\/wp-content\/uploads\/sites\/11\/2025\/07\/73859826-be0d-4e78-8274-54e1a722d7f8.jpeg\",\"width\":4160,\"height\":2774},{\"@type\":\"BreadcrumbList\",\"@id\":\"https:\/\/www.manaus.am.gov.br\/manauscult\/prefeitura-manauscult-fiscalizacao-galpoes-bois\/#breadcrumb\",\"itemListElement\":[{\"@type\":\"ListItem\",\"position\":1,\"name\":\"Home\",\"item\":\"https:\/\/www.manaus.am.gov.br\/manauscult\/\"},{\"@type\":\"ListItem\",\"position\":2,\"name\":\"Prefeitura fiscaliza barrac\u00f5es dos bois-bumb\u00e1s da categoria Ouro para garantir transpar\u00eancia na aplica\u00e7\u00e3o dos recursos p\u00fablicos\"}]},{\"@type\":\"WebSite\",\"@id\":\"https:\/\/www.manaus.am.gov.br\/manauscult\/#website\",\"url\":\"https:\/\/www.manaus.am.gov.br\/manauscult\/\",\"name\":\"MANAUSCULT\",\"description\":\"Prefeitura de Manaus\",\"potentialAction\":[{\"@type\":\"SearchAction\",\"target\":{\"@type\":\"EntryPoint\",\"urlTemplate\":\"https:\/\/www.manaus.am.gov.br\/manauscult\/?s={search_term_string}\"},\"query-input\":\"required name=search_term_string\"}],\"inLanguage\":\"pt-BR\"},{\"@type\":\"Person\",\"@id\":\"https:\/\/www.manaus.am.gov.br\/manauscult\/#\/schema\/person\/4e49f4e267757a06ca072ec61b2b9968\",\"name\":\"Adriana Costa\",\"image\":{\"@type\":\"ImageObject\",\"inLanguage\":\"pt-BR\",\"@id\":\"https:\/\/www.manaus.am.gov.br\/manauscult\/#\/schema\/person\/image\/\",\"url\":\"https:\/\/secure.gravatar.com\/avatar\/576258617ef7194f718179e766d57bd4?s=96&d=mm&r=g\",\"contentUrl\":\"https:\/\/secure.gravatar.com\/avatar\/576258617ef7194f718179e766d57bd4?s=96&d=mm&r=g\",\"caption\":\"Adriana Costa\"}}]}<\/script>\n<!-- \/ Yoast SEO plugin. -->","yoast_head_json":{"title":"Prefeitura fiscaliza barrac\u00f5es dos bois-bumb\u00e1s da categoria Ouro para garantir transpar\u00eancia na aplica\u00e7\u00e3o dos recursos p\u00fablicos","description":"A Prefeitura de Manaus, por meio da Funda\u00e7\u00e3o Municipal de Cultura, Turismo e Eventos (ManausCult), realizou, na manh\u00e3 desta ter\u00e7a-feira, 22\/7, uma a\u00e7\u00e3o de fiscaliza\u00e7\u00e3o e de monitoramento nos barrac\u00f5es das seis associa\u00e7\u00f5es folcl\u00f3ricas que integram a categoria Ouro, do \u201cFestival de Bois-Bumb\u00e1s de Manaus\u201d.","robots":{"index":"noindex","follow":"follow"},"og_locale":"pt_BR","og_type":"article","og_title":"Prefeitura fiscaliza barrac\u00f5es dos bois-bumb\u00e1s da categoria Ouro para garantir transpar\u00eancia na aplica\u00e7\u00e3o dos recursos p\u00fablicos","og_description":"A Prefeitura de Manaus, por meio da Funda\u00e7\u00e3o Municipal de Cultura, Turismo e Eventos (ManausCult), realizou, na manh\u00e3 desta ter\u00e7a-feira, 22\/7, uma a\u00e7\u00e3o de fiscaliza\u00e7\u00e3o e de monitoramento nos barrac\u00f5es das seis associa\u00e7\u00f5es folcl\u00f3ricas que integram a categoria Ouro, do \u201cFestival de Bois-Bumb\u00e1s de Manaus\u201d.","og_url":"https:\/\/www.manaus.am.gov.br\/manauscult\/prefeitura-manauscult-fiscalizacao-galpoes-bois\/","og_site_name":"MANAUSCULT","article_published_time":"2025-07-22T16:20:01+00:00","article_modified_time":"2025-07-22T16:20:02+00:00","og_image":[{"width":4160,"height":2774,"url":"https:\/\/www.manaus.am.gov.br\/manauscult\/wp-content\/uploads\/sites\/11\/2025\/07\/73859826-be0d-4e78-8274-54e1a722d7f8.jpeg","type":"image\/jpeg"}],"author":"Adriana Costa","twitter_card":"summary_large_image","twitter_misc":{"Written by":"Adriana Costa","Est. reading time":"3 minutos"},"schema":{"@context":"https:\/\/schema.org","@graph":[{"@type":"WebPage","@id":"https:\/\/www.manaus.am.gov.br\/manauscult\/prefeitura-manauscult-fiscalizacao-galpoes-bois\/","url":"https:\/\/www.manaus.am.gov.br\/manauscult\/prefeitura-manauscult-fiscalizacao-galpoes-bois\/","name":"Prefeitura fiscaliza barrac\u00f5es dos bois-bumb\u00e1s da categoria Ouro para garantir transpar\u00eancia na aplica\u00e7\u00e3o dos recursos p\u00fablicos","isPartOf":{"@id":"https:\/\/www.manaus.am.gov.br\/manauscult\/#website"},"primaryImageOfPage":{"@id":"https:\/\/www.manaus.am.gov.br\/manauscult\/prefeitura-manauscult-fiscalizacao-galpoes-bois\/#primaryimage"},"image":{"@id":"https:\/\/www.manaus.am.gov.br\/manauscult\/prefeitura-manauscult-fiscalizacao-galpoes-bois\/#primaryimage"},"thumbnailUrl":"https:\/\/www.manaus.am.gov.br\/manauscult\/wp-content\/uploads\/sites\/11\/2025\/07\/73859826-be0d-4e78-8274-54e1a722d7f8.jpeg","datePublished":"2025-07-22T16:20:01+00:00","dateModified":"2025-07-22T16:20:02+00:00","author":{"@id":"https:\/\/www.manaus.am.gov.br\/manauscult\/#\/schema\/person\/4e49f4e267757a06ca072ec61b2b9968"},"description":"A Prefeitura de Manaus, por meio da Funda\u00e7\u00e3o Municipal de Cultura, Turismo e Eventos (ManausCult), realizou, na manh\u00e3 desta ter\u00e7a-feira, 22\/7, uma a\u00e7\u00e3o de fiscaliza\u00e7\u00e3o e de monitoramento nos barrac\u00f5es das seis associa\u00e7\u00f5es folcl\u00f3ricas que integram a categoria Ouro, do \u201cFestival de Bois-Bumb\u00e1s de Manaus\u201d.","breadcrumb":{"@id":"https:\/\/www.manaus.am.gov.br\/manauscult\/prefeitura-manauscult-fiscalizacao-galpoes-bois\/#breadcrumb"},"inLanguage":"pt-BR","potentialAction":[{"@type":"ReadAction","target":["https:\/\/www.manaus.am.gov.br\/manauscult\/prefeitura-manauscult-fiscalizacao-galpoes-bois\/"]}]},{"@type":"ImageObject","inLanguage":"pt-BR","@id":"https:\/\/www.manaus.am.gov.br\/manauscult\/prefeitura-manauscult-fiscalizacao-galpoes-bois\/#primaryimage","url":"https:\/\/www.manaus.am.gov.br\/manauscult\/wp-content\/uploads\/sites\/11\/2025\/07\/73859826-be0d-4e78-8274-54e1a722d7f8.jpeg","contentUrl":"https:\/\/www.manaus.am.gov.br\/manauscult\/wp-content\/uploads\/sites\/11\/2025\/07\/73859826-be0d-4e78-8274-54e1a722d7f8.jpeg","width":4160,"height":2774},{"@type":"BreadcrumbList","@id":"https:\/\/www.manaus.am.gov.br\/manauscult\/prefeitura-manauscult-fiscalizacao-galpoes-bois\/#breadcrumb","itemListElement":[{"@type":"ListItem","position":1,"name":"Home","item":"https:\/\/www.manaus.am.gov.br\/manauscult\/"},{"@type":"ListItem","position":2,"name":"Prefeitura fiscaliza barrac\u00f5es dos bois-bumb\u00e1s da categoria Ouro para garantir transpar\u00eancia na aplica\u00e7\u00e3o dos recursos p\u00fablicos"}]},{"@type":"WebSite","@id":"https:\/\/www.manaus.am.gov.br\/manauscult\/#website","url":"https:\/\/www.manaus.am.gov.br\/manauscult\/","name":"MANAUSCULT","description":"Prefeitura de Manaus","potentialAction":[{"@type":"SearchAction","target":{"@type":"EntryPoint","urlTemplate":"https:\/\/www.manaus.am.gov.br\/manauscult\/?s={search_term_string}"},"query-input":"required name=search_term_string"}],"inLanguage":"pt-BR"},{"@type":"Person","@id":"https:\/\/www.manaus.am.gov.br\/manauscult\/#\/schema\/person\/4e49f4e267757a06ca072ec61b2b9968","name":"Adriana Costa","image":{"@type":"ImageObject","inLanguage":"pt-BR","@id":"https:\/\/www.manaus.am.gov.br\/manauscult\/#\/schema\/person\/image\/","url":"https:\/\/secure.gravatar.com\/avatar\/576258617ef7194f718179e766d57bd4?s=96&d=mm&r=g","contentUrl":"https:\/\/secure.gravatar.com\/avatar\/576258617ef7194f718179e766d57bd4?s=96&d=mm&r=g","caption":"Adriana Costa"}}]}},"_links":{"self":[{"href":"https:\/\/www.manaus.am.gov.br\/manauscult\/wp-json\/wp\/v2\/posts\/4221"}],"collection":[{"href":"https:\/\/www.manaus.am.gov.br\/manauscult\/wp-json\/wp\/v2\/posts"}],"about":[{"href":"https:\/\/www.manaus.am.gov.br\/manauscult\/wp-json\/wp\/v2\/types\/post"}],"author":[{"embeddable":true,"href":"https:\/\/www.manaus.am.gov.br\/manauscult\/wp-json\/wp\/v2\/users\/23"}],"replies":[{"embeddable":true,"href":"https:\/\/www.manaus.am.gov.br\/manauscult\/wp-json\/wp\/v2\/comments?post=4221"}],"version-history":[{"count":0,"href":"https:\/\/www.manaus.am.gov.br\/manauscult\/wp-json\/wp\/v2\/posts\/4221\/revisions"}],"wp:featuredmedia":[{"embeddable":true,"href":"https:\/\/www.manaus.am.gov.br\/manauscult\/wp-json\/wp\/v2\/media\/4222"}],"wp:attachment":[{"href":"https:\/\/www.manaus.am.gov.br\/manauscult\/wp-json\/wp\/v2\/media?parent=4221"}],"wp:term":[{"taxonomy":"category","embeddable":true,"href":"https:\/\/www.manaus.am.gov.br\/manauscult\/wp-json\/wp\/v2\/categories?post=4221"},{"taxonomy":"post_tag","embeddable":true,"href":"https:\/\/www.manaus.am.gov.br\/manauscult\/wp-json\/wp\/v2\/tags?post=4221"}],"curies":[{"name":"wp","href":"https:\/\/api.w.org\/{rel}","templated":true}]}}