{"id":4215,"date":"2025-07-21T15:29:11","date_gmt":"2025-07-21T19:29:11","guid":{"rendered":"https:\/\/www.manaus.am.gov.br\/manauscult\/curso-cenografia-inscricoes-gratuitas\/"},"modified":"2025-07-21T15:29:11","modified_gmt":"2025-07-21T19:29:11","slug":"curso-cenografia-inscricoes-gratuitas","status":"publish","type":"post","link":"https:\/\/www.manaus.am.gov.br\/manauscult\/curso-cenografia-inscricoes-gratuitas\/","title":{"rendered":"Curso de Cenografia abre inscri\u00e7\u00f5es gratuitas para artistas e produtores culturais em Manaus"},"content":{"rendered":"\n<p>A Prefeitura de Manaus, por meio da Funda\u00e7\u00e3o Municipal de Cultura, Turismo e Eventos (Manauscult), em parceria com o Programa de Forma\u00e7\u00e3o Art\u00edstica e Cultural (Promfac), est\u00e1 com inscri\u00e7\u00f5es abertas para o curso de Cenografia, que ser\u00e1 realizado no per\u00edodo de 28\/7 a 6\/8, com carga hor\u00e1ria total de 32 horas, distribu\u00eddas em oito encontros. A forma\u00e7\u00e3o, destinada a 25 participantes, \u00e9 voltada para artistas visuais, produtores culturais, t\u00e9cnicos de palco, estudantes de artes e interessados na \u00e1rea de cenografia.<\/p>\n\n\n\n<p>O curso ser\u00e1 ministrado por Juca di Souza, ator, diretor e cen\u00f3grafo com mais de 15 anos de atua\u00e7\u00e3o na capital amazonense. Com ampla experi\u00eancia na cria\u00e7\u00e3o de cen\u00e1rios teatrais, Juca trar\u00e1 uma abordagem que alia pr\u00e1tica e teoria, desde os conceitos fundamentais da cenografia at\u00e9 a constru\u00e7\u00e3o coletiva de um cen\u00e1rio. A forma\u00e7\u00e3o acontecer\u00e1 na\u00a0rua Alu\u00edzio Ara\u00fajo, n\u00ba 181, no bairro S\u00e3o Raimundo, zona Oeste, das 18h \u00e0s 21h.<\/p>\n\n\n\n<p>\u201c\u00c9 uma oportunidade \u00fanica de forma\u00e7\u00e3o completa, aliando teoria e pr\u00e1tica, para fortalecer os profissionais da cultura em Manaus. A cenografia \u00e9 um pilar essencial do fazer art\u00edstico e t\u00e9cnico, e nossa miss\u00e3o \u00e9 ampliar esse conhecimento na cidade\u201d, destacou o diretor-presidente da Manauscult, Jender Lobato.<\/p>\n\n\n\n<p>O conte\u00fado do curso vai abranger desde o hist\u00f3rico da cenografia no teatro, na televis\u00e3o e em exposi\u00e7\u00f5es, at\u00e9 t\u00e9cnicas de ilumina\u00e7\u00e3o e cenotecnia. Os participantes tamb\u00e9m ter\u00e3o viv\u00eancias pr\u00e1ticas com croquis, constru\u00e7\u00e3o de estruturas, pintura, texturas e montagem final, com apresenta\u00e7\u00e3o p\u00fablica do cen\u00e1rio desenvolvido.<\/p>\n\n\n\n<p>Para o instrutor Juca di Souza, a proposta vai al\u00e9m da t\u00e9cnica. \u201cQueremos despertar o olhar espacial e a criatividade dos participantes, promovendo experi\u00eancias reais de trabalho em equipe e constru\u00e7\u00e3o art\u00edstica\u201d, afirma.<\/p>\n\n\n\n<p>As inscri\u00e7\u00f5es s\u00e3o gratuitas e podem ser feitas pelo link:&nbsp;<a href=\"https:\/\/forms.gle\/CdVnxow5zJ19HAGk7\" target=\"_blank\" rel=\"noreferrer noopener\">https:\/\/forms.gle\/CdVnxow5zJ19HAGk7<\/a>.<\/p>\n\n\n\n<p>A Prefeitura de Manaus, por meio da Manauscult, realiza constantemente a\u00e7\u00f5es formativas que priorizam os artistas, produtores culturais e t\u00e9cnicos da cidade, contribuindo para o fortalecimento do setor cultural local.<\/p>\n\n\n\n<figure class=\"wp-block-image size-large\"><img loading=\"lazy\" decoding=\"async\" width=\"1024\" height=\"682\" src=\"https:\/\/www.manaus.am.gov.br\/manauscult\/wp-content\/uploads\/sites\/11\/2025\/07\/WhatsApp-Image-2025-07-21-at-15.24.41-1024x682.jpeg\" alt=\"\" class=\"wp-image-4216\" srcset=\"https:\/\/www.manaus.am.gov.br\/manauscult\/wp-content\/uploads\/sites\/11\/2025\/07\/WhatsApp-Image-2025-07-21-at-15.24.41-1024x682.jpeg 1024w, https:\/\/www.manaus.am.gov.br\/manauscult\/wp-content\/uploads\/sites\/11\/2025\/07\/WhatsApp-Image-2025-07-21-at-15.24.41-300x200.jpeg 300w, https:\/\/www.manaus.am.gov.br\/manauscult\/wp-content\/uploads\/sites\/11\/2025\/07\/WhatsApp-Image-2025-07-21-at-15.24.41-768x512.jpeg 768w, https:\/\/www.manaus.am.gov.br\/manauscult\/wp-content\/uploads\/sites\/11\/2025\/07\/WhatsApp-Image-2025-07-21-at-15.24.41-1536x1023.jpeg 1536w, https:\/\/www.manaus.am.gov.br\/manauscult\/wp-content\/uploads\/sites\/11\/2025\/07\/WhatsApp-Image-2025-07-21-at-15.24.41.jpeg 1600w\" sizes=\"(max-width: 1024px) 100vw, 1024px\" \/><\/figure>\n\n\n\n<p>&#8212; &#8212; &#8212;<\/p>\n\n\n\n<p><strong>Texto<\/strong>\u00a0&#8211; J\u00e9ssica Trajano\/Manauscult<\/p>\n\n\n\n<p>\u00a0<strong>Fotos &#8211;<\/strong> Thelson Souza\/Manauscult<\/p>\n","protected":false},"excerpt":{"rendered":"","protected":false},"author":39,"featured_media":4217,"comment_status":"closed","ping_status":"closed","sticky":false,"template":"","format":"standard","meta":{"footnotes":""},"categories":[1270],"tags":[1511,1512,1513,9,11,1514],"acf":[],"yoast_head":"<!-- This site is optimized with the Yoast SEO plugin v23.0 - https:\/\/yoast.com\/wordpress\/plugins\/seo\/ -->\n<title>Curso de Cenografia abre inscri\u00e7\u00f5es gratuitas em Manaus<\/title>\n<meta name=\"description\" content=\"Curso de Cenografia promovido pela Prefeitura de Manaus abre inscri\u00e7\u00f5es gratuitas para artistas e produtores culturais.\" \/>\n<meta name=\"robots\" content=\"noindex, follow\" \/>\n<meta property=\"og:locale\" content=\"pt_BR\" \/>\n<meta property=\"og:type\" content=\"article\" \/>\n<meta property=\"og:title\" content=\"Curso de Cenografia abre inscri\u00e7\u00f5es gratuitas em Manaus\" \/>\n<meta property=\"og:description\" content=\"Curso de Cenografia promovido pela Prefeitura de Manaus abre inscri\u00e7\u00f5es gratuitas para artistas e produtores culturais.\" \/>\n<meta property=\"og:url\" content=\"https:\/\/www.manaus.am.gov.br\/manauscult\/curso-cenografia-inscricoes-gratuitas\/\" \/>\n<meta property=\"og:site_name\" content=\"MANAUSCULT\" \/>\n<meta property=\"article:published_time\" content=\"2025-07-21T19:29:11+00:00\" \/>\n<meta property=\"og:image\" content=\"https:\/\/www.manaus.am.gov.br\/manauscult\/wp-content\/uploads\/sites\/11\/2025\/07\/fc0ed9dc-3e2a-4d10-8940-26b0092d1021.jpeg\" \/>\n\t<meta property=\"og:image:width\" content=\"4160\" \/>\n\t<meta property=\"og:image:height\" content=\"2774\" \/>\n\t<meta property=\"og:image:type\" content=\"image\/jpeg\" \/>\n<meta name=\"author\" content=\"Bruna Greco\" \/>\n<meta name=\"twitter:card\" content=\"summary_large_image\" \/>\n<meta name=\"twitter:label1\" content=\"Written by\" \/>\n\t<meta name=\"twitter:data1\" content=\"Bruna Greco\" \/>\n\t<meta name=\"twitter:label2\" content=\"Est. reading time\" \/>\n\t<meta name=\"twitter:data2\" content=\"3 minutos\" \/>\n<script type=\"application\/ld+json\" class=\"yoast-schema-graph\">{\"@context\":\"https:\/\/schema.org\",\"@graph\":[{\"@type\":\"WebPage\",\"@id\":\"https:\/\/www.manaus.am.gov.br\/manauscult\/curso-cenografia-inscricoes-gratuitas\/\",\"url\":\"https:\/\/www.manaus.am.gov.br\/manauscult\/curso-cenografia-inscricoes-gratuitas\/\",\"name\":\"Curso de Cenografia abre inscri\u00e7\u00f5es gratuitas em Manaus\",\"isPartOf\":{\"@id\":\"https:\/\/www.manaus.am.gov.br\/manauscult\/#website\"},\"primaryImageOfPage\":{\"@id\":\"https:\/\/www.manaus.am.gov.br\/manauscult\/curso-cenografia-inscricoes-gratuitas\/#primaryimage\"},\"image\":{\"@id\":\"https:\/\/www.manaus.am.gov.br\/manauscult\/curso-cenografia-inscricoes-gratuitas\/#primaryimage\"},\"thumbnailUrl\":\"https:\/\/www.manaus.am.gov.br\/manauscult\/wp-content\/uploads\/sites\/11\/2025\/07\/fc0ed9dc-3e2a-4d10-8940-26b0092d1021.jpeg\",\"datePublished\":\"2025-07-21T19:29:11+00:00\",\"dateModified\":\"2025-07-21T19:29:11+00:00\",\"author\":{\"@id\":\"https:\/\/www.manaus.am.gov.br\/manauscult\/#\/schema\/person\/05d223aea2bf115f9883a6ff3683d81b\"},\"description\":\"Curso de Cenografia promovido pela Prefeitura de Manaus abre inscri\u00e7\u00f5es gratuitas para artistas e produtores culturais.\",\"breadcrumb\":{\"@id\":\"https:\/\/www.manaus.am.gov.br\/manauscult\/curso-cenografia-inscricoes-gratuitas\/#breadcrumb\"},\"inLanguage\":\"pt-BR\",\"potentialAction\":[{\"@type\":\"ReadAction\",\"target\":[\"https:\/\/www.manaus.am.gov.br\/manauscult\/curso-cenografia-inscricoes-gratuitas\/\"]}]},{\"@type\":\"ImageObject\",\"inLanguage\":\"pt-BR\",\"@id\":\"https:\/\/www.manaus.am.gov.br\/manauscult\/curso-cenografia-inscricoes-gratuitas\/#primaryimage\",\"url\":\"https:\/\/www.manaus.am.gov.br\/manauscult\/wp-content\/uploads\/sites\/11\/2025\/07\/fc0ed9dc-3e2a-4d10-8940-26b0092d1021.jpeg\",\"contentUrl\":\"https:\/\/www.manaus.am.gov.br\/manauscult\/wp-content\/uploads\/sites\/11\/2025\/07\/fc0ed9dc-3e2a-4d10-8940-26b0092d1021.jpeg\",\"width\":4160,\"height\":2774,\"caption\":\"#paratodosverem - Representantes da Manauscult e Promfac durante abertura das inscri\u00e7\u00f5es do curso de Cenografia\"},{\"@type\":\"BreadcrumbList\",\"@id\":\"https:\/\/www.manaus.am.gov.br\/manauscult\/curso-cenografia-inscricoes-gratuitas\/#breadcrumb\",\"itemListElement\":[{\"@type\":\"ListItem\",\"position\":1,\"name\":\"Home\",\"item\":\"https:\/\/www.manaus.am.gov.br\/manauscult\/\"},{\"@type\":\"ListItem\",\"position\":2,\"name\":\"Curso de Cenografia abre inscri\u00e7\u00f5es gratuitas para artistas e produtores culturais em Manaus\"}]},{\"@type\":\"WebSite\",\"@id\":\"https:\/\/www.manaus.am.gov.br\/manauscult\/#website\",\"url\":\"https:\/\/www.manaus.am.gov.br\/manauscult\/\",\"name\":\"MANAUSCULT\",\"description\":\"Prefeitura de Manaus\",\"potentialAction\":[{\"@type\":\"SearchAction\",\"target\":{\"@type\":\"EntryPoint\",\"urlTemplate\":\"https:\/\/www.manaus.am.gov.br\/manauscult\/?s={search_term_string}\"},\"query-input\":\"required name=search_term_string\"}],\"inLanguage\":\"pt-BR\"},{\"@type\":\"Person\",\"@id\":\"https:\/\/www.manaus.am.gov.br\/manauscult\/#\/schema\/person\/05d223aea2bf115f9883a6ff3683d81b\",\"name\":\"Bruna Greco\",\"image\":{\"@type\":\"ImageObject\",\"inLanguage\":\"pt-BR\",\"@id\":\"https:\/\/www.manaus.am.gov.br\/manauscult\/#\/schema\/person\/image\/\",\"url\":\"https:\/\/secure.gravatar.com\/avatar\/9c877d1a6adc2a055330e5c09a8653ce?s=96&d=mm&r=g\",\"contentUrl\":\"https:\/\/secure.gravatar.com\/avatar\/9c877d1a6adc2a055330e5c09a8653ce?s=96&d=mm&r=g\",\"caption\":\"Bruna Greco\"}}]}<\/script>\n<!-- \/ Yoast SEO plugin. -->","yoast_head_json":{"title":"Curso de Cenografia abre inscri\u00e7\u00f5es gratuitas em Manaus","description":"Curso de Cenografia promovido pela Prefeitura de Manaus abre inscri\u00e7\u00f5es gratuitas para artistas e produtores culturais.","robots":{"index":"noindex","follow":"follow"},"og_locale":"pt_BR","og_type":"article","og_title":"Curso de Cenografia abre inscri\u00e7\u00f5es gratuitas em Manaus","og_description":"Curso de Cenografia promovido pela Prefeitura de Manaus abre inscri\u00e7\u00f5es gratuitas para artistas e produtores culturais.","og_url":"https:\/\/www.manaus.am.gov.br\/manauscult\/curso-cenografia-inscricoes-gratuitas\/","og_site_name":"MANAUSCULT","article_published_time":"2025-07-21T19:29:11+00:00","og_image":[{"width":4160,"height":2774,"url":"https:\/\/www.manaus.am.gov.br\/manauscult\/wp-content\/uploads\/sites\/11\/2025\/07\/fc0ed9dc-3e2a-4d10-8940-26b0092d1021.jpeg","type":"image\/jpeg"}],"author":"Bruna Greco","twitter_card":"summary_large_image","twitter_misc":{"Written by":"Bruna Greco","Est. reading time":"3 minutos"},"schema":{"@context":"https:\/\/schema.org","@graph":[{"@type":"WebPage","@id":"https:\/\/www.manaus.am.gov.br\/manauscult\/curso-cenografia-inscricoes-gratuitas\/","url":"https:\/\/www.manaus.am.gov.br\/manauscult\/curso-cenografia-inscricoes-gratuitas\/","name":"Curso de Cenografia abre inscri\u00e7\u00f5es gratuitas em Manaus","isPartOf":{"@id":"https:\/\/www.manaus.am.gov.br\/manauscult\/#website"},"primaryImageOfPage":{"@id":"https:\/\/www.manaus.am.gov.br\/manauscult\/curso-cenografia-inscricoes-gratuitas\/#primaryimage"},"image":{"@id":"https:\/\/www.manaus.am.gov.br\/manauscult\/curso-cenografia-inscricoes-gratuitas\/#primaryimage"},"thumbnailUrl":"https:\/\/www.manaus.am.gov.br\/manauscult\/wp-content\/uploads\/sites\/11\/2025\/07\/fc0ed9dc-3e2a-4d10-8940-26b0092d1021.jpeg","datePublished":"2025-07-21T19:29:11+00:00","dateModified":"2025-07-21T19:29:11+00:00","author":{"@id":"https:\/\/www.manaus.am.gov.br\/manauscult\/#\/schema\/person\/05d223aea2bf115f9883a6ff3683d81b"},"description":"Curso de Cenografia promovido pela Prefeitura de Manaus abre inscri\u00e7\u00f5es gratuitas para artistas e produtores culturais.","breadcrumb":{"@id":"https:\/\/www.manaus.am.gov.br\/manauscult\/curso-cenografia-inscricoes-gratuitas\/#breadcrumb"},"inLanguage":"pt-BR","potentialAction":[{"@type":"ReadAction","target":["https:\/\/www.manaus.am.gov.br\/manauscult\/curso-cenografia-inscricoes-gratuitas\/"]}]},{"@type":"ImageObject","inLanguage":"pt-BR","@id":"https:\/\/www.manaus.am.gov.br\/manauscult\/curso-cenografia-inscricoes-gratuitas\/#primaryimage","url":"https:\/\/www.manaus.am.gov.br\/manauscult\/wp-content\/uploads\/sites\/11\/2025\/07\/fc0ed9dc-3e2a-4d10-8940-26b0092d1021.jpeg","contentUrl":"https:\/\/www.manaus.am.gov.br\/manauscult\/wp-content\/uploads\/sites\/11\/2025\/07\/fc0ed9dc-3e2a-4d10-8940-26b0092d1021.jpeg","width":4160,"height":2774,"caption":"#paratodosverem - Representantes da Manauscult e Promfac durante abertura das inscri\u00e7\u00f5es do curso de Cenografia"},{"@type":"BreadcrumbList","@id":"https:\/\/www.manaus.am.gov.br\/manauscult\/curso-cenografia-inscricoes-gratuitas\/#breadcrumb","itemListElement":[{"@type":"ListItem","position":1,"name":"Home","item":"https:\/\/www.manaus.am.gov.br\/manauscult\/"},{"@type":"ListItem","position":2,"name":"Curso de Cenografia abre inscri\u00e7\u00f5es gratuitas para artistas e produtores culturais em Manaus"}]},{"@type":"WebSite","@id":"https:\/\/www.manaus.am.gov.br\/manauscult\/#website","url":"https:\/\/www.manaus.am.gov.br\/manauscult\/","name":"MANAUSCULT","description":"Prefeitura de Manaus","potentialAction":[{"@type":"SearchAction","target":{"@type":"EntryPoint","urlTemplate":"https:\/\/www.manaus.am.gov.br\/manauscult\/?s={search_term_string}"},"query-input":"required name=search_term_string"}],"inLanguage":"pt-BR"},{"@type":"Person","@id":"https:\/\/www.manaus.am.gov.br\/manauscult\/#\/schema\/person\/05d223aea2bf115f9883a6ff3683d81b","name":"Bruna Greco","image":{"@type":"ImageObject","inLanguage":"pt-BR","@id":"https:\/\/www.manaus.am.gov.br\/manauscult\/#\/schema\/person\/image\/","url":"https:\/\/secure.gravatar.com\/avatar\/9c877d1a6adc2a055330e5c09a8653ce?s=96&d=mm&r=g","contentUrl":"https:\/\/secure.gravatar.com\/avatar\/9c877d1a6adc2a055330e5c09a8653ce?s=96&d=mm&r=g","caption":"Bruna Greco"}}]}},"_links":{"self":[{"href":"https:\/\/www.manaus.am.gov.br\/manauscult\/wp-json\/wp\/v2\/posts\/4215"}],"collection":[{"href":"https:\/\/www.manaus.am.gov.br\/manauscult\/wp-json\/wp\/v2\/posts"}],"about":[{"href":"https:\/\/www.manaus.am.gov.br\/manauscult\/wp-json\/wp\/v2\/types\/post"}],"author":[{"embeddable":true,"href":"https:\/\/www.manaus.am.gov.br\/manauscult\/wp-json\/wp\/v2\/users\/39"}],"replies":[{"embeddable":true,"href":"https:\/\/www.manaus.am.gov.br\/manauscult\/wp-json\/wp\/v2\/comments?post=4215"}],"version-history":[{"count":1,"href":"https:\/\/www.manaus.am.gov.br\/manauscult\/wp-json\/wp\/v2\/posts\/4215\/revisions"}],"predecessor-version":[{"id":4218,"href":"https:\/\/www.manaus.am.gov.br\/manauscult\/wp-json\/wp\/v2\/posts\/4215\/revisions\/4218"}],"wp:featuredmedia":[{"embeddable":true,"href":"https:\/\/www.manaus.am.gov.br\/manauscult\/wp-json\/wp\/v2\/media\/4217"}],"wp:attachment":[{"href":"https:\/\/www.manaus.am.gov.br\/manauscult\/wp-json\/wp\/v2\/media?parent=4215"}],"wp:term":[{"taxonomy":"category","embeddable":true,"href":"https:\/\/www.manaus.am.gov.br\/manauscult\/wp-json\/wp\/v2\/categories?post=4215"},{"taxonomy":"post_tag","embeddable":true,"href":"https:\/\/www.manaus.am.gov.br\/manauscult\/wp-json\/wp\/v2\/tags?post=4215"}],"curies":[{"name":"wp","href":"https:\/\/api.w.org\/{rel}","templated":true}]}}