{"id":4211,"date":"2025-07-19T11:52:23","date_gmt":"2025-07-19T15:52:23","guid":{"rendered":"https:\/\/www.manaus.am.gov.br\/manauscult\/projeto-social-zumbi-dos-palmares\/"},"modified":"2025-07-19T11:52:24","modified_gmt":"2025-07-19T15:52:24","slug":"projeto-social-zumbi-dos-palmares","status":"publish","type":"post","link":"https:\/\/www.manaus.am.gov.br\/manauscult\/projeto-social-zumbi-dos-palmares\/","title":{"rendered":"Projeto social no Zumbi dos Palmares recebe apoio da Prefeitura de Manaus"},"content":{"rendered":"\n<p>Com o objetivo de promover a inclus\u00e3o social, fortalecer a cidadania e oferecer atendimento direto aos moradores da zona Leste da capital, a Prefeitura de Manaus, por meio da Funda\u00e7\u00e3o Municipal de Cultura, Turismo e Eventos (Manauscult), est\u00e1 apoiando a realiza\u00e7\u00e3o do projeto \u201cA\u00e7\u00e3o Social na Comunidade Promovendo Direitos, Inclus\u00e3o e Cidadania\u201d, executado pelo Conselho Comunit\u00e1rio do Bairro Zumbi dos Palmares (CCBZP).<\/p>\n\n\n\n<p>As atividades come\u00e7aram neste s\u00e1bado, 19\/7, na Escola Municipal Professor Raimundo Gon\u00e7alves Nogueira, e contam com uma programa\u00e7\u00e3o intensa que inclui oficinas, palestras, orienta\u00e7\u00f5es jur\u00eddicas e atendimentos multidisciplinares nas \u00e1reas de sa\u00fade, beleza e assist\u00eancia social. A a\u00e7\u00e3o tem como meta beneficiar cerca de 600 pessoas em situa\u00e7\u00e3o de vulnerabilidade social.<\/p>\n\n\n\n<p>Ao todo, ser\u00e3o distribu\u00eddas 1.000 cestas b\u00e1sicas a fam\u00edlias previamente identificadas. Destas, 200 est\u00e3o sendo entregues de forma imediata, e as demais ser\u00e3o distribu\u00eddas ao longo do per\u00edodo da a\u00e7\u00e3o.<\/p>\n\n\n\n<p>A equipe de fiscaliza\u00e7\u00e3o e monitoramento da Manauscult tamb\u00e9m est\u00e1 presente no local, acompanhando a execu\u00e7\u00e3o dos servi\u00e7os e garantindo o bom funcionamento da atividade junto \u00e0 comunidade.<\/p>\n\n\n\n<p>O diretor-presidente da Manauscult, Jender Lobato, destacou a import\u00e2ncia da a\u00e7\u00e3o:<\/p>\n\n\n\n<p>\u201cO fortalecimento de a\u00e7\u00f5es sociais que promovam cidadania e dignidade est\u00e1 entre os compromissos da Prefeitura de Manaus. Por isso, a Manauscult apoia com orgulho esta iniciativa, mostrando que cultura vai al\u00e9m de promover eventos. Cultura \u00e9 acolhimento, \u00e9 informa\u00e7\u00e3o, apoio e oportunidade para quem mais precisa.\u201d<\/p>\n\n\n\n<p>Moradora da comunidade e atendida pelo servi\u00e7o de odontologia, Arlene Matos compartilhou a import\u00e2ncia da a\u00e7\u00e3o em sua vida:<\/p>\n\n\n\n<p>\u201cEu nunca tinha feito atendimento odontol\u00f3gico antes. Hoje, me senti acolhida, ouvida. Esse tipo de iniciativa muda a realidade de muita gente aqui no bairro. Agrade\u00e7o por essa oportunidade.\u201d<\/p>\n\n\n\n<p>Al\u00e9m da a\u00e7\u00e3o social durante o dia, a programa\u00e7\u00e3o segue \u00e0 noite com a comemora\u00e7\u00e3o dos 38 anos da Comunidade Vila Sass\u00e1, Zumbi I, a partir das 18h, no Campo S\u00e3o Crist\u00f3v\u00e3o. O evento contar\u00e1 com apresenta\u00e7\u00f5es das bandas, al\u00e9m de sorteios de brindes e cestas b\u00e1sicas.<\/p>\n\n\n\n<p>A Prefeitura de Manaus, por meio da Manauscult, refor\u00e7a que a cultura tamb\u00e9m \u00e9 um agente de transforma\u00e7\u00e3o, inclus\u00e3o e desenvolvimento social, ao promover iniciativas que dialogam diretamente com a realidade da popula\u00e7\u00e3o.<\/p>\n\n\n\n<p>&#8212; &#8212; &#8212;<\/p>\n\n\n\n<p><strong>Texto &#8211;<\/strong> J\u00e9ssica Trajano \/ Semcom<\/p>\n\n\n\n<p><strong>Fotos \u2013<\/strong> Divulga\u00e7\u00e3o \/ Semcom<\/p>\n","protected":false},"excerpt":{"rendered":"","protected":false},"author":57,"featured_media":4212,"comment_status":"closed","ping_status":"closed","sticky":false,"template":"","format":"standard","meta":{"footnotes":""},"categories":[78],"tags":[9,11,1510],"acf":[],"yoast_head":"<!-- This site is optimized with the Yoast SEO plugin v23.0 - https:\/\/yoast.com\/wordpress\/plugins\/seo\/ -->\n<title>Projeto social no Zumbi dos Palmares recebe apoio da PMM<\/title>\n<meta name=\"description\" content=\"A Prefeitura de Manaus est\u00e1 apoiando a realiza\u00e7\u00e3o do projeto \u201cA\u00e7\u00e3o Social na Comunidade Promovendo Direitos, Inclus\u00e3o e Cidadania&quot;.\" \/>\n<meta name=\"robots\" content=\"noindex, follow\" \/>\n<meta property=\"og:locale\" content=\"pt_BR\" \/>\n<meta property=\"og:type\" content=\"article\" \/>\n<meta property=\"og:title\" content=\"Projeto social no Zumbi dos Palmares recebe apoio da PMM\" \/>\n<meta property=\"og:description\" content=\"A Prefeitura de Manaus est\u00e1 apoiando a realiza\u00e7\u00e3o do projeto \u201cA\u00e7\u00e3o Social na Comunidade Promovendo Direitos, Inclus\u00e3o e Cidadania&quot;.\" \/>\n<meta property=\"og:url\" content=\"https:\/\/www.manaus.am.gov.br\/manauscult\/projeto-social-zumbi-dos-palmares\/\" \/>\n<meta property=\"og:site_name\" content=\"MANAUSCULT\" \/>\n<meta property=\"article:published_time\" content=\"2025-07-19T15:52:23+00:00\" \/>\n<meta property=\"article:modified_time\" content=\"2025-07-19T15:52:24+00:00\" \/>\n<meta property=\"og:image\" content=\"https:\/\/www.manaus.am.gov.br\/manauscult\/wp-content\/uploads\/sites\/11\/2025\/07\/IMG_4537-1024x768.jpeg\" \/>\n\t<meta property=\"og:image:width\" content=\"1024\" \/>\n\t<meta property=\"og:image:height\" content=\"768\" \/>\n\t<meta property=\"og:image:type\" content=\"image\/jpeg\" \/>\n<meta name=\"author\" content=\"Thiago Fernando\" \/>\n<meta name=\"twitter:card\" content=\"summary_large_image\" \/>\n<meta name=\"twitter:label1\" content=\"Written by\" \/>\n\t<meta name=\"twitter:data1\" content=\"Thiago Fernando\" \/>\n\t<meta name=\"twitter:label2\" content=\"Est. reading time\" \/>\n\t<meta name=\"twitter:data2\" content=\"3 minutos\" \/>\n<script type=\"application\/ld+json\" class=\"yoast-schema-graph\">{\"@context\":\"https:\/\/schema.org\",\"@graph\":[{\"@type\":\"WebPage\",\"@id\":\"https:\/\/www.manaus.am.gov.br\/manauscult\/projeto-social-zumbi-dos-palmares\/\",\"url\":\"https:\/\/www.manaus.am.gov.br\/manauscult\/projeto-social-zumbi-dos-palmares\/\",\"name\":\"Projeto social no Zumbi dos Palmares recebe apoio da PMM\",\"isPartOf\":{\"@id\":\"https:\/\/www.manaus.am.gov.br\/manauscult\/#website\"},\"primaryImageOfPage\":{\"@id\":\"https:\/\/www.manaus.am.gov.br\/manauscult\/projeto-social-zumbi-dos-palmares\/#primaryimage\"},\"image\":{\"@id\":\"https:\/\/www.manaus.am.gov.br\/manauscult\/projeto-social-zumbi-dos-palmares\/#primaryimage\"},\"thumbnailUrl\":\"https:\/\/www.manaus.am.gov.br\/manauscult\/wp-content\/uploads\/sites\/11\/2025\/07\/IMG_4537.jpeg\",\"datePublished\":\"2025-07-19T15:52:23+00:00\",\"dateModified\":\"2025-07-19T15:52:24+00:00\",\"author\":{\"@id\":\"https:\/\/www.manaus.am.gov.br\/manauscult\/#\/schema\/person\/a5ee5376db6e21af026374b369f30882\"},\"description\":\"A Prefeitura de Manaus est\u00e1 apoiando a realiza\u00e7\u00e3o do projeto \u201cA\u00e7\u00e3o Social na Comunidade Promovendo Direitos, Inclus\u00e3o e Cidadania\\\".\",\"breadcrumb\":{\"@id\":\"https:\/\/www.manaus.am.gov.br\/manauscult\/projeto-social-zumbi-dos-palmares\/#breadcrumb\"},\"inLanguage\":\"pt-BR\",\"potentialAction\":[{\"@type\":\"ReadAction\",\"target\":[\"https:\/\/www.manaus.am.gov.br\/manauscult\/projeto-social-zumbi-dos-palmares\/\"]}]},{\"@type\":\"ImageObject\",\"inLanguage\":\"pt-BR\",\"@id\":\"https:\/\/www.manaus.am.gov.br\/manauscult\/projeto-social-zumbi-dos-palmares\/#primaryimage\",\"url\":\"https:\/\/www.manaus.am.gov.br\/manauscult\/wp-content\/uploads\/sites\/11\/2025\/07\/IMG_4537.jpeg\",\"contentUrl\":\"https:\/\/www.manaus.am.gov.br\/manauscult\/wp-content\/uploads\/sites\/11\/2025\/07\/IMG_4537.jpeg\",\"width\":4032,\"height\":3024,\"caption\":\"Projeto social\"},{\"@type\":\"BreadcrumbList\",\"@id\":\"https:\/\/www.manaus.am.gov.br\/manauscult\/projeto-social-zumbi-dos-palmares\/#breadcrumb\",\"itemListElement\":[{\"@type\":\"ListItem\",\"position\":1,\"name\":\"Home\",\"item\":\"https:\/\/www.manaus.am.gov.br\/manauscult\/\"},{\"@type\":\"ListItem\",\"position\":2,\"name\":\"Projeto social no Zumbi dos Palmares recebe apoio da Prefeitura de Manaus\"}]},{\"@type\":\"WebSite\",\"@id\":\"https:\/\/www.manaus.am.gov.br\/manauscult\/#website\",\"url\":\"https:\/\/www.manaus.am.gov.br\/manauscult\/\",\"name\":\"MANAUSCULT\",\"description\":\"Prefeitura de Manaus\",\"potentialAction\":[{\"@type\":\"SearchAction\",\"target\":{\"@type\":\"EntryPoint\",\"urlTemplate\":\"https:\/\/www.manaus.am.gov.br\/manauscult\/?s={search_term_string}\"},\"query-input\":\"required name=search_term_string\"}],\"inLanguage\":\"pt-BR\"},{\"@type\":\"Person\",\"@id\":\"https:\/\/www.manaus.am.gov.br\/manauscult\/#\/schema\/person\/a5ee5376db6e21af026374b369f30882\",\"name\":\"Thiago Fernando\",\"image\":{\"@type\":\"ImageObject\",\"inLanguage\":\"pt-BR\",\"@id\":\"https:\/\/www.manaus.am.gov.br\/manauscult\/#\/schema\/person\/image\/\",\"url\":\"https:\/\/secure.gravatar.com\/avatar\/f5aab8722444041451501c077052ac07?s=96&d=mm&r=g\",\"contentUrl\":\"https:\/\/secure.gravatar.com\/avatar\/f5aab8722444041451501c077052ac07?s=96&d=mm&r=g\",\"caption\":\"Thiago Fernando\"}}]}<\/script>\n<!-- \/ Yoast SEO plugin. -->","yoast_head_json":{"title":"Projeto social no Zumbi dos Palmares recebe apoio da PMM","description":"A Prefeitura de Manaus est\u00e1 apoiando a realiza\u00e7\u00e3o do projeto \u201cA\u00e7\u00e3o Social na Comunidade Promovendo Direitos, Inclus\u00e3o e Cidadania\".","robots":{"index":"noindex","follow":"follow"},"og_locale":"pt_BR","og_type":"article","og_title":"Projeto social no Zumbi dos Palmares recebe apoio da PMM","og_description":"A Prefeitura de Manaus est\u00e1 apoiando a realiza\u00e7\u00e3o do projeto \u201cA\u00e7\u00e3o Social na Comunidade Promovendo Direitos, Inclus\u00e3o e Cidadania\".","og_url":"https:\/\/www.manaus.am.gov.br\/manauscult\/projeto-social-zumbi-dos-palmares\/","og_site_name":"MANAUSCULT","article_published_time":"2025-07-19T15:52:23+00:00","article_modified_time":"2025-07-19T15:52:24+00:00","og_image":[{"width":1024,"height":768,"url":"https:\/\/www.manaus.am.gov.br\/manauscult\/wp-content\/uploads\/sites\/11\/2025\/07\/IMG_4537-1024x768.jpeg","type":"image\/jpeg"}],"author":"Thiago Fernando","twitter_card":"summary_large_image","twitter_misc":{"Written by":"Thiago Fernando","Est. reading time":"3 minutos"},"schema":{"@context":"https:\/\/schema.org","@graph":[{"@type":"WebPage","@id":"https:\/\/www.manaus.am.gov.br\/manauscult\/projeto-social-zumbi-dos-palmares\/","url":"https:\/\/www.manaus.am.gov.br\/manauscult\/projeto-social-zumbi-dos-palmares\/","name":"Projeto social no Zumbi dos Palmares recebe apoio da PMM","isPartOf":{"@id":"https:\/\/www.manaus.am.gov.br\/manauscult\/#website"},"primaryImageOfPage":{"@id":"https:\/\/www.manaus.am.gov.br\/manauscult\/projeto-social-zumbi-dos-palmares\/#primaryimage"},"image":{"@id":"https:\/\/www.manaus.am.gov.br\/manauscult\/projeto-social-zumbi-dos-palmares\/#primaryimage"},"thumbnailUrl":"https:\/\/www.manaus.am.gov.br\/manauscult\/wp-content\/uploads\/sites\/11\/2025\/07\/IMG_4537.jpeg","datePublished":"2025-07-19T15:52:23+00:00","dateModified":"2025-07-19T15:52:24+00:00","author":{"@id":"https:\/\/www.manaus.am.gov.br\/manauscult\/#\/schema\/person\/a5ee5376db6e21af026374b369f30882"},"description":"A Prefeitura de Manaus est\u00e1 apoiando a realiza\u00e7\u00e3o do projeto \u201cA\u00e7\u00e3o Social na Comunidade Promovendo Direitos, Inclus\u00e3o e Cidadania\".","breadcrumb":{"@id":"https:\/\/www.manaus.am.gov.br\/manauscult\/projeto-social-zumbi-dos-palmares\/#breadcrumb"},"inLanguage":"pt-BR","potentialAction":[{"@type":"ReadAction","target":["https:\/\/www.manaus.am.gov.br\/manauscult\/projeto-social-zumbi-dos-palmares\/"]}]},{"@type":"ImageObject","inLanguage":"pt-BR","@id":"https:\/\/www.manaus.am.gov.br\/manauscult\/projeto-social-zumbi-dos-palmares\/#primaryimage","url":"https:\/\/www.manaus.am.gov.br\/manauscult\/wp-content\/uploads\/sites\/11\/2025\/07\/IMG_4537.jpeg","contentUrl":"https:\/\/www.manaus.am.gov.br\/manauscult\/wp-content\/uploads\/sites\/11\/2025\/07\/IMG_4537.jpeg","width":4032,"height":3024,"caption":"Projeto social"},{"@type":"BreadcrumbList","@id":"https:\/\/www.manaus.am.gov.br\/manauscult\/projeto-social-zumbi-dos-palmares\/#breadcrumb","itemListElement":[{"@type":"ListItem","position":1,"name":"Home","item":"https:\/\/www.manaus.am.gov.br\/manauscult\/"},{"@type":"ListItem","position":2,"name":"Projeto social no Zumbi dos Palmares recebe apoio da Prefeitura de Manaus"}]},{"@type":"WebSite","@id":"https:\/\/www.manaus.am.gov.br\/manauscult\/#website","url":"https:\/\/www.manaus.am.gov.br\/manauscult\/","name":"MANAUSCULT","description":"Prefeitura de Manaus","potentialAction":[{"@type":"SearchAction","target":{"@type":"EntryPoint","urlTemplate":"https:\/\/www.manaus.am.gov.br\/manauscult\/?s={search_term_string}"},"query-input":"required name=search_term_string"}],"inLanguage":"pt-BR"},{"@type":"Person","@id":"https:\/\/www.manaus.am.gov.br\/manauscult\/#\/schema\/person\/a5ee5376db6e21af026374b369f30882","name":"Thiago Fernando","image":{"@type":"ImageObject","inLanguage":"pt-BR","@id":"https:\/\/www.manaus.am.gov.br\/manauscult\/#\/schema\/person\/image\/","url":"https:\/\/secure.gravatar.com\/avatar\/f5aab8722444041451501c077052ac07?s=96&d=mm&r=g","contentUrl":"https:\/\/secure.gravatar.com\/avatar\/f5aab8722444041451501c077052ac07?s=96&d=mm&r=g","caption":"Thiago Fernando"}}]}},"_links":{"self":[{"href":"https:\/\/www.manaus.am.gov.br\/manauscult\/wp-json\/wp\/v2\/posts\/4211"}],"collection":[{"href":"https:\/\/www.manaus.am.gov.br\/manauscult\/wp-json\/wp\/v2\/posts"}],"about":[{"href":"https:\/\/www.manaus.am.gov.br\/manauscult\/wp-json\/wp\/v2\/types\/post"}],"author":[{"embeddable":true,"href":"https:\/\/www.manaus.am.gov.br\/manauscult\/wp-json\/wp\/v2\/users\/57"}],"replies":[{"embeddable":true,"href":"https:\/\/www.manaus.am.gov.br\/manauscult\/wp-json\/wp\/v2\/comments?post=4211"}],"version-history":[{"count":0,"href":"https:\/\/www.manaus.am.gov.br\/manauscult\/wp-json\/wp\/v2\/posts\/4211\/revisions"}],"wp:featuredmedia":[{"embeddable":true,"href":"https:\/\/www.manaus.am.gov.br\/manauscult\/wp-json\/wp\/v2\/media\/4212"}],"wp:attachment":[{"href":"https:\/\/www.manaus.am.gov.br\/manauscult\/wp-json\/wp\/v2\/media?parent=4211"}],"wp:term":[{"taxonomy":"category","embeddable":true,"href":"https:\/\/www.manaus.am.gov.br\/manauscult\/wp-json\/wp\/v2\/categories?post=4211"},{"taxonomy":"post_tag","embeddable":true,"href":"https:\/\/www.manaus.am.gov.br\/manauscult\/wp-json\/wp\/v2\/tags?post=4211"}],"curies":[{"name":"wp","href":"https:\/\/api.w.org\/{rel}","templated":true}]}}