{"id":4209,"date":"2025-07-18T16:39:12","date_gmt":"2025-07-18T20:39:12","guid":{"rendered":"https:\/\/www.manaus.am.gov.br\/manauscult\/exposicao-antes-do-angulo\/"},"modified":"2025-07-18T16:39:13","modified_gmt":"2025-07-18T20:39:13","slug":"exposicao-antes-do-angulo","status":"publish","type":"post","link":"https:\/\/www.manaus.am.gov.br\/manauscult\/exposicao-antes-do-angulo\/","title":{"rendered":"Museu da Cidade recebe exposi\u00e7\u00e3o \u2018Antes do \u00c2ngulo\u2019 do poeta e artista Elp\u00eddio Nunes"},"content":{"rendered":"\n<p>A <a href=\"https:\/\/www.instagram.com\/prefeiturademanaus\/\">Prefeitura de Manaus<\/a>, por meio da <a href=\"https:\/\/www.manaus.am.gov.br\/manauscult\/\">Funda\u00e7\u00e3o Municipal de Cultura, Turismo e Eventos (Manauscult)<\/a>, inaugura, nesta sexta-feira, 18\/7, a exposi\u00e7\u00e3o \u201cAntes do \u00c2ngulo\u201d, do poeta e artista pl\u00e1stico Elp\u00eddio Nunes, no Museu da Cidade de Manaus, localizado no cora\u00e7\u00e3o do centro hist\u00f3rico.<\/p>\n\n\n\n<p>A mostra re\u00fane 20 obras interativas em alto-relevo, concebidas especialmente para estimular a percep\u00e7\u00e3o t\u00e1til e sensorial da arte. A proposta inovadora busca dialogar com p\u00fablicos diversos, especialmente com pessoas com defici\u00eancia visual, promovendo a acessibilidade e a inclus\u00e3o cultural.<\/p>\n\n\n\n<p>De acordo com o diretor-presidente da Manauscult, Jender Lobato, a iniciativa representa o compromisso da gest\u00e3o com uma cultura plural e acess\u00edvel.<\/p>\n\n\n\n<p>\u201cEstamos falando de uma exposi\u00e7\u00e3o que rompe barreiras e amplia horizontes. A sensibilidade do artista em criar uma arte que pode ser tocada, sentida e vivenciada por todos \u00e9 algo que nos inspira. O Museu da Cidade na administra\u00e7\u00e3o da Manauscult se orgulha em ser palco dessa experi\u00eancia transformadora\u201d, disse Lobato.<\/p>\n\n\n\n<p>Elp\u00eddio Nunes, natural de Barreirinha (AM), \u00e9 autor de obras como Sorriso do Vento, Trinar das Arirambas, L\u00e1grimas das Rochas e O Sil\u00eancio do Sereno. Com uma trajet\u00f3ria marcada pela poesia e pelo engajamento social, ele destaca a import\u00e2ncia do projeto.<\/p>\n\n\n\n<p>\u201cA arte precisa tocar as pessoas, n\u00e3o apenas pela beleza, mas pela possibilidade de incluir. \u2018Antes do \u00c2ngulo\u2019 \u00e9 uma provoca\u00e7\u00e3o: como percebemos o mundo al\u00e9m da vis\u00e3o?\u201d, afirmou Elp\u00eddio.<\/p>\n\n\n\n<p>A visita\u00e7\u00e3o \u00e0 exposi\u00e7\u00e3o \u00e9 gratuita, de segunda a sexta-feira, das 9h \u00e0s 17h, e segue aberta ao p\u00fablico at\u00e9 o dia 30 de agosto, no Museu da Cidade de Manaus.<\/p>\n\n\n\n<p>&#8212; &#8212; &#8212;<\/p>\n\n\n\n<p><strong>Texto &#8211;<\/strong> J\u00e9ssica Trajano \/ Manauscult<\/p>\n\n\n\n<p><strong>Fotos &#8211;<\/strong> Thelson Souza \/ Manauscult<\/p>\n","protected":false},"excerpt":{"rendered":"","protected":false},"author":57,"featured_media":4210,"comment_status":"closed","ping_status":"closed","sticky":false,"template":"","format":"standard","meta":{"footnotes":""},"categories":[12],"tags":[1509,9,11],"acf":[],"yoast_head":"<!-- This site is optimized with the Yoast SEO plugin v23.0 - https:\/\/yoast.com\/wordpress\/plugins\/seo\/ -->\n<title>Museu da Cidade recebe exposi\u00e7\u00e3o \u2018Antes do \u00c2ngulo\u2019<\/title>\n<meta name=\"description\" content=\"A Prefeitura de Manaus inaugura, nesta sexta-feira, 18\/7, a exposi\u00e7\u00e3o \u201cAntes do \u00c2ngulo\u201d, do poeta e artista pl\u00e1stico Elp\u00eddio Nunes.\" \/>\n<meta name=\"robots\" content=\"noindex, follow\" \/>\n<meta property=\"og:locale\" content=\"pt_BR\" \/>\n<meta property=\"og:type\" content=\"article\" \/>\n<meta property=\"og:title\" content=\"Museu da Cidade recebe exposi\u00e7\u00e3o \u2018Antes do \u00c2ngulo\u2019\" \/>\n<meta property=\"og:description\" content=\"A Prefeitura de Manaus inaugura, nesta sexta-feira, 18\/7, a exposi\u00e7\u00e3o \u201cAntes do \u00c2ngulo\u201d, do poeta e artista pl\u00e1stico Elp\u00eddio Nunes.\" \/>\n<meta property=\"og:url\" content=\"https:\/\/www.manaus.am.gov.br\/manauscult\/exposicao-antes-do-angulo\/\" \/>\n<meta property=\"og:site_name\" content=\"MANAUSCULT\" \/>\n<meta property=\"article:published_time\" content=\"2025-07-18T20:39:12+00:00\" \/>\n<meta property=\"article:modified_time\" content=\"2025-07-18T20:39:13+00:00\" \/>\n<meta property=\"og:image\" content=\"https:\/\/www.manaus.am.gov.br\/manauscult\/wp-content\/uploads\/sites\/11\/2025\/07\/exposicao-\u2018Antes-do-Angulo-5.jpeg\" \/>\n\t<meta property=\"og:image:width\" content=\"4160\" \/>\n\t<meta property=\"og:image:height\" content=\"2774\" \/>\n\t<meta property=\"og:image:type\" content=\"image\/jpeg\" \/>\n<meta name=\"author\" content=\"Thiago Fernando\" \/>\n<meta name=\"twitter:card\" content=\"summary_large_image\" \/>\n<meta name=\"twitter:label1\" content=\"Written by\" \/>\n\t<meta name=\"twitter:data1\" content=\"Thiago Fernando\" \/>\n\t<meta name=\"twitter:label2\" content=\"Est. reading time\" \/>\n\t<meta name=\"twitter:data2\" content=\"2 minutos\" \/>\n<script type=\"application\/ld+json\" class=\"yoast-schema-graph\">{\"@context\":\"https:\/\/schema.org\",\"@graph\":[{\"@type\":\"WebPage\",\"@id\":\"https:\/\/www.manaus.am.gov.br\/manauscult\/exposicao-antes-do-angulo\/\",\"url\":\"https:\/\/www.manaus.am.gov.br\/manauscult\/exposicao-antes-do-angulo\/\",\"name\":\"Museu da Cidade recebe exposi\u00e7\u00e3o \u2018Antes do \u00c2ngulo\u2019\",\"isPartOf\":{\"@id\":\"https:\/\/www.manaus.am.gov.br\/manauscult\/#website\"},\"primaryImageOfPage\":{\"@id\":\"https:\/\/www.manaus.am.gov.br\/manauscult\/exposicao-antes-do-angulo\/#primaryimage\"},\"image\":{\"@id\":\"https:\/\/www.manaus.am.gov.br\/manauscult\/exposicao-antes-do-angulo\/#primaryimage\"},\"thumbnailUrl\":\"https:\/\/www.manaus.am.gov.br\/manauscult\/wp-content\/uploads\/sites\/11\/2025\/07\/exposicao-\u2018Antes-do-Angulo-5.jpeg\",\"datePublished\":\"2025-07-18T20:39:12+00:00\",\"dateModified\":\"2025-07-18T20:39:13+00:00\",\"author\":{\"@id\":\"https:\/\/www.manaus.am.gov.br\/manauscult\/#\/schema\/person\/a5ee5376db6e21af026374b369f30882\"},\"description\":\"A Prefeitura de Manaus inaugura, nesta sexta-feira, 18\/7, a exposi\u00e7\u00e3o \u201cAntes do \u00c2ngulo\u201d, do poeta e artista pl\u00e1stico Elp\u00eddio Nunes.\",\"breadcrumb\":{\"@id\":\"https:\/\/www.manaus.am.gov.br\/manauscult\/exposicao-antes-do-angulo\/#breadcrumb\"},\"inLanguage\":\"pt-BR\",\"potentialAction\":[{\"@type\":\"ReadAction\",\"target\":[\"https:\/\/www.manaus.am.gov.br\/manauscult\/exposicao-antes-do-angulo\/\"]}]},{\"@type\":\"ImageObject\",\"inLanguage\":\"pt-BR\",\"@id\":\"https:\/\/www.manaus.am.gov.br\/manauscult\/exposicao-antes-do-angulo\/#primaryimage\",\"url\":\"https:\/\/www.manaus.am.gov.br\/manauscult\/wp-content\/uploads\/sites\/11\/2025\/07\/exposicao-\u2018Antes-do-Angulo-5.jpeg\",\"contentUrl\":\"https:\/\/www.manaus.am.gov.br\/manauscult\/wp-content\/uploads\/sites\/11\/2025\/07\/exposicao-\u2018Antes-do-Angulo-5.jpeg\",\"width\":4160,\"height\":2774,\"caption\":\"exposi\u00e7\u00e3o \u2018Antes do \u00c2ngulo'\"},{\"@type\":\"BreadcrumbList\",\"@id\":\"https:\/\/www.manaus.am.gov.br\/manauscult\/exposicao-antes-do-angulo\/#breadcrumb\",\"itemListElement\":[{\"@type\":\"ListItem\",\"position\":1,\"name\":\"Home\",\"item\":\"https:\/\/www.manaus.am.gov.br\/manauscult\/\"},{\"@type\":\"ListItem\",\"position\":2,\"name\":\"Museu da Cidade recebe exposi\u00e7\u00e3o \u2018Antes do \u00c2ngulo\u2019 do poeta e artista Elp\u00eddio Nunes\"}]},{\"@type\":\"WebSite\",\"@id\":\"https:\/\/www.manaus.am.gov.br\/manauscult\/#website\",\"url\":\"https:\/\/www.manaus.am.gov.br\/manauscult\/\",\"name\":\"MANAUSCULT\",\"description\":\"Prefeitura de Manaus\",\"potentialAction\":[{\"@type\":\"SearchAction\",\"target\":{\"@type\":\"EntryPoint\",\"urlTemplate\":\"https:\/\/www.manaus.am.gov.br\/manauscult\/?s={search_term_string}\"},\"query-input\":\"required name=search_term_string\"}],\"inLanguage\":\"pt-BR\"},{\"@type\":\"Person\",\"@id\":\"https:\/\/www.manaus.am.gov.br\/manauscult\/#\/schema\/person\/a5ee5376db6e21af026374b369f30882\",\"name\":\"Thiago Fernando\",\"image\":{\"@type\":\"ImageObject\",\"inLanguage\":\"pt-BR\",\"@id\":\"https:\/\/www.manaus.am.gov.br\/manauscult\/#\/schema\/person\/image\/\",\"url\":\"https:\/\/secure.gravatar.com\/avatar\/f5aab8722444041451501c077052ac07?s=96&d=mm&r=g\",\"contentUrl\":\"https:\/\/secure.gravatar.com\/avatar\/f5aab8722444041451501c077052ac07?s=96&d=mm&r=g\",\"caption\":\"Thiago Fernando\"}}]}<\/script>\n<!-- \/ Yoast SEO plugin. -->","yoast_head_json":{"title":"Museu da Cidade recebe exposi\u00e7\u00e3o \u2018Antes do \u00c2ngulo\u2019","description":"A Prefeitura de Manaus inaugura, nesta sexta-feira, 18\/7, a exposi\u00e7\u00e3o \u201cAntes do \u00c2ngulo\u201d, do poeta e artista pl\u00e1stico Elp\u00eddio Nunes.","robots":{"index":"noindex","follow":"follow"},"og_locale":"pt_BR","og_type":"article","og_title":"Museu da Cidade recebe exposi\u00e7\u00e3o \u2018Antes do \u00c2ngulo\u2019","og_description":"A Prefeitura de Manaus inaugura, nesta sexta-feira, 18\/7, a exposi\u00e7\u00e3o \u201cAntes do \u00c2ngulo\u201d, do poeta e artista pl\u00e1stico Elp\u00eddio Nunes.","og_url":"https:\/\/www.manaus.am.gov.br\/manauscult\/exposicao-antes-do-angulo\/","og_site_name":"MANAUSCULT","article_published_time":"2025-07-18T20:39:12+00:00","article_modified_time":"2025-07-18T20:39:13+00:00","og_image":[{"width":4160,"height":2774,"url":"https:\/\/www.manaus.am.gov.br\/manauscult\/wp-content\/uploads\/sites\/11\/2025\/07\/exposicao-\u2018Antes-do-Angulo-5.jpeg","type":"image\/jpeg"}],"author":"Thiago Fernando","twitter_card":"summary_large_image","twitter_misc":{"Written by":"Thiago Fernando","Est. reading time":"2 minutos"},"schema":{"@context":"https:\/\/schema.org","@graph":[{"@type":"WebPage","@id":"https:\/\/www.manaus.am.gov.br\/manauscult\/exposicao-antes-do-angulo\/","url":"https:\/\/www.manaus.am.gov.br\/manauscult\/exposicao-antes-do-angulo\/","name":"Museu da Cidade recebe exposi\u00e7\u00e3o \u2018Antes do \u00c2ngulo\u2019","isPartOf":{"@id":"https:\/\/www.manaus.am.gov.br\/manauscult\/#website"},"primaryImageOfPage":{"@id":"https:\/\/www.manaus.am.gov.br\/manauscult\/exposicao-antes-do-angulo\/#primaryimage"},"image":{"@id":"https:\/\/www.manaus.am.gov.br\/manauscult\/exposicao-antes-do-angulo\/#primaryimage"},"thumbnailUrl":"https:\/\/www.manaus.am.gov.br\/manauscult\/wp-content\/uploads\/sites\/11\/2025\/07\/exposicao-\u2018Antes-do-Angulo-5.jpeg","datePublished":"2025-07-18T20:39:12+00:00","dateModified":"2025-07-18T20:39:13+00:00","author":{"@id":"https:\/\/www.manaus.am.gov.br\/manauscult\/#\/schema\/person\/a5ee5376db6e21af026374b369f30882"},"description":"A Prefeitura de Manaus inaugura, nesta sexta-feira, 18\/7, a exposi\u00e7\u00e3o \u201cAntes do \u00c2ngulo\u201d, do poeta e artista pl\u00e1stico Elp\u00eddio Nunes.","breadcrumb":{"@id":"https:\/\/www.manaus.am.gov.br\/manauscult\/exposicao-antes-do-angulo\/#breadcrumb"},"inLanguage":"pt-BR","potentialAction":[{"@type":"ReadAction","target":["https:\/\/www.manaus.am.gov.br\/manauscult\/exposicao-antes-do-angulo\/"]}]},{"@type":"ImageObject","inLanguage":"pt-BR","@id":"https:\/\/www.manaus.am.gov.br\/manauscult\/exposicao-antes-do-angulo\/#primaryimage","url":"https:\/\/www.manaus.am.gov.br\/manauscult\/wp-content\/uploads\/sites\/11\/2025\/07\/exposicao-\u2018Antes-do-Angulo-5.jpeg","contentUrl":"https:\/\/www.manaus.am.gov.br\/manauscult\/wp-content\/uploads\/sites\/11\/2025\/07\/exposicao-\u2018Antes-do-Angulo-5.jpeg","width":4160,"height":2774,"caption":"exposi\u00e7\u00e3o \u2018Antes do \u00c2ngulo'"},{"@type":"BreadcrumbList","@id":"https:\/\/www.manaus.am.gov.br\/manauscult\/exposicao-antes-do-angulo\/#breadcrumb","itemListElement":[{"@type":"ListItem","position":1,"name":"Home","item":"https:\/\/www.manaus.am.gov.br\/manauscult\/"},{"@type":"ListItem","position":2,"name":"Museu da Cidade recebe exposi\u00e7\u00e3o \u2018Antes do \u00c2ngulo\u2019 do poeta e artista Elp\u00eddio Nunes"}]},{"@type":"WebSite","@id":"https:\/\/www.manaus.am.gov.br\/manauscult\/#website","url":"https:\/\/www.manaus.am.gov.br\/manauscult\/","name":"MANAUSCULT","description":"Prefeitura de Manaus","potentialAction":[{"@type":"SearchAction","target":{"@type":"EntryPoint","urlTemplate":"https:\/\/www.manaus.am.gov.br\/manauscult\/?s={search_term_string}"},"query-input":"required name=search_term_string"}],"inLanguage":"pt-BR"},{"@type":"Person","@id":"https:\/\/www.manaus.am.gov.br\/manauscult\/#\/schema\/person\/a5ee5376db6e21af026374b369f30882","name":"Thiago Fernando","image":{"@type":"ImageObject","inLanguage":"pt-BR","@id":"https:\/\/www.manaus.am.gov.br\/manauscult\/#\/schema\/person\/image\/","url":"https:\/\/secure.gravatar.com\/avatar\/f5aab8722444041451501c077052ac07?s=96&d=mm&r=g","contentUrl":"https:\/\/secure.gravatar.com\/avatar\/f5aab8722444041451501c077052ac07?s=96&d=mm&r=g","caption":"Thiago Fernando"}}]}},"_links":{"self":[{"href":"https:\/\/www.manaus.am.gov.br\/manauscult\/wp-json\/wp\/v2\/posts\/4209"}],"collection":[{"href":"https:\/\/www.manaus.am.gov.br\/manauscult\/wp-json\/wp\/v2\/posts"}],"about":[{"href":"https:\/\/www.manaus.am.gov.br\/manauscult\/wp-json\/wp\/v2\/types\/post"}],"author":[{"embeddable":true,"href":"https:\/\/www.manaus.am.gov.br\/manauscult\/wp-json\/wp\/v2\/users\/57"}],"replies":[{"embeddable":true,"href":"https:\/\/www.manaus.am.gov.br\/manauscult\/wp-json\/wp\/v2\/comments?post=4209"}],"version-history":[{"count":0,"href":"https:\/\/www.manaus.am.gov.br\/manauscult\/wp-json\/wp\/v2\/posts\/4209\/revisions"}],"wp:featuredmedia":[{"embeddable":true,"href":"https:\/\/www.manaus.am.gov.br\/manauscult\/wp-json\/wp\/v2\/media\/4210"}],"wp:attachment":[{"href":"https:\/\/www.manaus.am.gov.br\/manauscult\/wp-json\/wp\/v2\/media?parent=4209"}],"wp:term":[{"taxonomy":"category","embeddable":true,"href":"https:\/\/www.manaus.am.gov.br\/manauscult\/wp-json\/wp\/v2\/categories?post=4209"},{"taxonomy":"post_tag","embeddable":true,"href":"https:\/\/www.manaus.am.gov.br\/manauscult\/wp-json\/wp\/v2\/tags?post=4209"}],"curies":[{"name":"wp","href":"https:\/\/api.w.org\/{rel}","templated":true}]}}