{"id":4192,"date":"2025-07-17T17:29:22","date_gmt":"2025-07-17T21:29:22","guid":{"rendered":"https:\/\/www.manaus.am.gov.br\/manauscult\/soumanaus-2025-confirma-pericles\/"},"modified":"2025-07-17T17:29:24","modified_gmt":"2025-07-17T21:29:24","slug":"soumanaus-2025-confirma-pericles","status":"publish","type":"post","link":"https:\/\/www.manaus.am.gov.br\/manauscult\/soumanaus-2025-confirma-pericles\/","title":{"rendered":"\u2018#SouManaus 2025\u2019 confirma P\u00e9ricles como grande atra\u00e7\u00e3o do samba e pagode no festival que celebra o centro hist\u00f3rico e a cultura local"},"content":{"rendered":"\n<p>O cantor e compositor P\u00e9ricles, um dos maiores nomes do samba e pagode no Brasil, \u00e9 a mais nova atra\u00e7\u00e3o confirmada para o \u201c#SouManaus Passo a Pa\u00e7o 2025\u201d. O an\u00fancio foi feito pelo prefeito David Almeida, nesta quinta-feira, 17\/7, por meio de v\u00eddeo publicado em suas redes sociais, como o encerramento da s\u00e9rie de an\u00fancios da line-up nacional.<\/p>\n\n\n\n<p>\u201cEsse recado \u00e9 para voc\u00ea que gosta de samba, de pagode. N\u00f3s anunciamos as atra\u00e7\u00f5es do \u2018#SouManaus\u2019, mas faltava anunciar a grande atra\u00e7\u00e3o do pagode. \u00c9 ele, P\u00e9ricles. Estamos anunciando a presen\u00e7a do P\u00e9ricles no \u2018#SouManaus\u2019 para fazer parte da nossa line-up no samba e no pagode\u201d, declarou o prefeito.<\/p>\n\n\n\n<p>Conhecido como \u201cO Rei da Voz\u201d, P\u00e9ricles leva para Manaus o show da turn\u00ea \u201cPagode do Peric\u00e3o\u201d, um espet\u00e1culo que revisita os grandes sucessos de seus mais de 30 anos de carreira, desde os tempos do Exaltasamba at\u00e9 os hits da fase solo, como \u201cMelhor eu ir\u201d, \u201cFinal de tarde\u201d, \u201cAt\u00e9 que durou\u201d e \u201cSepara\u00e7\u00e3o\u201d. O artista, que j\u00e1 foi assistido por milhares de f\u00e3s em todo o Brasil, promete embalar o p\u00fablico com carisma, romantismo e muita batucada no dia 7\/9, no Palco Malcher.<\/p>\n\n\n\n<p>Natural de Santo Andr\u00e9 (SP), P\u00e9ricles construiu uma trajet\u00f3ria admir\u00e1vel, que come\u00e7ou como metal\u00fargico e inspetor de alunos e o levou a se tornar refer\u00eancia da m\u00fasica brasileira. Ap\u00f3s 26 anos como vocalista do grupo Exaltasamba, iniciou a carreira solo em 2012 e desde ent\u00e3o lan\u00e7ou DVDs, participou de novelas, de programas nacionais e ganhou uma indica\u00e7\u00e3o ao Grammy Latino com o \u00e1lbum \u201cEm Sua Dire\u00e7\u00e3o\u201d. Em Manaus, ele se apresenta poucos dias antes de encerrar a atual turn\u00ea, no Rio de Janeiro.<\/p>\n\n\n\n<p>A edi\u00e7\u00e3o de 10 anos do \u201c#Sou Manaus Passo a Pa\u00e7o\u201d ser\u00e1 realizada nos dias 5, 6 e 7\/9, no Centro Hist\u00f3rico de Manaus, com mais de 63 mil metros quadrados de estrutura, 17 palcos, entrada gratuita mediante troca de alimentos e uma programa\u00e7\u00e3o que inclui mais de dois mil fazedores de cultura locais.<\/p>\n\n\n\n<p>\u201cA presen\u00e7a do P\u00e9ricles encerra a lista de grandes nomes nacionais com chave de ouro, mas \u00e9 importante lembrar que o cora\u00e7\u00e3o do \u2018#SouManaus\u2019 est\u00e1 nos nossos artistas locais. S\u00e3o mais de dois mil talentos da nossa terra que estar\u00e3o nos palcos do Marco Zero, mostrando a for\u00e7a e a diversidade cultural de Manaus. Esse \u00e9 um festival feito para o povo, e para que o povo volte a ocupar, com orgulho, o centro hist\u00f3rico da nossa cidade\u201d, refor\u00e7ou o presidente da Funda\u00e7\u00e3o Municipal de Cultura, Turismo e Eventos (Manauscult), Jender Lobato.<\/p>\n\n\n\n<p>Com nomes j\u00e1 confirmados, como Ivete Sangalo, Ludmilla, Gusttavo Lima, Joelma, Paula Toller, Fernandinho, Padre Sertanejo Alessandro Campos, Eli Soares, Bruno &amp; Marrone, Simone Mendes, Paralamas do Sucesso e muitos outros, o festival se consolida como o maior evento gratuito de artes integradas do Norte do Brasil.<\/p>\n\n\n\n<p>Organizado pela Prefeitura de Manaus, o \u201c#SouManaus 2025\u201d deve gerar at\u00e9 nove mil empregos diretos e indiretos, movimentando a economia criativa, o turismo e valorizando a identidade cultural da capital amazonense.<\/p>\n\n\n\n<p>&#8212; &#8212; &#8212;<\/p>\n\n\n\n<p><strong>Texto<\/strong>&nbsp;&#8211; Emanuelle Baires\/Semcom-Prefeito<\/p>\n\n\n\n<p><strong>Foto<\/strong> &#8211; Divulga\u00e7\u00e3o\/Semcom<\/p>\n","protected":false},"excerpt":{"rendered":"","protected":false},"author":39,"featured_media":4193,"comment_status":"closed","ping_status":"closed","sticky":false,"template":"","format":"standard","meta":{"footnotes":""},"categories":[82],"tags":[1506,1507,67,9,1508,11],"acf":[],"yoast_head":"<!-- This site is optimized with the Yoast SEO plugin v23.0 - https:\/\/yoast.com\/wordpress\/plugins\/seo\/ -->\n<title>\u2018#SouManaus 2025\u2019 confirma P\u00e9ricles no dia 7\/9<\/title>\n<meta name=\"description\" content=\"\u2018#SouManaus 2025\u2019 confirma P\u00e9ricles como grande atra\u00e7\u00e3o do samba e pagode no festival que celebra o centro hist\u00f3rico e a cultura local.\" \/>\n<meta name=\"robots\" content=\"noindex, follow\" \/>\n<meta property=\"og:locale\" content=\"pt_BR\" \/>\n<meta property=\"og:type\" content=\"article\" \/>\n<meta property=\"og:title\" content=\"\u2018#SouManaus 2025\u2019 confirma P\u00e9ricles no dia 7\/9\" \/>\n<meta property=\"og:description\" content=\"\u2018#SouManaus 2025\u2019 confirma P\u00e9ricles como grande atra\u00e7\u00e3o do samba e pagode no festival que celebra o centro hist\u00f3rico e a cultura local.\" \/>\n<meta property=\"og:url\" content=\"https:\/\/www.manaus.am.gov.br\/manauscult\/soumanaus-2025-confirma-pericles\/\" \/>\n<meta property=\"og:site_name\" content=\"MANAUSCULT\" \/>\n<meta property=\"article:published_time\" content=\"2025-07-17T21:29:22+00:00\" \/>\n<meta property=\"article:modified_time\" content=\"2025-07-17T21:29:24+00:00\" \/>\n<meta property=\"og:image\" content=\"https:\/\/www.manaus.am.gov.br\/manauscult\/wp-content\/uploads\/sites\/11\/2025\/07\/WhatsApp-Image-2025-07-17-at-15.21.19.jpeg\" \/>\n\t<meta property=\"og:image:width\" content=\"900\" \/>\n\t<meta property=\"og:image:height\" content=\"1600\" \/>\n\t<meta property=\"og:image:type\" content=\"image\/jpeg\" \/>\n<meta name=\"author\" content=\"Bruna Greco\" \/>\n<meta name=\"twitter:card\" content=\"summary_large_image\" \/>\n<meta name=\"twitter:label1\" content=\"Written by\" \/>\n\t<meta name=\"twitter:data1\" content=\"Bruna Greco\" \/>\n\t<meta name=\"twitter:label2\" content=\"Est. reading time\" \/>\n\t<meta name=\"twitter:data2\" content=\"3 minutos\" \/>\n<script type=\"application\/ld+json\" class=\"yoast-schema-graph\">{\"@context\":\"https:\/\/schema.org\",\"@graph\":[{\"@type\":\"WebPage\",\"@id\":\"https:\/\/www.manaus.am.gov.br\/manauscult\/soumanaus-2025-confirma-pericles\/\",\"url\":\"https:\/\/www.manaus.am.gov.br\/manauscult\/soumanaus-2025-confirma-pericles\/\",\"name\":\"\u2018#SouManaus 2025\u2019 confirma P\u00e9ricles no dia 7\/9\",\"isPartOf\":{\"@id\":\"https:\/\/www.manaus.am.gov.br\/manauscult\/#website\"},\"primaryImageOfPage\":{\"@id\":\"https:\/\/www.manaus.am.gov.br\/manauscult\/soumanaus-2025-confirma-pericles\/#primaryimage\"},\"image\":{\"@id\":\"https:\/\/www.manaus.am.gov.br\/manauscult\/soumanaus-2025-confirma-pericles\/#primaryimage\"},\"thumbnailUrl\":\"https:\/\/www.manaus.am.gov.br\/manauscult\/wp-content\/uploads\/sites\/11\/2025\/07\/WhatsApp-Image-2025-07-17-at-15.21.19.jpeg\",\"datePublished\":\"2025-07-17T21:29:22+00:00\",\"dateModified\":\"2025-07-17T21:29:24+00:00\",\"author\":{\"@id\":\"https:\/\/www.manaus.am.gov.br\/manauscult\/#\/schema\/person\/05d223aea2bf115f9883a6ff3683d81b\"},\"description\":\"\u2018#SouManaus 2025\u2019 confirma P\u00e9ricles como grande atra\u00e7\u00e3o do samba e pagode no festival que celebra o centro hist\u00f3rico e a cultura local.\",\"breadcrumb\":{\"@id\":\"https:\/\/www.manaus.am.gov.br\/manauscult\/soumanaus-2025-confirma-pericles\/#breadcrumb\"},\"inLanguage\":\"pt-BR\",\"potentialAction\":[{\"@type\":\"ReadAction\",\"target\":[\"https:\/\/www.manaus.am.gov.br\/manauscult\/soumanaus-2025-confirma-pericles\/\"]}]},{\"@type\":\"ImageObject\",\"inLanguage\":\"pt-BR\",\"@id\":\"https:\/\/www.manaus.am.gov.br\/manauscult\/soumanaus-2025-confirma-pericles\/#primaryimage\",\"url\":\"https:\/\/www.manaus.am.gov.br\/manauscult\/wp-content\/uploads\/sites\/11\/2025\/07\/WhatsApp-Image-2025-07-17-at-15.21.19.jpeg\",\"contentUrl\":\"https:\/\/www.manaus.am.gov.br\/manauscult\/wp-content\/uploads\/sites\/11\/2025\/07\/WhatsApp-Image-2025-07-17-at-15.21.19.jpeg\",\"width\":900,\"height\":1600,\"caption\":\"#paratodosverem - Card de divulga\u00e7\u00e3o do cantor Per\u00edcles como atra\u00e7\u00e3o nacional no #SouManaus Passo a Pa\u00e7o 2025\"},{\"@type\":\"BreadcrumbList\",\"@id\":\"https:\/\/www.manaus.am.gov.br\/manauscult\/soumanaus-2025-confirma-pericles\/#breadcrumb\",\"itemListElement\":[{\"@type\":\"ListItem\",\"position\":1,\"name\":\"Home\",\"item\":\"https:\/\/www.manaus.am.gov.br\/manauscult\/\"},{\"@type\":\"ListItem\",\"position\":2,\"name\":\"\u2018#SouManaus 2025\u2019 confirma P\u00e9ricles como grande atra\u00e7\u00e3o do samba e pagode no festival que celebra o centro hist\u00f3rico e a cultura local\"}]},{\"@type\":\"WebSite\",\"@id\":\"https:\/\/www.manaus.am.gov.br\/manauscult\/#website\",\"url\":\"https:\/\/www.manaus.am.gov.br\/manauscult\/\",\"name\":\"MANAUSCULT\",\"description\":\"Prefeitura de Manaus\",\"potentialAction\":[{\"@type\":\"SearchAction\",\"target\":{\"@type\":\"EntryPoint\",\"urlTemplate\":\"https:\/\/www.manaus.am.gov.br\/manauscult\/?s={search_term_string}\"},\"query-input\":\"required name=search_term_string\"}],\"inLanguage\":\"pt-BR\"},{\"@type\":\"Person\",\"@id\":\"https:\/\/www.manaus.am.gov.br\/manauscult\/#\/schema\/person\/05d223aea2bf115f9883a6ff3683d81b\",\"name\":\"Bruna Greco\",\"image\":{\"@type\":\"ImageObject\",\"inLanguage\":\"pt-BR\",\"@id\":\"https:\/\/www.manaus.am.gov.br\/manauscult\/#\/schema\/person\/image\/\",\"url\":\"https:\/\/secure.gravatar.com\/avatar\/9c877d1a6adc2a055330e5c09a8653ce?s=96&d=mm&r=g\",\"contentUrl\":\"https:\/\/secure.gravatar.com\/avatar\/9c877d1a6adc2a055330e5c09a8653ce?s=96&d=mm&r=g\",\"caption\":\"Bruna Greco\"}}]}<\/script>\n<!-- \/ Yoast SEO plugin. -->","yoast_head_json":{"title":"\u2018#SouManaus 2025\u2019 confirma P\u00e9ricles no dia 7\/9","description":"\u2018#SouManaus 2025\u2019 confirma P\u00e9ricles como grande atra\u00e7\u00e3o do samba e pagode no festival que celebra o centro hist\u00f3rico e a cultura local.","robots":{"index":"noindex","follow":"follow"},"og_locale":"pt_BR","og_type":"article","og_title":"\u2018#SouManaus 2025\u2019 confirma P\u00e9ricles no dia 7\/9","og_description":"\u2018#SouManaus 2025\u2019 confirma P\u00e9ricles como grande atra\u00e7\u00e3o do samba e pagode no festival que celebra o centro hist\u00f3rico e a cultura local.","og_url":"https:\/\/www.manaus.am.gov.br\/manauscult\/soumanaus-2025-confirma-pericles\/","og_site_name":"MANAUSCULT","article_published_time":"2025-07-17T21:29:22+00:00","article_modified_time":"2025-07-17T21:29:24+00:00","og_image":[{"width":900,"height":1600,"url":"https:\/\/www.manaus.am.gov.br\/manauscult\/wp-content\/uploads\/sites\/11\/2025\/07\/WhatsApp-Image-2025-07-17-at-15.21.19.jpeg","type":"image\/jpeg"}],"author":"Bruna Greco","twitter_card":"summary_large_image","twitter_misc":{"Written by":"Bruna Greco","Est. reading time":"3 minutos"},"schema":{"@context":"https:\/\/schema.org","@graph":[{"@type":"WebPage","@id":"https:\/\/www.manaus.am.gov.br\/manauscult\/soumanaus-2025-confirma-pericles\/","url":"https:\/\/www.manaus.am.gov.br\/manauscult\/soumanaus-2025-confirma-pericles\/","name":"\u2018#SouManaus 2025\u2019 confirma P\u00e9ricles no dia 7\/9","isPartOf":{"@id":"https:\/\/www.manaus.am.gov.br\/manauscult\/#website"},"primaryImageOfPage":{"@id":"https:\/\/www.manaus.am.gov.br\/manauscult\/soumanaus-2025-confirma-pericles\/#primaryimage"},"image":{"@id":"https:\/\/www.manaus.am.gov.br\/manauscult\/soumanaus-2025-confirma-pericles\/#primaryimage"},"thumbnailUrl":"https:\/\/www.manaus.am.gov.br\/manauscult\/wp-content\/uploads\/sites\/11\/2025\/07\/WhatsApp-Image-2025-07-17-at-15.21.19.jpeg","datePublished":"2025-07-17T21:29:22+00:00","dateModified":"2025-07-17T21:29:24+00:00","author":{"@id":"https:\/\/www.manaus.am.gov.br\/manauscult\/#\/schema\/person\/05d223aea2bf115f9883a6ff3683d81b"},"description":"\u2018#SouManaus 2025\u2019 confirma P\u00e9ricles como grande atra\u00e7\u00e3o do samba e pagode no festival que celebra o centro hist\u00f3rico e a cultura local.","breadcrumb":{"@id":"https:\/\/www.manaus.am.gov.br\/manauscult\/soumanaus-2025-confirma-pericles\/#breadcrumb"},"inLanguage":"pt-BR","potentialAction":[{"@type":"ReadAction","target":["https:\/\/www.manaus.am.gov.br\/manauscult\/soumanaus-2025-confirma-pericles\/"]}]},{"@type":"ImageObject","inLanguage":"pt-BR","@id":"https:\/\/www.manaus.am.gov.br\/manauscult\/soumanaus-2025-confirma-pericles\/#primaryimage","url":"https:\/\/www.manaus.am.gov.br\/manauscult\/wp-content\/uploads\/sites\/11\/2025\/07\/WhatsApp-Image-2025-07-17-at-15.21.19.jpeg","contentUrl":"https:\/\/www.manaus.am.gov.br\/manauscult\/wp-content\/uploads\/sites\/11\/2025\/07\/WhatsApp-Image-2025-07-17-at-15.21.19.jpeg","width":900,"height":1600,"caption":"#paratodosverem - Card de divulga\u00e7\u00e3o do cantor Per\u00edcles como atra\u00e7\u00e3o nacional no #SouManaus Passo a Pa\u00e7o 2025"},{"@type":"BreadcrumbList","@id":"https:\/\/www.manaus.am.gov.br\/manauscult\/soumanaus-2025-confirma-pericles\/#breadcrumb","itemListElement":[{"@type":"ListItem","position":1,"name":"Home","item":"https:\/\/www.manaus.am.gov.br\/manauscult\/"},{"@type":"ListItem","position":2,"name":"\u2018#SouManaus 2025\u2019 confirma P\u00e9ricles como grande atra\u00e7\u00e3o do samba e pagode no festival que celebra o centro hist\u00f3rico e a cultura local"}]},{"@type":"WebSite","@id":"https:\/\/www.manaus.am.gov.br\/manauscult\/#website","url":"https:\/\/www.manaus.am.gov.br\/manauscult\/","name":"MANAUSCULT","description":"Prefeitura de Manaus","potentialAction":[{"@type":"SearchAction","target":{"@type":"EntryPoint","urlTemplate":"https:\/\/www.manaus.am.gov.br\/manauscult\/?s={search_term_string}"},"query-input":"required name=search_term_string"}],"inLanguage":"pt-BR"},{"@type":"Person","@id":"https:\/\/www.manaus.am.gov.br\/manauscult\/#\/schema\/person\/05d223aea2bf115f9883a6ff3683d81b","name":"Bruna Greco","image":{"@type":"ImageObject","inLanguage":"pt-BR","@id":"https:\/\/www.manaus.am.gov.br\/manauscult\/#\/schema\/person\/image\/","url":"https:\/\/secure.gravatar.com\/avatar\/9c877d1a6adc2a055330e5c09a8653ce?s=96&d=mm&r=g","contentUrl":"https:\/\/secure.gravatar.com\/avatar\/9c877d1a6adc2a055330e5c09a8653ce?s=96&d=mm&r=g","caption":"Bruna Greco"}}]}},"_links":{"self":[{"href":"https:\/\/www.manaus.am.gov.br\/manauscult\/wp-json\/wp\/v2\/posts\/4192"}],"collection":[{"href":"https:\/\/www.manaus.am.gov.br\/manauscult\/wp-json\/wp\/v2\/posts"}],"about":[{"href":"https:\/\/www.manaus.am.gov.br\/manauscult\/wp-json\/wp\/v2\/types\/post"}],"author":[{"embeddable":true,"href":"https:\/\/www.manaus.am.gov.br\/manauscult\/wp-json\/wp\/v2\/users\/39"}],"replies":[{"embeddable":true,"href":"https:\/\/www.manaus.am.gov.br\/manauscult\/wp-json\/wp\/v2\/comments?post=4192"}],"version-history":[{"count":0,"href":"https:\/\/www.manaus.am.gov.br\/manauscult\/wp-json\/wp\/v2\/posts\/4192\/revisions"}],"wp:featuredmedia":[{"embeddable":true,"href":"https:\/\/www.manaus.am.gov.br\/manauscult\/wp-json\/wp\/v2\/media\/4193"}],"wp:attachment":[{"href":"https:\/\/www.manaus.am.gov.br\/manauscult\/wp-json\/wp\/v2\/media?parent=4192"}],"wp:term":[{"taxonomy":"category","embeddable":true,"href":"https:\/\/www.manaus.am.gov.br\/manauscult\/wp-json\/wp\/v2\/categories?post=4192"},{"taxonomy":"post_tag","embeddable":true,"href":"https:\/\/www.manaus.am.gov.br\/manauscult\/wp-json\/wp\/v2\/tags?post=4192"}],"curies":[{"name":"wp","href":"https:\/\/api.w.org\/{rel}","templated":true}]}}