{"id":4188,"date":"2025-07-17T14:30:38","date_gmt":"2025-07-17T18:30:38","guid":{"rendered":"https:\/\/www.manaus.am.gov.br\/manauscult\/passinho-kids-no-soumanaus\/"},"modified":"2025-07-17T14:30:40","modified_gmt":"2025-07-17T18:30:40","slug":"passinho-kids-no-soumanaus","status":"publish","type":"post","link":"https:\/\/www.manaus.am.gov.br\/manauscult\/passinho-kids-no-soumanaus\/","title":{"rendered":"Visita t\u00e9cnica avalia espa\u00e7o do \u2018Passinho Kids\u2019 no #SouManaus Passo a Pa\u00e7o 2025"},"content":{"rendered":"\n<p>A <a href=\"https:\/\/www.instagram.com\/prefeiturademanaus\/\">Prefeitura de Manaus<\/a>, por meio da <a href=\"https:\/\/www.manaus.am.gov.br\/manauscult\/\">Funda\u00e7\u00e3o Municipal de Cultura, Turismo e Eventos (Manauscult)<\/a>, realizou, nesta quarta-feira, 17\/7, uma visita t\u00e9cnica ao centro hist\u00f3rico da cidade para avaliar o local onde ser\u00e1 montado o palco do Passinho Kids, espa\u00e7o voltado especialmente para o p\u00fablico infantil no &#8220;#SouManaus Passo a Pa\u00e7o 2025&#8221;.<\/p>\n\n\n\n<p>Voltado especialmente para o p\u00fablico infantil, o espa\u00e7o ser\u00e1 pensado para garantir seguran\u00e7a, acessibilidade e muita divers\u00e3o para a crian\u00e7ada. Durante a visita, foram analisados aspectos como estrutura, visibilidade, circula\u00e7\u00e3o do p\u00fablico e adequa\u00e7\u00e3o sonora, para oferecer uma experi\u00eancia l\u00fadica e segura durante os dias de festival.<\/p>\n\n\n\n<p>A a\u00e7\u00e3o contou com a presen\u00e7a da Diretoria de Eventos e das equipes de engenharia e arquitetura da Manauscult, que seguem com os trabalhos t\u00e9cnicos em ritmo cont\u00ednuo.<\/p>\n\n\n\n<p>\u201cO Passinho Kids \u00e9 uma parte essencial do nosso festival, que tem como compromisso ser um espa\u00e7o para todas as idades. Estamos cuidando de cada detalhe para que essa edi\u00e7\u00e3o comemorativa dos 10 anos do &#8216;#SouManaus&#8217; seja realmente marcante\u201d, afirmou o diretor-presidente da Manauscult, Jender Lobato.<\/p>\n\n\n\n<p>O &#8220;#SouManaus Passo a Pa\u00e7o 2025&#8221; ser\u00e1 realizado nos dias 5, 6 e 7 de setembro, e promete ser uma celebra\u00e7\u00e3o inesquec\u00edvel da cultura, da arte e da diversidade que marcam a capital amazonense.<\/p>\n\n\n\n<p>&#8212; &#8212; &#8212;<\/p>\n\n\n\n<p><strong>Texto <\/strong>&#8211; J\u00e9ssica Trajano \/ Manauscult<\/p>\n\n\n\n<p><strong>Fotos<\/strong> &#8211; Thelson Souza \/ Manauscult<\/p>\n","protected":false},"excerpt":{"rendered":"","protected":false},"author":57,"featured_media":4189,"comment_status":"closed","ping_status":"closed","sticky":false,"template":"","format":"standard","meta":{"footnotes":""},"categories":[12],"tags":[9,651,11],"acf":[],"yoast_head":"<!-- This site is optimized with the Yoast SEO plugin v23.0 - https:\/\/yoast.com\/wordpress\/plugins\/seo\/ -->\n<title>Visita t\u00e9cnica avalia espa\u00e7o do \u2018Passinho Kids\u2019 no #SouManaus<\/title>\n<meta name=\"description\" content=\"A Prefeitura de Manaus realizou uma visita t\u00e9cnica ao centro hist\u00f3rico para avaliar o local onde ser\u00e1 montado o palco do Passinho Kids.\" \/>\n<meta name=\"robots\" content=\"noindex, follow\" \/>\n<meta property=\"og:locale\" content=\"pt_BR\" \/>\n<meta property=\"og:type\" content=\"article\" \/>\n<meta property=\"og:title\" content=\"Visita t\u00e9cnica avalia espa\u00e7o do \u2018Passinho Kids\u2019 no #SouManaus\" \/>\n<meta property=\"og:description\" content=\"A Prefeitura de Manaus realizou uma visita t\u00e9cnica ao centro hist\u00f3rico para avaliar o local onde ser\u00e1 montado o palco do Passinho Kids.\" \/>\n<meta property=\"og:url\" content=\"https:\/\/www.manaus.am.gov.br\/manauscult\/passinho-kids-no-soumanaus\/\" \/>\n<meta property=\"og:site_name\" content=\"MANAUSCULT\" \/>\n<meta property=\"article:published_time\" content=\"2025-07-17T18:30:38+00:00\" \/>\n<meta property=\"article:modified_time\" content=\"2025-07-17T18:30:40+00:00\" \/>\n<meta property=\"og:image\" content=\"https:\/\/www.manaus.am.gov.br\/manauscult\/wp-content\/uploads\/sites\/11\/2025\/07\/Passinho-Kids-2.jpeg\" \/>\n\t<meta property=\"og:image:width\" content=\"1200\" \/>\n\t<meta property=\"og:image:height\" content=\"800\" \/>\n\t<meta property=\"og:image:type\" content=\"image\/jpeg\" \/>\n<meta name=\"author\" content=\"Thiago Fernando\" \/>\n<meta name=\"twitter:card\" content=\"summary_large_image\" \/>\n<meta name=\"twitter:label1\" content=\"Written by\" \/>\n\t<meta name=\"twitter:data1\" content=\"Thiago Fernando\" \/>\n\t<meta name=\"twitter:label2\" content=\"Est. reading time\" \/>\n\t<meta name=\"twitter:data2\" content=\"2 minutos\" \/>\n<script type=\"application\/ld+json\" class=\"yoast-schema-graph\">{\"@context\":\"https:\/\/schema.org\",\"@graph\":[{\"@type\":\"WebPage\",\"@id\":\"https:\/\/www.manaus.am.gov.br\/manauscult\/passinho-kids-no-soumanaus\/\",\"url\":\"https:\/\/www.manaus.am.gov.br\/manauscult\/passinho-kids-no-soumanaus\/\",\"name\":\"Visita t\u00e9cnica avalia espa\u00e7o do \u2018Passinho Kids\u2019 no #SouManaus\",\"isPartOf\":{\"@id\":\"https:\/\/www.manaus.am.gov.br\/manauscult\/#website\"},\"primaryImageOfPage\":{\"@id\":\"https:\/\/www.manaus.am.gov.br\/manauscult\/passinho-kids-no-soumanaus\/#primaryimage\"},\"image\":{\"@id\":\"https:\/\/www.manaus.am.gov.br\/manauscult\/passinho-kids-no-soumanaus\/#primaryimage\"},\"thumbnailUrl\":\"https:\/\/www.manaus.am.gov.br\/manauscult\/wp-content\/uploads\/sites\/11\/2025\/07\/Passinho-Kids-2.jpeg\",\"datePublished\":\"2025-07-17T18:30:38+00:00\",\"dateModified\":\"2025-07-17T18:30:40+00:00\",\"author\":{\"@id\":\"https:\/\/www.manaus.am.gov.br\/manauscult\/#\/schema\/person\/a5ee5376db6e21af026374b369f30882\"},\"description\":\"A Prefeitura de Manaus realizou uma visita t\u00e9cnica ao centro hist\u00f3rico para avaliar o local onde ser\u00e1 montado o palco do Passinho Kids.\",\"breadcrumb\":{\"@id\":\"https:\/\/www.manaus.am.gov.br\/manauscult\/passinho-kids-no-soumanaus\/#breadcrumb\"},\"inLanguage\":\"pt-BR\",\"potentialAction\":[{\"@type\":\"ReadAction\",\"target\":[\"https:\/\/www.manaus.am.gov.br\/manauscult\/passinho-kids-no-soumanaus\/\"]}]},{\"@type\":\"ImageObject\",\"inLanguage\":\"pt-BR\",\"@id\":\"https:\/\/www.manaus.am.gov.br\/manauscult\/passinho-kids-no-soumanaus\/#primaryimage\",\"url\":\"https:\/\/www.manaus.am.gov.br\/manauscult\/wp-content\/uploads\/sites\/11\/2025\/07\/Passinho-Kids-2.jpeg\",\"contentUrl\":\"https:\/\/www.manaus.am.gov.br\/manauscult\/wp-content\/uploads\/sites\/11\/2025\/07\/Passinho-Kids-2.jpeg\",\"width\":1200,\"height\":800,\"caption\":\"Passinho Kids\"},{\"@type\":\"BreadcrumbList\",\"@id\":\"https:\/\/www.manaus.am.gov.br\/manauscult\/passinho-kids-no-soumanaus\/#breadcrumb\",\"itemListElement\":[{\"@type\":\"ListItem\",\"position\":1,\"name\":\"Home\",\"item\":\"https:\/\/www.manaus.am.gov.br\/manauscult\/\"},{\"@type\":\"ListItem\",\"position\":2,\"name\":\"Visita t\u00e9cnica avalia espa\u00e7o do \u2018Passinho Kids\u2019 no #SouManaus Passo a Pa\u00e7o 2025\"}]},{\"@type\":\"WebSite\",\"@id\":\"https:\/\/www.manaus.am.gov.br\/manauscult\/#website\",\"url\":\"https:\/\/www.manaus.am.gov.br\/manauscult\/\",\"name\":\"MANAUSCULT\",\"description\":\"Prefeitura de Manaus\",\"potentialAction\":[{\"@type\":\"SearchAction\",\"target\":{\"@type\":\"EntryPoint\",\"urlTemplate\":\"https:\/\/www.manaus.am.gov.br\/manauscult\/?s={search_term_string}\"},\"query-input\":\"required name=search_term_string\"}],\"inLanguage\":\"pt-BR\"},{\"@type\":\"Person\",\"@id\":\"https:\/\/www.manaus.am.gov.br\/manauscult\/#\/schema\/person\/a5ee5376db6e21af026374b369f30882\",\"name\":\"Thiago Fernando\",\"image\":{\"@type\":\"ImageObject\",\"inLanguage\":\"pt-BR\",\"@id\":\"https:\/\/www.manaus.am.gov.br\/manauscult\/#\/schema\/person\/image\/\",\"url\":\"https:\/\/secure.gravatar.com\/avatar\/f5aab8722444041451501c077052ac07?s=96&d=mm&r=g\",\"contentUrl\":\"https:\/\/secure.gravatar.com\/avatar\/f5aab8722444041451501c077052ac07?s=96&d=mm&r=g\",\"caption\":\"Thiago Fernando\"}}]}<\/script>\n<!-- \/ Yoast SEO plugin. -->","yoast_head_json":{"title":"Visita t\u00e9cnica avalia espa\u00e7o do \u2018Passinho Kids\u2019 no #SouManaus","description":"A Prefeitura de Manaus realizou uma visita t\u00e9cnica ao centro hist\u00f3rico para avaliar o local onde ser\u00e1 montado o palco do Passinho Kids.","robots":{"index":"noindex","follow":"follow"},"og_locale":"pt_BR","og_type":"article","og_title":"Visita t\u00e9cnica avalia espa\u00e7o do \u2018Passinho Kids\u2019 no #SouManaus","og_description":"A Prefeitura de Manaus realizou uma visita t\u00e9cnica ao centro hist\u00f3rico para avaliar o local onde ser\u00e1 montado o palco do Passinho Kids.","og_url":"https:\/\/www.manaus.am.gov.br\/manauscult\/passinho-kids-no-soumanaus\/","og_site_name":"MANAUSCULT","article_published_time":"2025-07-17T18:30:38+00:00","article_modified_time":"2025-07-17T18:30:40+00:00","og_image":[{"width":1200,"height":800,"url":"https:\/\/www.manaus.am.gov.br\/manauscult\/wp-content\/uploads\/sites\/11\/2025\/07\/Passinho-Kids-2.jpeg","type":"image\/jpeg"}],"author":"Thiago Fernando","twitter_card":"summary_large_image","twitter_misc":{"Written by":"Thiago Fernando","Est. reading time":"2 minutos"},"schema":{"@context":"https:\/\/schema.org","@graph":[{"@type":"WebPage","@id":"https:\/\/www.manaus.am.gov.br\/manauscult\/passinho-kids-no-soumanaus\/","url":"https:\/\/www.manaus.am.gov.br\/manauscult\/passinho-kids-no-soumanaus\/","name":"Visita t\u00e9cnica avalia espa\u00e7o do \u2018Passinho Kids\u2019 no #SouManaus","isPartOf":{"@id":"https:\/\/www.manaus.am.gov.br\/manauscult\/#website"},"primaryImageOfPage":{"@id":"https:\/\/www.manaus.am.gov.br\/manauscult\/passinho-kids-no-soumanaus\/#primaryimage"},"image":{"@id":"https:\/\/www.manaus.am.gov.br\/manauscult\/passinho-kids-no-soumanaus\/#primaryimage"},"thumbnailUrl":"https:\/\/www.manaus.am.gov.br\/manauscult\/wp-content\/uploads\/sites\/11\/2025\/07\/Passinho-Kids-2.jpeg","datePublished":"2025-07-17T18:30:38+00:00","dateModified":"2025-07-17T18:30:40+00:00","author":{"@id":"https:\/\/www.manaus.am.gov.br\/manauscult\/#\/schema\/person\/a5ee5376db6e21af026374b369f30882"},"description":"A Prefeitura de Manaus realizou uma visita t\u00e9cnica ao centro hist\u00f3rico para avaliar o local onde ser\u00e1 montado o palco do Passinho Kids.","breadcrumb":{"@id":"https:\/\/www.manaus.am.gov.br\/manauscult\/passinho-kids-no-soumanaus\/#breadcrumb"},"inLanguage":"pt-BR","potentialAction":[{"@type":"ReadAction","target":["https:\/\/www.manaus.am.gov.br\/manauscult\/passinho-kids-no-soumanaus\/"]}]},{"@type":"ImageObject","inLanguage":"pt-BR","@id":"https:\/\/www.manaus.am.gov.br\/manauscult\/passinho-kids-no-soumanaus\/#primaryimage","url":"https:\/\/www.manaus.am.gov.br\/manauscult\/wp-content\/uploads\/sites\/11\/2025\/07\/Passinho-Kids-2.jpeg","contentUrl":"https:\/\/www.manaus.am.gov.br\/manauscult\/wp-content\/uploads\/sites\/11\/2025\/07\/Passinho-Kids-2.jpeg","width":1200,"height":800,"caption":"Passinho Kids"},{"@type":"BreadcrumbList","@id":"https:\/\/www.manaus.am.gov.br\/manauscult\/passinho-kids-no-soumanaus\/#breadcrumb","itemListElement":[{"@type":"ListItem","position":1,"name":"Home","item":"https:\/\/www.manaus.am.gov.br\/manauscult\/"},{"@type":"ListItem","position":2,"name":"Visita t\u00e9cnica avalia espa\u00e7o do \u2018Passinho Kids\u2019 no #SouManaus Passo a Pa\u00e7o 2025"}]},{"@type":"WebSite","@id":"https:\/\/www.manaus.am.gov.br\/manauscult\/#website","url":"https:\/\/www.manaus.am.gov.br\/manauscult\/","name":"MANAUSCULT","description":"Prefeitura de Manaus","potentialAction":[{"@type":"SearchAction","target":{"@type":"EntryPoint","urlTemplate":"https:\/\/www.manaus.am.gov.br\/manauscult\/?s={search_term_string}"},"query-input":"required name=search_term_string"}],"inLanguage":"pt-BR"},{"@type":"Person","@id":"https:\/\/www.manaus.am.gov.br\/manauscult\/#\/schema\/person\/a5ee5376db6e21af026374b369f30882","name":"Thiago Fernando","image":{"@type":"ImageObject","inLanguage":"pt-BR","@id":"https:\/\/www.manaus.am.gov.br\/manauscult\/#\/schema\/person\/image\/","url":"https:\/\/secure.gravatar.com\/avatar\/f5aab8722444041451501c077052ac07?s=96&d=mm&r=g","contentUrl":"https:\/\/secure.gravatar.com\/avatar\/f5aab8722444041451501c077052ac07?s=96&d=mm&r=g","caption":"Thiago Fernando"}}]}},"_links":{"self":[{"href":"https:\/\/www.manaus.am.gov.br\/manauscult\/wp-json\/wp\/v2\/posts\/4188"}],"collection":[{"href":"https:\/\/www.manaus.am.gov.br\/manauscult\/wp-json\/wp\/v2\/posts"}],"about":[{"href":"https:\/\/www.manaus.am.gov.br\/manauscult\/wp-json\/wp\/v2\/types\/post"}],"author":[{"embeddable":true,"href":"https:\/\/www.manaus.am.gov.br\/manauscult\/wp-json\/wp\/v2\/users\/57"}],"replies":[{"embeddable":true,"href":"https:\/\/www.manaus.am.gov.br\/manauscult\/wp-json\/wp\/v2\/comments?post=4188"}],"version-history":[{"count":0,"href":"https:\/\/www.manaus.am.gov.br\/manauscult\/wp-json\/wp\/v2\/posts\/4188\/revisions"}],"wp:featuredmedia":[{"embeddable":true,"href":"https:\/\/www.manaus.am.gov.br\/manauscult\/wp-json\/wp\/v2\/media\/4189"}],"wp:attachment":[{"href":"https:\/\/www.manaus.am.gov.br\/manauscult\/wp-json\/wp\/v2\/media?parent=4188"}],"wp:term":[{"taxonomy":"category","embeddable":true,"href":"https:\/\/www.manaus.am.gov.br\/manauscult\/wp-json\/wp\/v2\/categories?post=4188"},{"taxonomy":"post_tag","embeddable":true,"href":"https:\/\/www.manaus.am.gov.br\/manauscult\/wp-json\/wp\/v2\/tags?post=4188"}],"curies":[{"name":"wp","href":"https:\/\/api.w.org\/{rel}","templated":true}]}}