{"id":4176,"date":"2025-07-15T21:20:56","date_gmt":"2025-07-16T01:20:56","guid":{"rendered":"https:\/\/www.manaus.am.gov.br\/manauscult\/capacitacao-em-turismo-de-base-comunitaria\/"},"modified":"2025-07-15T21:20:57","modified_gmt":"2025-07-16T01:20:57","slug":"capacitacao-em-turismo-de-base-comunitaria","status":"publish","type":"post","link":"https:\/\/www.manaus.am.gov.br\/manauscult\/capacitacao-em-turismo-de-base-comunitaria\/","title":{"rendered":"Prefeitura de Manaus inicia \u2018Capacita\u00e7\u00e3o em Turismo de Base Comunit\u00e1ria\u2019 no bairro Col\u00f4nia Ant\u00f4nio Aleixo"},"content":{"rendered":"\n<p>A Prefeitura de Manaus, por meio da Funda\u00e7\u00e3o Municipal de Cultura, Turismo e Eventos (Manauscult), deu in\u00edcio, nesta ter\u00e7a-feira, 15\/7, ao programa de \u201cCapacita\u00e7\u00e3o em Turismo de Base Comunit\u00e1ria&#8221;, com a realiza\u00e7\u00e3o de cursos de Desenvolvimento e Capacita\u00e7\u00e3o. A forma\u00e7\u00e3o ocorre no bairro Col\u00f4nia Ant\u00f4nio Aleixo, zona Leste da capital, e segue at\u00e9 o dia 1\u00ba\/8, das 18h \u00e0s 21h, na sede do Movimento de Reintegra\u00e7\u00e3o das Pessoas Atingidas pela Hansen\u00edase (Morhan).<\/p>\n\n\n\n<p>Esta \u00e9 a primeira etapa do programa de \u201cCapacita\u00e7\u00e3o em Turismo de Base Comunit\u00e1ria&#8221;, que ao todo abranger\u00e1 tr\u00eas comunidades, somando 270 horas de forma\u00e7\u00e3o e beneficiando aproximadamente 300 pessoas. As pr\u00f3ximas turmas acontecer\u00e3o no Centro Hist\u00f3rico de Manaus, de 5 a 22 de agosto, e na comunidade do Livramento, na RDS Tup\u00e9, de 1\u00ba a 19 de setembro.<\/p>\n\n\n\n<p>O diretor-presidente da Manauscult, Jender Lobato, destacou a import\u00e2ncia do programa como uma estrat\u00e9gia de transforma\u00e7\u00e3o social e desenvolvimento sustent\u00e1vel.<\/p>\n\n\n\n<p>\u201cO turismo de base comunit\u00e1ria \u00e9 uma das formas mais sustent\u00e1veis de promover desenvolvimento, renda e pertencimento nas comunidades. Com esse projeto, estamos investindo diretamente nas pessoas, que s\u00e3o o principal patrim\u00f4nio cultural e humano da nossa cidade. \u00c9 uma a\u00e7\u00e3o estrat\u00e9gica e transformadora\u201d, afirmou.<\/p>\n\n\n\n<p>J\u00e1 a diretora de turismo da Manauscult, Oreni Braga, refor\u00e7ou que a iniciativa est\u00e1 alinhada \u00e0s diretrizes do Plano Nacional de Turismo (PNT) 2025.<\/p>\n\n\n\n<p>\u201cEssa capacita\u00e7\u00e3o cumpre um papel essencial ao qualificar os atores locais do turismo, promovendo inclus\u00e3o, inova\u00e7\u00e3o e empreendedorismo. Estamos valorizando a identidade cultural das comunidades e preparando-as para receber visitantes de forma aut\u00eantica e profissional\u201d.<\/p>\n\n\n\n<p>Moradora do bairro Col\u00f4nia Ant\u00f4nio Aleixo e participante do curso, Mirian Fernandes relatou o entusiasmo com a oportunidade.<br><br>\u201cSempre sonhei em trabalhar com turismo, mas n\u00e3o sabia por onde come\u00e7ar. Essa forma\u00e7\u00e3o veio na hora certa, pois eu nunca fiz nenhum curso. Ent\u00e3o, eu agrade\u00e7o muito a chegada desses cursos no nosso bairro. A gente aprende sobre o que \u00e9 nosso, sobre o que temos aqui na comunidade. \u00c9 uma chance real de mudan\u00e7a\u201d, comemorou.&nbsp;<\/p>\n\n\n\n<p><strong>Capacita\u00e7\u00e3o<\/strong><\/p>\n\n\n\n<p>A capacita\u00e7\u00e3o, voltada para jovens e adultos da comunidade, \u00e9 gratuita e oferece 90 horas de forma\u00e7\u00e3o com foco em temas estrat\u00e9gicos para o fortalecimento do turismo local. Os participantes ter\u00e3o acesso a tr\u00eas cursos formativos. O primeiro vai abranger Desenvolvimento e Capacita\u00e7\u00e3o do Ecossistema do Turismo Local, com os m\u00f3dulos: Mercado do Turismo na Amaz\u00f4nia e \u00c9tica na Comunica\u00e7\u00e3o; Boas Pr\u00e1ticas e Manipula\u00e7\u00e3o de Alimentos; Desenvolvimento do Ecoturismo para a Comunidade Local e Defini\u00e7\u00e3o e Cria\u00e7\u00e3o de Roteiros Tur\u00edsticos Locais.<\/p>\n\n\n\n<p>J\u00e1 o segundo ser\u00e1 Empreendendo no Turismo, com os m\u00f3dulos: Mentalidade Empreendedora; Excel\u00eancia no Atendimento ao Turista com Enfoque na Acessibilidade e Planejamento Estrat\u00e9gico para Neg\u00f3cios Locais. E o terceiro, de Inclus\u00e3o Digital e Marketing Pessoal, com os m\u00f3dulos: Como Crescer nas Redes Sociais em 2025; Marketing Pessoal e Marketing para Neg\u00f3cios Locais.<\/p>\n\n\n\n<p>A a\u00e7\u00e3o tamb\u00e9m conta com o apoio do Morhan, parceiro na promo\u00e7\u00e3o da inclus\u00e3o social e na articula\u00e7\u00e3o comunit\u00e1ria em territ\u00f3rios com potencial tur\u00edstico. Com a proposta de formar agentes locais capazes de atuar com autonomia e consci\u00eancia ambiental, o curso busca fortalecer o ecossistema do turismo comunit\u00e1rio, ampliar a gera\u00e7\u00e3o de renda e contribuir para a melhoria da qualidade de vida nas comunidades envolvidas.<\/p>\n\n\n\n<p>\u2014 \u2014 \u2014<br><strong>Texto &#8211; <\/strong>J\u00e9ssica Trajano \/Manauscult<br><strong>Fotos &#8211; <\/strong>Thelson Souza \/Manauscult<\/p>\n","protected":false},"excerpt":{"rendered":"","protected":false},"author":68,"featured_media":4177,"comment_status":"closed","ping_status":"closed","sticky":false,"template":"","format":"standard","meta":{"footnotes":""},"categories":[1270],"tags":[11,1503],"acf":[],"yoast_head":"<!-- This site is optimized with the Yoast SEO plugin v23.0 - https:\/\/yoast.com\/wordpress\/plugins\/seo\/ -->\n<title>Prefeitura de Manaus inicia \u2018Capacita\u00e7\u00e3o em Turismo de Base Comunit\u00e1ria\u2019 no bairro Col\u00f4nia Ant\u00f4nio Aleixo<\/title>\n<meta name=\"description\" content=\"A Prefeitura de Manaus, por meio da Funda\u00e7\u00e3o Municipal de Cultura, Turismo e Eventos (Manauscult), deu in\u00edcio, nesta ter\u00e7a-feira, 15\/7, ao programa de \u201cCapacita\u00e7\u00e3o em Turismo de Base Comunit\u00e1ria&quot;, com a realiza\u00e7\u00e3o de cursos de Desenvolvimento e Capacita\u00e7\u00e3o.\" \/>\n<meta name=\"robots\" content=\"noindex, follow\" \/>\n<meta property=\"og:locale\" content=\"pt_BR\" \/>\n<meta property=\"og:type\" content=\"article\" \/>\n<meta property=\"og:title\" content=\"Prefeitura de Manaus inicia \u2018Capacita\u00e7\u00e3o em Turismo de Base Comunit\u00e1ria\u2019 no bairro Col\u00f4nia Ant\u00f4nio Aleixo\" \/>\n<meta property=\"og:description\" content=\"A Prefeitura de Manaus, por meio da Funda\u00e7\u00e3o Municipal de Cultura, Turismo e Eventos (Manauscult), deu in\u00edcio, nesta ter\u00e7a-feira, 15\/7, ao programa de \u201cCapacita\u00e7\u00e3o em Turismo de Base Comunit\u00e1ria&quot;, com a realiza\u00e7\u00e3o de cursos de Desenvolvimento e Capacita\u00e7\u00e3o.\" \/>\n<meta property=\"og:url\" content=\"https:\/\/www.manaus.am.gov.br\/manauscult\/capacitacao-em-turismo-de-base-comunitaria\/\" \/>\n<meta property=\"og:site_name\" content=\"MANAUSCULT\" \/>\n<meta property=\"article:published_time\" content=\"2025-07-16T01:20:56+00:00\" \/>\n<meta property=\"article:modified_time\" content=\"2025-07-16T01:20:57+00:00\" \/>\n<meta property=\"og:image\" content=\"https:\/\/www.manaus.am.gov.br\/manauscult\/wp-content\/uploads\/sites\/11\/2025\/07\/5d143862-fc9f-46a0-9b9c-e12f3c891a16.jpeg\" \/>\n\t<meta property=\"og:image:width\" content=\"4160\" \/>\n\t<meta property=\"og:image:height\" content=\"2774\" \/>\n\t<meta property=\"og:image:type\" content=\"image\/jpeg\" \/>\n<meta name=\"author\" content=\"bvalente\" \/>\n<meta name=\"twitter:card\" content=\"summary_large_image\" \/>\n<meta name=\"twitter:label1\" content=\"Written by\" \/>\n\t<meta name=\"twitter:data1\" content=\"bvalente\" \/>\n\t<meta name=\"twitter:label2\" content=\"Est. reading time\" \/>\n\t<meta name=\"twitter:data2\" content=\"4 minutos\" \/>\n<script type=\"application\/ld+json\" class=\"yoast-schema-graph\">{\"@context\":\"https:\/\/schema.org\",\"@graph\":[{\"@type\":\"WebPage\",\"@id\":\"https:\/\/www.manaus.am.gov.br\/manauscult\/capacitacao-em-turismo-de-base-comunitaria\/\",\"url\":\"https:\/\/www.manaus.am.gov.br\/manauscult\/capacitacao-em-turismo-de-base-comunitaria\/\",\"name\":\"Prefeitura de Manaus inicia \u2018Capacita\u00e7\u00e3o em Turismo de Base Comunit\u00e1ria\u2019 no bairro Col\u00f4nia Ant\u00f4nio Aleixo\",\"isPartOf\":{\"@id\":\"https:\/\/www.manaus.am.gov.br\/manauscult\/#website\"},\"primaryImageOfPage\":{\"@id\":\"https:\/\/www.manaus.am.gov.br\/manauscult\/capacitacao-em-turismo-de-base-comunitaria\/#primaryimage\"},\"image\":{\"@id\":\"https:\/\/www.manaus.am.gov.br\/manauscult\/capacitacao-em-turismo-de-base-comunitaria\/#primaryimage\"},\"thumbnailUrl\":\"https:\/\/www.manaus.am.gov.br\/manauscult\/wp-content\/uploads\/sites\/11\/2025\/07\/5d143862-fc9f-46a0-9b9c-e12f3c891a16.jpeg\",\"datePublished\":\"2025-07-16T01:20:56+00:00\",\"dateModified\":\"2025-07-16T01:20:57+00:00\",\"author\":{\"@id\":\"https:\/\/www.manaus.am.gov.br\/manauscult\/#\/schema\/person\/466a0e03ae4b6062809046bd560ac955\"},\"description\":\"A Prefeitura de Manaus, por meio da Funda\u00e7\u00e3o Municipal de Cultura, Turismo e Eventos (Manauscult), deu in\u00edcio, nesta ter\u00e7a-feira, 15\/7, ao programa de \u201cCapacita\u00e7\u00e3o em Turismo de Base Comunit\u00e1ria\\\", com a realiza\u00e7\u00e3o de cursos de Desenvolvimento e Capacita\u00e7\u00e3o.\",\"breadcrumb\":{\"@id\":\"https:\/\/www.manaus.am.gov.br\/manauscult\/capacitacao-em-turismo-de-base-comunitaria\/#breadcrumb\"},\"inLanguage\":\"pt-BR\",\"potentialAction\":[{\"@type\":\"ReadAction\",\"target\":[\"https:\/\/www.manaus.am.gov.br\/manauscult\/capacitacao-em-turismo-de-base-comunitaria\/\"]}]},{\"@type\":\"ImageObject\",\"inLanguage\":\"pt-BR\",\"@id\":\"https:\/\/www.manaus.am.gov.br\/manauscult\/capacitacao-em-turismo-de-base-comunitaria\/#primaryimage\",\"url\":\"https:\/\/www.manaus.am.gov.br\/manauscult\/wp-content\/uploads\/sites\/11\/2025\/07\/5d143862-fc9f-46a0-9b9c-e12f3c891a16.jpeg\",\"contentUrl\":\"https:\/\/www.manaus.am.gov.br\/manauscult\/wp-content\/uploads\/sites\/11\/2025\/07\/5d143862-fc9f-46a0-9b9c-e12f3c891a16.jpeg\",\"width\":4160,\"height\":2774},{\"@type\":\"BreadcrumbList\",\"@id\":\"https:\/\/www.manaus.am.gov.br\/manauscult\/capacitacao-em-turismo-de-base-comunitaria\/#breadcrumb\",\"itemListElement\":[{\"@type\":\"ListItem\",\"position\":1,\"name\":\"Home\",\"item\":\"https:\/\/www.manaus.am.gov.br\/manauscult\/\"},{\"@type\":\"ListItem\",\"position\":2,\"name\":\"Prefeitura de Manaus inicia \u2018Capacita\u00e7\u00e3o em Turismo de Base Comunit\u00e1ria\u2019 no bairro Col\u00f4nia Ant\u00f4nio Aleixo\"}]},{\"@type\":\"WebSite\",\"@id\":\"https:\/\/www.manaus.am.gov.br\/manauscult\/#website\",\"url\":\"https:\/\/www.manaus.am.gov.br\/manauscult\/\",\"name\":\"MANAUSCULT\",\"description\":\"Prefeitura de Manaus\",\"potentialAction\":[{\"@type\":\"SearchAction\",\"target\":{\"@type\":\"EntryPoint\",\"urlTemplate\":\"https:\/\/www.manaus.am.gov.br\/manauscult\/?s={search_term_string}\"},\"query-input\":\"required name=search_term_string\"}],\"inLanguage\":\"pt-BR\"},{\"@type\":\"Person\",\"@id\":\"https:\/\/www.manaus.am.gov.br\/manauscult\/#\/schema\/person\/466a0e03ae4b6062809046bd560ac955\",\"name\":\"bvalente\",\"image\":{\"@type\":\"ImageObject\",\"inLanguage\":\"pt-BR\",\"@id\":\"https:\/\/www.manaus.am.gov.br\/manauscult\/#\/schema\/person\/image\/\",\"url\":\"https:\/\/secure.gravatar.com\/avatar\/3e69bc2b014bdad41adfec3a39de07d2?s=96&d=mm&r=g\",\"contentUrl\":\"https:\/\/secure.gravatar.com\/avatar\/3e69bc2b014bdad41adfec3a39de07d2?s=96&d=mm&r=g\",\"caption\":\"bvalente\"}}]}<\/script>\n<!-- \/ Yoast SEO plugin. -->","yoast_head_json":{"title":"Prefeitura de Manaus inicia \u2018Capacita\u00e7\u00e3o em Turismo de Base Comunit\u00e1ria\u2019 no bairro Col\u00f4nia Ant\u00f4nio Aleixo","description":"A Prefeitura de Manaus, por meio da Funda\u00e7\u00e3o Municipal de Cultura, Turismo e Eventos (Manauscult), deu in\u00edcio, nesta ter\u00e7a-feira, 15\/7, ao programa de \u201cCapacita\u00e7\u00e3o em Turismo de Base Comunit\u00e1ria\", com a realiza\u00e7\u00e3o de cursos de Desenvolvimento e Capacita\u00e7\u00e3o.","robots":{"index":"noindex","follow":"follow"},"og_locale":"pt_BR","og_type":"article","og_title":"Prefeitura de Manaus inicia \u2018Capacita\u00e7\u00e3o em Turismo de Base Comunit\u00e1ria\u2019 no bairro Col\u00f4nia Ant\u00f4nio Aleixo","og_description":"A Prefeitura de Manaus, por meio da Funda\u00e7\u00e3o Municipal de Cultura, Turismo e Eventos (Manauscult), deu in\u00edcio, nesta ter\u00e7a-feira, 15\/7, ao programa de \u201cCapacita\u00e7\u00e3o em Turismo de Base Comunit\u00e1ria\", com a realiza\u00e7\u00e3o de cursos de Desenvolvimento e Capacita\u00e7\u00e3o.","og_url":"https:\/\/www.manaus.am.gov.br\/manauscult\/capacitacao-em-turismo-de-base-comunitaria\/","og_site_name":"MANAUSCULT","article_published_time":"2025-07-16T01:20:56+00:00","article_modified_time":"2025-07-16T01:20:57+00:00","og_image":[{"width":4160,"height":2774,"url":"https:\/\/www.manaus.am.gov.br\/manauscult\/wp-content\/uploads\/sites\/11\/2025\/07\/5d143862-fc9f-46a0-9b9c-e12f3c891a16.jpeg","type":"image\/jpeg"}],"author":"bvalente","twitter_card":"summary_large_image","twitter_misc":{"Written by":"bvalente","Est. reading time":"4 minutos"},"schema":{"@context":"https:\/\/schema.org","@graph":[{"@type":"WebPage","@id":"https:\/\/www.manaus.am.gov.br\/manauscult\/capacitacao-em-turismo-de-base-comunitaria\/","url":"https:\/\/www.manaus.am.gov.br\/manauscult\/capacitacao-em-turismo-de-base-comunitaria\/","name":"Prefeitura de Manaus inicia \u2018Capacita\u00e7\u00e3o em Turismo de Base Comunit\u00e1ria\u2019 no bairro Col\u00f4nia Ant\u00f4nio Aleixo","isPartOf":{"@id":"https:\/\/www.manaus.am.gov.br\/manauscult\/#website"},"primaryImageOfPage":{"@id":"https:\/\/www.manaus.am.gov.br\/manauscult\/capacitacao-em-turismo-de-base-comunitaria\/#primaryimage"},"image":{"@id":"https:\/\/www.manaus.am.gov.br\/manauscult\/capacitacao-em-turismo-de-base-comunitaria\/#primaryimage"},"thumbnailUrl":"https:\/\/www.manaus.am.gov.br\/manauscult\/wp-content\/uploads\/sites\/11\/2025\/07\/5d143862-fc9f-46a0-9b9c-e12f3c891a16.jpeg","datePublished":"2025-07-16T01:20:56+00:00","dateModified":"2025-07-16T01:20:57+00:00","author":{"@id":"https:\/\/www.manaus.am.gov.br\/manauscult\/#\/schema\/person\/466a0e03ae4b6062809046bd560ac955"},"description":"A Prefeitura de Manaus, por meio da Funda\u00e7\u00e3o Municipal de Cultura, Turismo e Eventos (Manauscult), deu in\u00edcio, nesta ter\u00e7a-feira, 15\/7, ao programa de \u201cCapacita\u00e7\u00e3o em Turismo de Base Comunit\u00e1ria\", com a realiza\u00e7\u00e3o de cursos de Desenvolvimento e Capacita\u00e7\u00e3o.","breadcrumb":{"@id":"https:\/\/www.manaus.am.gov.br\/manauscult\/capacitacao-em-turismo-de-base-comunitaria\/#breadcrumb"},"inLanguage":"pt-BR","potentialAction":[{"@type":"ReadAction","target":["https:\/\/www.manaus.am.gov.br\/manauscult\/capacitacao-em-turismo-de-base-comunitaria\/"]}]},{"@type":"ImageObject","inLanguage":"pt-BR","@id":"https:\/\/www.manaus.am.gov.br\/manauscult\/capacitacao-em-turismo-de-base-comunitaria\/#primaryimage","url":"https:\/\/www.manaus.am.gov.br\/manauscult\/wp-content\/uploads\/sites\/11\/2025\/07\/5d143862-fc9f-46a0-9b9c-e12f3c891a16.jpeg","contentUrl":"https:\/\/www.manaus.am.gov.br\/manauscult\/wp-content\/uploads\/sites\/11\/2025\/07\/5d143862-fc9f-46a0-9b9c-e12f3c891a16.jpeg","width":4160,"height":2774},{"@type":"BreadcrumbList","@id":"https:\/\/www.manaus.am.gov.br\/manauscult\/capacitacao-em-turismo-de-base-comunitaria\/#breadcrumb","itemListElement":[{"@type":"ListItem","position":1,"name":"Home","item":"https:\/\/www.manaus.am.gov.br\/manauscult\/"},{"@type":"ListItem","position":2,"name":"Prefeitura de Manaus inicia \u2018Capacita\u00e7\u00e3o em Turismo de Base Comunit\u00e1ria\u2019 no bairro Col\u00f4nia Ant\u00f4nio Aleixo"}]},{"@type":"WebSite","@id":"https:\/\/www.manaus.am.gov.br\/manauscult\/#website","url":"https:\/\/www.manaus.am.gov.br\/manauscult\/","name":"MANAUSCULT","description":"Prefeitura de Manaus","potentialAction":[{"@type":"SearchAction","target":{"@type":"EntryPoint","urlTemplate":"https:\/\/www.manaus.am.gov.br\/manauscult\/?s={search_term_string}"},"query-input":"required name=search_term_string"}],"inLanguage":"pt-BR"},{"@type":"Person","@id":"https:\/\/www.manaus.am.gov.br\/manauscult\/#\/schema\/person\/466a0e03ae4b6062809046bd560ac955","name":"bvalente","image":{"@type":"ImageObject","inLanguage":"pt-BR","@id":"https:\/\/www.manaus.am.gov.br\/manauscult\/#\/schema\/person\/image\/","url":"https:\/\/secure.gravatar.com\/avatar\/3e69bc2b014bdad41adfec3a39de07d2?s=96&d=mm&r=g","contentUrl":"https:\/\/secure.gravatar.com\/avatar\/3e69bc2b014bdad41adfec3a39de07d2?s=96&d=mm&r=g","caption":"bvalente"}}]}},"_links":{"self":[{"href":"https:\/\/www.manaus.am.gov.br\/manauscult\/wp-json\/wp\/v2\/posts\/4176"}],"collection":[{"href":"https:\/\/www.manaus.am.gov.br\/manauscult\/wp-json\/wp\/v2\/posts"}],"about":[{"href":"https:\/\/www.manaus.am.gov.br\/manauscult\/wp-json\/wp\/v2\/types\/post"}],"author":[{"embeddable":true,"href":"https:\/\/www.manaus.am.gov.br\/manauscult\/wp-json\/wp\/v2\/users\/68"}],"replies":[{"embeddable":true,"href":"https:\/\/www.manaus.am.gov.br\/manauscult\/wp-json\/wp\/v2\/comments?post=4176"}],"version-history":[{"count":0,"href":"https:\/\/www.manaus.am.gov.br\/manauscult\/wp-json\/wp\/v2\/posts\/4176\/revisions"}],"wp:featuredmedia":[{"embeddable":true,"href":"https:\/\/www.manaus.am.gov.br\/manauscult\/wp-json\/wp\/v2\/media\/4177"}],"wp:attachment":[{"href":"https:\/\/www.manaus.am.gov.br\/manauscult\/wp-json\/wp\/v2\/media?parent=4176"}],"wp:term":[{"taxonomy":"category","embeddable":true,"href":"https:\/\/www.manaus.am.gov.br\/manauscult\/wp-json\/wp\/v2\/categories?post=4176"},{"taxonomy":"post_tag","embeddable":true,"href":"https:\/\/www.manaus.am.gov.br\/manauscult\/wp-json\/wp\/v2\/tags?post=4176"}],"curies":[{"name":"wp","href":"https:\/\/api.w.org\/{rel}","templated":true}]}}