{"id":4171,"date":"2025-07-15T20:42:16","date_gmt":"2025-07-16T00:42:16","guid":{"rendered":"https:\/\/www.manaus.am.gov.br\/manauscult\/nova-atracao-nacional-do-soumanaus-passo-a-paco-2025\/"},"modified":"2025-07-15T20:42:48","modified_gmt":"2025-07-16T00:42:48","slug":"nova-atracao-nacional-do-soumanaus-passo-a-paco-2025","status":"publish","type":"post","link":"https:\/\/www.manaus.am.gov.br\/manauscult\/nova-atracao-nacional-do-soumanaus-passo-a-paco-2025\/","title":{"rendered":"Eli Soares \u00e9 a nova atra\u00e7\u00e3o nacional do \u2018#SouManaus Passo a Pa\u00e7o 2025\u2019, com show confirmado no palco Alf\u00e2ndega no dia 5 de setembro"},"content":{"rendered":"\n<p>O prefeito de Manaus, David Almeida, anunciou em suas redes sociais a confirma\u00e7\u00e3o de mais uma atra\u00e7\u00e3o nacional para o \u201c#SouManaus Passo a Pa\u00e7o 2025\u201d. Trata-se do cantor Eli Soares, um dos principais nomes da m\u00fasica gospel contempor\u00e2nea no Brasil, que se apresentar\u00e1 no dia 5 de setembro, no Palco Alf\u00e2ndega, dedicado \u00e0s atra\u00e7\u00f5es crist\u00e3s do festival.<\/p>\n\n\n\n<p>\u201cMais uma atra\u00e7\u00e3o para o \u2018#SouManaus 2025\u2019. Agora \u00e9 a segunda atra\u00e7\u00e3o gospel: Eli Soares. Uma grande atra\u00e7\u00e3o para que n\u00f3s possamos celebrar juntos o \u2018#SouManaus 2025\u2019\u201d, afirmou o prefeito em v\u00eddeo publicado em seus perfis oficiais.<\/p>\n\n\n\n<p>Na mesma noite, o palco contar\u00e1 ainda com apresenta\u00e7\u00f5es do padre sertanejo Alessandro Campos, abrindo a programa\u00e7\u00e3o, seguido por Eli Soares, e encerrando com Fernandinho, outro grande nome da m\u00fasica gospel nacional. A proposta do espa\u00e7o \u00e9 oferecer um momento de adora\u00e7\u00e3o, celebra\u00e7\u00e3o e diversidade da f\u00e9 crist\u00e3 dentro da programa\u00e7\u00e3o do maior festival cultural da regi\u00e3o Norte.<\/p>\n\n\n\n<p>Com mais de 1,7 milh\u00e3o de ouvintes mensais no Spotify, Eli Soares \u00e9 conhecido por sucessos como \u201cMe Ajude a Melhorar\u201d, \u201cOs Anjos Te Louvam\u201d e \u201cAonde Est\u00e1 Deus?\u201d. Sua carreira s\u00f3lida \u00e9 marcada por uma discografia premiada, \u00e1lbuns ao vivo indicados ao Grammy Latino e uma conex\u00e3o profunda com o p\u00fablico. Seus shows s\u00e3o reconhecidos por unirem excel\u00eancia musical e espiritualidade, promovendo experi\u00eancias intensas de f\u00e9 e emo\u00e7\u00e3o.<\/p>\n\n\n\n<p>A realiza\u00e7\u00e3o \u00e9 da Funda\u00e7\u00e3o Municipal de Cultura, Turismo e Eventos (Manauscult), com o apoio do Minist\u00e9rio da Cultura (MinC), secretarias integradas da Prefeitura de Manaus, al\u00e9m da iniciativa privada e dezenas de patrocinadores.<\/p>\n\n\n\n<p>\u201cA grandeza do \u2018#SouManaus\u2019 est\u00e1 justamente na sua capacidade de reunir vozes, ritmos e cren\u00e7as no mesmo palco. O Eli Soares \u00e9 uma atra\u00e7\u00e3o que certamente vai encantar a comunidade evang\u00e9lica, ao lado de nomes como Fernandinho, e padre Alessandro. Ele chega com uma presen\u00e7a marcante no palco Alf\u00e2ndega, que este ano, refor\u00e7a sua proposta de reunir diferentes express\u00f5es da f\u00e9 crist\u00e3 em um ambiente de celebra\u00e7\u00e3o, encontro e pertencimento\u201d, afirma o diretor-presidente da Manauscult, Jender Lobato.<\/p>\n\n\n\n<p><strong>Programa\u00e7\u00e3o&nbsp;<\/strong><\/p>\n\n\n\n<p>O \u201c#SouManaus Passo a Pa\u00e7o 2025\u201d acontecer\u00e1 nos dias 5, 6 e 7 de setembro, no Centro Hist\u00f3rico de Manaus, com estrutura ampliada que conta com 63 mil metros quadrados, 17 palcos e a participa\u00e7\u00e3o de mais de 2 mil artistas regionais, al\u00e9m de 18 atra\u00e7\u00f5es nacionais de diferentes estilos musicais, como Ivete Sangalo, Gusttavo Lima, Ludmilla, Joelma, Bruno &amp; Marrone, Simone Mendes, Paralamas do Sucesso, Calcinha Preta, Dubdogz, MC Livinho, Pablo do Arrocha, Xand Avi\u00e3o, BK, Xam\u00e3, Poesia Ac\u00fastica, Padre Alessandro Campos, Fernandinho e Eli Soares.<\/p>\n\n\n\n<figure class=\"wp-block-image size-large\"><img loading=\"lazy\" decoding=\"async\" width=\"1024\" height=\"682\" src=\"https:\/\/www.manaus.am.gov.br\/manauscult\/wp-content\/uploads\/sites\/11\/2025\/07\/SouManaus-Passo-a-Paco-2025-2-1024x682.jpeg\" alt=\"\" class=\"wp-image-4174\" srcset=\"https:\/\/www.manaus.am.gov.br\/manauscult\/wp-content\/uploads\/sites\/11\/2025\/07\/SouManaus-Passo-a-Paco-2025-2-1024x682.jpeg 1024w, https:\/\/www.manaus.am.gov.br\/manauscult\/wp-content\/uploads\/sites\/11\/2025\/07\/SouManaus-Passo-a-Paco-2025-2-300x200.jpeg 300w, https:\/\/www.manaus.am.gov.br\/manauscult\/wp-content\/uploads\/sites\/11\/2025\/07\/SouManaus-Passo-a-Paco-2025-2-768x512.jpeg 768w, https:\/\/www.manaus.am.gov.br\/manauscult\/wp-content\/uploads\/sites\/11\/2025\/07\/SouManaus-Passo-a-Paco-2025-2.jpeg 1280w\" sizes=\"(max-width: 1024px) 100vw, 1024px\" \/><\/figure>\n\n\n\n<p>O festival \u00e9 gratuito, com entrada mediante troca de alimentos n\u00e3o perec\u00edveis, em esquema que ser\u00e1 divulgado em breve. A expectativa da prefeitura \u00e9 gerar at\u00e9 9 mil empregos diretos e indiretos, fortalecendo a economia criativa e promovendo a revitaliza\u00e7\u00e3o do Centro Hist\u00f3rico com inclus\u00e3o, seguran\u00e7a, acessibilidade e sustentabilidade.<\/p>\n\n\n\n<p>Para mais informa\u00e7\u00f5es, acesse: <a href=\"http:\/\/www.manaus.am.gov.br\">www.manaus.am.gov.br<\/a> ou acompanhe as redes sociais oficiais da Prefeitura de Manaus.<\/p>\n\n\n\n<p>\u2014 \u2014 \u2014<br><strong>Texto &#8211;<\/strong> Emanuelle Baires\/Semcom-Prefeito<br><strong>Fotos &#8211; <\/strong>Divulga\u00e7\u00e3o\/Semcom<\/p>\n","protected":false},"excerpt":{"rendered":"","protected":false},"author":68,"featured_media":4172,"comment_status":"closed","ping_status":"closed","sticky":false,"template":"","format":"standard","meta":{"footnotes":""},"categories":[508],"tags":[1501,67,1502,11],"acf":[],"yoast_head":"<!-- This site is optimized with the Yoast SEO plugin v23.0 - https:\/\/yoast.com\/wordpress\/plugins\/seo\/ -->\n<title>Eli Soares \u00e9 a nova atra\u00e7\u00e3o nacional do \u2018#SouManaus Passo a Pa\u00e7o 2025\u2019, com show confirmado no palco Alf\u00e2ndega no dia 5 de setembro<\/title>\n<meta name=\"description\" content=\"O prefeito de Manaus, David Almeida, anunciou em suas redes sociais a confirma\u00e7\u00e3o de mais uma atra\u00e7\u00e3o nacional para o \u201c#SouManaus Passo a Pa\u00e7o 2025\u201d. Trata-se do cantor Eli Soares, um dos principais nomes da m\u00fasica gospel contempor\u00e2nea no Brasil, que se apresentar\u00e1 no dia 5 de setembro, no Palco Alf\u00e2ndega, dedicado \u00e0s atra\u00e7\u00f5es crist\u00e3s do festival.\" \/>\n<meta name=\"robots\" content=\"noindex, follow\" \/>\n<meta property=\"og:locale\" content=\"pt_BR\" \/>\n<meta property=\"og:type\" content=\"article\" \/>\n<meta property=\"og:title\" content=\"Eli Soares \u00e9 a nova atra\u00e7\u00e3o nacional do \u2018#SouManaus Passo a Pa\u00e7o 2025\u2019, com show confirmado no palco Alf\u00e2ndega no dia 5 de setembro\" \/>\n<meta property=\"og:description\" content=\"O prefeito de Manaus, David Almeida, anunciou em suas redes sociais a confirma\u00e7\u00e3o de mais uma atra\u00e7\u00e3o nacional para o \u201c#SouManaus Passo a Pa\u00e7o 2025\u201d. Trata-se do cantor Eli Soares, um dos principais nomes da m\u00fasica gospel contempor\u00e2nea no Brasil, que se apresentar\u00e1 no dia 5 de setembro, no Palco Alf\u00e2ndega, dedicado \u00e0s atra\u00e7\u00f5es crist\u00e3s do festival.\" \/>\n<meta property=\"og:url\" content=\"https:\/\/www.manaus.am.gov.br\/manauscult\/nova-atracao-nacional-do-soumanaus-passo-a-paco-2025\/\" \/>\n<meta property=\"og:site_name\" content=\"MANAUSCULT\" \/>\n<meta property=\"article:published_time\" content=\"2025-07-16T00:42:16+00:00\" \/>\n<meta property=\"article:modified_time\" content=\"2025-07-16T00:42:48+00:00\" \/>\n<meta property=\"og:image\" content=\"https:\/\/www.manaus.am.gov.br\/manauscult\/wp-content\/uploads\/sites\/11\/2025\/07\/WhatsApp-Image-2025-07-15-at-20.23.33.jpeg\" \/>\n\t<meta property=\"og:image:width\" content=\"1600\" \/>\n\t<meta property=\"og:image:height\" content=\"920\" \/>\n\t<meta property=\"og:image:type\" content=\"image\/jpeg\" \/>\n<meta name=\"author\" content=\"bvalente\" \/>\n<meta name=\"twitter:card\" content=\"summary_large_image\" \/>\n<meta name=\"twitter:label1\" content=\"Written by\" \/>\n\t<meta name=\"twitter:data1\" content=\"bvalente\" \/>\n\t<meta name=\"twitter:label2\" content=\"Est. reading time\" \/>\n\t<meta name=\"twitter:data2\" content=\"4 minutos\" \/>\n<script type=\"application\/ld+json\" class=\"yoast-schema-graph\">{\"@context\":\"https:\/\/schema.org\",\"@graph\":[{\"@type\":\"WebPage\",\"@id\":\"https:\/\/www.manaus.am.gov.br\/manauscult\/nova-atracao-nacional-do-soumanaus-passo-a-paco-2025\/\",\"url\":\"https:\/\/www.manaus.am.gov.br\/manauscult\/nova-atracao-nacional-do-soumanaus-passo-a-paco-2025\/\",\"name\":\"Eli Soares \u00e9 a nova atra\u00e7\u00e3o nacional do \u2018#SouManaus Passo a Pa\u00e7o 2025\u2019, com show confirmado no palco Alf\u00e2ndega no dia 5 de setembro\",\"isPartOf\":{\"@id\":\"https:\/\/www.manaus.am.gov.br\/manauscult\/#website\"},\"primaryImageOfPage\":{\"@id\":\"https:\/\/www.manaus.am.gov.br\/manauscult\/nova-atracao-nacional-do-soumanaus-passo-a-paco-2025\/#primaryimage\"},\"image\":{\"@id\":\"https:\/\/www.manaus.am.gov.br\/manauscult\/nova-atracao-nacional-do-soumanaus-passo-a-paco-2025\/#primaryimage\"},\"thumbnailUrl\":\"https:\/\/www.manaus.am.gov.br\/manauscult\/wp-content\/uploads\/sites\/11\/2025\/07\/WhatsApp-Image-2025-07-15-at-20.23.33.jpeg\",\"datePublished\":\"2025-07-16T00:42:16+00:00\",\"dateModified\":\"2025-07-16T00:42:48+00:00\",\"author\":{\"@id\":\"https:\/\/www.manaus.am.gov.br\/manauscult\/#\/schema\/person\/466a0e03ae4b6062809046bd560ac955\"},\"description\":\"O prefeito de Manaus, David Almeida, anunciou em suas redes sociais a confirma\u00e7\u00e3o de mais uma atra\u00e7\u00e3o nacional para o \u201c#SouManaus Passo a Pa\u00e7o 2025\u201d. Trata-se do cantor Eli Soares, um dos principais nomes da m\u00fasica gospel contempor\u00e2nea no Brasil, que se apresentar\u00e1 no dia 5 de setembro, no Palco Alf\u00e2ndega, dedicado \u00e0s atra\u00e7\u00f5es crist\u00e3s do festival.\",\"breadcrumb\":{\"@id\":\"https:\/\/www.manaus.am.gov.br\/manauscult\/nova-atracao-nacional-do-soumanaus-passo-a-paco-2025\/#breadcrumb\"},\"inLanguage\":\"pt-BR\",\"potentialAction\":[{\"@type\":\"ReadAction\",\"target\":[\"https:\/\/www.manaus.am.gov.br\/manauscult\/nova-atracao-nacional-do-soumanaus-passo-a-paco-2025\/\"]}]},{\"@type\":\"ImageObject\",\"inLanguage\":\"pt-BR\",\"@id\":\"https:\/\/www.manaus.am.gov.br\/manauscult\/nova-atracao-nacional-do-soumanaus-passo-a-paco-2025\/#primaryimage\",\"url\":\"https:\/\/www.manaus.am.gov.br\/manauscult\/wp-content\/uploads\/sites\/11\/2025\/07\/WhatsApp-Image-2025-07-15-at-20.23.33.jpeg\",\"contentUrl\":\"https:\/\/www.manaus.am.gov.br\/manauscult\/wp-content\/uploads\/sites\/11\/2025\/07\/WhatsApp-Image-2025-07-15-at-20.23.33.jpeg\",\"width\":1600,\"height\":920},{\"@type\":\"BreadcrumbList\",\"@id\":\"https:\/\/www.manaus.am.gov.br\/manauscult\/nova-atracao-nacional-do-soumanaus-passo-a-paco-2025\/#breadcrumb\",\"itemListElement\":[{\"@type\":\"ListItem\",\"position\":1,\"name\":\"Home\",\"item\":\"https:\/\/www.manaus.am.gov.br\/manauscult\/\"},{\"@type\":\"ListItem\",\"position\":2,\"name\":\"Eli Soares \u00e9 a nova atra\u00e7\u00e3o nacional do \u2018#SouManaus Passo a Pa\u00e7o 2025\u2019, com show confirmado no palco Alf\u00e2ndega no dia 5 de setembro\"}]},{\"@type\":\"WebSite\",\"@id\":\"https:\/\/www.manaus.am.gov.br\/manauscult\/#website\",\"url\":\"https:\/\/www.manaus.am.gov.br\/manauscult\/\",\"name\":\"MANAUSCULT\",\"description\":\"Prefeitura de Manaus\",\"potentialAction\":[{\"@type\":\"SearchAction\",\"target\":{\"@type\":\"EntryPoint\",\"urlTemplate\":\"https:\/\/www.manaus.am.gov.br\/manauscult\/?s={search_term_string}\"},\"query-input\":\"required name=search_term_string\"}],\"inLanguage\":\"pt-BR\"},{\"@type\":\"Person\",\"@id\":\"https:\/\/www.manaus.am.gov.br\/manauscult\/#\/schema\/person\/466a0e03ae4b6062809046bd560ac955\",\"name\":\"bvalente\",\"image\":{\"@type\":\"ImageObject\",\"inLanguage\":\"pt-BR\",\"@id\":\"https:\/\/www.manaus.am.gov.br\/manauscult\/#\/schema\/person\/image\/\",\"url\":\"https:\/\/secure.gravatar.com\/avatar\/3e69bc2b014bdad41adfec3a39de07d2?s=96&d=mm&r=g\",\"contentUrl\":\"https:\/\/secure.gravatar.com\/avatar\/3e69bc2b014bdad41adfec3a39de07d2?s=96&d=mm&r=g\",\"caption\":\"bvalente\"}}]}<\/script>\n<!-- \/ Yoast SEO plugin. -->","yoast_head_json":{"title":"Eli Soares \u00e9 a nova atra\u00e7\u00e3o nacional do \u2018#SouManaus Passo a Pa\u00e7o 2025\u2019, com show confirmado no palco Alf\u00e2ndega no dia 5 de setembro","description":"O prefeito de Manaus, David Almeida, anunciou em suas redes sociais a confirma\u00e7\u00e3o de mais uma atra\u00e7\u00e3o nacional para o \u201c#SouManaus Passo a Pa\u00e7o 2025\u201d. Trata-se do cantor Eli Soares, um dos principais nomes da m\u00fasica gospel contempor\u00e2nea no Brasil, que se apresentar\u00e1 no dia 5 de setembro, no Palco Alf\u00e2ndega, dedicado \u00e0s atra\u00e7\u00f5es crist\u00e3s do festival.","robots":{"index":"noindex","follow":"follow"},"og_locale":"pt_BR","og_type":"article","og_title":"Eli Soares \u00e9 a nova atra\u00e7\u00e3o nacional do \u2018#SouManaus Passo a Pa\u00e7o 2025\u2019, com show confirmado no palco Alf\u00e2ndega no dia 5 de setembro","og_description":"O prefeito de Manaus, David Almeida, anunciou em suas redes sociais a confirma\u00e7\u00e3o de mais uma atra\u00e7\u00e3o nacional para o \u201c#SouManaus Passo a Pa\u00e7o 2025\u201d. Trata-se do cantor Eli Soares, um dos principais nomes da m\u00fasica gospel contempor\u00e2nea no Brasil, que se apresentar\u00e1 no dia 5 de setembro, no Palco Alf\u00e2ndega, dedicado \u00e0s atra\u00e7\u00f5es crist\u00e3s do festival.","og_url":"https:\/\/www.manaus.am.gov.br\/manauscult\/nova-atracao-nacional-do-soumanaus-passo-a-paco-2025\/","og_site_name":"MANAUSCULT","article_published_time":"2025-07-16T00:42:16+00:00","article_modified_time":"2025-07-16T00:42:48+00:00","og_image":[{"width":1600,"height":920,"url":"https:\/\/www.manaus.am.gov.br\/manauscult\/wp-content\/uploads\/sites\/11\/2025\/07\/WhatsApp-Image-2025-07-15-at-20.23.33.jpeg","type":"image\/jpeg"}],"author":"bvalente","twitter_card":"summary_large_image","twitter_misc":{"Written by":"bvalente","Est. reading time":"4 minutos"},"schema":{"@context":"https:\/\/schema.org","@graph":[{"@type":"WebPage","@id":"https:\/\/www.manaus.am.gov.br\/manauscult\/nova-atracao-nacional-do-soumanaus-passo-a-paco-2025\/","url":"https:\/\/www.manaus.am.gov.br\/manauscult\/nova-atracao-nacional-do-soumanaus-passo-a-paco-2025\/","name":"Eli Soares \u00e9 a nova atra\u00e7\u00e3o nacional do \u2018#SouManaus Passo a Pa\u00e7o 2025\u2019, com show confirmado no palco Alf\u00e2ndega no dia 5 de setembro","isPartOf":{"@id":"https:\/\/www.manaus.am.gov.br\/manauscult\/#website"},"primaryImageOfPage":{"@id":"https:\/\/www.manaus.am.gov.br\/manauscult\/nova-atracao-nacional-do-soumanaus-passo-a-paco-2025\/#primaryimage"},"image":{"@id":"https:\/\/www.manaus.am.gov.br\/manauscult\/nova-atracao-nacional-do-soumanaus-passo-a-paco-2025\/#primaryimage"},"thumbnailUrl":"https:\/\/www.manaus.am.gov.br\/manauscult\/wp-content\/uploads\/sites\/11\/2025\/07\/WhatsApp-Image-2025-07-15-at-20.23.33.jpeg","datePublished":"2025-07-16T00:42:16+00:00","dateModified":"2025-07-16T00:42:48+00:00","author":{"@id":"https:\/\/www.manaus.am.gov.br\/manauscult\/#\/schema\/person\/466a0e03ae4b6062809046bd560ac955"},"description":"O prefeito de Manaus, David Almeida, anunciou em suas redes sociais a confirma\u00e7\u00e3o de mais uma atra\u00e7\u00e3o nacional para o \u201c#SouManaus Passo a Pa\u00e7o 2025\u201d. Trata-se do cantor Eli Soares, um dos principais nomes da m\u00fasica gospel contempor\u00e2nea no Brasil, que se apresentar\u00e1 no dia 5 de setembro, no Palco Alf\u00e2ndega, dedicado \u00e0s atra\u00e7\u00f5es crist\u00e3s do festival.","breadcrumb":{"@id":"https:\/\/www.manaus.am.gov.br\/manauscult\/nova-atracao-nacional-do-soumanaus-passo-a-paco-2025\/#breadcrumb"},"inLanguage":"pt-BR","potentialAction":[{"@type":"ReadAction","target":["https:\/\/www.manaus.am.gov.br\/manauscult\/nova-atracao-nacional-do-soumanaus-passo-a-paco-2025\/"]}]},{"@type":"ImageObject","inLanguage":"pt-BR","@id":"https:\/\/www.manaus.am.gov.br\/manauscult\/nova-atracao-nacional-do-soumanaus-passo-a-paco-2025\/#primaryimage","url":"https:\/\/www.manaus.am.gov.br\/manauscult\/wp-content\/uploads\/sites\/11\/2025\/07\/WhatsApp-Image-2025-07-15-at-20.23.33.jpeg","contentUrl":"https:\/\/www.manaus.am.gov.br\/manauscult\/wp-content\/uploads\/sites\/11\/2025\/07\/WhatsApp-Image-2025-07-15-at-20.23.33.jpeg","width":1600,"height":920},{"@type":"BreadcrumbList","@id":"https:\/\/www.manaus.am.gov.br\/manauscult\/nova-atracao-nacional-do-soumanaus-passo-a-paco-2025\/#breadcrumb","itemListElement":[{"@type":"ListItem","position":1,"name":"Home","item":"https:\/\/www.manaus.am.gov.br\/manauscult\/"},{"@type":"ListItem","position":2,"name":"Eli Soares \u00e9 a nova atra\u00e7\u00e3o nacional do \u2018#SouManaus Passo a Pa\u00e7o 2025\u2019, com show confirmado no palco Alf\u00e2ndega no dia 5 de setembro"}]},{"@type":"WebSite","@id":"https:\/\/www.manaus.am.gov.br\/manauscult\/#website","url":"https:\/\/www.manaus.am.gov.br\/manauscult\/","name":"MANAUSCULT","description":"Prefeitura de Manaus","potentialAction":[{"@type":"SearchAction","target":{"@type":"EntryPoint","urlTemplate":"https:\/\/www.manaus.am.gov.br\/manauscult\/?s={search_term_string}"},"query-input":"required name=search_term_string"}],"inLanguage":"pt-BR"},{"@type":"Person","@id":"https:\/\/www.manaus.am.gov.br\/manauscult\/#\/schema\/person\/466a0e03ae4b6062809046bd560ac955","name":"bvalente","image":{"@type":"ImageObject","inLanguage":"pt-BR","@id":"https:\/\/www.manaus.am.gov.br\/manauscult\/#\/schema\/person\/image\/","url":"https:\/\/secure.gravatar.com\/avatar\/3e69bc2b014bdad41adfec3a39de07d2?s=96&d=mm&r=g","contentUrl":"https:\/\/secure.gravatar.com\/avatar\/3e69bc2b014bdad41adfec3a39de07d2?s=96&d=mm&r=g","caption":"bvalente"}}]}},"_links":{"self":[{"href":"https:\/\/www.manaus.am.gov.br\/manauscult\/wp-json\/wp\/v2\/posts\/4171"}],"collection":[{"href":"https:\/\/www.manaus.am.gov.br\/manauscult\/wp-json\/wp\/v2\/posts"}],"about":[{"href":"https:\/\/www.manaus.am.gov.br\/manauscult\/wp-json\/wp\/v2\/types\/post"}],"author":[{"embeddable":true,"href":"https:\/\/www.manaus.am.gov.br\/manauscult\/wp-json\/wp\/v2\/users\/68"}],"replies":[{"embeddable":true,"href":"https:\/\/www.manaus.am.gov.br\/manauscult\/wp-json\/wp\/v2\/comments?post=4171"}],"version-history":[{"count":2,"href":"https:\/\/www.manaus.am.gov.br\/manauscult\/wp-json\/wp\/v2\/posts\/4171\/revisions"}],"predecessor-version":[{"id":4175,"href":"https:\/\/www.manaus.am.gov.br\/manauscult\/wp-json\/wp\/v2\/posts\/4171\/revisions\/4175"}],"wp:featuredmedia":[{"embeddable":true,"href":"https:\/\/www.manaus.am.gov.br\/manauscult\/wp-json\/wp\/v2\/media\/4172"}],"wp:attachment":[{"href":"https:\/\/www.manaus.am.gov.br\/manauscult\/wp-json\/wp\/v2\/media?parent=4171"}],"wp:term":[{"taxonomy":"category","embeddable":true,"href":"https:\/\/www.manaus.am.gov.br\/manauscult\/wp-json\/wp\/v2\/categories?post=4171"},{"taxonomy":"post_tag","embeddable":true,"href":"https:\/\/www.manaus.am.gov.br\/manauscult\/wp-json\/wp\/v2\/tags?post=4171"}],"curies":[{"name":"wp","href":"https:\/\/api.w.org\/{rel}","templated":true}]}}