{"id":4124,"date":"2025-07-12T12:19:39","date_gmt":"2025-07-12T16:19:39","guid":{"rendered":"https:\/\/www.manaus.am.gov.br\/manauscult\/mirante-pier-fluxo-turistico\/"},"modified":"2025-07-12T12:21:36","modified_gmt":"2025-07-12T16:21:36","slug":"mirante-pier-fluxo-turistico","status":"publish","type":"post","link":"https:\/\/www.manaus.am.gov.br\/manauscult\/mirante-pier-fluxo-turistico\/","title":{"rendered":"Mirante L\u00facia Almeida e p\u00eder Manaus 355 recebem grande fluxo tur\u00edstico com embarque de congressistas da Ma\u00e7onaria e convidados da Marinha do Brasil"},"content":{"rendered":"\n<p>O mirante L\u00facia Almeida e o p\u00eder Manaus 355, no centro hist\u00f3rico, na manh\u00e3 deste s\u00e1bado, 12\/7, reafirmaram seu papel como importantes equipamentos p\u00fablicos voltados ao turismo e \u00e0 mobilidade fluvial da capital amazonense. De forma quase simult\u00e2nea, os espa\u00e7os, geridos pela Prefeitura de Manaus, por meio da Funda\u00e7\u00e3o Municipal de Cultura, Turismo e Eventos (Manauscult), receberam o embarque de 400 congressistas do Encontro de Ma\u00e7ons e de 100 convidados da Marinha do Brasil, que partiram para passeios tur\u00edsticos pelos rios da cidade.<\/p>\n\n\n\n<p>A opera\u00e7\u00e3o log\u00edstica, conduzida com apoio da Diretoria de Turismo da Manauscult, ocorreu com seguran\u00e7a, fluidez e conforto, refor\u00e7ando a estrutura moderna e a versatilidade do p\u00eder, inaugurado como parte do projeto de requalifica\u00e7\u00e3o da orla de Manaus.<\/p>\n\n\n\n<p>\u201cMesmo com a diversidade de eventos ocorrendo neste fim de semana, o turismo n\u00e3o parou. A movimenta\u00e7\u00e3o intensa no p\u00eder e no mirante comprova que Manaus tem infraestrutura para receber grandes grupos com qualidade e seguran\u00e7a\u201d, destacou o diretor-presidente da Manauscult, Jender Lobato.<\/p>\n\n\n\n<p>As embarca\u00e7\u00f5es sa\u00edram do p\u00eder em dire\u00e7\u00e3o a roteiros tradicionais do River Tour, com paradas programadas em comunidades ind\u00edgenas e ribeirinhas. A agenda faz parte da programa\u00e7\u00e3o oficial dos congressistas e tamb\u00e9m de a\u00e7\u00f5es da Marinha voltadas \u00e0 promo\u00e7\u00e3o da Amaz\u00f4nia como destino tur\u00edstico estrat\u00e9gico.<\/p>\n\n\n\n<p>Para a vice-presidente de Turismo da Manauscult, Oreni Braga, o sucesso da opera\u00e7\u00e3o \u00e9 reflexo direto do investimento cont\u00ednuo em infraestrutura e da vis\u00e3o integrada de turismo e cidadania. \u201cO p\u00eder Manaus 355 e o mirante L\u00facia Almeida s\u00e3o mais do que obras f\u00edsicas, s\u00e3o ferramentas p\u00fablicas a servi\u00e7o do turismo sustent\u00e1vel, da cultura e da inclus\u00e3o. Hoje tivemos uma demonstra\u00e7\u00e3o clara da sua relev\u00e2ncia na pr\u00e1tica\u201d, afirmou.<\/p>\n\n\n\n<p>O modal, que tem sido cada vez mais procurado por ag\u00eancias e operadores de turismo n\u00e1utico, \u00e9 refer\u00eancia por oferecer acessibilidade, seguran\u00e7a e integra\u00e7\u00e3o com o centro hist\u00f3rico da cidade. Com isso, se consolida como ponto estrat\u00e9gico para eventos, embarques tur\u00edsticos e viv\u00eancias culturais na orla manauara.<\/p>\n\n\n\n<p>A atua\u00e7\u00e3o da Manauscult no apoio log\u00edstico e na recep\u00e7\u00e3o aos grupos fortalece o compromisso da gest\u00e3o municipal em fomentar o turismo como pol\u00edtica p\u00fablica eficiente, acess\u00edvel e conectada \u00e0s tradi\u00e7\u00f5es da regi\u00e3o.<\/p>\n\n\n\n<figure class=\"wp-block-image size-large\"><img loading=\"lazy\" decoding=\"async\" width=\"1024\" height=\"682\" src=\"https:\/\/www.manaus.am.gov.br\/manauscult\/wp-content\/uploads\/sites\/11\/2025\/07\/Turismo-1-1-1024x682.jpeg\" alt=\"\" class=\"wp-image-4130\" srcset=\"https:\/\/www.manaus.am.gov.br\/manauscult\/wp-content\/uploads\/sites\/11\/2025\/07\/Turismo-1-1-1024x682.jpeg 1024w, https:\/\/www.manaus.am.gov.br\/manauscult\/wp-content\/uploads\/sites\/11\/2025\/07\/Turismo-1-1-300x200.jpeg 300w, https:\/\/www.manaus.am.gov.br\/manauscult\/wp-content\/uploads\/sites\/11\/2025\/07\/Turismo-1-1-768x512.jpeg 768w, https:\/\/www.manaus.am.gov.br\/manauscult\/wp-content\/uploads\/sites\/11\/2025\/07\/Turismo-1-1-1536x1023.jpeg 1536w, https:\/\/www.manaus.am.gov.br\/manauscult\/wp-content\/uploads\/sites\/11\/2025\/07\/Turismo-1-1.jpeg 1600w\" sizes=\"(max-width: 1024px) 100vw, 1024px\" \/><\/figure>\n\n\n\n<p>&#8212; &#8212; &#8212;<\/p>\n\n\n\n<p><strong>Texto &#8211;<\/strong> J\u00e9ssica Trajano\/Manauscult&nbsp;<\/p>\n\n\n\n<p><strong>Fotos &#8211;<\/strong> Thelson Souza\/Manauscult&nbsp;<\/p>\n","protected":false},"excerpt":{"rendered":"","protected":false},"author":39,"featured_media":4125,"comment_status":"closed","ping_status":"closed","sticky":false,"template":"","format":"standard","meta":{"footnotes":""},"categories":[18],"tags":[1498,1499,1500,9,380,1481,11],"acf":[],"yoast_head":"<!-- This site is optimized with the Yoast SEO plugin v23.0 - https:\/\/yoast.com\/wordpress\/plugins\/seo\/ -->\n<title>Mirante e p\u00eder recebem grande fluxo tur\u00edstico neste s\u00e1bado, 12\/7<\/title>\n<meta name=\"description\" content=\"Mirante e p\u00eder Manaus 355 recebem grande fluxo tur\u00edstico com embarque de congressistas da Ma\u00e7onaria e convidados da Marinha do Brasil.\" \/>\n<meta name=\"robots\" content=\"noindex, follow\" \/>\n<meta property=\"og:locale\" content=\"pt_BR\" \/>\n<meta property=\"og:type\" content=\"article\" \/>\n<meta property=\"og:title\" content=\"Mirante e p\u00eder recebem grande fluxo tur\u00edstico neste s\u00e1bado, 12\/7\" \/>\n<meta property=\"og:description\" content=\"Mirante e p\u00eder Manaus 355 recebem grande fluxo tur\u00edstico com embarque de congressistas da Ma\u00e7onaria e convidados da Marinha do Brasil.\" \/>\n<meta property=\"og:url\" content=\"https:\/\/www.manaus.am.gov.br\/manauscult\/mirante-pier-fluxo-turistico\/\" \/>\n<meta property=\"og:site_name\" content=\"MANAUSCULT\" \/>\n<meta property=\"article:published_time\" content=\"2025-07-12T16:19:39+00:00\" \/>\n<meta property=\"article:modified_time\" content=\"2025-07-12T16:21:36+00:00\" \/>\n<meta property=\"og:image\" content=\"https:\/\/www.manaus.am.gov.br\/manauscult\/wp-content\/uploads\/sites\/11\/2025\/07\/Turismo-2-1.jpeg\" \/>\n\t<meta property=\"og:image:width\" content=\"1600\" \/>\n\t<meta property=\"og:image:height\" content=\"1066\" \/>\n\t<meta property=\"og:image:type\" content=\"image\/jpeg\" \/>\n<meta name=\"author\" content=\"Bruna Greco\" \/>\n<meta name=\"twitter:card\" content=\"summary_large_image\" \/>\n<meta name=\"twitter:label1\" content=\"Written by\" \/>\n\t<meta name=\"twitter:data1\" content=\"Bruna Greco\" \/>\n\t<meta name=\"twitter:label2\" content=\"Est. reading time\" \/>\n\t<meta name=\"twitter:data2\" content=\"3 minutos\" \/>\n<script type=\"application\/ld+json\" class=\"yoast-schema-graph\">{\"@context\":\"https:\/\/schema.org\",\"@graph\":[{\"@type\":\"WebPage\",\"@id\":\"https:\/\/www.manaus.am.gov.br\/manauscult\/mirante-pier-fluxo-turistico\/\",\"url\":\"https:\/\/www.manaus.am.gov.br\/manauscult\/mirante-pier-fluxo-turistico\/\",\"name\":\"Mirante e p\u00eder recebem grande fluxo tur\u00edstico neste s\u00e1bado, 12\/7\",\"isPartOf\":{\"@id\":\"https:\/\/www.manaus.am.gov.br\/manauscult\/#website\"},\"primaryImageOfPage\":{\"@id\":\"https:\/\/www.manaus.am.gov.br\/manauscult\/mirante-pier-fluxo-turistico\/#primaryimage\"},\"image\":{\"@id\":\"https:\/\/www.manaus.am.gov.br\/manauscult\/mirante-pier-fluxo-turistico\/#primaryimage\"},\"thumbnailUrl\":\"https:\/\/www.manaus.am.gov.br\/manauscult\/wp-content\/uploads\/sites\/11\/2025\/07\/Turismo-2-1.jpeg\",\"datePublished\":\"2025-07-12T16:19:39+00:00\",\"dateModified\":\"2025-07-12T16:21:36+00:00\",\"author\":{\"@id\":\"https:\/\/www.manaus.am.gov.br\/manauscult\/#\/schema\/person\/05d223aea2bf115f9883a6ff3683d81b\"},\"description\":\"Mirante e p\u00eder Manaus 355 recebem grande fluxo tur\u00edstico com embarque de congressistas da Ma\u00e7onaria e convidados da Marinha do Brasil.\",\"breadcrumb\":{\"@id\":\"https:\/\/www.manaus.am.gov.br\/manauscult\/mirante-pier-fluxo-turistico\/#breadcrumb\"},\"inLanguage\":\"pt-BR\",\"potentialAction\":[{\"@type\":\"ReadAction\",\"target\":[\"https:\/\/www.manaus.am.gov.br\/manauscult\/mirante-pier-fluxo-turistico\/\"]}]},{\"@type\":\"ImageObject\",\"inLanguage\":\"pt-BR\",\"@id\":\"https:\/\/www.manaus.am.gov.br\/manauscult\/mirante-pier-fluxo-turistico\/#primaryimage\",\"url\":\"https:\/\/www.manaus.am.gov.br\/manauscult\/wp-content\/uploads\/sites\/11\/2025\/07\/Turismo-2-1.jpeg\",\"contentUrl\":\"https:\/\/www.manaus.am.gov.br\/manauscult\/wp-content\/uploads\/sites\/11\/2025\/07\/Turismo-2-1.jpeg\",\"width\":1600,\"height\":1066},{\"@type\":\"BreadcrumbList\",\"@id\":\"https:\/\/www.manaus.am.gov.br\/manauscult\/mirante-pier-fluxo-turistico\/#breadcrumb\",\"itemListElement\":[{\"@type\":\"ListItem\",\"position\":1,\"name\":\"Home\",\"item\":\"https:\/\/www.manaus.am.gov.br\/manauscult\/\"},{\"@type\":\"ListItem\",\"position\":2,\"name\":\"Mirante L\u00facia Almeida e p\u00eder Manaus 355 recebem grande fluxo tur\u00edstico com embarque de congressistas da Ma\u00e7onaria e convidados da Marinha do Brasil\"}]},{\"@type\":\"WebSite\",\"@id\":\"https:\/\/www.manaus.am.gov.br\/manauscult\/#website\",\"url\":\"https:\/\/www.manaus.am.gov.br\/manauscult\/\",\"name\":\"MANAUSCULT\",\"description\":\"Prefeitura de Manaus\",\"potentialAction\":[{\"@type\":\"SearchAction\",\"target\":{\"@type\":\"EntryPoint\",\"urlTemplate\":\"https:\/\/www.manaus.am.gov.br\/manauscult\/?s={search_term_string}\"},\"query-input\":\"required name=search_term_string\"}],\"inLanguage\":\"pt-BR\"},{\"@type\":\"Person\",\"@id\":\"https:\/\/www.manaus.am.gov.br\/manauscult\/#\/schema\/person\/05d223aea2bf115f9883a6ff3683d81b\",\"name\":\"Bruna Greco\",\"image\":{\"@type\":\"ImageObject\",\"inLanguage\":\"pt-BR\",\"@id\":\"https:\/\/www.manaus.am.gov.br\/manauscult\/#\/schema\/person\/image\/\",\"url\":\"https:\/\/secure.gravatar.com\/avatar\/9c877d1a6adc2a055330e5c09a8653ce?s=96&d=mm&r=g\",\"contentUrl\":\"https:\/\/secure.gravatar.com\/avatar\/9c877d1a6adc2a055330e5c09a8653ce?s=96&d=mm&r=g\",\"caption\":\"Bruna Greco\"}}]}<\/script>\n<!-- \/ Yoast SEO plugin. -->","yoast_head_json":{"title":"Mirante e p\u00eder recebem grande fluxo tur\u00edstico neste s\u00e1bado, 12\/7","description":"Mirante e p\u00eder Manaus 355 recebem grande fluxo tur\u00edstico com embarque de congressistas da Ma\u00e7onaria e convidados da Marinha do Brasil.","robots":{"index":"noindex","follow":"follow"},"og_locale":"pt_BR","og_type":"article","og_title":"Mirante e p\u00eder recebem grande fluxo tur\u00edstico neste s\u00e1bado, 12\/7","og_description":"Mirante e p\u00eder Manaus 355 recebem grande fluxo tur\u00edstico com embarque de congressistas da Ma\u00e7onaria e convidados da Marinha do Brasil.","og_url":"https:\/\/www.manaus.am.gov.br\/manauscult\/mirante-pier-fluxo-turistico\/","og_site_name":"MANAUSCULT","article_published_time":"2025-07-12T16:19:39+00:00","article_modified_time":"2025-07-12T16:21:36+00:00","og_image":[{"width":1600,"height":1066,"url":"https:\/\/www.manaus.am.gov.br\/manauscult\/wp-content\/uploads\/sites\/11\/2025\/07\/Turismo-2-1.jpeg","type":"image\/jpeg"}],"author":"Bruna Greco","twitter_card":"summary_large_image","twitter_misc":{"Written by":"Bruna Greco","Est. reading time":"3 minutos"},"schema":{"@context":"https:\/\/schema.org","@graph":[{"@type":"WebPage","@id":"https:\/\/www.manaus.am.gov.br\/manauscult\/mirante-pier-fluxo-turistico\/","url":"https:\/\/www.manaus.am.gov.br\/manauscult\/mirante-pier-fluxo-turistico\/","name":"Mirante e p\u00eder recebem grande fluxo tur\u00edstico neste s\u00e1bado, 12\/7","isPartOf":{"@id":"https:\/\/www.manaus.am.gov.br\/manauscult\/#website"},"primaryImageOfPage":{"@id":"https:\/\/www.manaus.am.gov.br\/manauscult\/mirante-pier-fluxo-turistico\/#primaryimage"},"image":{"@id":"https:\/\/www.manaus.am.gov.br\/manauscult\/mirante-pier-fluxo-turistico\/#primaryimage"},"thumbnailUrl":"https:\/\/www.manaus.am.gov.br\/manauscult\/wp-content\/uploads\/sites\/11\/2025\/07\/Turismo-2-1.jpeg","datePublished":"2025-07-12T16:19:39+00:00","dateModified":"2025-07-12T16:21:36+00:00","author":{"@id":"https:\/\/www.manaus.am.gov.br\/manauscult\/#\/schema\/person\/05d223aea2bf115f9883a6ff3683d81b"},"description":"Mirante e p\u00eder Manaus 355 recebem grande fluxo tur\u00edstico com embarque de congressistas da Ma\u00e7onaria e convidados da Marinha do Brasil.","breadcrumb":{"@id":"https:\/\/www.manaus.am.gov.br\/manauscult\/mirante-pier-fluxo-turistico\/#breadcrumb"},"inLanguage":"pt-BR","potentialAction":[{"@type":"ReadAction","target":["https:\/\/www.manaus.am.gov.br\/manauscult\/mirante-pier-fluxo-turistico\/"]}]},{"@type":"ImageObject","inLanguage":"pt-BR","@id":"https:\/\/www.manaus.am.gov.br\/manauscult\/mirante-pier-fluxo-turistico\/#primaryimage","url":"https:\/\/www.manaus.am.gov.br\/manauscult\/wp-content\/uploads\/sites\/11\/2025\/07\/Turismo-2-1.jpeg","contentUrl":"https:\/\/www.manaus.am.gov.br\/manauscult\/wp-content\/uploads\/sites\/11\/2025\/07\/Turismo-2-1.jpeg","width":1600,"height":1066},{"@type":"BreadcrumbList","@id":"https:\/\/www.manaus.am.gov.br\/manauscult\/mirante-pier-fluxo-turistico\/#breadcrumb","itemListElement":[{"@type":"ListItem","position":1,"name":"Home","item":"https:\/\/www.manaus.am.gov.br\/manauscult\/"},{"@type":"ListItem","position":2,"name":"Mirante L\u00facia Almeida e p\u00eder Manaus 355 recebem grande fluxo tur\u00edstico com embarque de congressistas da Ma\u00e7onaria e convidados da Marinha do Brasil"}]},{"@type":"WebSite","@id":"https:\/\/www.manaus.am.gov.br\/manauscult\/#website","url":"https:\/\/www.manaus.am.gov.br\/manauscult\/","name":"MANAUSCULT","description":"Prefeitura de Manaus","potentialAction":[{"@type":"SearchAction","target":{"@type":"EntryPoint","urlTemplate":"https:\/\/www.manaus.am.gov.br\/manauscult\/?s={search_term_string}"},"query-input":"required name=search_term_string"}],"inLanguage":"pt-BR"},{"@type":"Person","@id":"https:\/\/www.manaus.am.gov.br\/manauscult\/#\/schema\/person\/05d223aea2bf115f9883a6ff3683d81b","name":"Bruna Greco","image":{"@type":"ImageObject","inLanguage":"pt-BR","@id":"https:\/\/www.manaus.am.gov.br\/manauscult\/#\/schema\/person\/image\/","url":"https:\/\/secure.gravatar.com\/avatar\/9c877d1a6adc2a055330e5c09a8653ce?s=96&d=mm&r=g","contentUrl":"https:\/\/secure.gravatar.com\/avatar\/9c877d1a6adc2a055330e5c09a8653ce?s=96&d=mm&r=g","caption":"Bruna Greco"}}]}},"_links":{"self":[{"href":"https:\/\/www.manaus.am.gov.br\/manauscult\/wp-json\/wp\/v2\/posts\/4124"}],"collection":[{"href":"https:\/\/www.manaus.am.gov.br\/manauscult\/wp-json\/wp\/v2\/posts"}],"about":[{"href":"https:\/\/www.manaus.am.gov.br\/manauscult\/wp-json\/wp\/v2\/types\/post"}],"author":[{"embeddable":true,"href":"https:\/\/www.manaus.am.gov.br\/manauscult\/wp-json\/wp\/v2\/users\/39"}],"replies":[{"embeddable":true,"href":"https:\/\/www.manaus.am.gov.br\/manauscult\/wp-json\/wp\/v2\/comments?post=4124"}],"version-history":[{"count":3,"href":"https:\/\/www.manaus.am.gov.br\/manauscult\/wp-json\/wp\/v2\/posts\/4124\/revisions"}],"predecessor-version":[{"id":4131,"href":"https:\/\/www.manaus.am.gov.br\/manauscult\/wp-json\/wp\/v2\/posts\/4124\/revisions\/4131"}],"wp:featuredmedia":[{"embeddable":true,"href":"https:\/\/www.manaus.am.gov.br\/manauscult\/wp-json\/wp\/v2\/media\/4125"}],"wp:attachment":[{"href":"https:\/\/www.manaus.am.gov.br\/manauscult\/wp-json\/wp\/v2\/media?parent=4124"}],"wp:term":[{"taxonomy":"category","embeddable":true,"href":"https:\/\/www.manaus.am.gov.br\/manauscult\/wp-json\/wp\/v2\/categories?post=4124"},{"taxonomy":"post_tag","embeddable":true,"href":"https:\/\/www.manaus.am.gov.br\/manauscult\/wp-json\/wp\/v2\/tags?post=4124"}],"curies":[{"name":"wp","href":"https:\/\/api.w.org\/{rel}","templated":true}]}}