{"id":4116,"date":"2025-07-10T17:01:24","date_gmt":"2025-07-10T21:01:24","guid":{"rendered":"https:\/\/www.manaus.am.gov.br\/manauscult\/capacitacao-em-turismo-colonia-antonio-aleixo\/"},"modified":"2025-07-10T17:01:25","modified_gmt":"2025-07-10T21:01:25","slug":"capacitacao-em-turismo-colonia-antonio-aleixo","status":"publish","type":"post","link":"https:\/\/www.manaus.am.gov.br\/manauscult\/capacitacao-em-turismo-colonia-antonio-aleixo\/","title":{"rendered":"Prefeitura de Manaus inicia capacita\u00e7\u00e3o em turismo de base comunit\u00e1ria na Col\u00f4nia Ant\u00f4nio Aleixo"},"content":{"rendered":"\n<p>A Prefeitura de Manaus, por meio da Funda\u00e7\u00e3o Municipal de Cultura, Turismo e Eventos (Manauscult), deu in\u00edcio ao Programa de Capacita\u00e7\u00e3o e Qualifica\u00e7\u00e3o Profissional no Turismo de Base Comunit\u00e1ria, que integra o projeto Viv\u00eancias Amaz\u00f4nicas \u2013 Capacita\u00e7\u00e3o e Qualifica\u00e7\u00e3o de Comunidades Locais. A primeira etapa do programa ser\u00e1 realizada na Col\u00f4nia Ant\u00f4nio Aleixo, no per\u00edodo de 15\/7 a 1\u00ba\/8, sempre das 18h \u00e0s 21h.<\/p>\n\n\n\n<p>A a\u00e7\u00e3o contemplar\u00e1 tamb\u00e9m o Centro Hist\u00f3rico de Manaus e a comunidade do Livramento, na Reserva de Desenvolvimento Sustent\u00e1vel (RDS) do Tup\u00e9. A proposta \u00e9 capacitar jovens e adultos que j\u00e1 atuam ou pretendem atuar na atividade tur\u00edstica, alcan\u00e7ando aproximadamente 300 participantes nas tr\u00eas localidades.<\/p>\n\n\n\n<p>\u201cO turismo de base comunit\u00e1ria \u00e9 uma das formas mais sustent\u00e1veis de promover desenvolvimento, renda e pertencimento nas comunidades. Com esse projeto, estamos investindo diretamente nas pessoas, que s\u00e3o o principal patrim\u00f4nio cultural e humano da nossa cidade. \u00c9 uma a\u00e7\u00e3o estrat\u00e9gica e transformadora\u201d, destacou o diretor-presidente da Manauscult, Jender Lobato.<\/p>\n\n\n\n<p>Os cursos ter\u00e3o uma carga total de 270 horas de forma\u00e7\u00e3o, distribu\u00eddas em tr\u00eas eixos principais: capacita\u00e7\u00e3o do ecossistema do turismo local, empreendedorismo no turismo e inclus\u00e3o digital com marketing pessoal. Inscri\u00e7\u00f5es abertas no link https:\/\/forms.gle\/SvjvxR53gzKnpoxVA.<\/p>\n\n\n\n<p>A proposta est\u00e1 alinhada ao Plano Nacional de Turismo (PNT) 2025, que incentiva a qualifica\u00e7\u00e3o, a inova\u00e7\u00e3o e a inclus\u00e3o social, por meio do turismo. A a\u00e7\u00e3o tamb\u00e9m conta com o apoio do Movimento de Reintegra\u00e7\u00e3o das Pessoas Atingidas pela Hansen\u00edase (Morhan), parceiro no fortalecimento da inclus\u00e3o social e da participa\u00e7\u00e3o cidad\u00e3 no processo de desenvolvimento das comunidades.<\/p>\n\n\n\n<p>A capacita\u00e7\u00e3o visa fortalecer a valoriza\u00e7\u00e3o do patrim\u00f4nio cultural e natural de cada territ\u00f3rio, promovendo uma conscientiza\u00e7\u00e3o cr\u00edtica e sustent\u00e1vel entre os participantes. Com isso, espera-se n\u00e3o apenas o aumento da qualidade no atendimento ao turista, mas tamb\u00e9m a gera\u00e7\u00e3o de renda e melhoria da qualidade de vida nas comunidades.<\/p>\n\n\n\n<p>&#8212; &#8212; &#8212;<\/p>\n\n\n\n<p><strong>Texto \u2013 <\/strong>J\u00e9ssica Trajano \/ Manauscult<\/p>\n\n\n\n<p><strong>Foto \u2013 <\/strong>Divulga\u00e7\u00e3o \/ Manauscult<\/p>\n","protected":false},"excerpt":{"rendered":"","protected":false},"author":57,"featured_media":4117,"comment_status":"closed","ping_status":"closed","sticky":false,"template":"","format":"standard","meta":{"footnotes":""},"categories":[18],"tags":[1495,9,11],"acf":[],"yoast_head":"<!-- This site is optimized with the Yoast SEO plugin v23.0 - https:\/\/yoast.com\/wordpress\/plugins\/seo\/ -->\n<title>PMM inicia capacita\u00e7\u00e3o em turismo na Col\u00f4nia Ant\u00f4nio Aleixo<\/title>\n<meta name=\"description\" content=\"A PMM deu in\u00edcio ao Programa de Capacita\u00e7\u00e3o e Qualifica\u00e7\u00e3o Profissional no Turismo de Base Comunit\u00e1ria - Viv\u00eancias Amaz\u00f4nicas.\" \/>\n<meta name=\"robots\" content=\"noindex, follow\" \/>\n<meta property=\"og:locale\" content=\"pt_BR\" \/>\n<meta property=\"og:type\" content=\"article\" \/>\n<meta property=\"og:title\" content=\"PMM inicia capacita\u00e7\u00e3o em turismo na Col\u00f4nia Ant\u00f4nio Aleixo\" \/>\n<meta property=\"og:description\" content=\"A PMM deu in\u00edcio ao Programa de Capacita\u00e7\u00e3o e Qualifica\u00e7\u00e3o Profissional no Turismo de Base Comunit\u00e1ria - Viv\u00eancias Amaz\u00f4nicas.\" \/>\n<meta property=\"og:url\" content=\"https:\/\/www.manaus.am.gov.br\/manauscult\/capacitacao-em-turismo-colonia-antonio-aleixo\/\" \/>\n<meta property=\"og:site_name\" content=\"MANAUSCULT\" \/>\n<meta property=\"article:published_time\" content=\"2025-07-10T21:01:24+00:00\" \/>\n<meta property=\"article:modified_time\" content=\"2025-07-10T21:01:25+00:00\" \/>\n<meta property=\"og:image\" content=\"https:\/\/www.manaus.am.gov.br\/manauscult\/wp-content\/uploads\/sites\/11\/2025\/07\/capacitacao-em-turismo.jpeg\" \/>\n\t<meta property=\"og:image:width\" content=\"1500\" \/>\n\t<meta property=\"og:image:height\" content=\"1000\" \/>\n\t<meta property=\"og:image:type\" content=\"image\/jpeg\" \/>\n<meta name=\"author\" content=\"Thiago Fernando\" \/>\n<meta name=\"twitter:card\" content=\"summary_large_image\" \/>\n<meta name=\"twitter:label1\" content=\"Written by\" \/>\n\t<meta name=\"twitter:data1\" content=\"Thiago Fernando\" \/>\n\t<meta name=\"twitter:label2\" content=\"Est. reading time\" \/>\n\t<meta name=\"twitter:data2\" content=\"2 minutos\" \/>\n<script type=\"application\/ld+json\" class=\"yoast-schema-graph\">{\"@context\":\"https:\/\/schema.org\",\"@graph\":[{\"@type\":\"WebPage\",\"@id\":\"https:\/\/www.manaus.am.gov.br\/manauscult\/capacitacao-em-turismo-colonia-antonio-aleixo\/\",\"url\":\"https:\/\/www.manaus.am.gov.br\/manauscult\/capacitacao-em-turismo-colonia-antonio-aleixo\/\",\"name\":\"PMM inicia capacita\u00e7\u00e3o em turismo na Col\u00f4nia Ant\u00f4nio Aleixo\",\"isPartOf\":{\"@id\":\"https:\/\/www.manaus.am.gov.br\/manauscult\/#website\"},\"primaryImageOfPage\":{\"@id\":\"https:\/\/www.manaus.am.gov.br\/manauscult\/capacitacao-em-turismo-colonia-antonio-aleixo\/#primaryimage\"},\"image\":{\"@id\":\"https:\/\/www.manaus.am.gov.br\/manauscult\/capacitacao-em-turismo-colonia-antonio-aleixo\/#primaryimage\"},\"thumbnailUrl\":\"https:\/\/www.manaus.am.gov.br\/manauscult\/wp-content\/uploads\/sites\/11\/2025\/07\/capacitacao-em-turismo.jpeg\",\"datePublished\":\"2025-07-10T21:01:24+00:00\",\"dateModified\":\"2025-07-10T21:01:25+00:00\",\"author\":{\"@id\":\"https:\/\/www.manaus.am.gov.br\/manauscult\/#\/schema\/person\/a5ee5376db6e21af026374b369f30882\"},\"description\":\"A PMM deu in\u00edcio ao Programa de Capacita\u00e7\u00e3o e Qualifica\u00e7\u00e3o Profissional no Turismo de Base Comunit\u00e1ria - Viv\u00eancias Amaz\u00f4nicas.\",\"breadcrumb\":{\"@id\":\"https:\/\/www.manaus.am.gov.br\/manauscult\/capacitacao-em-turismo-colonia-antonio-aleixo\/#breadcrumb\"},\"inLanguage\":\"pt-BR\",\"potentialAction\":[{\"@type\":\"ReadAction\",\"target\":[\"https:\/\/www.manaus.am.gov.br\/manauscult\/capacitacao-em-turismo-colonia-antonio-aleixo\/\"]}]},{\"@type\":\"ImageObject\",\"inLanguage\":\"pt-BR\",\"@id\":\"https:\/\/www.manaus.am.gov.br\/manauscult\/capacitacao-em-turismo-colonia-antonio-aleixo\/#primaryimage\",\"url\":\"https:\/\/www.manaus.am.gov.br\/manauscult\/wp-content\/uploads\/sites\/11\/2025\/07\/capacitacao-em-turismo.jpeg\",\"contentUrl\":\"https:\/\/www.manaus.am.gov.br\/manauscult\/wp-content\/uploads\/sites\/11\/2025\/07\/capacitacao-em-turismo.jpeg\",\"width\":1500,\"height\":1000,\"caption\":\"capacita\u00e7\u00e3o em turismo\"},{\"@type\":\"BreadcrumbList\",\"@id\":\"https:\/\/www.manaus.am.gov.br\/manauscult\/capacitacao-em-turismo-colonia-antonio-aleixo\/#breadcrumb\",\"itemListElement\":[{\"@type\":\"ListItem\",\"position\":1,\"name\":\"Home\",\"item\":\"https:\/\/www.manaus.am.gov.br\/manauscult\/\"},{\"@type\":\"ListItem\",\"position\":2,\"name\":\"Prefeitura de Manaus inicia capacita\u00e7\u00e3o em turismo de base comunit\u00e1ria na Col\u00f4nia Ant\u00f4nio Aleixo\"}]},{\"@type\":\"WebSite\",\"@id\":\"https:\/\/www.manaus.am.gov.br\/manauscult\/#website\",\"url\":\"https:\/\/www.manaus.am.gov.br\/manauscult\/\",\"name\":\"MANAUSCULT\",\"description\":\"Prefeitura de Manaus\",\"potentialAction\":[{\"@type\":\"SearchAction\",\"target\":{\"@type\":\"EntryPoint\",\"urlTemplate\":\"https:\/\/www.manaus.am.gov.br\/manauscult\/?s={search_term_string}\"},\"query-input\":\"required name=search_term_string\"}],\"inLanguage\":\"pt-BR\"},{\"@type\":\"Person\",\"@id\":\"https:\/\/www.manaus.am.gov.br\/manauscult\/#\/schema\/person\/a5ee5376db6e21af026374b369f30882\",\"name\":\"Thiago Fernando\",\"image\":{\"@type\":\"ImageObject\",\"inLanguage\":\"pt-BR\",\"@id\":\"https:\/\/www.manaus.am.gov.br\/manauscult\/#\/schema\/person\/image\/\",\"url\":\"https:\/\/secure.gravatar.com\/avatar\/f5aab8722444041451501c077052ac07?s=96&d=mm&r=g\",\"contentUrl\":\"https:\/\/secure.gravatar.com\/avatar\/f5aab8722444041451501c077052ac07?s=96&d=mm&r=g\",\"caption\":\"Thiago Fernando\"}}]}<\/script>\n<!-- \/ Yoast SEO plugin. -->","yoast_head_json":{"title":"PMM inicia capacita\u00e7\u00e3o em turismo na Col\u00f4nia Ant\u00f4nio Aleixo","description":"A PMM deu in\u00edcio ao Programa de Capacita\u00e7\u00e3o e Qualifica\u00e7\u00e3o Profissional no Turismo de Base Comunit\u00e1ria - Viv\u00eancias Amaz\u00f4nicas.","robots":{"index":"noindex","follow":"follow"},"og_locale":"pt_BR","og_type":"article","og_title":"PMM inicia capacita\u00e7\u00e3o em turismo na Col\u00f4nia Ant\u00f4nio Aleixo","og_description":"A PMM deu in\u00edcio ao Programa de Capacita\u00e7\u00e3o e Qualifica\u00e7\u00e3o Profissional no Turismo de Base Comunit\u00e1ria - Viv\u00eancias Amaz\u00f4nicas.","og_url":"https:\/\/www.manaus.am.gov.br\/manauscult\/capacitacao-em-turismo-colonia-antonio-aleixo\/","og_site_name":"MANAUSCULT","article_published_time":"2025-07-10T21:01:24+00:00","article_modified_time":"2025-07-10T21:01:25+00:00","og_image":[{"width":1500,"height":1000,"url":"https:\/\/www.manaus.am.gov.br\/manauscult\/wp-content\/uploads\/sites\/11\/2025\/07\/capacitacao-em-turismo.jpeg","type":"image\/jpeg"}],"author":"Thiago Fernando","twitter_card":"summary_large_image","twitter_misc":{"Written by":"Thiago Fernando","Est. reading time":"2 minutos"},"schema":{"@context":"https:\/\/schema.org","@graph":[{"@type":"WebPage","@id":"https:\/\/www.manaus.am.gov.br\/manauscult\/capacitacao-em-turismo-colonia-antonio-aleixo\/","url":"https:\/\/www.manaus.am.gov.br\/manauscult\/capacitacao-em-turismo-colonia-antonio-aleixo\/","name":"PMM inicia capacita\u00e7\u00e3o em turismo na Col\u00f4nia Ant\u00f4nio Aleixo","isPartOf":{"@id":"https:\/\/www.manaus.am.gov.br\/manauscult\/#website"},"primaryImageOfPage":{"@id":"https:\/\/www.manaus.am.gov.br\/manauscult\/capacitacao-em-turismo-colonia-antonio-aleixo\/#primaryimage"},"image":{"@id":"https:\/\/www.manaus.am.gov.br\/manauscult\/capacitacao-em-turismo-colonia-antonio-aleixo\/#primaryimage"},"thumbnailUrl":"https:\/\/www.manaus.am.gov.br\/manauscult\/wp-content\/uploads\/sites\/11\/2025\/07\/capacitacao-em-turismo.jpeg","datePublished":"2025-07-10T21:01:24+00:00","dateModified":"2025-07-10T21:01:25+00:00","author":{"@id":"https:\/\/www.manaus.am.gov.br\/manauscult\/#\/schema\/person\/a5ee5376db6e21af026374b369f30882"},"description":"A PMM deu in\u00edcio ao Programa de Capacita\u00e7\u00e3o e Qualifica\u00e7\u00e3o Profissional no Turismo de Base Comunit\u00e1ria - Viv\u00eancias Amaz\u00f4nicas.","breadcrumb":{"@id":"https:\/\/www.manaus.am.gov.br\/manauscult\/capacitacao-em-turismo-colonia-antonio-aleixo\/#breadcrumb"},"inLanguage":"pt-BR","potentialAction":[{"@type":"ReadAction","target":["https:\/\/www.manaus.am.gov.br\/manauscult\/capacitacao-em-turismo-colonia-antonio-aleixo\/"]}]},{"@type":"ImageObject","inLanguage":"pt-BR","@id":"https:\/\/www.manaus.am.gov.br\/manauscult\/capacitacao-em-turismo-colonia-antonio-aleixo\/#primaryimage","url":"https:\/\/www.manaus.am.gov.br\/manauscult\/wp-content\/uploads\/sites\/11\/2025\/07\/capacitacao-em-turismo.jpeg","contentUrl":"https:\/\/www.manaus.am.gov.br\/manauscult\/wp-content\/uploads\/sites\/11\/2025\/07\/capacitacao-em-turismo.jpeg","width":1500,"height":1000,"caption":"capacita\u00e7\u00e3o em turismo"},{"@type":"BreadcrumbList","@id":"https:\/\/www.manaus.am.gov.br\/manauscult\/capacitacao-em-turismo-colonia-antonio-aleixo\/#breadcrumb","itemListElement":[{"@type":"ListItem","position":1,"name":"Home","item":"https:\/\/www.manaus.am.gov.br\/manauscult\/"},{"@type":"ListItem","position":2,"name":"Prefeitura de Manaus inicia capacita\u00e7\u00e3o em turismo de base comunit\u00e1ria na Col\u00f4nia Ant\u00f4nio Aleixo"}]},{"@type":"WebSite","@id":"https:\/\/www.manaus.am.gov.br\/manauscult\/#website","url":"https:\/\/www.manaus.am.gov.br\/manauscult\/","name":"MANAUSCULT","description":"Prefeitura de Manaus","potentialAction":[{"@type":"SearchAction","target":{"@type":"EntryPoint","urlTemplate":"https:\/\/www.manaus.am.gov.br\/manauscult\/?s={search_term_string}"},"query-input":"required name=search_term_string"}],"inLanguage":"pt-BR"},{"@type":"Person","@id":"https:\/\/www.manaus.am.gov.br\/manauscult\/#\/schema\/person\/a5ee5376db6e21af026374b369f30882","name":"Thiago Fernando","image":{"@type":"ImageObject","inLanguage":"pt-BR","@id":"https:\/\/www.manaus.am.gov.br\/manauscult\/#\/schema\/person\/image\/","url":"https:\/\/secure.gravatar.com\/avatar\/f5aab8722444041451501c077052ac07?s=96&d=mm&r=g","contentUrl":"https:\/\/secure.gravatar.com\/avatar\/f5aab8722444041451501c077052ac07?s=96&d=mm&r=g","caption":"Thiago Fernando"}}]}},"_links":{"self":[{"href":"https:\/\/www.manaus.am.gov.br\/manauscult\/wp-json\/wp\/v2\/posts\/4116"}],"collection":[{"href":"https:\/\/www.manaus.am.gov.br\/manauscult\/wp-json\/wp\/v2\/posts"}],"about":[{"href":"https:\/\/www.manaus.am.gov.br\/manauscult\/wp-json\/wp\/v2\/types\/post"}],"author":[{"embeddable":true,"href":"https:\/\/www.manaus.am.gov.br\/manauscult\/wp-json\/wp\/v2\/users\/57"}],"replies":[{"embeddable":true,"href":"https:\/\/www.manaus.am.gov.br\/manauscult\/wp-json\/wp\/v2\/comments?post=4116"}],"version-history":[{"count":0,"href":"https:\/\/www.manaus.am.gov.br\/manauscult\/wp-json\/wp\/v2\/posts\/4116\/revisions"}],"wp:featuredmedia":[{"embeddable":true,"href":"https:\/\/www.manaus.am.gov.br\/manauscult\/wp-json\/wp\/v2\/media\/4117"}],"wp:attachment":[{"href":"https:\/\/www.manaus.am.gov.br\/manauscult\/wp-json\/wp\/v2\/media?parent=4116"}],"wp:term":[{"taxonomy":"category","embeddable":true,"href":"https:\/\/www.manaus.am.gov.br\/manauscult\/wp-json\/wp\/v2\/categories?post=4116"},{"taxonomy":"post_tag","embeddable":true,"href":"https:\/\/www.manaus.am.gov.br\/manauscult\/wp-json\/wp\/v2\/tags?post=4116"}],"curies":[{"name":"wp","href":"https:\/\/api.w.org\/{rel}","templated":true}]}}