{"id":4101,"date":"2025-07-06T09:47:52","date_gmt":"2025-07-06T13:47:52","guid":{"rendered":"https:\/\/www.manaus.am.gov.br\/manauscult\/festival-cultural-zona-leste\/"},"modified":"2025-07-06T09:47:52","modified_gmt":"2025-07-06T13:47:52","slug":"festival-cultural-zona-leste","status":"publish","type":"post","link":"https:\/\/www.manaus.am.gov.br\/manauscult\/festival-cultural-zona-leste\/","title":{"rendered":"Prefeitura apoia \u2018Festival Cultural S\u00e3o Jo\u00e3o na Zona Leste\u2019 e valoriza a cultura local"},"content":{"rendered":"\n<p>Iniciou neste final de semana, o \u201cFestival Cultural S\u00e3o Jo\u00e3o na Zona Leste\u201d, promovido pelo Instituto Cultural de Desporto e Lazer do Estado do Amazonas (ICDLAM), com apoio da Prefeitura de Manaus, por meio da Funda\u00e7\u00e3o Municipal de Cultura, Turismo e Eventos (Manauscult). O evento \u00e9 realizado por meio de emenda parlamentar, e acontece sempre de quinta a domingo, seguindo at\u00e9 o dia 20 de julho, com entrada gratuita.<\/p>\n\n\n\n<p>A festa acontece no Campo da Liga do S\u00e3o Jos\u00e9 I, no bairro S\u00e3o Jos\u00e9 Oper\u00e1rio, e re\u00fane diversas atra\u00e7\u00f5es voltadas \u00e0 cultura popular e ao lazer das fam\u00edlias manauaras. O espa\u00e7o conta com estrutura completa e apoio da Manauscult, incluindo palco, som, ilumina\u00e7\u00e3o, pain\u00e9is de LED, tablados, banheiros qu\u00edmicos, tendas, \u00e1rea gastron\u00f4mica, espa\u00e7o kids e muito mais.<\/p>\n\n\n\n<p>A proposta \u00e9 valorizar os artistas locais, promover inclus\u00e3o cultural, movimentar a economia da regi\u00e3o e oferecer op\u00e7\u00f5es de lazer e entretenimento gratuitas e acess\u00edveis \u00e0 popula\u00e7\u00e3o da zona Leste e adjac\u00eancias.<\/p>\n\n\n\n<p>Durante a programa\u00e7\u00e3o, a equipe de monitoramento e fiscaliza\u00e7\u00e3o da Manauscult estar\u00e1 presente, acompanhando de perto a execu\u00e7\u00e3o do projeto e garantindo que tudo ocorra conforme o plano de trabalho aprovado. A atua\u00e7\u00e3o visa assegurar o bom uso dos recursos p\u00fablicos, a seguran\u00e7a do p\u00fablico e a qualidade da estrutura oferecida.<\/p>\n\n\n\n<p>\u201cA Manauscult tem como miss\u00e3o promover e democratizar o acesso \u00e0 cultura, especialmente nas \u00e1reas mais perif\u00e9ricas. Estar presente com apoio e fiscaliza\u00e7\u00e3o em eventos como o \u201cS\u00e3o Jo\u00e3o da Zona Leste\u201d \u00e9 garantir que a cultura chegue onde mais precisa estar: perto do povo\u201d, destacou o diretor-presidente da Manauscult, Jender Lobato.<\/p>\n\n\n\n<p>A a\u00e7\u00e3o tem sido celebrada por quem vive na regi\u00e3o. Moradora do bairro S\u00e3o Jos\u00e9, Fernanda Luiza parabenizou a iniciativa. \u201c\u00c9 muito bom ver esse tipo de evento acontecer aqui. A gente se sente valorizado, nossas crian\u00e7as t\u00eam lazer, a fam\u00edlia se diverte, e ainda movimenta a economia local. Parab\u00e9ns \u00e0 Manauscult e a todos os envolvidos\u201d, disse.<\/p>\n\n\n\n<p>O evento \u201cS\u00e3o Jo\u00e3o\u201d \u00e9 mais uma iniciativa de parceria entre a Manauscult e o ICDLAM, com objetivo de garantir o direito constitucional de acesso \u00e0 cultura, descentralizar as pol\u00edticas p\u00fablicas culturais e gerar impacto social positivo nas comunidades.<\/p>\n\n\n\n<p>&#8212; &#8212; &#8212;<\/p>\n\n\n\n<p><strong>Texto<\/strong> &#8211; J\u00e9ssica Trajano \/ Manauscult<\/p>\n\n\n\n<p><strong>Fotos <\/strong>&#8211; Thelson Souza \/ Manauscult<\/p>\n","protected":false},"excerpt":{"rendered":"","protected":false},"author":25,"featured_media":4102,"comment_status":"closed","ping_status":"closed","sticky":false,"template":"","format":"standard","meta":{"footnotes":""},"categories":[12],"tags":[1490,1491,9],"acf":[],"yoast_head":"<!-- This site is optimized with the Yoast SEO plugin v23.0 - https:\/\/yoast.com\/wordpress\/plugins\/seo\/ -->\n<title>Prefeitura apoia \u2018Festival Cultural S\u00e3o Jo\u00e3o na Zona Leste\u2019 e valoriza a cultura local<\/title>\n<meta name=\"description\" content=\"Iniciou neste final de semana, o \u201cFestival Cultural S\u00e3o Jo\u00e3o na Zona Leste\u201d, com apoio da Prefeitura de Manaus\" \/>\n<meta name=\"robots\" content=\"noindex, follow\" \/>\n<meta property=\"og:locale\" content=\"pt_BR\" \/>\n<meta property=\"og:type\" content=\"article\" \/>\n<meta property=\"og:title\" content=\"Prefeitura apoia \u2018Festival Cultural S\u00e3o Jo\u00e3o na Zona Leste\u2019 e valoriza a cultura local\" \/>\n<meta property=\"og:description\" content=\"Iniciou neste final de semana, o \u201cFestival Cultural S\u00e3o Jo\u00e3o na Zona Leste\u201d, com apoio da Prefeitura de Manaus\" \/>\n<meta property=\"og:url\" content=\"https:\/\/www.manaus.am.gov.br\/manauscult\/festival-cultural-zona-leste\/\" \/>\n<meta property=\"og:site_name\" content=\"MANAUSCULT\" \/>\n<meta property=\"article:published_time\" content=\"2025-07-06T13:47:52+00:00\" \/>\n<meta property=\"og:image\" content=\"https:\/\/www.manaus.am.gov.br\/manauscult\/wp-content\/uploads\/sites\/11\/2025\/07\/SAOJOAO_1.jpeg\" \/>\n\t<meta property=\"og:image:width\" content=\"1600\" \/>\n\t<meta property=\"og:image:height\" content=\"1066\" \/>\n\t<meta property=\"og:image:type\" content=\"image\/jpeg\" \/>\n<meta name=\"author\" content=\"Maur\u00edcio Freire\" \/>\n<meta name=\"twitter:card\" content=\"summary_large_image\" \/>\n<meta name=\"twitter:label1\" content=\"Written by\" \/>\n\t<meta name=\"twitter:data1\" content=\"Maur\u00edcio Freire\" \/>\n\t<meta name=\"twitter:label2\" content=\"Est. reading time\" \/>\n\t<meta name=\"twitter:data2\" content=\"3 minutos\" \/>\n<script type=\"application\/ld+json\" class=\"yoast-schema-graph\">{\"@context\":\"https:\/\/schema.org\",\"@graph\":[{\"@type\":\"WebPage\",\"@id\":\"https:\/\/www.manaus.am.gov.br\/manauscult\/festival-cultural-zona-leste\/\",\"url\":\"https:\/\/www.manaus.am.gov.br\/manauscult\/festival-cultural-zona-leste\/\",\"name\":\"Prefeitura apoia \u2018Festival Cultural S\u00e3o Jo\u00e3o na Zona Leste\u2019 e valoriza a cultura local\",\"isPartOf\":{\"@id\":\"https:\/\/www.manaus.am.gov.br\/manauscult\/#website\"},\"primaryImageOfPage\":{\"@id\":\"https:\/\/www.manaus.am.gov.br\/manauscult\/festival-cultural-zona-leste\/#primaryimage\"},\"image\":{\"@id\":\"https:\/\/www.manaus.am.gov.br\/manauscult\/festival-cultural-zona-leste\/#primaryimage\"},\"thumbnailUrl\":\"https:\/\/www.manaus.am.gov.br\/manauscult\/wp-content\/uploads\/sites\/11\/2025\/07\/SAOJOAO_1.jpeg\",\"datePublished\":\"2025-07-06T13:47:52+00:00\",\"dateModified\":\"2025-07-06T13:47:52+00:00\",\"author\":{\"@id\":\"https:\/\/www.manaus.am.gov.br\/manauscult\/#\/schema\/person\/587989a23a463cde5618e6a028977a9a\"},\"description\":\"Iniciou neste final de semana, o \u201cFestival Cultural S\u00e3o Jo\u00e3o na Zona Leste\u201d, com apoio da Prefeitura de Manaus\",\"breadcrumb\":{\"@id\":\"https:\/\/www.manaus.am.gov.br\/manauscult\/festival-cultural-zona-leste\/#breadcrumb\"},\"inLanguage\":\"pt-BR\",\"potentialAction\":[{\"@type\":\"ReadAction\",\"target\":[\"https:\/\/www.manaus.am.gov.br\/manauscult\/festival-cultural-zona-leste\/\"]}]},{\"@type\":\"ImageObject\",\"inLanguage\":\"pt-BR\",\"@id\":\"https:\/\/www.manaus.am.gov.br\/manauscult\/festival-cultural-zona-leste\/#primaryimage\",\"url\":\"https:\/\/www.manaus.am.gov.br\/manauscult\/wp-content\/uploads\/sites\/11\/2025\/07\/SAOJOAO_1.jpeg\",\"contentUrl\":\"https:\/\/www.manaus.am.gov.br\/manauscult\/wp-content\/uploads\/sites\/11\/2025\/07\/SAOJOAO_1.jpeg\",\"width\":1600,\"height\":1066,\"caption\":\"#paratodosverem evento re\u00fane diversas atra\u00e7\u00f5es voltadas \u00e0 cultura popular e ao lazer das fam\u00edlias manauaras\"},{\"@type\":\"BreadcrumbList\",\"@id\":\"https:\/\/www.manaus.am.gov.br\/manauscult\/festival-cultural-zona-leste\/#breadcrumb\",\"itemListElement\":[{\"@type\":\"ListItem\",\"position\":1,\"name\":\"Home\",\"item\":\"https:\/\/www.manaus.am.gov.br\/manauscult\/\"},{\"@type\":\"ListItem\",\"position\":2,\"name\":\"Prefeitura apoia \u2018Festival Cultural S\u00e3o Jo\u00e3o na Zona Leste\u2019 e valoriza a cultura local\"}]},{\"@type\":\"WebSite\",\"@id\":\"https:\/\/www.manaus.am.gov.br\/manauscult\/#website\",\"url\":\"https:\/\/www.manaus.am.gov.br\/manauscult\/\",\"name\":\"MANAUSCULT\",\"description\":\"Prefeitura de Manaus\",\"potentialAction\":[{\"@type\":\"SearchAction\",\"target\":{\"@type\":\"EntryPoint\",\"urlTemplate\":\"https:\/\/www.manaus.am.gov.br\/manauscult\/?s={search_term_string}\"},\"query-input\":\"required name=search_term_string\"}],\"inLanguage\":\"pt-BR\"},{\"@type\":\"Person\",\"@id\":\"https:\/\/www.manaus.am.gov.br\/manauscult\/#\/schema\/person\/587989a23a463cde5618e6a028977a9a\",\"name\":\"Maur\u00edcio Freire\",\"image\":{\"@type\":\"ImageObject\",\"inLanguage\":\"pt-BR\",\"@id\":\"https:\/\/www.manaus.am.gov.br\/manauscult\/#\/schema\/person\/image\/\",\"url\":\"https:\/\/secure.gravatar.com\/avatar\/dc1481799a1f75c733ac3b2634cd6749?s=96&d=mm&r=g\",\"contentUrl\":\"https:\/\/secure.gravatar.com\/avatar\/dc1481799a1f75c733ac3b2634cd6749?s=96&d=mm&r=g\",\"caption\":\"Maur\u00edcio Freire\"}}]}<\/script>\n<!-- \/ Yoast SEO plugin. -->","yoast_head_json":{"title":"Prefeitura apoia \u2018Festival Cultural S\u00e3o Jo\u00e3o na Zona Leste\u2019 e valoriza a cultura local","description":"Iniciou neste final de semana, o \u201cFestival Cultural S\u00e3o Jo\u00e3o na Zona Leste\u201d, com apoio da Prefeitura de Manaus","robots":{"index":"noindex","follow":"follow"},"og_locale":"pt_BR","og_type":"article","og_title":"Prefeitura apoia \u2018Festival Cultural S\u00e3o Jo\u00e3o na Zona Leste\u2019 e valoriza a cultura local","og_description":"Iniciou neste final de semana, o \u201cFestival Cultural S\u00e3o Jo\u00e3o na Zona Leste\u201d, com apoio da Prefeitura de Manaus","og_url":"https:\/\/www.manaus.am.gov.br\/manauscult\/festival-cultural-zona-leste\/","og_site_name":"MANAUSCULT","article_published_time":"2025-07-06T13:47:52+00:00","og_image":[{"width":1600,"height":1066,"url":"https:\/\/www.manaus.am.gov.br\/manauscult\/wp-content\/uploads\/sites\/11\/2025\/07\/SAOJOAO_1.jpeg","type":"image\/jpeg"}],"author":"Maur\u00edcio Freire","twitter_card":"summary_large_image","twitter_misc":{"Written by":"Maur\u00edcio Freire","Est. reading time":"3 minutos"},"schema":{"@context":"https:\/\/schema.org","@graph":[{"@type":"WebPage","@id":"https:\/\/www.manaus.am.gov.br\/manauscult\/festival-cultural-zona-leste\/","url":"https:\/\/www.manaus.am.gov.br\/manauscult\/festival-cultural-zona-leste\/","name":"Prefeitura apoia \u2018Festival Cultural S\u00e3o Jo\u00e3o na Zona Leste\u2019 e valoriza a cultura local","isPartOf":{"@id":"https:\/\/www.manaus.am.gov.br\/manauscult\/#website"},"primaryImageOfPage":{"@id":"https:\/\/www.manaus.am.gov.br\/manauscult\/festival-cultural-zona-leste\/#primaryimage"},"image":{"@id":"https:\/\/www.manaus.am.gov.br\/manauscult\/festival-cultural-zona-leste\/#primaryimage"},"thumbnailUrl":"https:\/\/www.manaus.am.gov.br\/manauscult\/wp-content\/uploads\/sites\/11\/2025\/07\/SAOJOAO_1.jpeg","datePublished":"2025-07-06T13:47:52+00:00","dateModified":"2025-07-06T13:47:52+00:00","author":{"@id":"https:\/\/www.manaus.am.gov.br\/manauscult\/#\/schema\/person\/587989a23a463cde5618e6a028977a9a"},"description":"Iniciou neste final de semana, o \u201cFestival Cultural S\u00e3o Jo\u00e3o na Zona Leste\u201d, com apoio da Prefeitura de Manaus","breadcrumb":{"@id":"https:\/\/www.manaus.am.gov.br\/manauscult\/festival-cultural-zona-leste\/#breadcrumb"},"inLanguage":"pt-BR","potentialAction":[{"@type":"ReadAction","target":["https:\/\/www.manaus.am.gov.br\/manauscult\/festival-cultural-zona-leste\/"]}]},{"@type":"ImageObject","inLanguage":"pt-BR","@id":"https:\/\/www.manaus.am.gov.br\/manauscult\/festival-cultural-zona-leste\/#primaryimage","url":"https:\/\/www.manaus.am.gov.br\/manauscult\/wp-content\/uploads\/sites\/11\/2025\/07\/SAOJOAO_1.jpeg","contentUrl":"https:\/\/www.manaus.am.gov.br\/manauscult\/wp-content\/uploads\/sites\/11\/2025\/07\/SAOJOAO_1.jpeg","width":1600,"height":1066,"caption":"#paratodosverem evento re\u00fane diversas atra\u00e7\u00f5es voltadas \u00e0 cultura popular e ao lazer das fam\u00edlias manauaras"},{"@type":"BreadcrumbList","@id":"https:\/\/www.manaus.am.gov.br\/manauscult\/festival-cultural-zona-leste\/#breadcrumb","itemListElement":[{"@type":"ListItem","position":1,"name":"Home","item":"https:\/\/www.manaus.am.gov.br\/manauscult\/"},{"@type":"ListItem","position":2,"name":"Prefeitura apoia \u2018Festival Cultural S\u00e3o Jo\u00e3o na Zona Leste\u2019 e valoriza a cultura local"}]},{"@type":"WebSite","@id":"https:\/\/www.manaus.am.gov.br\/manauscult\/#website","url":"https:\/\/www.manaus.am.gov.br\/manauscult\/","name":"MANAUSCULT","description":"Prefeitura de Manaus","potentialAction":[{"@type":"SearchAction","target":{"@type":"EntryPoint","urlTemplate":"https:\/\/www.manaus.am.gov.br\/manauscult\/?s={search_term_string}"},"query-input":"required name=search_term_string"}],"inLanguage":"pt-BR"},{"@type":"Person","@id":"https:\/\/www.manaus.am.gov.br\/manauscult\/#\/schema\/person\/587989a23a463cde5618e6a028977a9a","name":"Maur\u00edcio Freire","image":{"@type":"ImageObject","inLanguage":"pt-BR","@id":"https:\/\/www.manaus.am.gov.br\/manauscult\/#\/schema\/person\/image\/","url":"https:\/\/secure.gravatar.com\/avatar\/dc1481799a1f75c733ac3b2634cd6749?s=96&d=mm&r=g","contentUrl":"https:\/\/secure.gravatar.com\/avatar\/dc1481799a1f75c733ac3b2634cd6749?s=96&d=mm&r=g","caption":"Maur\u00edcio Freire"}}]}},"_links":{"self":[{"href":"https:\/\/www.manaus.am.gov.br\/manauscult\/wp-json\/wp\/v2\/posts\/4101"}],"collection":[{"href":"https:\/\/www.manaus.am.gov.br\/manauscult\/wp-json\/wp\/v2\/posts"}],"about":[{"href":"https:\/\/www.manaus.am.gov.br\/manauscult\/wp-json\/wp\/v2\/types\/post"}],"author":[{"embeddable":true,"href":"https:\/\/www.manaus.am.gov.br\/manauscult\/wp-json\/wp\/v2\/users\/25"}],"replies":[{"embeddable":true,"href":"https:\/\/www.manaus.am.gov.br\/manauscult\/wp-json\/wp\/v2\/comments?post=4101"}],"version-history":[{"count":0,"href":"https:\/\/www.manaus.am.gov.br\/manauscult\/wp-json\/wp\/v2\/posts\/4101\/revisions"}],"wp:featuredmedia":[{"embeddable":true,"href":"https:\/\/www.manaus.am.gov.br\/manauscult\/wp-json\/wp\/v2\/media\/4102"}],"wp:attachment":[{"href":"https:\/\/www.manaus.am.gov.br\/manauscult\/wp-json\/wp\/v2\/media?parent=4101"}],"wp:term":[{"taxonomy":"category","embeddable":true,"href":"https:\/\/www.manaus.am.gov.br\/manauscult\/wp-json\/wp\/v2\/categories?post=4101"},{"taxonomy":"post_tag","embeddable":true,"href":"https:\/\/www.manaus.am.gov.br\/manauscult\/wp-json\/wp\/v2\/tags?post=4101"}],"curies":[{"name":"wp","href":"https:\/\/api.w.org\/{rel}","templated":true}]}}