{"id":4099,"date":"2025-07-03T17:00:37","date_gmt":"2025-07-03T21:00:37","guid":{"rendered":"https:\/\/www.manaus.am.gov.br\/manauscult\/articulacao-parceria-vinci-airports\/"},"modified":"2025-07-03T17:00:37","modified_gmt":"2025-07-03T21:00:37","slug":"articulacao-parceria-vinci-airports","status":"publish","type":"post","link":"https:\/\/www.manaus.am.gov.br\/manauscult\/articulacao-parceria-vinci-airports\/","title":{"rendered":"Prefeitura articula parceria com a Vinci Airports para novo CAT no aeroporto, \u00e1rea instagram\u00e1vel e divulga\u00e7\u00e3o do \u2018#SouManaus Passo a Pa\u00e7o\u2019"},"content":{"rendered":"\n<p>Com foco na articula\u00e7\u00e3o de parcerias para ampliar a\u00e7\u00f5es de promo\u00e7\u00e3o tur\u00edstica e cultural da capital amazonense, a Prefeitura de Manaus, por meio da Funda\u00e7\u00e3o Municipal de Cultura, Turismo e Eventos (Manauscult), participou, na manh\u00e3 desta quinta-feira, 3\/7, de uma reuni\u00e3o institucional com a ger\u00eancia da Vinci Airports, no aeroporto internacional Eduardo Gomes, no bairro Tarum\u00e3, zona Oeste.<\/p>\n\n\n\n<p>Durante o encontro, foram abordadas tr\u00eas principais pautas: a implanta\u00e7\u00e3o de um novo espa\u00e7o do Centro de Atendimento ao Turista (CAT) no terminal a\u00e9reo; a cria\u00e7\u00e3o de uma \u00e1rea instagram\u00e1vel que valorize a identidade cultural de Manaus; e a divulga\u00e7\u00e3o do festival \u201c#SouManaus Passo a Pa\u00e7o\u201d nos aeroportos administrados pela Vinci nas cidades de Rio Branco (AC), Boa Vista (RR), Porto Velho (RO) e Tabatinga (AM).<\/p>\n\n\n\n<p><br>\u201cEstamos trabalhando para transformar os principais pontos de entrada da cidade em vitrines da nossa cultura. A parceria com a Vinci fortalece a experi\u00eancia tur\u00edstica desde o desembarque e amplia a presen\u00e7a do #SouManaus em outras capitais da regi\u00e3o\u201d, destacou o diretor-presidente da Manauscult, Jender Lobato.<\/p>\n\n\n\n<p><br>A vice-presidente de Turismo da Manauscult, Oreni Braga, tamb\u00e9m refor\u00e7ou a import\u00e2ncia da a\u00e7\u00e3o. \u201cEstamos consolidando a\u00e7\u00f5es que conectam Manaus ao restante da Amaz\u00f4nia Ocidental por meio da valoriza\u00e7\u00e3o do nosso patrim\u00f4nio cultural. O novo CAT e os pontos instagram\u00e1veis v\u00e3o melhorar a experi\u00eancia do visitante e refor\u00e7ar a identidade da cidade desde o momento da chegada\u201d, enfatizou.<\/p>\n\n\n\n<p><br>A Vinci Airports, respons\u00e1vel pela administra\u00e7\u00e3o do terminal manauara, se mostrou receptiva \u00e0 parceria.<\/p>\n\n\n\n<p><br>\u201cTemos muito interesse em colaborar com iniciativas que valorizem os destinos onde atuamos. Manaus \u00e9 uma capital estrat\u00e9gica, e a\u00e7\u00f5es como essa ajudam a transformar o aeroporto em uma verdadeira porta de entrada para a cultura local\u201d, afirmou a ger\u00eancia local gerente jur\u00eddica regulat\u00f3ria da empresa, Renata.<\/p>\n\n\n\n<p><br>A reuni\u00e3o contou com representantes da Manauscult, da Vinci Airports e do setor t\u00e9cnico do aeroporto. As pr\u00f3ximas etapas envolvem a defini\u00e7\u00e3o dos espa\u00e7os e o cronograma de implanta\u00e7\u00e3o das a\u00e7\u00f5es conjuntas.<\/p>\n\n\n\n<p>&#8212; &#8212; &#8212;<\/p>\n\n\n\n<p><strong>Texto &#8211;<\/strong>\u00a0J\u00e9ssica Trajano\/Manauscult\u00a0<\/p>\n\n\n\n<p><strong>Foto &#8211;<\/strong>\u00a0Thelson Souza\/Manauscult<\/p>\n","protected":false},"excerpt":{"rendered":"","protected":false},"author":39,"featured_media":4100,"comment_status":"closed","ping_status":"closed","sticky":false,"template":"","format":"standard","meta":{"footnotes":""},"categories":[18],"tags":[1488,1489,9,215,11,1046],"acf":[],"yoast_head":"<!-- This site is optimized with the Yoast SEO plugin v23.0 - https:\/\/yoast.com\/wordpress\/plugins\/seo\/ -->\n<title>Prefeitura articula parceria com a Vinci Airports<\/title>\n<meta name=\"description\" content=\"Prefeitura articula parceria com a Vinci Airports para novo CAT no aeroporto, \u00e1rea instagram\u00e1vel e divulga\u00e7\u00e3o do \u2018#SouManaus Passo a Pa\u00e7o\u2019.\" \/>\n<meta name=\"robots\" content=\"noindex, follow\" \/>\n<meta property=\"og:locale\" content=\"pt_BR\" \/>\n<meta property=\"og:type\" content=\"article\" \/>\n<meta property=\"og:title\" content=\"Prefeitura articula parceria com a Vinci Airports\" \/>\n<meta property=\"og:description\" content=\"Prefeitura articula parceria com a Vinci Airports para novo CAT no aeroporto, \u00e1rea instagram\u00e1vel e divulga\u00e7\u00e3o do \u2018#SouManaus Passo a Pa\u00e7o\u2019.\" \/>\n<meta property=\"og:url\" content=\"https:\/\/www.manaus.am.gov.br\/manauscult\/articulacao-parceria-vinci-airports\/\" \/>\n<meta property=\"og:site_name\" content=\"MANAUSCULT\" \/>\n<meta property=\"article:published_time\" content=\"2025-07-03T21:00:37+00:00\" \/>\n<meta property=\"og:image\" content=\"https:\/\/www.manaus.am.gov.br\/manauscult\/wp-content\/uploads\/sites\/11\/2025\/07\/bda92e3e-723e-48cf-ba7b-875d5c15415f.jpeg\" \/>\n\t<meta property=\"og:image:width\" content=\"4160\" \/>\n\t<meta property=\"og:image:height\" content=\"2774\" \/>\n\t<meta property=\"og:image:type\" content=\"image\/jpeg\" \/>\n<meta name=\"author\" content=\"Bruna Greco\" \/>\n<meta name=\"twitter:card\" content=\"summary_large_image\" \/>\n<meta name=\"twitter:label1\" content=\"Written by\" \/>\n\t<meta name=\"twitter:data1\" content=\"Bruna Greco\" \/>\n\t<meta name=\"twitter:label2\" content=\"Est. reading time\" \/>\n\t<meta name=\"twitter:data2\" content=\"3 minutos\" \/>\n<script type=\"application\/ld+json\" class=\"yoast-schema-graph\">{\"@context\":\"https:\/\/schema.org\",\"@graph\":[{\"@type\":\"WebPage\",\"@id\":\"https:\/\/www.manaus.am.gov.br\/manauscult\/articulacao-parceria-vinci-airports\/\",\"url\":\"https:\/\/www.manaus.am.gov.br\/manauscult\/articulacao-parceria-vinci-airports\/\",\"name\":\"Prefeitura articula parceria com a Vinci Airports\",\"isPartOf\":{\"@id\":\"https:\/\/www.manaus.am.gov.br\/manauscult\/#website\"},\"primaryImageOfPage\":{\"@id\":\"https:\/\/www.manaus.am.gov.br\/manauscult\/articulacao-parceria-vinci-airports\/#primaryimage\"},\"image\":{\"@id\":\"https:\/\/www.manaus.am.gov.br\/manauscult\/articulacao-parceria-vinci-airports\/#primaryimage\"},\"thumbnailUrl\":\"https:\/\/www.manaus.am.gov.br\/manauscult\/wp-content\/uploads\/sites\/11\/2025\/07\/bda92e3e-723e-48cf-ba7b-875d5c15415f.jpeg\",\"datePublished\":\"2025-07-03T21:00:37+00:00\",\"dateModified\":\"2025-07-03T21:00:37+00:00\",\"author\":{\"@id\":\"https:\/\/www.manaus.am.gov.br\/manauscult\/#\/schema\/person\/05d223aea2bf115f9883a6ff3683d81b\"},\"description\":\"Prefeitura articula parceria com a Vinci Airports para novo CAT no aeroporto, \u00e1rea instagram\u00e1vel e divulga\u00e7\u00e3o do \u2018#SouManaus Passo a Pa\u00e7o\u2019.\",\"breadcrumb\":{\"@id\":\"https:\/\/www.manaus.am.gov.br\/manauscult\/articulacao-parceria-vinci-airports\/#breadcrumb\"},\"inLanguage\":\"pt-BR\",\"potentialAction\":[{\"@type\":\"ReadAction\",\"target\":[\"https:\/\/www.manaus.am.gov.br\/manauscult\/articulacao-parceria-vinci-airports\/\"]}]},{\"@type\":\"ImageObject\",\"inLanguage\":\"pt-BR\",\"@id\":\"https:\/\/www.manaus.am.gov.br\/manauscult\/articulacao-parceria-vinci-airports\/#primaryimage\",\"url\":\"https:\/\/www.manaus.am.gov.br\/manauscult\/wp-content\/uploads\/sites\/11\/2025\/07\/bda92e3e-723e-48cf-ba7b-875d5c15415f.jpeg\",\"contentUrl\":\"https:\/\/www.manaus.am.gov.br\/manauscult\/wp-content\/uploads\/sites\/11\/2025\/07\/bda92e3e-723e-48cf-ba7b-875d5c15415f.jpeg\",\"width\":4160,\"height\":2774,\"caption\":\"#paratodosverem - Diretor-presidente da Manauscult, Jender Lobato, acompanhado de representantes da Manauscult, da Vinci Airports e do setor t\u00e9cnico do aeroporto\"},{\"@type\":\"BreadcrumbList\",\"@id\":\"https:\/\/www.manaus.am.gov.br\/manauscult\/articulacao-parceria-vinci-airports\/#breadcrumb\",\"itemListElement\":[{\"@type\":\"ListItem\",\"position\":1,\"name\":\"Home\",\"item\":\"https:\/\/www.manaus.am.gov.br\/manauscult\/\"},{\"@type\":\"ListItem\",\"position\":2,\"name\":\"Prefeitura articula parceria com a Vinci Airports para novo CAT no aeroporto, \u00e1rea instagram\u00e1vel e divulga\u00e7\u00e3o do \u2018#SouManaus Passo a Pa\u00e7o\u2019\"}]},{\"@type\":\"WebSite\",\"@id\":\"https:\/\/www.manaus.am.gov.br\/manauscult\/#website\",\"url\":\"https:\/\/www.manaus.am.gov.br\/manauscult\/\",\"name\":\"MANAUSCULT\",\"description\":\"Prefeitura de Manaus\",\"potentialAction\":[{\"@type\":\"SearchAction\",\"target\":{\"@type\":\"EntryPoint\",\"urlTemplate\":\"https:\/\/www.manaus.am.gov.br\/manauscult\/?s={search_term_string}\"},\"query-input\":\"required name=search_term_string\"}],\"inLanguage\":\"pt-BR\"},{\"@type\":\"Person\",\"@id\":\"https:\/\/www.manaus.am.gov.br\/manauscult\/#\/schema\/person\/05d223aea2bf115f9883a6ff3683d81b\",\"name\":\"Bruna Greco\",\"image\":{\"@type\":\"ImageObject\",\"inLanguage\":\"pt-BR\",\"@id\":\"https:\/\/www.manaus.am.gov.br\/manauscult\/#\/schema\/person\/image\/\",\"url\":\"https:\/\/secure.gravatar.com\/avatar\/9c877d1a6adc2a055330e5c09a8653ce?s=96&d=mm&r=g\",\"contentUrl\":\"https:\/\/secure.gravatar.com\/avatar\/9c877d1a6adc2a055330e5c09a8653ce?s=96&d=mm&r=g\",\"caption\":\"Bruna Greco\"}}]}<\/script>\n<!-- \/ Yoast SEO plugin. -->","yoast_head_json":{"title":"Prefeitura articula parceria com a Vinci Airports","description":"Prefeitura articula parceria com a Vinci Airports para novo CAT no aeroporto, \u00e1rea instagram\u00e1vel e divulga\u00e7\u00e3o do \u2018#SouManaus Passo a Pa\u00e7o\u2019.","robots":{"index":"noindex","follow":"follow"},"og_locale":"pt_BR","og_type":"article","og_title":"Prefeitura articula parceria com a Vinci Airports","og_description":"Prefeitura articula parceria com a Vinci Airports para novo CAT no aeroporto, \u00e1rea instagram\u00e1vel e divulga\u00e7\u00e3o do \u2018#SouManaus Passo a Pa\u00e7o\u2019.","og_url":"https:\/\/www.manaus.am.gov.br\/manauscult\/articulacao-parceria-vinci-airports\/","og_site_name":"MANAUSCULT","article_published_time":"2025-07-03T21:00:37+00:00","og_image":[{"width":4160,"height":2774,"url":"https:\/\/www.manaus.am.gov.br\/manauscult\/wp-content\/uploads\/sites\/11\/2025\/07\/bda92e3e-723e-48cf-ba7b-875d5c15415f.jpeg","type":"image\/jpeg"}],"author":"Bruna Greco","twitter_card":"summary_large_image","twitter_misc":{"Written by":"Bruna Greco","Est. reading time":"3 minutos"},"schema":{"@context":"https:\/\/schema.org","@graph":[{"@type":"WebPage","@id":"https:\/\/www.manaus.am.gov.br\/manauscult\/articulacao-parceria-vinci-airports\/","url":"https:\/\/www.manaus.am.gov.br\/manauscult\/articulacao-parceria-vinci-airports\/","name":"Prefeitura articula parceria com a Vinci Airports","isPartOf":{"@id":"https:\/\/www.manaus.am.gov.br\/manauscult\/#website"},"primaryImageOfPage":{"@id":"https:\/\/www.manaus.am.gov.br\/manauscult\/articulacao-parceria-vinci-airports\/#primaryimage"},"image":{"@id":"https:\/\/www.manaus.am.gov.br\/manauscult\/articulacao-parceria-vinci-airports\/#primaryimage"},"thumbnailUrl":"https:\/\/www.manaus.am.gov.br\/manauscult\/wp-content\/uploads\/sites\/11\/2025\/07\/bda92e3e-723e-48cf-ba7b-875d5c15415f.jpeg","datePublished":"2025-07-03T21:00:37+00:00","dateModified":"2025-07-03T21:00:37+00:00","author":{"@id":"https:\/\/www.manaus.am.gov.br\/manauscult\/#\/schema\/person\/05d223aea2bf115f9883a6ff3683d81b"},"description":"Prefeitura articula parceria com a Vinci Airports para novo CAT no aeroporto, \u00e1rea instagram\u00e1vel e divulga\u00e7\u00e3o do \u2018#SouManaus Passo a Pa\u00e7o\u2019.","breadcrumb":{"@id":"https:\/\/www.manaus.am.gov.br\/manauscult\/articulacao-parceria-vinci-airports\/#breadcrumb"},"inLanguage":"pt-BR","potentialAction":[{"@type":"ReadAction","target":["https:\/\/www.manaus.am.gov.br\/manauscult\/articulacao-parceria-vinci-airports\/"]}]},{"@type":"ImageObject","inLanguage":"pt-BR","@id":"https:\/\/www.manaus.am.gov.br\/manauscult\/articulacao-parceria-vinci-airports\/#primaryimage","url":"https:\/\/www.manaus.am.gov.br\/manauscult\/wp-content\/uploads\/sites\/11\/2025\/07\/bda92e3e-723e-48cf-ba7b-875d5c15415f.jpeg","contentUrl":"https:\/\/www.manaus.am.gov.br\/manauscult\/wp-content\/uploads\/sites\/11\/2025\/07\/bda92e3e-723e-48cf-ba7b-875d5c15415f.jpeg","width":4160,"height":2774,"caption":"#paratodosverem - Diretor-presidente da Manauscult, Jender Lobato, acompanhado de representantes da Manauscult, da Vinci Airports e do setor t\u00e9cnico do aeroporto"},{"@type":"BreadcrumbList","@id":"https:\/\/www.manaus.am.gov.br\/manauscult\/articulacao-parceria-vinci-airports\/#breadcrumb","itemListElement":[{"@type":"ListItem","position":1,"name":"Home","item":"https:\/\/www.manaus.am.gov.br\/manauscult\/"},{"@type":"ListItem","position":2,"name":"Prefeitura articula parceria com a Vinci Airports para novo CAT no aeroporto, \u00e1rea instagram\u00e1vel e divulga\u00e7\u00e3o do \u2018#SouManaus Passo a Pa\u00e7o\u2019"}]},{"@type":"WebSite","@id":"https:\/\/www.manaus.am.gov.br\/manauscult\/#website","url":"https:\/\/www.manaus.am.gov.br\/manauscult\/","name":"MANAUSCULT","description":"Prefeitura de Manaus","potentialAction":[{"@type":"SearchAction","target":{"@type":"EntryPoint","urlTemplate":"https:\/\/www.manaus.am.gov.br\/manauscult\/?s={search_term_string}"},"query-input":"required name=search_term_string"}],"inLanguage":"pt-BR"},{"@type":"Person","@id":"https:\/\/www.manaus.am.gov.br\/manauscult\/#\/schema\/person\/05d223aea2bf115f9883a6ff3683d81b","name":"Bruna Greco","image":{"@type":"ImageObject","inLanguage":"pt-BR","@id":"https:\/\/www.manaus.am.gov.br\/manauscult\/#\/schema\/person\/image\/","url":"https:\/\/secure.gravatar.com\/avatar\/9c877d1a6adc2a055330e5c09a8653ce?s=96&d=mm&r=g","contentUrl":"https:\/\/secure.gravatar.com\/avatar\/9c877d1a6adc2a055330e5c09a8653ce?s=96&d=mm&r=g","caption":"Bruna Greco"}}]}},"_links":{"self":[{"href":"https:\/\/www.manaus.am.gov.br\/manauscult\/wp-json\/wp\/v2\/posts\/4099"}],"collection":[{"href":"https:\/\/www.manaus.am.gov.br\/manauscult\/wp-json\/wp\/v2\/posts"}],"about":[{"href":"https:\/\/www.manaus.am.gov.br\/manauscult\/wp-json\/wp\/v2\/types\/post"}],"author":[{"embeddable":true,"href":"https:\/\/www.manaus.am.gov.br\/manauscult\/wp-json\/wp\/v2\/users\/39"}],"replies":[{"embeddable":true,"href":"https:\/\/www.manaus.am.gov.br\/manauscult\/wp-json\/wp\/v2\/comments?post=4099"}],"version-history":[{"count":0,"href":"https:\/\/www.manaus.am.gov.br\/manauscult\/wp-json\/wp\/v2\/posts\/4099\/revisions"}],"wp:featuredmedia":[{"embeddable":true,"href":"https:\/\/www.manaus.am.gov.br\/manauscult\/wp-json\/wp\/v2\/media\/4100"}],"wp:attachment":[{"href":"https:\/\/www.manaus.am.gov.br\/manauscult\/wp-json\/wp\/v2\/media?parent=4099"}],"wp:term":[{"taxonomy":"category","embeddable":true,"href":"https:\/\/www.manaus.am.gov.br\/manauscult\/wp-json\/wp\/v2\/categories?post=4099"},{"taxonomy":"post_tag","embeddable":true,"href":"https:\/\/www.manaus.am.gov.br\/manauscult\/wp-json\/wp\/v2\/tags?post=4099"}],"curies":[{"name":"wp","href":"https:\/\/api.w.org\/{rel}","templated":true}]}}