{"id":409,"date":"2022-09-21T09:40:19","date_gmt":"2022-09-21T13:40:19","guid":{"rendered":"https:\/\/www.manaus.am.gov.br\/manauscult\/prefeitura-alerta-artistas-para-prazos-dos-editais-da-manauscult-e-concultura\/"},"modified":"2023-05-31T15:37:29","modified_gmt":"2023-05-31T19:37:29","slug":"prefeitura-alerta-artistas-para-prazos-dos-editais-da-manauscult-e-concultura","status":"publish","type":"post","link":"https:\/\/www.manaus.am.gov.br\/manauscult\/prefeitura-alerta-artistas-para-prazos-dos-editais-da-manauscult-e-concultura\/","title":{"rendered":"Prefeitura alerta artistas para prazos dos editais da Manauscult e Concultura"},"content":{"rendered":"\n<p>A Prefeitura de Manaus alerta os artistas para n\u00e3o perderem os prazos dos tr\u00eas editais publicados pela Funda\u00e7\u00e3o Municipal de Cultura, Turismo e Eventos (Manauscult) e Conselho Municipal de Cultura (Concultura).&nbsp;Os prazos das inscri\u00e7\u00f5es s\u00e3o:&nbsp; 21\/9 para o edital \u201cThiago de Mello \u2013 Artistas e Profissionais da Cultura&#8221;; 23\/9 para&nbsp; o \u201cThiago de Mello \u2013 Novos Talentos&#8221;, e 2\/10 para o &#8220;Manaus Faz Cultura 2 &#8211; Oficinas Culturais&#8221;.<\/p>\n\n\n\n<p>&nbsp;<\/p>\n\n\n\n<p>O presidente da Manauscult, Alonso Oliveira, informa que os editais abertos disponibilizam R$ 3,2 milh\u00f5es aos artistas e trabalhadores da Cultura. &#8220;Os editais da Prefeitura de Manaus fazem parte das a\u00e7\u00f5es de governo do prefeito David Almeida, de movimentar a cadeia produtiva da Cultura, gerando oportunidades de trabalho e renda para os artistas de nossa cidade e, ao mesmo tempo, contribuir com a forma\u00e7\u00e3o de novos talentos&#8221;, afirmou Oliveira.<\/p>\n\n\n\n<p>&nbsp;<\/p>\n\n\n\n<p>No edital \u201cThiago de Mello \u2013 Artistas e Profissionais da Cultura\u201d, s\u00e3o 55 projetos culturais que v\u00e3o concorrer nas v\u00e1rias categorias e segmentos art\u00edsticos, como artes visuais, audiovisual, circo, dan\u00e7a, hip hop, literatura, m\u00fasica, teatro, tradi\u00e7\u00f5es culturais, tanto em pe\u00e7as e apresenta\u00e7\u00f5es quanto em oficinas art\u00edsticas. Os pr\u00eamios por segmentos art\u00edsticos est\u00e3o distribu\u00eddos em valores de R$ 15 mil, R$ 30 mil, R$ 45 mil e R$ 100 mil.<\/p>\n\n\n\n<p>&nbsp;<\/p>\n\n\n\n<p>Na categoria \u201cNovos Talentos\u201d ser\u00e3o disponibilizados at\u00e9 88 projetos em valores entre R$ 3 mil e R$ 10 mil. As inscri\u00e7\u00f5es poder\u00e3o ser feitas at\u00e9 sexta-feira, 23\/9, apenas em vers\u00e3o digital, por meio dos formul\u00e1rios on-line, disponibilizados na p\u00e1gina da Manauscult:&nbsp;<a href=\"http:\/\/manauscult.manaus.am.gov.br\/\" data-saferedirecturl=\"https:\/\/www.google.com\/url?q=http:\/\/manauscult.manaus.am.gov.br\/&amp;source=gmail&amp;ust=1663853563851000&amp;usg=AOvVaw2RV_K0O6a-Ge1zTd_SWnQ2\">manauscult.manaus.am.gov.br<\/a>.<\/p>\n\n\n\n<p>&nbsp;<\/p>\n\n\n\n<p>J\u00e1 o edital \u201cManaus Faz Cultura 2022\u201d, de Oficinas Culturais, em todos os segmentos art\u00edsticos, disponibilizar\u00e1 um total de 60 pr\u00eamios, no valor de R$ 20 mil cada. O link das inscri\u00e7\u00f5es \u00e9&nbsp;<a href=\"http:\/\/concultura.manaus.am.gov.br\/\" data-saferedirecturl=\"https:\/\/www.google.com\/url?q=http:\/\/concultura.manaus.am.gov.br\/&amp;source=gmail&amp;ust=1663853563851000&amp;usg=AOvVaw16k-LLzPkCcUm9jy3OrQnf\">http:\/\/concultura.manaus.am.gov.br<\/a><\/p>\n\n\n\n<p>&nbsp;<\/p>\n\n\n\n<p>&#8220;Os editais na gest\u00e3o David Almeida s\u00e3o oportunidades que os artistas t\u00eam de fazer seus projetos e inscrev\u00ea-los sem dificuldade, diretamente nos portais da Manauscult e Concultura, garantindo melhores ganhos e maximizando suas \u00e1reas de atua\u00e7\u00e3o e pessoas beneficiadas&#8221;, ressaltou o presidente do Concultura, Ten\u00f3rio Telles.<\/p>\n\n\n\n<p>&nbsp;<\/p>\n\n\n\n<p><strong>Treinamentos<\/strong><\/p>\n\n\n\n<p>&nbsp;<\/p>\n\n\n\n<p>A Manauscult realizou, em agosto e in\u00edcio de setembro, as oficinas de \u201cPortf\u00f3lio Art\u00edstico\u201d, \u201cO que \u00e9 um projeto cultural para o edital Thiago de Mello?\u201d&nbsp; e \u201cComo construir uma planilha or\u00e7ament\u00e1ria?\u201d. Al\u00e9m disso, durante todo o per\u00edodo de inscri\u00e7\u00f5es dos editais, a equipe da Manauscult estar\u00e1 dispon\u00edvel para responder d\u00favidas, por meio dos canais de atendimento virtual, pelo e-mail&nbsp;<a href=\"mailto:editalthiagodemello2022@gmail.com\">editalthiagodemello2022@gmail.com<\/a>&nbsp;e pelo telefone (92) 98842-1111, em hor\u00e1rio comercial, das 8h \u00e0s 17h.<\/p>\n\n\n\n<p>&nbsp;<\/p>\n\n\n\n<p><strong>Sobre editais<\/strong><\/p>\n\n\n\n<p>&nbsp;<\/p>\n\n\n\n<p>O edital \u201cManaus Faz Cultura\u201d \u00e9 voltado exclusivamente para a forma\u00e7\u00e3o art\u00edstica de crian\u00e7as, jovens e adultos, a partir de oficinas culturais, e&nbsp; vai injetar, este ano, na economia criativa, R$ 1,2 milh\u00e3o, um avan\u00e7o em rela\u00e7\u00e3o a 2021, que foi de R$ 900 mil,&nbsp; passando de 45 para 60 projetos de proponentes, com valor individual de R$ 20 mil.<\/p>\n\n\n\n<p>&nbsp;<\/p>\n\n\n\n<p>O edital \u201cThiago de Mello \u2013 Artistas e Profissionais da Cultura\u201d foi lan\u00e7ado pela Prefeitura de Manaus, por meio da Manauscult, no dia 5\/8, e tem dota\u00e7\u00e3o or\u00e7ament\u00e1ria de R$ 1,6 milh\u00e3o e premia\u00e7\u00e3o de at\u00e9 55 projetos culturais, divididos em nove segmentos art\u00edsticos: artes visuais, audiovisual, circo, dan\u00e7a, hip-hop, literatura, tradi\u00e7\u00f5es culturais, teatro e m\u00fasica.<\/p>\n\n\n\n<p>&nbsp;<\/p>\n\n\n\n<p>Podem participar do edital pessoas f\u00edsicas ou jur\u00eddicas, com trajet\u00f3ria documentada e que j\u00e1 tenham realizado, no m\u00ednimo, duas produ\u00e7\u00f5es na \u00e1rea da cultura e que estejam comprovadas em portf\u00f3lio.<\/p>\n\n\n\n<p>&nbsp;<\/p>\n\n\n\n<p>O edital \u201cThiago de Mello \u2013 Novos Talentos\u201d foi lan\u00e7ado pela Prefeitura de Manaus, via Manauscult, no dia 9 de agosto, e tem dota\u00e7\u00e3o or\u00e7ament\u00e1ria de R$ 400 mil e ir\u00e1 premiar at\u00e9 88 projetos culturais de novos talentos da cultura, dividido em nove segmentos art\u00edsticos: artes visuais, audiovisual, circo, dan\u00e7a, hip-hop, literatura, tradi\u00e7\u00f5es culturais, teatro e m\u00fasica.<\/p>\n\n\n\n<p>&nbsp;<\/p>\n\n\n\n<p>Podem participar do edital, artistas e profissionais da cultura, pessoas f\u00edsicas ou pessoas jur\u00eddicas, com trajet\u00f3rias emergentes e que j\u00e1 tenham realizado, no m\u00ednimo, uma produ\u00e7\u00e3o na \u00e1rea da Cultura.<\/p>\n\n\n\n<p>&nbsp;<\/p>\n\n\n\n<p><strong>Homenagem<\/strong><\/p>\n\n\n\n<p>&nbsp;<\/p>\n\n\n\n<p>O nome do pr\u00eamio \u00e9 uma homenagem ao poeta amazonense Amadeu Thiago de Mello, que morreu no dia 14 de janeiro de 2022, em Manaus, aos 95 anos, de causas naturais.<\/p>\n\n\n\n<p>&nbsp;<\/p>\n\n\n\n<p>\u2014 \u2014 \u2014<\/p>\n\n\n\n<p>&nbsp;<\/p>\n\n\n\n<p><strong>Texto<\/strong>&nbsp;\u2013 Crist\u00f3v\u00e3o Nonato e Keize Pedrosa \/Concultura e Manauscult<\/p>\n\n\n\n<p><strong>Fotos<\/strong>&nbsp;\u2013 Divulga\u00e7\u00e3o<\/p>\n\n\n\n<p>&nbsp;<\/p>\n\n\n\n<p>&nbsp;<\/p>\n","protected":false},"excerpt":{"rendered":"","protected":false},"author":23,"featured_media":410,"comment_status":"closed","ping_status":"closed","sticky":false,"template":"","format":"standard","meta":{"footnotes":""},"categories":[112],"tags":[45,113,114,9,100],"acf":[],"yoast_head":"<!-- This site is optimized with the Yoast SEO plugin v23.0 - https:\/\/yoast.com\/wordpress\/plugins\/seo\/ -->\n<title>Prefeitura alerta artistas para prazos dos editais da Manauscult e Concultura - MANAUSCULT<\/title>\n<meta name=\"robots\" content=\"noindex, follow\" \/>\n<meta property=\"og:locale\" content=\"pt_BR\" \/>\n<meta property=\"og:type\" content=\"article\" \/>\n<meta property=\"og:title\" content=\"Prefeitura alerta artistas para prazos dos editais da Manauscult e Concultura - MANAUSCULT\" \/>\n<meta property=\"og:url\" content=\"https:\/\/www.manaus.am.gov.br\/manauscult\/prefeitura-alerta-artistas-para-prazos-dos-editais-da-manauscult-e-concultura\/\" \/>\n<meta property=\"og:site_name\" content=\"MANAUSCULT\" \/>\n<meta property=\"article:published_time\" content=\"2022-09-21T13:40:19+00:00\" \/>\n<meta property=\"article:modified_time\" content=\"2023-05-31T19:37:29+00:00\" \/>\n<meta property=\"og:image\" content=\"https:\/\/www.manaus.am.gov.br\/manauscult\/wp-content\/uploads\/sites\/11\/2023\/05\/52292793995_87ab56fba8_o-720x407-1.jpg\" \/>\n\t<meta property=\"og:image:width\" content=\"720\" \/>\n\t<meta property=\"og:image:height\" content=\"407\" \/>\n\t<meta property=\"og:image:type\" content=\"image\/jpeg\" \/>\n<meta name=\"author\" content=\"Adriana Costa\" \/>\n<meta name=\"twitter:card\" content=\"summary_large_image\" \/>\n<meta name=\"twitter:label1\" content=\"Written by\" \/>\n\t<meta name=\"twitter:data1\" content=\"Adriana Costa\" \/>\n\t<meta name=\"twitter:label2\" content=\"Est. reading time\" \/>\n\t<meta name=\"twitter:data2\" content=\"4 minutos\" \/>\n<script type=\"application\/ld+json\" class=\"yoast-schema-graph\">{\"@context\":\"https:\/\/schema.org\",\"@graph\":[{\"@type\":\"WebPage\",\"@id\":\"https:\/\/www.manaus.am.gov.br\/manauscult\/prefeitura-alerta-artistas-para-prazos-dos-editais-da-manauscult-e-concultura\/\",\"url\":\"https:\/\/www.manaus.am.gov.br\/manauscult\/prefeitura-alerta-artistas-para-prazos-dos-editais-da-manauscult-e-concultura\/\",\"name\":\"Prefeitura alerta artistas para prazos dos editais da Manauscult e Concultura - MANAUSCULT\",\"isPartOf\":{\"@id\":\"https:\/\/www.manaus.am.gov.br\/manauscult\/#website\"},\"primaryImageOfPage\":{\"@id\":\"https:\/\/www.manaus.am.gov.br\/manauscult\/prefeitura-alerta-artistas-para-prazos-dos-editais-da-manauscult-e-concultura\/#primaryimage\"},\"image\":{\"@id\":\"https:\/\/www.manaus.am.gov.br\/manauscult\/prefeitura-alerta-artistas-para-prazos-dos-editais-da-manauscult-e-concultura\/#primaryimage\"},\"thumbnailUrl\":\"https:\/\/www.manaus.am.gov.br\/manauscult\/wp-content\/uploads\/sites\/11\/2023\/05\/52292793995_87ab56fba8_o-720x407-1.jpg\",\"datePublished\":\"2022-09-21T13:40:19+00:00\",\"dateModified\":\"2023-05-31T19:37:29+00:00\",\"author\":{\"@id\":\"https:\/\/www.manaus.am.gov.br\/manauscult\/#\/schema\/person\/4e49f4e267757a06ca072ec61b2b9968\"},\"breadcrumb\":{\"@id\":\"https:\/\/www.manaus.am.gov.br\/manauscult\/prefeitura-alerta-artistas-para-prazos-dos-editais-da-manauscult-e-concultura\/#breadcrumb\"},\"inLanguage\":\"pt-BR\",\"potentialAction\":[{\"@type\":\"ReadAction\",\"target\":[\"https:\/\/www.manaus.am.gov.br\/manauscult\/prefeitura-alerta-artistas-para-prazos-dos-editais-da-manauscult-e-concultura\/\"]}]},{\"@type\":\"ImageObject\",\"inLanguage\":\"pt-BR\",\"@id\":\"https:\/\/www.manaus.am.gov.br\/manauscult\/prefeitura-alerta-artistas-para-prazos-dos-editais-da-manauscult-e-concultura\/#primaryimage\",\"url\":\"https:\/\/www.manaus.am.gov.br\/manauscult\/wp-content\/uploads\/sites\/11\/2023\/05\/52292793995_87ab56fba8_o-720x407-1.jpg\",\"contentUrl\":\"https:\/\/www.manaus.am.gov.br\/manauscult\/wp-content\/uploads\/sites\/11\/2023\/05\/52292793995_87ab56fba8_o-720x407-1.jpg\",\"width\":720,\"height\":407},{\"@type\":\"BreadcrumbList\",\"@id\":\"https:\/\/www.manaus.am.gov.br\/manauscult\/prefeitura-alerta-artistas-para-prazos-dos-editais-da-manauscult-e-concultura\/#breadcrumb\",\"itemListElement\":[{\"@type\":\"ListItem\",\"position\":1,\"name\":\"Home\",\"item\":\"https:\/\/www.manaus.am.gov.br\/manauscult\/\"},{\"@type\":\"ListItem\",\"position\":2,\"name\":\"Prefeitura alerta artistas para prazos dos editais da Manauscult e Concultura\"}]},{\"@type\":\"WebSite\",\"@id\":\"https:\/\/www.manaus.am.gov.br\/manauscult\/#website\",\"url\":\"https:\/\/www.manaus.am.gov.br\/manauscult\/\",\"name\":\"MANAUSCULT\",\"description\":\"Prefeitura de Manaus\",\"potentialAction\":[{\"@type\":\"SearchAction\",\"target\":{\"@type\":\"EntryPoint\",\"urlTemplate\":\"https:\/\/www.manaus.am.gov.br\/manauscult\/?s={search_term_string}\"},\"query-input\":\"required name=search_term_string\"}],\"inLanguage\":\"pt-BR\"},{\"@type\":\"Person\",\"@id\":\"https:\/\/www.manaus.am.gov.br\/manauscult\/#\/schema\/person\/4e49f4e267757a06ca072ec61b2b9968\",\"name\":\"Adriana Costa\",\"image\":{\"@type\":\"ImageObject\",\"inLanguage\":\"pt-BR\",\"@id\":\"https:\/\/www.manaus.am.gov.br\/manauscult\/#\/schema\/person\/image\/\",\"url\":\"https:\/\/secure.gravatar.com\/avatar\/576258617ef7194f718179e766d57bd4?s=96&d=mm&r=g\",\"contentUrl\":\"https:\/\/secure.gravatar.com\/avatar\/576258617ef7194f718179e766d57bd4?s=96&d=mm&r=g\",\"caption\":\"Adriana Costa\"}}]}<\/script>\n<!-- \/ Yoast SEO plugin. -->","yoast_head_json":{"title":"Prefeitura alerta artistas para prazos dos editais da Manauscult e Concultura - MANAUSCULT","robots":{"index":"noindex","follow":"follow"},"og_locale":"pt_BR","og_type":"article","og_title":"Prefeitura alerta artistas para prazos dos editais da Manauscult e Concultura - MANAUSCULT","og_url":"https:\/\/www.manaus.am.gov.br\/manauscult\/prefeitura-alerta-artistas-para-prazos-dos-editais-da-manauscult-e-concultura\/","og_site_name":"MANAUSCULT","article_published_time":"2022-09-21T13:40:19+00:00","article_modified_time":"2023-05-31T19:37:29+00:00","og_image":[{"width":720,"height":407,"url":"https:\/\/www.manaus.am.gov.br\/manauscult\/wp-content\/uploads\/sites\/11\/2023\/05\/52292793995_87ab56fba8_o-720x407-1.jpg","type":"image\/jpeg"}],"author":"Adriana Costa","twitter_card":"summary_large_image","twitter_misc":{"Written by":"Adriana Costa","Est. reading time":"4 minutos"},"schema":{"@context":"https:\/\/schema.org","@graph":[{"@type":"WebPage","@id":"https:\/\/www.manaus.am.gov.br\/manauscult\/prefeitura-alerta-artistas-para-prazos-dos-editais-da-manauscult-e-concultura\/","url":"https:\/\/www.manaus.am.gov.br\/manauscult\/prefeitura-alerta-artistas-para-prazos-dos-editais-da-manauscult-e-concultura\/","name":"Prefeitura alerta artistas para prazos dos editais da Manauscult e Concultura - MANAUSCULT","isPartOf":{"@id":"https:\/\/www.manaus.am.gov.br\/manauscult\/#website"},"primaryImageOfPage":{"@id":"https:\/\/www.manaus.am.gov.br\/manauscult\/prefeitura-alerta-artistas-para-prazos-dos-editais-da-manauscult-e-concultura\/#primaryimage"},"image":{"@id":"https:\/\/www.manaus.am.gov.br\/manauscult\/prefeitura-alerta-artistas-para-prazos-dos-editais-da-manauscult-e-concultura\/#primaryimage"},"thumbnailUrl":"https:\/\/www.manaus.am.gov.br\/manauscult\/wp-content\/uploads\/sites\/11\/2023\/05\/52292793995_87ab56fba8_o-720x407-1.jpg","datePublished":"2022-09-21T13:40:19+00:00","dateModified":"2023-05-31T19:37:29+00:00","author":{"@id":"https:\/\/www.manaus.am.gov.br\/manauscult\/#\/schema\/person\/4e49f4e267757a06ca072ec61b2b9968"},"breadcrumb":{"@id":"https:\/\/www.manaus.am.gov.br\/manauscult\/prefeitura-alerta-artistas-para-prazos-dos-editais-da-manauscult-e-concultura\/#breadcrumb"},"inLanguage":"pt-BR","potentialAction":[{"@type":"ReadAction","target":["https:\/\/www.manaus.am.gov.br\/manauscult\/prefeitura-alerta-artistas-para-prazos-dos-editais-da-manauscult-e-concultura\/"]}]},{"@type":"ImageObject","inLanguage":"pt-BR","@id":"https:\/\/www.manaus.am.gov.br\/manauscult\/prefeitura-alerta-artistas-para-prazos-dos-editais-da-manauscult-e-concultura\/#primaryimage","url":"https:\/\/www.manaus.am.gov.br\/manauscult\/wp-content\/uploads\/sites\/11\/2023\/05\/52292793995_87ab56fba8_o-720x407-1.jpg","contentUrl":"https:\/\/www.manaus.am.gov.br\/manauscult\/wp-content\/uploads\/sites\/11\/2023\/05\/52292793995_87ab56fba8_o-720x407-1.jpg","width":720,"height":407},{"@type":"BreadcrumbList","@id":"https:\/\/www.manaus.am.gov.br\/manauscult\/prefeitura-alerta-artistas-para-prazos-dos-editais-da-manauscult-e-concultura\/#breadcrumb","itemListElement":[{"@type":"ListItem","position":1,"name":"Home","item":"https:\/\/www.manaus.am.gov.br\/manauscult\/"},{"@type":"ListItem","position":2,"name":"Prefeitura alerta artistas para prazos dos editais da Manauscult e Concultura"}]},{"@type":"WebSite","@id":"https:\/\/www.manaus.am.gov.br\/manauscult\/#website","url":"https:\/\/www.manaus.am.gov.br\/manauscult\/","name":"MANAUSCULT","description":"Prefeitura de Manaus","potentialAction":[{"@type":"SearchAction","target":{"@type":"EntryPoint","urlTemplate":"https:\/\/www.manaus.am.gov.br\/manauscult\/?s={search_term_string}"},"query-input":"required name=search_term_string"}],"inLanguage":"pt-BR"},{"@type":"Person","@id":"https:\/\/www.manaus.am.gov.br\/manauscult\/#\/schema\/person\/4e49f4e267757a06ca072ec61b2b9968","name":"Adriana Costa","image":{"@type":"ImageObject","inLanguage":"pt-BR","@id":"https:\/\/www.manaus.am.gov.br\/manauscult\/#\/schema\/person\/image\/","url":"https:\/\/secure.gravatar.com\/avatar\/576258617ef7194f718179e766d57bd4?s=96&d=mm&r=g","contentUrl":"https:\/\/secure.gravatar.com\/avatar\/576258617ef7194f718179e766d57bd4?s=96&d=mm&r=g","caption":"Adriana Costa"}}]}},"_links":{"self":[{"href":"https:\/\/www.manaus.am.gov.br\/manauscult\/wp-json\/wp\/v2\/posts\/409"}],"collection":[{"href":"https:\/\/www.manaus.am.gov.br\/manauscult\/wp-json\/wp\/v2\/posts"}],"about":[{"href":"https:\/\/www.manaus.am.gov.br\/manauscult\/wp-json\/wp\/v2\/types\/post"}],"author":[{"embeddable":true,"href":"https:\/\/www.manaus.am.gov.br\/manauscult\/wp-json\/wp\/v2\/users\/23"}],"replies":[{"embeddable":true,"href":"https:\/\/www.manaus.am.gov.br\/manauscult\/wp-json\/wp\/v2\/comments?post=409"}],"version-history":[{"count":0,"href":"https:\/\/www.manaus.am.gov.br\/manauscult\/wp-json\/wp\/v2\/posts\/409\/revisions"}],"wp:featuredmedia":[{"embeddable":true,"href":"https:\/\/www.manaus.am.gov.br\/manauscult\/wp-json\/wp\/v2\/media\/410"}],"wp:attachment":[{"href":"https:\/\/www.manaus.am.gov.br\/manauscult\/wp-json\/wp\/v2\/media?parent=409"}],"wp:term":[{"taxonomy":"category","embeddable":true,"href":"https:\/\/www.manaus.am.gov.br\/manauscult\/wp-json\/wp\/v2\/categories?post=409"},{"taxonomy":"post_tag","embeddable":true,"href":"https:\/\/www.manaus.am.gov.br\/manauscult\/wp-json\/wp\/v2\/tags?post=409"}],"curies":[{"name":"wp","href":"https:\/\/api.w.org\/{rel}","templated":true}]}}