{"id":4088,"date":"2025-06-30T10:13:41","date_gmt":"2025-06-30T14:13:41","guid":{"rendered":"https:\/\/www.manaus.am.gov.br\/manauscult\/prefeitura-mirante-pier-procissaosaopedro\/"},"modified":"2025-06-30T10:13:42","modified_gmt":"2025-06-30T14:13:42","slug":"prefeitura-mirante-pier-procissaosaopedro","status":"publish","type":"post","link":"https:\/\/www.manaus.am.gov.br\/manauscult\/prefeitura-mirante-pier-procissaosaopedro\/","title":{"rendered":"P\u00eder Manaus 355 e mirante L\u00facia Almeida reafirmam papel estrat\u00e9gico como polos tur\u00edsticos e culturais no centro hist\u00f3rico"},"content":{"rendered":"\n<p>A Prefeitura de Manaus, por meio da Funda\u00e7\u00e3o Municipal de Cultura, Turismo e Eventos (ManausCult), reafirmou, no domingo, 29\/6, a relev\u00e2ncia do p\u00eder Manaus 355 e do mirante L\u00facia Almeida como estruturas p\u00fablicas estrat\u00e9gicas para o turismo, cultura e eventos no centro hist\u00f3rico da cidade. As estruturas foram palco de mais uma grande celebra\u00e7\u00e3o: a chegada da 76\u00aa edi\u00e7\u00e3o da tradicional prociss\u00e3o fluvial de S\u00e3o Pedro Pescador, conduzida pelo cardeal e arcebispo de Manaus, dom Leonardo Steiner.<\/p>\n\n\n\n<p>O p\u00eder, parte do complexo mirante L\u00facia Almeida, foi o ponto de desembarque do andor com o quadro do santo padroeiro dos pescadores, em um momento simb\u00f3lico de f\u00e9 e valoriza\u00e7\u00e3o dos espa\u00e7os revitalizados da capital amazonense. O cortejo fluvial partiu do Terminal Pesqueiro \u00e0s 15h, conduzido pela Marinha do Brasil, a bordo do navio hidroceanogr\u00e1fico fluvial Rio Branco, e atracou no p\u00eder por volta das 17h30. Em seguida, os fi\u00e9is seguiram em prociss\u00e3o terrestre at\u00e9 a Catedral Metropolitana de Manaus, onde ocorreu a missa solene.<\/p>\n\n\n\n<p>Mais do que cen\u00e1rio, o p\u00eder e o mirante cumpriram papel essencial na log\u00edstica do evento, oferecendo seguran\u00e7a, acessibilidade e conforto aos participantes. A integra\u00e7\u00e3o entre a religiosidade popular e os espa\u00e7os urbanos qualificados representa um novo modelo de ocupa\u00e7\u00e3o p\u00fablica: viva, \u00fatil e acolhedora.<\/p>\n\n\n\n<p>\u201cO p\u00eder Manaus 355 e o mirante s\u00e3o, hoje, estruturas que dialogam com a cidade de forma funcional. Eles n\u00e3o s\u00e3o apenas bonitos ou tur\u00edsticos, s\u00e3o \u00fateis. S\u00e3o equipamentos que acolhem eventos de grande porte,&nbsp;valorizam&nbsp;o centro hist\u00f3rico e&nbsp;conectam&nbsp;a cidade \u00e0 sua pr\u00f3pria identidade cultural\u201d, destacou o diretor-presidente da ManausCult, Jender Lobato.<\/p>\n\n\n\n<p>O mirante, que comp\u00f5e o mesmo complexo, serviu como \u00e1rea de recep\u00e7\u00e3o e apoio aos participantes, demonstrando sua voca\u00e7\u00e3o como novo polo tur\u00edstico e cultural da cidade. A a\u00e7\u00e3o refor\u00e7a o papel do espa\u00e7o como porta de entrada para experi\u00eancias que conectam f\u00e9, hist\u00f3ria e a din\u00e2mica contempor\u00e2nea de Manaus.<\/p>\n\n\n\n<p>A Prefeitura de Manaus, por meio da ManausCult, tem investido na promo\u00e7\u00e3o e fortalecimento de espa\u00e7os p\u00fablicos qualificados, incentivando o uso criativo e diverso desses ambientes em eventos que celebrem a mem\u00f3ria, a cultura e os afetos da popula\u00e7\u00e3o.<\/p>\n\n\n\n<p>&#8212; &#8212; &#8212;<\/p>\n\n\n\n<p><strong>Texto <\/strong>&#8211; J\u00e9ssica Trajano\/ManausCult<\/p>\n\n\n\n<p><strong>Fotos <\/strong>\u2013 Ant\u00f4nio Pereira\/Semcom e Thelson Souza\/ManausCult <\/p>\n\n\n\n<p><strong>Dispon\u00edveis em <\/strong>&#8211;\u00a0<a href=\"https:\/\/flic.kr\/s\/aHBqjCjPcC\" target=\"_blank\" rel=\"noreferrer noopener\">https:\/\/flic.kr\/s\/aHBqjCjPcC<\/a><\/p>\n","protected":false},"excerpt":{"rendered":"","protected":false},"author":23,"featured_media":4089,"comment_status":"closed","ping_status":"closed","sticky":false,"template":"","format":"standard","meta":{"footnotes":""},"categories":[3],"tags":[9,380,1482,1483,11,1484],"acf":[],"yoast_head":"<!-- This site is optimized with the Yoast SEO plugin v23.0 - https:\/\/yoast.com\/wordpress\/plugins\/seo\/ -->\n<title>P\u00eder Manaus 355 e mirante L\u00facia Almeida reafirmam papel estrat\u00e9gico como polos tur\u00edsticos e culturais no centro hist\u00f3rico<\/title>\n<meta name=\"description\" content=\"A Prefeitura de Manaus, por meio da Funda\u00e7\u00e3o Municipal de Cultura, Turismo e Eventos (ManausCult), reafirmou, no domingo, 29\/6, a relev\u00e2ncia do p\u00eder Manaus 355 e do mirante L\u00facia Almeida como estruturas p\u00fablicas estrat\u00e9gicas para o turismo, cultura e eventos no centro hist\u00f3rico da cidade.\" \/>\n<meta name=\"robots\" content=\"noindex, follow\" \/>\n<meta property=\"og:locale\" content=\"pt_BR\" \/>\n<meta property=\"og:type\" content=\"article\" \/>\n<meta property=\"og:title\" content=\"P\u00eder Manaus 355 e mirante L\u00facia Almeida reafirmam papel estrat\u00e9gico como polos tur\u00edsticos e culturais no centro hist\u00f3rico\" \/>\n<meta property=\"og:description\" content=\"A Prefeitura de Manaus, por meio da Funda\u00e7\u00e3o Municipal de Cultura, Turismo e Eventos (ManausCult), reafirmou, no domingo, 29\/6, a relev\u00e2ncia do p\u00eder Manaus 355 e do mirante L\u00facia Almeida como estruturas p\u00fablicas estrat\u00e9gicas para o turismo, cultura e eventos no centro hist\u00f3rico da cidade.\" \/>\n<meta property=\"og:url\" content=\"https:\/\/www.manaus.am.gov.br\/manauscult\/prefeitura-mirante-pier-procissaosaopedro\/\" \/>\n<meta property=\"og:site_name\" content=\"MANAUSCULT\" \/>\n<meta property=\"article:published_time\" content=\"2025-06-30T14:13:41+00:00\" \/>\n<meta property=\"article:modified_time\" content=\"2025-06-30T14:13:42+00:00\" \/>\n<meta property=\"og:image\" content=\"https:\/\/www.manaus.am.gov.br\/manauscult\/wp-content\/uploads\/sites\/11\/2025\/06\/54621879837_de3bb2134d_c.jpg\" \/>\n\t<meta property=\"og:image:width\" content=\"799\" \/>\n\t<meta property=\"og:image:height\" content=\"571\" \/>\n\t<meta property=\"og:image:type\" content=\"image\/jpeg\" \/>\n<meta name=\"author\" content=\"Adriana Costa\" \/>\n<meta name=\"twitter:card\" content=\"summary_large_image\" \/>\n<meta name=\"twitter:label1\" content=\"Written by\" \/>\n\t<meta name=\"twitter:data1\" content=\"Adriana Costa\" \/>\n\t<meta name=\"twitter:label2\" content=\"Est. reading time\" \/>\n\t<meta name=\"twitter:data2\" content=\"3 minutos\" \/>\n<script type=\"application\/ld+json\" class=\"yoast-schema-graph\">{\"@context\":\"https:\/\/schema.org\",\"@graph\":[{\"@type\":\"WebPage\",\"@id\":\"https:\/\/www.manaus.am.gov.br\/manauscult\/prefeitura-mirante-pier-procissaosaopedro\/\",\"url\":\"https:\/\/www.manaus.am.gov.br\/manauscult\/prefeitura-mirante-pier-procissaosaopedro\/\",\"name\":\"P\u00eder Manaus 355 e mirante L\u00facia Almeida reafirmam papel estrat\u00e9gico como polos tur\u00edsticos e culturais no centro hist\u00f3rico\",\"isPartOf\":{\"@id\":\"https:\/\/www.manaus.am.gov.br\/manauscult\/#website\"},\"primaryImageOfPage\":{\"@id\":\"https:\/\/www.manaus.am.gov.br\/manauscult\/prefeitura-mirante-pier-procissaosaopedro\/#primaryimage\"},\"image\":{\"@id\":\"https:\/\/www.manaus.am.gov.br\/manauscult\/prefeitura-mirante-pier-procissaosaopedro\/#primaryimage\"},\"thumbnailUrl\":\"https:\/\/www.manaus.am.gov.br\/manauscult\/wp-content\/uploads\/sites\/11\/2025\/06\/54621879837_de3bb2134d_c.jpg\",\"datePublished\":\"2025-06-30T14:13:41+00:00\",\"dateModified\":\"2025-06-30T14:13:42+00:00\",\"author\":{\"@id\":\"https:\/\/www.manaus.am.gov.br\/manauscult\/#\/schema\/person\/4e49f4e267757a06ca072ec61b2b9968\"},\"description\":\"A Prefeitura de Manaus, por meio da Funda\u00e7\u00e3o Municipal de Cultura, Turismo e Eventos (ManausCult), reafirmou, no domingo, 29\/6, a relev\u00e2ncia do p\u00eder Manaus 355 e do mirante L\u00facia Almeida como estruturas p\u00fablicas estrat\u00e9gicas para o turismo, cultura e eventos no centro hist\u00f3rico da cidade.\",\"breadcrumb\":{\"@id\":\"https:\/\/www.manaus.am.gov.br\/manauscult\/prefeitura-mirante-pier-procissaosaopedro\/#breadcrumb\"},\"inLanguage\":\"pt-BR\",\"potentialAction\":[{\"@type\":\"ReadAction\",\"target\":[\"https:\/\/www.manaus.am.gov.br\/manauscult\/prefeitura-mirante-pier-procissaosaopedro\/\"]}]},{\"@type\":\"ImageObject\",\"inLanguage\":\"pt-BR\",\"@id\":\"https:\/\/www.manaus.am.gov.br\/manauscult\/prefeitura-mirante-pier-procissaosaopedro\/#primaryimage\",\"url\":\"https:\/\/www.manaus.am.gov.br\/manauscult\/wp-content\/uploads\/sites\/11\/2025\/06\/54621879837_de3bb2134d_c.jpg\",\"contentUrl\":\"https:\/\/www.manaus.am.gov.br\/manauscult\/wp-content\/uploads\/sites\/11\/2025\/06\/54621879837_de3bb2134d_c.jpg\",\"width\":799,\"height\":571},{\"@type\":\"BreadcrumbList\",\"@id\":\"https:\/\/www.manaus.am.gov.br\/manauscult\/prefeitura-mirante-pier-procissaosaopedro\/#breadcrumb\",\"itemListElement\":[{\"@type\":\"ListItem\",\"position\":1,\"name\":\"Home\",\"item\":\"https:\/\/www.manaus.am.gov.br\/manauscult\/\"},{\"@type\":\"ListItem\",\"position\":2,\"name\":\"P\u00eder Manaus 355 e mirante L\u00facia Almeida reafirmam papel estrat\u00e9gico como polos tur\u00edsticos e culturais no centro hist\u00f3rico\"}]},{\"@type\":\"WebSite\",\"@id\":\"https:\/\/www.manaus.am.gov.br\/manauscult\/#website\",\"url\":\"https:\/\/www.manaus.am.gov.br\/manauscult\/\",\"name\":\"MANAUSCULT\",\"description\":\"Prefeitura de Manaus\",\"potentialAction\":[{\"@type\":\"SearchAction\",\"target\":{\"@type\":\"EntryPoint\",\"urlTemplate\":\"https:\/\/www.manaus.am.gov.br\/manauscult\/?s={search_term_string}\"},\"query-input\":\"required name=search_term_string\"}],\"inLanguage\":\"pt-BR\"},{\"@type\":\"Person\",\"@id\":\"https:\/\/www.manaus.am.gov.br\/manauscult\/#\/schema\/person\/4e49f4e267757a06ca072ec61b2b9968\",\"name\":\"Adriana Costa\",\"image\":{\"@type\":\"ImageObject\",\"inLanguage\":\"pt-BR\",\"@id\":\"https:\/\/www.manaus.am.gov.br\/manauscult\/#\/schema\/person\/image\/\",\"url\":\"https:\/\/secure.gravatar.com\/avatar\/576258617ef7194f718179e766d57bd4?s=96&d=mm&r=g\",\"contentUrl\":\"https:\/\/secure.gravatar.com\/avatar\/576258617ef7194f718179e766d57bd4?s=96&d=mm&r=g\",\"caption\":\"Adriana Costa\"}}]}<\/script>\n<!-- \/ Yoast SEO plugin. -->","yoast_head_json":{"title":"P\u00eder Manaus 355 e mirante L\u00facia Almeida reafirmam papel estrat\u00e9gico como polos tur\u00edsticos e culturais no centro hist\u00f3rico","description":"A Prefeitura de Manaus, por meio da Funda\u00e7\u00e3o Municipal de Cultura, Turismo e Eventos (ManausCult), reafirmou, no domingo, 29\/6, a relev\u00e2ncia do p\u00eder Manaus 355 e do mirante L\u00facia Almeida como estruturas p\u00fablicas estrat\u00e9gicas para o turismo, cultura e eventos no centro hist\u00f3rico da cidade.","robots":{"index":"noindex","follow":"follow"},"og_locale":"pt_BR","og_type":"article","og_title":"P\u00eder Manaus 355 e mirante L\u00facia Almeida reafirmam papel estrat\u00e9gico como polos tur\u00edsticos e culturais no centro hist\u00f3rico","og_description":"A Prefeitura de Manaus, por meio da Funda\u00e7\u00e3o Municipal de Cultura, Turismo e Eventos (ManausCult), reafirmou, no domingo, 29\/6, a relev\u00e2ncia do p\u00eder Manaus 355 e do mirante L\u00facia Almeida como estruturas p\u00fablicas estrat\u00e9gicas para o turismo, cultura e eventos no centro hist\u00f3rico da cidade.","og_url":"https:\/\/www.manaus.am.gov.br\/manauscult\/prefeitura-mirante-pier-procissaosaopedro\/","og_site_name":"MANAUSCULT","article_published_time":"2025-06-30T14:13:41+00:00","article_modified_time":"2025-06-30T14:13:42+00:00","og_image":[{"width":799,"height":571,"url":"https:\/\/www.manaus.am.gov.br\/manauscult\/wp-content\/uploads\/sites\/11\/2025\/06\/54621879837_de3bb2134d_c.jpg","type":"image\/jpeg"}],"author":"Adriana Costa","twitter_card":"summary_large_image","twitter_misc":{"Written by":"Adriana Costa","Est. reading time":"3 minutos"},"schema":{"@context":"https:\/\/schema.org","@graph":[{"@type":"WebPage","@id":"https:\/\/www.manaus.am.gov.br\/manauscult\/prefeitura-mirante-pier-procissaosaopedro\/","url":"https:\/\/www.manaus.am.gov.br\/manauscult\/prefeitura-mirante-pier-procissaosaopedro\/","name":"P\u00eder Manaus 355 e mirante L\u00facia Almeida reafirmam papel estrat\u00e9gico como polos tur\u00edsticos e culturais no centro hist\u00f3rico","isPartOf":{"@id":"https:\/\/www.manaus.am.gov.br\/manauscult\/#website"},"primaryImageOfPage":{"@id":"https:\/\/www.manaus.am.gov.br\/manauscult\/prefeitura-mirante-pier-procissaosaopedro\/#primaryimage"},"image":{"@id":"https:\/\/www.manaus.am.gov.br\/manauscult\/prefeitura-mirante-pier-procissaosaopedro\/#primaryimage"},"thumbnailUrl":"https:\/\/www.manaus.am.gov.br\/manauscult\/wp-content\/uploads\/sites\/11\/2025\/06\/54621879837_de3bb2134d_c.jpg","datePublished":"2025-06-30T14:13:41+00:00","dateModified":"2025-06-30T14:13:42+00:00","author":{"@id":"https:\/\/www.manaus.am.gov.br\/manauscult\/#\/schema\/person\/4e49f4e267757a06ca072ec61b2b9968"},"description":"A Prefeitura de Manaus, por meio da Funda\u00e7\u00e3o Municipal de Cultura, Turismo e Eventos (ManausCult), reafirmou, no domingo, 29\/6, a relev\u00e2ncia do p\u00eder Manaus 355 e do mirante L\u00facia Almeida como estruturas p\u00fablicas estrat\u00e9gicas para o turismo, cultura e eventos no centro hist\u00f3rico da cidade.","breadcrumb":{"@id":"https:\/\/www.manaus.am.gov.br\/manauscult\/prefeitura-mirante-pier-procissaosaopedro\/#breadcrumb"},"inLanguage":"pt-BR","potentialAction":[{"@type":"ReadAction","target":["https:\/\/www.manaus.am.gov.br\/manauscult\/prefeitura-mirante-pier-procissaosaopedro\/"]}]},{"@type":"ImageObject","inLanguage":"pt-BR","@id":"https:\/\/www.manaus.am.gov.br\/manauscult\/prefeitura-mirante-pier-procissaosaopedro\/#primaryimage","url":"https:\/\/www.manaus.am.gov.br\/manauscult\/wp-content\/uploads\/sites\/11\/2025\/06\/54621879837_de3bb2134d_c.jpg","contentUrl":"https:\/\/www.manaus.am.gov.br\/manauscult\/wp-content\/uploads\/sites\/11\/2025\/06\/54621879837_de3bb2134d_c.jpg","width":799,"height":571},{"@type":"BreadcrumbList","@id":"https:\/\/www.manaus.am.gov.br\/manauscult\/prefeitura-mirante-pier-procissaosaopedro\/#breadcrumb","itemListElement":[{"@type":"ListItem","position":1,"name":"Home","item":"https:\/\/www.manaus.am.gov.br\/manauscult\/"},{"@type":"ListItem","position":2,"name":"P\u00eder Manaus 355 e mirante L\u00facia Almeida reafirmam papel estrat\u00e9gico como polos tur\u00edsticos e culturais no centro hist\u00f3rico"}]},{"@type":"WebSite","@id":"https:\/\/www.manaus.am.gov.br\/manauscult\/#website","url":"https:\/\/www.manaus.am.gov.br\/manauscult\/","name":"MANAUSCULT","description":"Prefeitura de Manaus","potentialAction":[{"@type":"SearchAction","target":{"@type":"EntryPoint","urlTemplate":"https:\/\/www.manaus.am.gov.br\/manauscult\/?s={search_term_string}"},"query-input":"required name=search_term_string"}],"inLanguage":"pt-BR"},{"@type":"Person","@id":"https:\/\/www.manaus.am.gov.br\/manauscult\/#\/schema\/person\/4e49f4e267757a06ca072ec61b2b9968","name":"Adriana Costa","image":{"@type":"ImageObject","inLanguage":"pt-BR","@id":"https:\/\/www.manaus.am.gov.br\/manauscult\/#\/schema\/person\/image\/","url":"https:\/\/secure.gravatar.com\/avatar\/576258617ef7194f718179e766d57bd4?s=96&d=mm&r=g","contentUrl":"https:\/\/secure.gravatar.com\/avatar\/576258617ef7194f718179e766d57bd4?s=96&d=mm&r=g","caption":"Adriana Costa"}}]}},"_links":{"self":[{"href":"https:\/\/www.manaus.am.gov.br\/manauscult\/wp-json\/wp\/v2\/posts\/4088"}],"collection":[{"href":"https:\/\/www.manaus.am.gov.br\/manauscult\/wp-json\/wp\/v2\/posts"}],"about":[{"href":"https:\/\/www.manaus.am.gov.br\/manauscult\/wp-json\/wp\/v2\/types\/post"}],"author":[{"embeddable":true,"href":"https:\/\/www.manaus.am.gov.br\/manauscult\/wp-json\/wp\/v2\/users\/23"}],"replies":[{"embeddable":true,"href":"https:\/\/www.manaus.am.gov.br\/manauscult\/wp-json\/wp\/v2\/comments?post=4088"}],"version-history":[{"count":0,"href":"https:\/\/www.manaus.am.gov.br\/manauscult\/wp-json\/wp\/v2\/posts\/4088\/revisions"}],"wp:featuredmedia":[{"embeddable":true,"href":"https:\/\/www.manaus.am.gov.br\/manauscult\/wp-json\/wp\/v2\/media\/4089"}],"wp:attachment":[{"href":"https:\/\/www.manaus.am.gov.br\/manauscult\/wp-json\/wp\/v2\/media?parent=4088"}],"wp:term":[{"taxonomy":"category","embeddable":true,"href":"https:\/\/www.manaus.am.gov.br\/manauscult\/wp-json\/wp\/v2\/categories?post=4088"},{"taxonomy":"post_tag","embeddable":true,"href":"https:\/\/www.manaus.am.gov.br\/manauscult\/wp-json\/wp\/v2\/tags?post=4088"}],"curies":[{"name":"wp","href":"https:\/\/api.w.org\/{rel}","templated":true}]}}