{"id":4086,"date":"2025-06-27T14:56:02","date_gmt":"2025-06-27T18:56:02","guid":{"rendered":"https:\/\/www.manaus.am.gov.br\/manauscult\/pier-manaus-355-referencia-turismo\/"},"modified":"2025-06-27T14:56:04","modified_gmt":"2025-06-27T18:56:04","slug":"pier-manaus-355-referencia-turismo","status":"publish","type":"post","link":"https:\/\/www.manaus.am.gov.br\/manauscult\/pier-manaus-355-referencia-turismo\/","title":{"rendered":"P\u00eder Manaus 355 e Mirante L\u00facia Almeida se consolidam como refer\u00eancia no turismo e no apoio a grandes eventos em Manaus"},"content":{"rendered":"\n<p>Neste domingo, 29\/6 o p\u00eder Manaus 355, parte do complexo tur\u00edstico Mirante L\u00facia Almeida, administrado pela Prefeitura de Manaus, por meio da Funda\u00e7\u00e3o Municipal de Cultura, Turismo e Eventos (Manauscult), ser\u00e1 utilizado como ponto de desembarque da tradicional prociss\u00e3o fluvial de S\u00e3o Pedro Pescador, que chega \u00e0 sua 76\u00aa edi\u00e7\u00e3o com o tema \u201cPedro, tu me amas?\u201d. O evento, que re\u00fane milhares de fi\u00e9is todos os anos, marca um novo momento de valoriza\u00e7\u00e3o do Centro Hist\u00f3rico de Manaus, com a integra\u00e7\u00e3o de espa\u00e7os p\u00fablicos modernos \u00e0 din\u00e2mica religiosa, tur\u00edstica e cultural da cidade.<\/p>\n\n\n\n<p>Com sa\u00edda marcada para \u00e0s 15h do Terminal Pesqueiro, a prociss\u00e3o fluvial seguir\u00e1 at\u00e9 o p\u00eder Manaus 355, onde ocorrer\u00e1 o desembarque do andor com o quadro de S\u00e3o Pedro, por volta das 16h30. A partir dali os fi\u00e9is seguir\u00e3o em prociss\u00e3o terrestre at\u00e9 a Catedral Metropolitana de Manaus, encerrando com a Missa Solene \u00e0s 17h30. O trajeto conta com o apoio da Marinha do Brasil, que conduzir\u00e1 o andor a bordo do navio hidroceanogr\u00e1fico fluvial Rio Branco.<\/p>\n\n\n\n<p>A escolha do p\u00eder como ponto estrat\u00e9gico de chegada representa um marco no uso da infraestrutura p\u00fablica em prol de eventos de grande porte. O mirante L\u00facia Almeida, que comp\u00f5e o mesmo complexo, servir\u00e1 como \u00e1rea de recep\u00e7\u00e3o e apoio aos participantes, demonstrando a voca\u00e7\u00e3o do espa\u00e7o para acolher manifesta\u00e7\u00f5es culturais e religiosas.<\/p>\n\n\n\n<p>\u201cO p\u00eder Manaus 355 vem se consolidando como uma estrutura de apoio a manifesta\u00e7\u00f5es religiosas, culturais e tur\u00edsticas, fortalecendo o centro hist\u00f3rico como espa\u00e7o vivo e ativo da cidade. \u00c9 um equipamento que mostra seu valor n\u00e3o apenas pela beleza, mas pela funcionalidade\u201d, destacou o diretor-presidente da Manauscult, Jender Lobato.<\/p>\n\n\n\n<p>A Prefeitura de Manaus, por meio da Funda\u00e7\u00e3o Municipal de Cultura, Turismo e Eventos (Manauscult), contribui para o bom acolhimento dos eventos com a disponibiliza\u00e7\u00e3o de infraestrutura adequada e apoio institucional aos organizadores, incentivando o uso qualificado dos espa\u00e7os p\u00fablicos para fortalecer a identidade cultural da cidade.<\/p>\n\n\n\n<p>A vice-presidente de Turismo da Manauscult, Oreni Braga, tamb\u00e9m destacou o impacto positivo da a\u00e7\u00e3o.<\/p>\n\n\n\n<p>\u201cA chegada da prociss\u00e3o pelo p\u00eder refor\u00e7a o papel do complexo mirante L\u00facia Almeida como porta de entrada para experi\u00eancias religiosas e tur\u00edsticas que conectam f\u00e9, hist\u00f3ria e identidade cultural. \u00c9 um s\u00edmbolo do potencial do nosso centro hist\u00f3rico.\u201d<\/p>\n\n\n\n<p>A 76\u00aa Prociss\u00e3o de S\u00e3o Pedro Pescador deve reunir cerca de 3 mil pessoas, em uma celebra\u00e7\u00e3o que une religiosidade, tradi\u00e7\u00e3o e integra\u00e7\u00e3o com os espa\u00e7os revitalizados da cidade. A cada edi\u00e7\u00e3o, a f\u00e9 dos pescadores e da popula\u00e7\u00e3o ribeirinha encontra novos caminhos de express\u00e3o agora, com o p\u00eder Manaus 355 e o mirante L\u00facia Almeida como aliados dessa jornada.<\/p>\n\n\n\n<p>&#8212; &#8212; &#8212;<\/p>\n\n\n\n<p><strong>Texto &#8211;<\/strong> J\u00e9ssica Trajano \/ Manauscult<\/p>\n\n\n\n<p><strong>Fotos &#8211;<\/strong> Thelson Souza \/ Manauscult<\/p>\n","protected":false},"excerpt":{"rendered":"","protected":false},"author":57,"featured_media":4087,"comment_status":"closed","ping_status":"closed","sticky":false,"template":"","format":"standard","meta":{"footnotes":""},"categories":[18],"tags":[9,380,1481,11],"acf":[],"yoast_head":"<!-- This site is optimized with the Yoast SEO plugin v23.0 - https:\/\/yoast.com\/wordpress\/plugins\/seo\/ -->\n<title>P\u00eder Manaus 355 se consolida como refer\u00eancia no turismo<\/title>\n<meta name=\"description\" content=\"O P\u00eder Manaus 355 ser\u00e1 utilizado como ponto de desembarque da tradicional prociss\u00e3o fluvial de S\u00e3o Pedro Pescador.\" \/>\n<meta name=\"robots\" content=\"noindex, follow\" \/>\n<meta property=\"og:locale\" content=\"pt_BR\" \/>\n<meta property=\"og:type\" content=\"article\" \/>\n<meta property=\"og:title\" content=\"P\u00eder Manaus 355 se consolida como refer\u00eancia no turismo\" \/>\n<meta property=\"og:description\" content=\"O P\u00eder Manaus 355 ser\u00e1 utilizado como ponto de desembarque da tradicional prociss\u00e3o fluvial de S\u00e3o Pedro Pescador.\" \/>\n<meta property=\"og:url\" content=\"https:\/\/www.manaus.am.gov.br\/manauscult\/pier-manaus-355-referencia-turismo\/\" \/>\n<meta property=\"og:site_name\" content=\"MANAUSCULT\" \/>\n<meta property=\"article:published_time\" content=\"2025-06-27T18:56:02+00:00\" \/>\n<meta property=\"article:modified_time\" content=\"2025-06-27T18:56:04+00:00\" \/>\n<meta property=\"og:image\" content=\"https:\/\/www.manaus.am.gov.br\/manauscult\/wp-content\/uploads\/sites\/11\/2025\/06\/Pier-Manaus-355-1.jpeg\" \/>\n\t<meta property=\"og:image:width\" content=\"1242\" \/>\n\t<meta property=\"og:image:height\" content=\"811\" \/>\n\t<meta property=\"og:image:type\" content=\"image\/jpeg\" \/>\n<meta name=\"author\" content=\"Thiago Fernando\" \/>\n<meta name=\"twitter:card\" content=\"summary_large_image\" \/>\n<meta name=\"twitter:label1\" content=\"Written by\" \/>\n\t<meta name=\"twitter:data1\" content=\"Thiago Fernando\" \/>\n\t<meta name=\"twitter:label2\" content=\"Est. reading time\" \/>\n\t<meta name=\"twitter:data2\" content=\"3 minutos\" \/>\n<script type=\"application\/ld+json\" class=\"yoast-schema-graph\">{\"@context\":\"https:\/\/schema.org\",\"@graph\":[{\"@type\":\"WebPage\",\"@id\":\"https:\/\/www.manaus.am.gov.br\/manauscult\/pier-manaus-355-referencia-turismo\/\",\"url\":\"https:\/\/www.manaus.am.gov.br\/manauscult\/pier-manaus-355-referencia-turismo\/\",\"name\":\"P\u00eder Manaus 355 se consolida como refer\u00eancia no turismo\",\"isPartOf\":{\"@id\":\"https:\/\/www.manaus.am.gov.br\/manauscult\/#website\"},\"primaryImageOfPage\":{\"@id\":\"https:\/\/www.manaus.am.gov.br\/manauscult\/pier-manaus-355-referencia-turismo\/#primaryimage\"},\"image\":{\"@id\":\"https:\/\/www.manaus.am.gov.br\/manauscult\/pier-manaus-355-referencia-turismo\/#primaryimage\"},\"thumbnailUrl\":\"https:\/\/www.manaus.am.gov.br\/manauscult\/wp-content\/uploads\/sites\/11\/2025\/06\/Pier-Manaus-355-1.jpeg\",\"datePublished\":\"2025-06-27T18:56:02+00:00\",\"dateModified\":\"2025-06-27T18:56:04+00:00\",\"author\":{\"@id\":\"https:\/\/www.manaus.am.gov.br\/manauscult\/#\/schema\/person\/a5ee5376db6e21af026374b369f30882\"},\"description\":\"O P\u00eder Manaus 355 ser\u00e1 utilizado como ponto de desembarque da tradicional prociss\u00e3o fluvial de S\u00e3o Pedro Pescador.\",\"breadcrumb\":{\"@id\":\"https:\/\/www.manaus.am.gov.br\/manauscult\/pier-manaus-355-referencia-turismo\/#breadcrumb\"},\"inLanguage\":\"pt-BR\",\"potentialAction\":[{\"@type\":\"ReadAction\",\"target\":[\"https:\/\/www.manaus.am.gov.br\/manauscult\/pier-manaus-355-referencia-turismo\/\"]}]},{\"@type\":\"ImageObject\",\"inLanguage\":\"pt-BR\",\"@id\":\"https:\/\/www.manaus.am.gov.br\/manauscult\/pier-manaus-355-referencia-turismo\/#primaryimage\",\"url\":\"https:\/\/www.manaus.am.gov.br\/manauscult\/wp-content\/uploads\/sites\/11\/2025\/06\/Pier-Manaus-355-1.jpeg\",\"contentUrl\":\"https:\/\/www.manaus.am.gov.br\/manauscult\/wp-content\/uploads\/sites\/11\/2025\/06\/Pier-Manaus-355-1.jpeg\",\"width\":1242,\"height\":811,\"caption\":\"P\u00eder Manaus 355\"},{\"@type\":\"BreadcrumbList\",\"@id\":\"https:\/\/www.manaus.am.gov.br\/manauscult\/pier-manaus-355-referencia-turismo\/#breadcrumb\",\"itemListElement\":[{\"@type\":\"ListItem\",\"position\":1,\"name\":\"Home\",\"item\":\"https:\/\/www.manaus.am.gov.br\/manauscult\/\"},{\"@type\":\"ListItem\",\"position\":2,\"name\":\"P\u00eder Manaus 355 e Mirante L\u00facia Almeida se consolidam como refer\u00eancia no turismo e no apoio a grandes eventos em Manaus\"}]},{\"@type\":\"WebSite\",\"@id\":\"https:\/\/www.manaus.am.gov.br\/manauscult\/#website\",\"url\":\"https:\/\/www.manaus.am.gov.br\/manauscult\/\",\"name\":\"MANAUSCULT\",\"description\":\"Prefeitura de Manaus\",\"potentialAction\":[{\"@type\":\"SearchAction\",\"target\":{\"@type\":\"EntryPoint\",\"urlTemplate\":\"https:\/\/www.manaus.am.gov.br\/manauscult\/?s={search_term_string}\"},\"query-input\":\"required name=search_term_string\"}],\"inLanguage\":\"pt-BR\"},{\"@type\":\"Person\",\"@id\":\"https:\/\/www.manaus.am.gov.br\/manauscult\/#\/schema\/person\/a5ee5376db6e21af026374b369f30882\",\"name\":\"Thiago Fernando\",\"image\":{\"@type\":\"ImageObject\",\"inLanguage\":\"pt-BR\",\"@id\":\"https:\/\/www.manaus.am.gov.br\/manauscult\/#\/schema\/person\/image\/\",\"url\":\"https:\/\/secure.gravatar.com\/avatar\/f5aab8722444041451501c077052ac07?s=96&d=mm&r=g\",\"contentUrl\":\"https:\/\/secure.gravatar.com\/avatar\/f5aab8722444041451501c077052ac07?s=96&d=mm&r=g\",\"caption\":\"Thiago Fernando\"}}]}<\/script>\n<!-- \/ Yoast SEO plugin. -->","yoast_head_json":{"title":"P\u00eder Manaus 355 se consolida como refer\u00eancia no turismo","description":"O P\u00eder Manaus 355 ser\u00e1 utilizado como ponto de desembarque da tradicional prociss\u00e3o fluvial de S\u00e3o Pedro Pescador.","robots":{"index":"noindex","follow":"follow"},"og_locale":"pt_BR","og_type":"article","og_title":"P\u00eder Manaus 355 se consolida como refer\u00eancia no turismo","og_description":"O P\u00eder Manaus 355 ser\u00e1 utilizado como ponto de desembarque da tradicional prociss\u00e3o fluvial de S\u00e3o Pedro Pescador.","og_url":"https:\/\/www.manaus.am.gov.br\/manauscult\/pier-manaus-355-referencia-turismo\/","og_site_name":"MANAUSCULT","article_published_time":"2025-06-27T18:56:02+00:00","article_modified_time":"2025-06-27T18:56:04+00:00","og_image":[{"width":1242,"height":811,"url":"https:\/\/www.manaus.am.gov.br\/manauscult\/wp-content\/uploads\/sites\/11\/2025\/06\/Pier-Manaus-355-1.jpeg","type":"image\/jpeg"}],"author":"Thiago Fernando","twitter_card":"summary_large_image","twitter_misc":{"Written by":"Thiago Fernando","Est. reading time":"3 minutos"},"schema":{"@context":"https:\/\/schema.org","@graph":[{"@type":"WebPage","@id":"https:\/\/www.manaus.am.gov.br\/manauscult\/pier-manaus-355-referencia-turismo\/","url":"https:\/\/www.manaus.am.gov.br\/manauscult\/pier-manaus-355-referencia-turismo\/","name":"P\u00eder Manaus 355 se consolida como refer\u00eancia no turismo","isPartOf":{"@id":"https:\/\/www.manaus.am.gov.br\/manauscult\/#website"},"primaryImageOfPage":{"@id":"https:\/\/www.manaus.am.gov.br\/manauscult\/pier-manaus-355-referencia-turismo\/#primaryimage"},"image":{"@id":"https:\/\/www.manaus.am.gov.br\/manauscult\/pier-manaus-355-referencia-turismo\/#primaryimage"},"thumbnailUrl":"https:\/\/www.manaus.am.gov.br\/manauscult\/wp-content\/uploads\/sites\/11\/2025\/06\/Pier-Manaus-355-1.jpeg","datePublished":"2025-06-27T18:56:02+00:00","dateModified":"2025-06-27T18:56:04+00:00","author":{"@id":"https:\/\/www.manaus.am.gov.br\/manauscult\/#\/schema\/person\/a5ee5376db6e21af026374b369f30882"},"description":"O P\u00eder Manaus 355 ser\u00e1 utilizado como ponto de desembarque da tradicional prociss\u00e3o fluvial de S\u00e3o Pedro Pescador.","breadcrumb":{"@id":"https:\/\/www.manaus.am.gov.br\/manauscult\/pier-manaus-355-referencia-turismo\/#breadcrumb"},"inLanguage":"pt-BR","potentialAction":[{"@type":"ReadAction","target":["https:\/\/www.manaus.am.gov.br\/manauscult\/pier-manaus-355-referencia-turismo\/"]}]},{"@type":"ImageObject","inLanguage":"pt-BR","@id":"https:\/\/www.manaus.am.gov.br\/manauscult\/pier-manaus-355-referencia-turismo\/#primaryimage","url":"https:\/\/www.manaus.am.gov.br\/manauscult\/wp-content\/uploads\/sites\/11\/2025\/06\/Pier-Manaus-355-1.jpeg","contentUrl":"https:\/\/www.manaus.am.gov.br\/manauscult\/wp-content\/uploads\/sites\/11\/2025\/06\/Pier-Manaus-355-1.jpeg","width":1242,"height":811,"caption":"P\u00eder Manaus 355"},{"@type":"BreadcrumbList","@id":"https:\/\/www.manaus.am.gov.br\/manauscult\/pier-manaus-355-referencia-turismo\/#breadcrumb","itemListElement":[{"@type":"ListItem","position":1,"name":"Home","item":"https:\/\/www.manaus.am.gov.br\/manauscult\/"},{"@type":"ListItem","position":2,"name":"P\u00eder Manaus 355 e Mirante L\u00facia Almeida se consolidam como refer\u00eancia no turismo e no apoio a grandes eventos em Manaus"}]},{"@type":"WebSite","@id":"https:\/\/www.manaus.am.gov.br\/manauscult\/#website","url":"https:\/\/www.manaus.am.gov.br\/manauscult\/","name":"MANAUSCULT","description":"Prefeitura de Manaus","potentialAction":[{"@type":"SearchAction","target":{"@type":"EntryPoint","urlTemplate":"https:\/\/www.manaus.am.gov.br\/manauscult\/?s={search_term_string}"},"query-input":"required name=search_term_string"}],"inLanguage":"pt-BR"},{"@type":"Person","@id":"https:\/\/www.manaus.am.gov.br\/manauscult\/#\/schema\/person\/a5ee5376db6e21af026374b369f30882","name":"Thiago Fernando","image":{"@type":"ImageObject","inLanguage":"pt-BR","@id":"https:\/\/www.manaus.am.gov.br\/manauscult\/#\/schema\/person\/image\/","url":"https:\/\/secure.gravatar.com\/avatar\/f5aab8722444041451501c077052ac07?s=96&d=mm&r=g","contentUrl":"https:\/\/secure.gravatar.com\/avatar\/f5aab8722444041451501c077052ac07?s=96&d=mm&r=g","caption":"Thiago Fernando"}}]}},"_links":{"self":[{"href":"https:\/\/www.manaus.am.gov.br\/manauscult\/wp-json\/wp\/v2\/posts\/4086"}],"collection":[{"href":"https:\/\/www.manaus.am.gov.br\/manauscult\/wp-json\/wp\/v2\/posts"}],"about":[{"href":"https:\/\/www.manaus.am.gov.br\/manauscult\/wp-json\/wp\/v2\/types\/post"}],"author":[{"embeddable":true,"href":"https:\/\/www.manaus.am.gov.br\/manauscult\/wp-json\/wp\/v2\/users\/57"}],"replies":[{"embeddable":true,"href":"https:\/\/www.manaus.am.gov.br\/manauscult\/wp-json\/wp\/v2\/comments?post=4086"}],"version-history":[{"count":0,"href":"https:\/\/www.manaus.am.gov.br\/manauscult\/wp-json\/wp\/v2\/posts\/4086\/revisions"}],"wp:featuredmedia":[{"embeddable":true,"href":"https:\/\/www.manaus.am.gov.br\/manauscult\/wp-json\/wp\/v2\/media\/4087"}],"wp:attachment":[{"href":"https:\/\/www.manaus.am.gov.br\/manauscult\/wp-json\/wp\/v2\/media?parent=4086"}],"wp:term":[{"taxonomy":"category","embeddable":true,"href":"https:\/\/www.manaus.am.gov.br\/manauscult\/wp-json\/wp\/v2\/categories?post=4086"},{"taxonomy":"post_tag","embeddable":true,"href":"https:\/\/www.manaus.am.gov.br\/manauscult\/wp-json\/wp\/v2\/tags?post=4086"}],"curies":[{"name":"wp","href":"https:\/\/api.w.org\/{rel}","templated":true}]}}