{"id":4070,"date":"2025-06-25T12:16:36","date_gmt":"2025-06-25T16:16:36","guid":{"rendered":"https:\/\/www.manaus.am.gov.br\/manauscult\/apuracao-categoria-prata-67o-festival-folclorico-do-amazonas\/"},"modified":"2025-06-25T12:16:36","modified_gmt":"2025-06-25T16:16:36","slug":"apuracao-categoria-prata-67o-festival-folclorico-do-amazonas","status":"publish","type":"post","link":"https:\/\/www.manaus.am.gov.br\/manauscult\/apuracao-categoria-prata-67o-festival-folclorico-do-amazonas\/","title":{"rendered":"Apura\u00e7\u00e3o da categoria Prata consagra campe\u00f5es do 67\u00ba Festival Folcl\u00f3rico do Amazonas em tarde de emo\u00e7\u00e3o no mirante L\u00facia Almeida"},"content":{"rendered":"\n<p>A Prefeitura de Manaus, por meio da Funda\u00e7\u00e3o Municipal de Cultura, Turismo e Eventos (Manauscult), realizou, na tarde desta ter\u00e7a-feira, 24\/6, no mirante L\u00facia Almeida, no centro hist\u00f3rico da cidade, a apura\u00e7\u00e3o oficial da categoria Prata do 67\u00ba Festival Folcl\u00f3rico do Amazonas. O evento reuniu brincantes, lideran\u00e7as de grupos folcl\u00f3ricos e apaixonados pelo festival, que vibraram a cada nota revelada pelos jurados.<br><br>A apura\u00e7\u00e3o confirmou os vencedores nas diversas modalidades, consagrando grupos como a quadrilha tradicional Junina Ardente, que fez hist\u00f3ria ao receber nota 10 de todos os jurados, e a quadrilha c\u00f4mica Kero \u00e9 Klose, que tamb\u00e9m gabaritou na avalia\u00e7\u00e3o t\u00e9cnica, ambas emocionaram o p\u00fablico e arrancaram aplausos na&nbsp;arena do Centro Cultural dos Povos da Amaz\u00f4nia (CCPA).<\/p>\n\n\n\n<p><br>O diretor-presidente da Manauscult, Jender Lobato, ressaltou o compromisso da gest\u00e3o municipal com a cultura popular e destacou a transpar\u00eancia em todo o processo de apura\u00e7\u00e3o.<\/p>\n\n\n\n<p><br>\u201cTivemos um festival grandioso, marcado pela seriedade, pela organiza\u00e7\u00e3o e, acima de tudo, pelo respeito aos nossos artistas. A apura\u00e7\u00e3o foi transparente, como deve ser, e parabenizo todos os grupos pelo empenho, pela dedica\u00e7\u00e3o e por manterem viva essa tradi\u00e7\u00e3o que orgulha o povo manauara\u201d, afirmou.<\/p>\n\n\n\n<p><br><strong>Maior investimento da hist\u00f3ria e novidades estruturais<\/strong><\/p>\n\n\n\n<p><br>A edi\u00e7\u00e3o deste ano entrou para a hist\u00f3ria com o maior investimento j\u00e1 feito nas agremia\u00e7\u00f5es folcl\u00f3ricas. Pela primeira vez, os grupos receberam os valores de fomento com semanas de anteced\u00eancia, o que possibilitou um melhor planejamento e apresenta\u00e7\u00f5es ainda mais impactantes. As categorias Prata e Bronze tiveram um reajuste de 10% nos valores de incentivo, alcan\u00e7ando R$ 19,8 mil para os grupos Prata e R$ 8,8 mil para os grupos Bronze. Os bois-bumb\u00e1s urbanos tamb\u00e9m foram contemplados com um incentivo in\u00e9dito, recebendo R$ 143 mil cada, um dos maiores aportes j\u00e1 registrados na hist\u00f3ria do evento.<\/p>\n\n\n\n<p><br>A estrutura do festival tamb\u00e9m passou por reformula\u00e7\u00f5es importantes, consolidando uma nova roupagem para o Festival Folcl\u00f3rico do Amazonas. Realizado no Centro Cultural dos Povos da Amaz\u00f4nia, o evento contou com a aproxima\u00e7\u00e3o do palco \u00e0 plateia, melhor visibilidade das arquibancadas, espa\u00e7os reservados para idosos e pessoas com mobilidade reduzida, e uma pra\u00e7a de alimenta\u00e7\u00e3o ampliada, que se tornou ponto de encontro entre brincantes, fam\u00edlias e turistas, movimentando a economia criativa e garantindo renda a dezenas de empreendedores da gastronomia regional.<\/p>\n\n\n\n<p><br>Tamb\u00e9m pela primeira vez, as segundas e ter\u00e7as-feiras foram reservadas para os ensaios t\u00e9cnicos das dan\u00e7as no pr\u00f3prio CCPA, o que proporcionou melhor prepara\u00e7\u00e3o para os grupos e refletiu diretamente na qualidade art\u00edstica das apresenta\u00e7\u00f5es. Outra novidade foi a realiza\u00e7\u00e3o, no Dia do Quadrilheiro (1\u00ba de junho), da competi\u00e7\u00e3o de quartetos de quadrilha, que premiou 1\u00ba, 2\u00ba e 3\u00ba lugar, em uma celebra\u00e7\u00e3o in\u00e9dita e emocionante para o segmento.<\/p>\n\n\n\n<p>&nbsp;<br><strong>P\u00fablico recorde e valoriza\u00e7\u00e3o da cultura<\/strong><\/p>\n\n\n\n<p><br>Ao longo das semanas do festival, mais de 100 mil pessoas prestigiaram a programa\u00e7\u00e3o, reafirmando a for\u00e7a e a relev\u00e2ncia do evento no calend\u00e1rio cultural da cidade. O p\u00fablico lotou as arquibancadas em todas as noites de disputa, acompanhando de perto as apresenta\u00e7\u00f5es dos grupos das categorias Bronze e Prata.<\/p>\n\n\n\n<p><br>O 67\u00ba Festival Folcl\u00f3rico do Amazonas consolidou-se, neste ano, como uma edi\u00e7\u00e3o hist\u00f3rica, marcada pela inclus\u00e3o, inova\u00e7\u00e3o, valoriza\u00e7\u00e3o dos fazedores de cultura e o fortalecimento das ra\u00edzes populares que fazem da manifesta\u00e7\u00e3o folcl\u00f3rica amazonense uma das mais ricas do pa\u00eds.<\/p>\n\n\n\n<p><br><strong>Confira os vencedores da categoria Prata \u2013 2025<\/strong><\/p>\n\n\n\n<p><strong><br>Quadrilha tradicional<\/strong><\/p>\n\n\n\n<p>1\u00ba Junina Ardente<\/p>\n\n\n\n<p>2\u00ba Junina Cabocla<\/p>\n\n\n\n<p>3\u00ba Fam\u00edlia Gald<\/p>\n\n\n\n<p><strong><br>Dan\u00e7a Regional e Povos da Amaz\u00f4nia<\/strong><\/p>\n\n\n\n<p>1\u00ba Lendas e Povos da Amaz\u00f4nia<\/p>\n\n\n\n<p>2\u00ba P\u00e1ssaro Gavi\u00e3o Real<\/p>\n\n\n\n<p><strong><br>Dan\u00e7a Nacional<\/strong><\/p>\n\n\n\n<p>1\u00ba Xote da Karolina<\/p>\n\n\n\n<p>2\u00ba Xameguinho do Xote<\/p>\n\n\n\n<p><br><strong>Povos Ind\u00edgenas<\/strong><\/p>\n\n\n\n<p>1\u00ba Dos Bares<\/p>\n\n\n\n<p>2\u00ba Manau<\/p>\n\n\n\n<p><br><strong>Cacetinho<\/strong><br>1\u00ba Pida Djap\u00e1<\/p>\n\n\n\n<p>2\u00ba Manau<\/p>\n\n\n\n<p><br><strong>Dan\u00e7a Internacional<\/strong><\/p>\n\n\n\n<p>1\u00ba Grupo de Dan\u00e7as Gald<\/p>\n\n\n\n<p>2\u00ba Jai Oh<\/p>\n\n\n\n<p>3\u00ba Rancho Luso Brasileiro<\/p>\n\n\n\n<p><br><strong>Dan\u00e7a Nordestina<\/strong><\/p>\n\n\n\n<p>1\u00b0 Descendentes de Lampi\u00e3o<\/p>\n\n\n\n<p>2\u00b0 Cangaceiros de Juazeiro<\/p>\n\n\n\n<p>3\u00b0 Vingadores do Sert\u00e3o<\/p>\n\n\n\n<p><br><strong>Quadrilha Alternativa<\/strong><\/p>\n\n\n\n<p>1\u00ba Os Atrapalhados na Ro\u00e7a<\/p>\n\n\n\n<p>2\u00ba Uni\u00e3o Hit Dance<\/p>\n\n\n\n<p><br><strong>Quadrilha de Duelo<\/strong><\/p>\n\n\n\n<p>1\u00ba Anjos do Faroeste<\/p>\n\n\n\n<p>2\u00ba Espi\u00f5es na Ro\u00e7a<\/p>\n\n\n\n<p>3\u00ba Reis do Faroeste<\/p>\n\n\n\n<p><strong><br>Ciranda<\/strong><br>1\u00ba Ciranda do Aleixo<\/p>\n\n\n\n<p>2\u00ba Ciranda For\u00e7a Jovem<\/p>\n\n\n\n<p>3\u00ba Ciranda da Bet\u00e2nia<\/p>\n\n\n\n<p><br><strong>Quadrilha C\u00f4mica<\/strong><\/p>\n\n\n\n<p>1\u00ba Kero \u00e9 Klose<\/p>\n\n\n\n<p>2\u00ba Jo\u00e3o e Maria<\/p>\n\n\n\n<p>3\u00ba Escolinha na Ro\u00e7a<\/p>\n\n\n\n<figure class=\"wp-block-image size-large\"><img loading=\"lazy\" decoding=\"async\" width=\"1024\" height=\"683\" src=\"https:\/\/www.manaus.am.gov.br\/manauscult\/wp-content\/uploads\/sites\/11\/2025\/06\/54611938328_fbf657c831_k-1024x683.jpg\" alt=\"\" class=\"wp-image-4071\" srcset=\"https:\/\/www.manaus.am.gov.br\/manauscult\/wp-content\/uploads\/sites\/11\/2025\/06\/54611938328_fbf657c831_k-1024x683.jpg 1024w, https:\/\/www.manaus.am.gov.br\/manauscult\/wp-content\/uploads\/sites\/11\/2025\/06\/54611938328_fbf657c831_k-300x200.jpg 300w, https:\/\/www.manaus.am.gov.br\/manauscult\/wp-content\/uploads\/sites\/11\/2025\/06\/54611938328_fbf657c831_k-768x512.jpg 768w, https:\/\/www.manaus.am.gov.br\/manauscult\/wp-content\/uploads\/sites\/11\/2025\/06\/54611938328_fbf657c831_k-1536x1024.jpg 1536w, https:\/\/www.manaus.am.gov.br\/manauscult\/wp-content\/uploads\/sites\/11\/2025\/06\/54611938328_fbf657c831_k.jpg 2048w\" sizes=\"(max-width: 1024px) 100vw, 1024px\" \/><\/figure>\n\n\n\n<p>&#8212; &#8212; &#8212;<\/p>\n\n\n\n<p><strong>Texto &#8211;<\/strong>&nbsp;J\u00e9ssica Trajano\/Manauscult&nbsp;<\/p>\n\n\n\n<p><strong>Fotos <\/strong>\u2013 Jo\u00e3o Viana\/Semcom<\/p>\n\n\n\n<p><strong>Dispon\u00edveis em &#8211; <\/strong>&nbsp;<a href=\"https:\/\/flic.kr\/s\/aHBqjCjfVA\">https:\/\/flic.kr\/s\/aHBqjCjfVA<\/a><\/p>\n","protected":false},"excerpt":{"rendered":"","protected":false},"author":39,"featured_media":4072,"comment_status":"closed","ping_status":"closed","sticky":false,"template":"","format":"standard","meta":{"footnotes":""},"categories":[12],"tags":[1476,238,1477,9,11],"acf":[],"yoast_head":"<!-- This site is optimized with the Yoast SEO plugin v23.0 - https:\/\/yoast.com\/wordpress\/plugins\/seo\/ -->\n<title>Apura\u00e7\u00e3o da categoria Prata consagra campe\u00f5es do 67\u00ba Festival Folcl\u00f3rico do Amazonas<\/title>\n<meta name=\"description\" content=\"Apura\u00e7\u00e3o da categoria Prata consagra campe\u00f5es do 67\u00ba Festival Folcl\u00f3rico do Amazonas em tarde de emo\u00e7\u00e3o no mirante L\u00facia Almeida.\" \/>\n<meta name=\"robots\" content=\"noindex, follow\" \/>\n<meta property=\"og:locale\" content=\"pt_BR\" \/>\n<meta property=\"og:type\" content=\"article\" \/>\n<meta property=\"og:title\" content=\"Apura\u00e7\u00e3o da categoria Prata consagra campe\u00f5es do 67\u00ba Festival Folcl\u00f3rico do Amazonas\" \/>\n<meta property=\"og:description\" content=\"Apura\u00e7\u00e3o da categoria Prata consagra campe\u00f5es do 67\u00ba Festival Folcl\u00f3rico do Amazonas em tarde de emo\u00e7\u00e3o no mirante L\u00facia Almeida.\" \/>\n<meta property=\"og:url\" content=\"https:\/\/www.manaus.am.gov.br\/manauscult\/apuracao-categoria-prata-67o-festival-folclorico-do-amazonas\/\" \/>\n<meta property=\"og:site_name\" content=\"MANAUSCULT\" \/>\n<meta property=\"article:published_time\" content=\"2025-06-25T16:16:36+00:00\" \/>\n<meta property=\"og:image\" content=\"https:\/\/www.manaus.am.gov.br\/manauscult\/wp-content\/uploads\/sites\/11\/2025\/06\/54610847147_d018bf88a1_k.jpg\" \/>\n\t<meta property=\"og:image:width\" content=\"2048\" \/>\n\t<meta property=\"og:image:height\" content=\"1365\" \/>\n\t<meta property=\"og:image:type\" content=\"image\/jpeg\" \/>\n<meta name=\"author\" content=\"Bruna Greco\" \/>\n<meta name=\"twitter:card\" content=\"summary_large_image\" \/>\n<meta name=\"twitter:label1\" content=\"Written by\" \/>\n\t<meta name=\"twitter:data1\" content=\"Bruna Greco\" \/>\n\t<meta name=\"twitter:label2\" content=\"Est. reading time\" \/>\n\t<meta name=\"twitter:data2\" content=\"5 minutos\" \/>\n<script type=\"application\/ld+json\" class=\"yoast-schema-graph\">{\"@context\":\"https:\/\/schema.org\",\"@graph\":[{\"@type\":\"WebPage\",\"@id\":\"https:\/\/www.manaus.am.gov.br\/manauscult\/apuracao-categoria-prata-67o-festival-folclorico-do-amazonas\/\",\"url\":\"https:\/\/www.manaus.am.gov.br\/manauscult\/apuracao-categoria-prata-67o-festival-folclorico-do-amazonas\/\",\"name\":\"Apura\u00e7\u00e3o da categoria Prata consagra campe\u00f5es do 67\u00ba Festival Folcl\u00f3rico do Amazonas\",\"isPartOf\":{\"@id\":\"https:\/\/www.manaus.am.gov.br\/manauscult\/#website\"},\"primaryImageOfPage\":{\"@id\":\"https:\/\/www.manaus.am.gov.br\/manauscult\/apuracao-categoria-prata-67o-festival-folclorico-do-amazonas\/#primaryimage\"},\"image\":{\"@id\":\"https:\/\/www.manaus.am.gov.br\/manauscult\/apuracao-categoria-prata-67o-festival-folclorico-do-amazonas\/#primaryimage\"},\"thumbnailUrl\":\"https:\/\/www.manaus.am.gov.br\/manauscult\/wp-content\/uploads\/sites\/11\/2025\/06\/54610847147_d018bf88a1_k.jpg\",\"datePublished\":\"2025-06-25T16:16:36+00:00\",\"dateModified\":\"2025-06-25T16:16:36+00:00\",\"author\":{\"@id\":\"https:\/\/www.manaus.am.gov.br\/manauscult\/#\/schema\/person\/05d223aea2bf115f9883a6ff3683d81b\"},\"description\":\"Apura\u00e7\u00e3o da categoria Prata consagra campe\u00f5es do 67\u00ba Festival Folcl\u00f3rico do Amazonas em tarde de emo\u00e7\u00e3o no mirante L\u00facia Almeida.\",\"breadcrumb\":{\"@id\":\"https:\/\/www.manaus.am.gov.br\/manauscult\/apuracao-categoria-prata-67o-festival-folclorico-do-amazonas\/#breadcrumb\"},\"inLanguage\":\"pt-BR\",\"potentialAction\":[{\"@type\":\"ReadAction\",\"target\":[\"https:\/\/www.manaus.am.gov.br\/manauscult\/apuracao-categoria-prata-67o-festival-folclorico-do-amazonas\/\"]}]},{\"@type\":\"ImageObject\",\"inLanguage\":\"pt-BR\",\"@id\":\"https:\/\/www.manaus.am.gov.br\/manauscult\/apuracao-categoria-prata-67o-festival-folclorico-do-amazonas\/#primaryimage\",\"url\":\"https:\/\/www.manaus.am.gov.br\/manauscult\/wp-content\/uploads\/sites\/11\/2025\/06\/54610847147_d018bf88a1_k.jpg\",\"contentUrl\":\"https:\/\/www.manaus.am.gov.br\/manauscult\/wp-content\/uploads\/sites\/11\/2025\/06\/54610847147_d018bf88a1_k.jpg\",\"width\":2048,\"height\":1365,\"caption\":\"#paratodosverem - Representantes da cultura amazonense durante apura\u00e7\u00e3o da categoria Prata do 67\u00ba Festival Folcl\u00f3rico\"},{\"@type\":\"BreadcrumbList\",\"@id\":\"https:\/\/www.manaus.am.gov.br\/manauscult\/apuracao-categoria-prata-67o-festival-folclorico-do-amazonas\/#breadcrumb\",\"itemListElement\":[{\"@type\":\"ListItem\",\"position\":1,\"name\":\"Home\",\"item\":\"https:\/\/www.manaus.am.gov.br\/manauscult\/\"},{\"@type\":\"ListItem\",\"position\":2,\"name\":\"Apura\u00e7\u00e3o da categoria Prata consagra campe\u00f5es do 67\u00ba Festival Folcl\u00f3rico do Amazonas em tarde de emo\u00e7\u00e3o no mirante L\u00facia Almeida\"}]},{\"@type\":\"WebSite\",\"@id\":\"https:\/\/www.manaus.am.gov.br\/manauscult\/#website\",\"url\":\"https:\/\/www.manaus.am.gov.br\/manauscult\/\",\"name\":\"MANAUSCULT\",\"description\":\"Prefeitura de Manaus\",\"potentialAction\":[{\"@type\":\"SearchAction\",\"target\":{\"@type\":\"EntryPoint\",\"urlTemplate\":\"https:\/\/www.manaus.am.gov.br\/manauscult\/?s={search_term_string}\"},\"query-input\":\"required name=search_term_string\"}],\"inLanguage\":\"pt-BR\"},{\"@type\":\"Person\",\"@id\":\"https:\/\/www.manaus.am.gov.br\/manauscult\/#\/schema\/person\/05d223aea2bf115f9883a6ff3683d81b\",\"name\":\"Bruna Greco\",\"image\":{\"@type\":\"ImageObject\",\"inLanguage\":\"pt-BR\",\"@id\":\"https:\/\/www.manaus.am.gov.br\/manauscult\/#\/schema\/person\/image\/\",\"url\":\"https:\/\/secure.gravatar.com\/avatar\/9c877d1a6adc2a055330e5c09a8653ce?s=96&d=mm&r=g\",\"contentUrl\":\"https:\/\/secure.gravatar.com\/avatar\/9c877d1a6adc2a055330e5c09a8653ce?s=96&d=mm&r=g\",\"caption\":\"Bruna Greco\"}}]}<\/script>\n<!-- \/ Yoast SEO plugin. -->","yoast_head_json":{"title":"Apura\u00e7\u00e3o da categoria Prata consagra campe\u00f5es do 67\u00ba Festival Folcl\u00f3rico do Amazonas","description":"Apura\u00e7\u00e3o da categoria Prata consagra campe\u00f5es do 67\u00ba Festival Folcl\u00f3rico do Amazonas em tarde de emo\u00e7\u00e3o no mirante L\u00facia Almeida.","robots":{"index":"noindex","follow":"follow"},"og_locale":"pt_BR","og_type":"article","og_title":"Apura\u00e7\u00e3o da categoria Prata consagra campe\u00f5es do 67\u00ba Festival Folcl\u00f3rico do Amazonas","og_description":"Apura\u00e7\u00e3o da categoria Prata consagra campe\u00f5es do 67\u00ba Festival Folcl\u00f3rico do Amazonas em tarde de emo\u00e7\u00e3o no mirante L\u00facia Almeida.","og_url":"https:\/\/www.manaus.am.gov.br\/manauscult\/apuracao-categoria-prata-67o-festival-folclorico-do-amazonas\/","og_site_name":"MANAUSCULT","article_published_time":"2025-06-25T16:16:36+00:00","og_image":[{"width":2048,"height":1365,"url":"https:\/\/www.manaus.am.gov.br\/manauscult\/wp-content\/uploads\/sites\/11\/2025\/06\/54610847147_d018bf88a1_k.jpg","type":"image\/jpeg"}],"author":"Bruna Greco","twitter_card":"summary_large_image","twitter_misc":{"Written by":"Bruna Greco","Est. reading time":"5 minutos"},"schema":{"@context":"https:\/\/schema.org","@graph":[{"@type":"WebPage","@id":"https:\/\/www.manaus.am.gov.br\/manauscult\/apuracao-categoria-prata-67o-festival-folclorico-do-amazonas\/","url":"https:\/\/www.manaus.am.gov.br\/manauscult\/apuracao-categoria-prata-67o-festival-folclorico-do-amazonas\/","name":"Apura\u00e7\u00e3o da categoria Prata consagra campe\u00f5es do 67\u00ba Festival Folcl\u00f3rico do Amazonas","isPartOf":{"@id":"https:\/\/www.manaus.am.gov.br\/manauscult\/#website"},"primaryImageOfPage":{"@id":"https:\/\/www.manaus.am.gov.br\/manauscult\/apuracao-categoria-prata-67o-festival-folclorico-do-amazonas\/#primaryimage"},"image":{"@id":"https:\/\/www.manaus.am.gov.br\/manauscult\/apuracao-categoria-prata-67o-festival-folclorico-do-amazonas\/#primaryimage"},"thumbnailUrl":"https:\/\/www.manaus.am.gov.br\/manauscult\/wp-content\/uploads\/sites\/11\/2025\/06\/54610847147_d018bf88a1_k.jpg","datePublished":"2025-06-25T16:16:36+00:00","dateModified":"2025-06-25T16:16:36+00:00","author":{"@id":"https:\/\/www.manaus.am.gov.br\/manauscult\/#\/schema\/person\/05d223aea2bf115f9883a6ff3683d81b"},"description":"Apura\u00e7\u00e3o da categoria Prata consagra campe\u00f5es do 67\u00ba Festival Folcl\u00f3rico do Amazonas em tarde de emo\u00e7\u00e3o no mirante L\u00facia Almeida.","breadcrumb":{"@id":"https:\/\/www.manaus.am.gov.br\/manauscult\/apuracao-categoria-prata-67o-festival-folclorico-do-amazonas\/#breadcrumb"},"inLanguage":"pt-BR","potentialAction":[{"@type":"ReadAction","target":["https:\/\/www.manaus.am.gov.br\/manauscult\/apuracao-categoria-prata-67o-festival-folclorico-do-amazonas\/"]}]},{"@type":"ImageObject","inLanguage":"pt-BR","@id":"https:\/\/www.manaus.am.gov.br\/manauscult\/apuracao-categoria-prata-67o-festival-folclorico-do-amazonas\/#primaryimage","url":"https:\/\/www.manaus.am.gov.br\/manauscult\/wp-content\/uploads\/sites\/11\/2025\/06\/54610847147_d018bf88a1_k.jpg","contentUrl":"https:\/\/www.manaus.am.gov.br\/manauscult\/wp-content\/uploads\/sites\/11\/2025\/06\/54610847147_d018bf88a1_k.jpg","width":2048,"height":1365,"caption":"#paratodosverem - Representantes da cultura amazonense durante apura\u00e7\u00e3o da categoria Prata do 67\u00ba Festival Folcl\u00f3rico"},{"@type":"BreadcrumbList","@id":"https:\/\/www.manaus.am.gov.br\/manauscult\/apuracao-categoria-prata-67o-festival-folclorico-do-amazonas\/#breadcrumb","itemListElement":[{"@type":"ListItem","position":1,"name":"Home","item":"https:\/\/www.manaus.am.gov.br\/manauscult\/"},{"@type":"ListItem","position":2,"name":"Apura\u00e7\u00e3o da categoria Prata consagra campe\u00f5es do 67\u00ba Festival Folcl\u00f3rico do Amazonas em tarde de emo\u00e7\u00e3o no mirante L\u00facia Almeida"}]},{"@type":"WebSite","@id":"https:\/\/www.manaus.am.gov.br\/manauscult\/#website","url":"https:\/\/www.manaus.am.gov.br\/manauscult\/","name":"MANAUSCULT","description":"Prefeitura de Manaus","potentialAction":[{"@type":"SearchAction","target":{"@type":"EntryPoint","urlTemplate":"https:\/\/www.manaus.am.gov.br\/manauscult\/?s={search_term_string}"},"query-input":"required name=search_term_string"}],"inLanguage":"pt-BR"},{"@type":"Person","@id":"https:\/\/www.manaus.am.gov.br\/manauscult\/#\/schema\/person\/05d223aea2bf115f9883a6ff3683d81b","name":"Bruna Greco","image":{"@type":"ImageObject","inLanguage":"pt-BR","@id":"https:\/\/www.manaus.am.gov.br\/manauscult\/#\/schema\/person\/image\/","url":"https:\/\/secure.gravatar.com\/avatar\/9c877d1a6adc2a055330e5c09a8653ce?s=96&d=mm&r=g","contentUrl":"https:\/\/secure.gravatar.com\/avatar\/9c877d1a6adc2a055330e5c09a8653ce?s=96&d=mm&r=g","caption":"Bruna Greco"}}]}},"_links":{"self":[{"href":"https:\/\/www.manaus.am.gov.br\/manauscult\/wp-json\/wp\/v2\/posts\/4070"}],"collection":[{"href":"https:\/\/www.manaus.am.gov.br\/manauscult\/wp-json\/wp\/v2\/posts"}],"about":[{"href":"https:\/\/www.manaus.am.gov.br\/manauscult\/wp-json\/wp\/v2\/types\/post"}],"author":[{"embeddable":true,"href":"https:\/\/www.manaus.am.gov.br\/manauscult\/wp-json\/wp\/v2\/users\/39"}],"replies":[{"embeddable":true,"href":"https:\/\/www.manaus.am.gov.br\/manauscult\/wp-json\/wp\/v2\/comments?post=4070"}],"version-history":[{"count":1,"href":"https:\/\/www.manaus.am.gov.br\/manauscult\/wp-json\/wp\/v2\/posts\/4070\/revisions"}],"predecessor-version":[{"id":4073,"href":"https:\/\/www.manaus.am.gov.br\/manauscult\/wp-json\/wp\/v2\/posts\/4070\/revisions\/4073"}],"wp:featuredmedia":[{"embeddable":true,"href":"https:\/\/www.manaus.am.gov.br\/manauscult\/wp-json\/wp\/v2\/media\/4072"}],"wp:attachment":[{"href":"https:\/\/www.manaus.am.gov.br\/manauscult\/wp-json\/wp\/v2\/media?parent=4070"}],"wp:term":[{"taxonomy":"category","embeddable":true,"href":"https:\/\/www.manaus.am.gov.br\/manauscult\/wp-json\/wp\/v2\/categories?post=4070"},{"taxonomy":"post_tag","embeddable":true,"href":"https:\/\/www.manaus.am.gov.br\/manauscult\/wp-json\/wp\/v2\/tags?post=4070"}],"curies":[{"name":"wp","href":"https:\/\/api.w.org\/{rel}","templated":true}]}}