{"id":4066,"date":"2025-06-25T11:14:55","date_gmt":"2025-06-25T15:14:55","guid":{"rendered":"https:\/\/www.manaus.am.gov.br\/manauscult\/apoio-poeta-exposicao-obra-literaria\/"},"modified":"2025-06-25T11:14:55","modified_gmt":"2025-06-25T15:14:55","slug":"apoio-poeta-exposicao-obra-literaria","status":"publish","type":"post","link":"https:\/\/www.manaus.am.gov.br\/manauscult\/apoio-poeta-exposicao-obra-literaria\/","title":{"rendered":"Com apoio da Prefeitura de Manaus, poeta Francisco de Abreu Cavalcante ganha exposi\u00e7\u00e3o e nova obra liter\u00e1ria\u00a0"},"content":{"rendered":"\n<p>A trajet\u00f3ria liter\u00e1ria do poeta Francisco de Abreu Cavalcante, de 91 anos, \u00e9 tema da exposi\u00e7\u00e3o em cartaz na biblioteca municipal Jo\u00e3o Bosco Pantoja Evangelista, localizada na rua Costa Azevedo, n\u00ba 216, no centro da cidade. Aberta ao p\u00fablico de segunda a sexta-feira, das 8h \u00e0s 17h, a mostra apresenta um panorama da obra do escritor amazonense, com destaque para o livro&nbsp;\u201cMis\u00e9ria e Utopia\u201d, contemplado pelo Edital Demais Linguagens de 2024, da Lei Paulo Gustavo (LPG), promovido pela Prefeitura de Manaus, por meio do Conselho Municipal de Cultura (Concultura).<\/p>\n\n\n\n<p>O livro, lan\u00e7ado neste ano, prop\u00f5e reflex\u00f5es sobre a realidade social por meio da poesia, com a\u00e7\u00f5es voltadas a p\u00fablicos diversos, como pessoas em situa\u00e7\u00e3o de rua, idosos e escritores da terceira idade. A obra refor\u00e7a o compromisso do autor com temas sens\u00edveis, como desigualdade, mem\u00f3ria e esperan\u00e7a.<\/p>\n\n\n\n<p>De acordo com o presidente do Concultura, Tony Medeiros, a exposi\u00e7\u00e3o representa um reconhecimento \u00e0 contribui\u00e7\u00e3o dos artistas locais.<\/p>\n\n\n\n<p>\u201cEssa exposi\u00e7\u00e3o \u00e9 resultado de uma pol\u00edtica p\u00fablica que funciona. Por meio da Lei Paulo Gustavo, com apoio da Prefeitura de Manaus, conseguimos contemplar o poeta Francisco de Abreu Cavalcante com a publica\u00e7\u00e3o do \u2018Mis\u00e9ria e Utopia\u2019. \u00c9 uma forma de garantir que a produ\u00e7\u00e3o liter\u00e1ria local ganhe visibilidade e chegue a p\u00fablicos diversos. Valorizar nossos autores \u00e9 fortalecer a cultura da nossa cidade\u201d, afirmou o presidente.<\/p>\n\n\n\n<p>A mostra re\u00fane resumos de obras, capas, fotografias, manuscritos, recortes e edi\u00e7\u00f5es publicadas de t\u00edtulos como&nbsp;\u201cRabiscos de Amor\u201d,&nbsp;\u201cMaravilhas da Vida\u201d&nbsp;e&nbsp;\u201cLuzes Po\u00e9ticas\u201d. Os visitantes tamb\u00e9m poder\u00e3o conhecer, em primeira m\u00e3o, trechos da pr\u00f3xima obra in\u00e9dita do autor, o \u201cS\u00e3o Nuno de Santa Maria Cantado em Versos\u201d, com lan\u00e7amento previsto para o segundo semestre deste ano. O livro homenageia o guerreiro portugu\u00eas conhecido como &#8220;Santo Condest\u00e1vel&#8221;, figura hist\u00f3rica que lutou ao lado de dom Jo\u00e3o pela independ\u00eancia de Portugal.<\/p>\n\n\n\n<p>Estudantes, pesquisadores e frequentadores da biblioteca ter\u00e3o a oportunidade de se aprofundar na produ\u00e7\u00e3o po\u00e9tica de Cavalcante, cuja escrita \u00e9 marcada por sensibilidade, cr\u00edtica social e um profundo senso de humanidade. A exposi\u00e7\u00e3o tamb\u00e9m prop\u00f5e uma reflex\u00e3o sobre o papel da literatura como instrumento de resist\u00eancia, inclus\u00e3o e preserva\u00e7\u00e3o da mem\u00f3ria.<\/p>\n\n\n\n<p>A iniciativa integra as a\u00e7\u00f5es de difus\u00e3o cultural previstas no edital da LPG e refor\u00e7a o compromisso com a valoriza\u00e7\u00e3o de autores regionais e da literatura produzida no Amazonas. A exposi\u00e7\u00e3o permanece aberta \u00e0 visita\u00e7\u00e3o at\u00e9 julho deste ano.<\/p>\n\n\n\n<figure class=\"wp-block-image size-large\"><img loading=\"lazy\" decoding=\"async\" width=\"1024\" height=\"576\" src=\"https:\/\/www.manaus.am.gov.br\/manauscult\/wp-content\/uploads\/sites\/11\/2025\/06\/FOTOS_ELIZABETH_CAVALCANTE-4-1024x576.jpeg\" alt=\"\" class=\"wp-image-4067\" srcset=\"https:\/\/www.manaus.am.gov.br\/manauscult\/wp-content\/uploads\/sites\/11\/2025\/06\/FOTOS_ELIZABETH_CAVALCANTE-4-1024x576.jpeg 1024w, https:\/\/www.manaus.am.gov.br\/manauscult\/wp-content\/uploads\/sites\/11\/2025\/06\/FOTOS_ELIZABETH_CAVALCANTE-4-300x169.jpeg 300w, https:\/\/www.manaus.am.gov.br\/manauscult\/wp-content\/uploads\/sites\/11\/2025\/06\/FOTOS_ELIZABETH_CAVALCANTE-4-768x432.jpeg 768w, https:\/\/www.manaus.am.gov.br\/manauscult\/wp-content\/uploads\/sites\/11\/2025\/06\/FOTOS_ELIZABETH_CAVALCANTE-4.jpeg 1280w\" sizes=\"(max-width: 1024px) 100vw, 1024px\" \/><\/figure>\n\n\n\n<p>&#8212; &#8212; &#8212;<\/p>\n\n\n\n<p><strong>Texto<\/strong>\u00a0\u2013 Divulga\u00e7\u00e3o\/Concultura<\/p>\n\n\n\n<p><strong>Fotos \u2013<\/strong>\u00a0Divulga\u00e7\u00e3o\/Elizabeth Cavalcante<\/p>\n","protected":false},"excerpt":{"rendered":"","protected":false},"author":39,"featured_media":4068,"comment_status":"closed","ping_status":"closed","sticky":false,"template":"","format":"standard","meta":{"footnotes":""},"categories":[825],"tags":[23,45,1473,1474,1475,11],"acf":[],"yoast_head":"<!-- This site is optimized with the Yoast SEO plugin v23.0 - https:\/\/yoast.com\/wordpress\/plugins\/seo\/ -->\n<title>Poeta Francisco de Abreu Cavalcante ganha exposi\u00e7\u00e3o<\/title>\n<meta name=\"description\" content=\"Com apoio da Prefeitura de Manaus, poeta Francisco de Abreu Cavalcante ganha exposi\u00e7\u00e3o e nova obra liter\u00e1ria.\" \/>\n<meta name=\"robots\" content=\"noindex, follow\" \/>\n<meta property=\"og:locale\" content=\"pt_BR\" \/>\n<meta property=\"og:type\" content=\"article\" \/>\n<meta property=\"og:title\" content=\"Poeta Francisco de Abreu Cavalcante ganha exposi\u00e7\u00e3o\" \/>\n<meta property=\"og:description\" content=\"Com apoio da Prefeitura de Manaus, poeta Francisco de Abreu Cavalcante ganha exposi\u00e7\u00e3o e nova obra liter\u00e1ria.\" \/>\n<meta property=\"og:url\" content=\"https:\/\/www.manaus.am.gov.br\/manauscult\/apoio-poeta-exposicao-obra-literaria\/\" \/>\n<meta property=\"og:site_name\" content=\"MANAUSCULT\" \/>\n<meta property=\"article:published_time\" content=\"2025-06-25T15:14:55+00:00\" \/>\n<meta property=\"og:image\" content=\"https:\/\/www.manaus.am.gov.br\/manauscult\/wp-content\/uploads\/sites\/11\/2025\/06\/FOTOS_ELIZABETH_CAVALCANTE-5.jpeg\" \/>\n\t<meta property=\"og:image:width\" content=\"1280\" \/>\n\t<meta property=\"og:image:height\" content=\"720\" \/>\n\t<meta property=\"og:image:type\" content=\"image\/jpeg\" \/>\n<meta name=\"author\" content=\"Bruna Greco\" \/>\n<meta name=\"twitter:card\" content=\"summary_large_image\" \/>\n<meta name=\"twitter:label1\" content=\"Written by\" \/>\n\t<meta name=\"twitter:data1\" content=\"Bruna Greco\" \/>\n\t<meta name=\"twitter:label2\" content=\"Est. reading time\" \/>\n\t<meta name=\"twitter:data2\" content=\"3 minutos\" \/>\n<script type=\"application\/ld+json\" class=\"yoast-schema-graph\">{\"@context\":\"https:\/\/schema.org\",\"@graph\":[{\"@type\":\"WebPage\",\"@id\":\"https:\/\/www.manaus.am.gov.br\/manauscult\/apoio-poeta-exposicao-obra-literaria\/\",\"url\":\"https:\/\/www.manaus.am.gov.br\/manauscult\/apoio-poeta-exposicao-obra-literaria\/\",\"name\":\"Poeta Francisco de Abreu Cavalcante ganha exposi\u00e7\u00e3o\",\"isPartOf\":{\"@id\":\"https:\/\/www.manaus.am.gov.br\/manauscult\/#website\"},\"primaryImageOfPage\":{\"@id\":\"https:\/\/www.manaus.am.gov.br\/manauscult\/apoio-poeta-exposicao-obra-literaria\/#primaryimage\"},\"image\":{\"@id\":\"https:\/\/www.manaus.am.gov.br\/manauscult\/apoio-poeta-exposicao-obra-literaria\/#primaryimage\"},\"thumbnailUrl\":\"https:\/\/www.manaus.am.gov.br\/manauscult\/wp-content\/uploads\/sites\/11\/2025\/06\/FOTOS_ELIZABETH_CAVALCANTE-5.jpeg\",\"datePublished\":\"2025-06-25T15:14:55+00:00\",\"dateModified\":\"2025-06-25T15:14:55+00:00\",\"author\":{\"@id\":\"https:\/\/www.manaus.am.gov.br\/manauscult\/#\/schema\/person\/05d223aea2bf115f9883a6ff3683d81b\"},\"description\":\"Com apoio da Prefeitura de Manaus, poeta Francisco de Abreu Cavalcante ganha exposi\u00e7\u00e3o e nova obra liter\u00e1ria.\",\"breadcrumb\":{\"@id\":\"https:\/\/www.manaus.am.gov.br\/manauscult\/apoio-poeta-exposicao-obra-literaria\/#breadcrumb\"},\"inLanguage\":\"pt-BR\",\"potentialAction\":[{\"@type\":\"ReadAction\",\"target\":[\"https:\/\/www.manaus.am.gov.br\/manauscult\/apoio-poeta-exposicao-obra-literaria\/\"]}]},{\"@type\":\"ImageObject\",\"inLanguage\":\"pt-BR\",\"@id\":\"https:\/\/www.manaus.am.gov.br\/manauscult\/apoio-poeta-exposicao-obra-literaria\/#primaryimage\",\"url\":\"https:\/\/www.manaus.am.gov.br\/manauscult\/wp-content\/uploads\/sites\/11\/2025\/06\/FOTOS_ELIZABETH_CAVALCANTE-5.jpeg\",\"contentUrl\":\"https:\/\/www.manaus.am.gov.br\/manauscult\/wp-content\/uploads\/sites\/11\/2025\/06\/FOTOS_ELIZABETH_CAVALCANTE-5.jpeg\",\"width\":1280,\"height\":720,\"caption\":\"#paratodosverem - Cartaz e livros que enaltecem a exposi\u00e7\u00e3o do poeta Francisco de Abreu Cavalcante\"},{\"@type\":\"BreadcrumbList\",\"@id\":\"https:\/\/www.manaus.am.gov.br\/manauscult\/apoio-poeta-exposicao-obra-literaria\/#breadcrumb\",\"itemListElement\":[{\"@type\":\"ListItem\",\"position\":1,\"name\":\"Home\",\"item\":\"https:\/\/www.manaus.am.gov.br\/manauscult\/\"},{\"@type\":\"ListItem\",\"position\":2,\"name\":\"Com apoio da Prefeitura de Manaus, poeta Francisco de Abreu Cavalcante ganha exposi\u00e7\u00e3o e nova obra liter\u00e1ria\u00a0\"}]},{\"@type\":\"WebSite\",\"@id\":\"https:\/\/www.manaus.am.gov.br\/manauscult\/#website\",\"url\":\"https:\/\/www.manaus.am.gov.br\/manauscult\/\",\"name\":\"MANAUSCULT\",\"description\":\"Prefeitura de Manaus\",\"potentialAction\":[{\"@type\":\"SearchAction\",\"target\":{\"@type\":\"EntryPoint\",\"urlTemplate\":\"https:\/\/www.manaus.am.gov.br\/manauscult\/?s={search_term_string}\"},\"query-input\":\"required name=search_term_string\"}],\"inLanguage\":\"pt-BR\"},{\"@type\":\"Person\",\"@id\":\"https:\/\/www.manaus.am.gov.br\/manauscult\/#\/schema\/person\/05d223aea2bf115f9883a6ff3683d81b\",\"name\":\"Bruna Greco\",\"image\":{\"@type\":\"ImageObject\",\"inLanguage\":\"pt-BR\",\"@id\":\"https:\/\/www.manaus.am.gov.br\/manauscult\/#\/schema\/person\/image\/\",\"url\":\"https:\/\/secure.gravatar.com\/avatar\/9c877d1a6adc2a055330e5c09a8653ce?s=96&d=mm&r=g\",\"contentUrl\":\"https:\/\/secure.gravatar.com\/avatar\/9c877d1a6adc2a055330e5c09a8653ce?s=96&d=mm&r=g\",\"caption\":\"Bruna Greco\"}}]}<\/script>\n<!-- \/ Yoast SEO plugin. -->","yoast_head_json":{"title":"Poeta Francisco de Abreu Cavalcante ganha exposi\u00e7\u00e3o","description":"Com apoio da Prefeitura de Manaus, poeta Francisco de Abreu Cavalcante ganha exposi\u00e7\u00e3o e nova obra liter\u00e1ria.","robots":{"index":"noindex","follow":"follow"},"og_locale":"pt_BR","og_type":"article","og_title":"Poeta Francisco de Abreu Cavalcante ganha exposi\u00e7\u00e3o","og_description":"Com apoio da Prefeitura de Manaus, poeta Francisco de Abreu Cavalcante ganha exposi\u00e7\u00e3o e nova obra liter\u00e1ria.","og_url":"https:\/\/www.manaus.am.gov.br\/manauscult\/apoio-poeta-exposicao-obra-literaria\/","og_site_name":"MANAUSCULT","article_published_time":"2025-06-25T15:14:55+00:00","og_image":[{"width":1280,"height":720,"url":"https:\/\/www.manaus.am.gov.br\/manauscult\/wp-content\/uploads\/sites\/11\/2025\/06\/FOTOS_ELIZABETH_CAVALCANTE-5.jpeg","type":"image\/jpeg"}],"author":"Bruna Greco","twitter_card":"summary_large_image","twitter_misc":{"Written by":"Bruna Greco","Est. reading time":"3 minutos"},"schema":{"@context":"https:\/\/schema.org","@graph":[{"@type":"WebPage","@id":"https:\/\/www.manaus.am.gov.br\/manauscult\/apoio-poeta-exposicao-obra-literaria\/","url":"https:\/\/www.manaus.am.gov.br\/manauscult\/apoio-poeta-exposicao-obra-literaria\/","name":"Poeta Francisco de Abreu Cavalcante ganha exposi\u00e7\u00e3o","isPartOf":{"@id":"https:\/\/www.manaus.am.gov.br\/manauscult\/#website"},"primaryImageOfPage":{"@id":"https:\/\/www.manaus.am.gov.br\/manauscult\/apoio-poeta-exposicao-obra-literaria\/#primaryimage"},"image":{"@id":"https:\/\/www.manaus.am.gov.br\/manauscult\/apoio-poeta-exposicao-obra-literaria\/#primaryimage"},"thumbnailUrl":"https:\/\/www.manaus.am.gov.br\/manauscult\/wp-content\/uploads\/sites\/11\/2025\/06\/FOTOS_ELIZABETH_CAVALCANTE-5.jpeg","datePublished":"2025-06-25T15:14:55+00:00","dateModified":"2025-06-25T15:14:55+00:00","author":{"@id":"https:\/\/www.manaus.am.gov.br\/manauscult\/#\/schema\/person\/05d223aea2bf115f9883a6ff3683d81b"},"description":"Com apoio da Prefeitura de Manaus, poeta Francisco de Abreu Cavalcante ganha exposi\u00e7\u00e3o e nova obra liter\u00e1ria.","breadcrumb":{"@id":"https:\/\/www.manaus.am.gov.br\/manauscult\/apoio-poeta-exposicao-obra-literaria\/#breadcrumb"},"inLanguage":"pt-BR","potentialAction":[{"@type":"ReadAction","target":["https:\/\/www.manaus.am.gov.br\/manauscult\/apoio-poeta-exposicao-obra-literaria\/"]}]},{"@type":"ImageObject","inLanguage":"pt-BR","@id":"https:\/\/www.manaus.am.gov.br\/manauscult\/apoio-poeta-exposicao-obra-literaria\/#primaryimage","url":"https:\/\/www.manaus.am.gov.br\/manauscult\/wp-content\/uploads\/sites\/11\/2025\/06\/FOTOS_ELIZABETH_CAVALCANTE-5.jpeg","contentUrl":"https:\/\/www.manaus.am.gov.br\/manauscult\/wp-content\/uploads\/sites\/11\/2025\/06\/FOTOS_ELIZABETH_CAVALCANTE-5.jpeg","width":1280,"height":720,"caption":"#paratodosverem - Cartaz e livros que enaltecem a exposi\u00e7\u00e3o do poeta Francisco de Abreu Cavalcante"},{"@type":"BreadcrumbList","@id":"https:\/\/www.manaus.am.gov.br\/manauscult\/apoio-poeta-exposicao-obra-literaria\/#breadcrumb","itemListElement":[{"@type":"ListItem","position":1,"name":"Home","item":"https:\/\/www.manaus.am.gov.br\/manauscult\/"},{"@type":"ListItem","position":2,"name":"Com apoio da Prefeitura de Manaus, poeta Francisco de Abreu Cavalcante ganha exposi\u00e7\u00e3o e nova obra liter\u00e1ria\u00a0"}]},{"@type":"WebSite","@id":"https:\/\/www.manaus.am.gov.br\/manauscult\/#website","url":"https:\/\/www.manaus.am.gov.br\/manauscult\/","name":"MANAUSCULT","description":"Prefeitura de Manaus","potentialAction":[{"@type":"SearchAction","target":{"@type":"EntryPoint","urlTemplate":"https:\/\/www.manaus.am.gov.br\/manauscult\/?s={search_term_string}"},"query-input":"required name=search_term_string"}],"inLanguage":"pt-BR"},{"@type":"Person","@id":"https:\/\/www.manaus.am.gov.br\/manauscult\/#\/schema\/person\/05d223aea2bf115f9883a6ff3683d81b","name":"Bruna Greco","image":{"@type":"ImageObject","inLanguage":"pt-BR","@id":"https:\/\/www.manaus.am.gov.br\/manauscult\/#\/schema\/person\/image\/","url":"https:\/\/secure.gravatar.com\/avatar\/9c877d1a6adc2a055330e5c09a8653ce?s=96&d=mm&r=g","contentUrl":"https:\/\/secure.gravatar.com\/avatar\/9c877d1a6adc2a055330e5c09a8653ce?s=96&d=mm&r=g","caption":"Bruna Greco"}}]}},"_links":{"self":[{"href":"https:\/\/www.manaus.am.gov.br\/manauscult\/wp-json\/wp\/v2\/posts\/4066"}],"collection":[{"href":"https:\/\/www.manaus.am.gov.br\/manauscult\/wp-json\/wp\/v2\/posts"}],"about":[{"href":"https:\/\/www.manaus.am.gov.br\/manauscult\/wp-json\/wp\/v2\/types\/post"}],"author":[{"embeddable":true,"href":"https:\/\/www.manaus.am.gov.br\/manauscult\/wp-json\/wp\/v2\/users\/39"}],"replies":[{"embeddable":true,"href":"https:\/\/www.manaus.am.gov.br\/manauscult\/wp-json\/wp\/v2\/comments?post=4066"}],"version-history":[{"count":1,"href":"https:\/\/www.manaus.am.gov.br\/manauscult\/wp-json\/wp\/v2\/posts\/4066\/revisions"}],"predecessor-version":[{"id":4069,"href":"https:\/\/www.manaus.am.gov.br\/manauscult\/wp-json\/wp\/v2\/posts\/4066\/revisions\/4069"}],"wp:featuredmedia":[{"embeddable":true,"href":"https:\/\/www.manaus.am.gov.br\/manauscult\/wp-json\/wp\/v2\/media\/4068"}],"wp:attachment":[{"href":"https:\/\/www.manaus.am.gov.br\/manauscult\/wp-json\/wp\/v2\/media?parent=4066"}],"wp:term":[{"taxonomy":"category","embeddable":true,"href":"https:\/\/www.manaus.am.gov.br\/manauscult\/wp-json\/wp\/v2\/categories?post=4066"},{"taxonomy":"post_tag","embeddable":true,"href":"https:\/\/www.manaus.am.gov.br\/manauscult\/wp-json\/wp\/v2\/tags?post=4066"}],"curies":[{"name":"wp","href":"https:\/\/api.w.org\/{rel}","templated":true}]}}