{"id":4061,"date":"2025-06-23T18:25:35","date_gmt":"2025-06-23T22:25:35","guid":{"rendered":"https:\/\/www.manaus.am.gov.br\/manauscult\/categoria-bronze-do-67o-festival-folclorico\/"},"modified":"2025-06-23T18:25:35","modified_gmt":"2025-06-23T22:25:35","slug":"categoria-bronze-do-67o-festival-folclorico","status":"publish","type":"post","link":"https:\/\/www.manaus.am.gov.br\/manauscult\/categoria-bronze-do-67o-festival-folclorico\/","title":{"rendered":"Apura\u00e7\u00e3o consagra campe\u00f5es da Categoria Bronze do 67\u00ba Festival Folcl\u00f3rico do Amazonas"},"content":{"rendered":"\n<p>A <a href=\"https:\/\/www.instagram.com\/prefeiturademanaus\/\">Prefeitura de Manaus<\/a>, por meio da <a href=\"https:\/\/www.manaus.am.gov.br\/manauscult\/\">Funda\u00e7\u00e3o Municipal de Cultura, Turismo e Eventos (Manauscult)<\/a>, divulgou nesta segunda-feira, 23\/6, os vencedores da categoria Bronze do 67\u00ba Festival Folcl\u00f3rico do Amazonas. A cerim\u00f4nia de apura\u00e7\u00e3o, realizada no Centro Cultural dos Povos da Amaz\u00f4nia, marcou o encerramento das apresenta\u00e7\u00f5es desta modalidade, que ocorreram entre 31\/5 e 21\/6.<\/p>\n\n\n\n<p>O processo de apura\u00e7\u00e3o contou com a presen\u00e7a de representantes das ligas folcl\u00f3ricas, grupos participantes, familiares e imprensa. A Manauscult garantiu que todas as etapas seguiram os crit\u00e9rios estabelecidos no regulamento do festival.<\/p>\n\n\n\n<p>O diretor-presidente da Manauscult, Jender Lobato, destacou a import\u00e2ncia da categoria Bronze como espa\u00e7o de revela\u00e7\u00e3o de novos talentos. &#8220;Cada apresenta\u00e7\u00e3o foi uma demonstra\u00e7\u00e3o de resist\u00eancia cultural e amor pela tradi\u00e7\u00e3o. Parabenizo todos os participantes, em especial os campe\u00f5es, que se destacaram com m\u00e9rito&#8221;, afirmou.<\/p>\n\n\n\n<p>Com o encerramento da categoria Bronze, o festival segue para a apura\u00e7\u00e3o da categoria Prata, marcada para esta ter\u00e7a-feira, 24\/6, a partir das 14h, no Mirante L\u00facia Almeida. O acesso ao local ser\u00e1 permitido a partir das 13h.<\/p>\n\n\n\n<p>O Festival Folcl\u00f3rico do Amazonas \u00e9 um dos principais eventos culturais da regi\u00e3o Norte, com o objetivo de preservar e promover manifesta\u00e7\u00f5es tradicionais como quadrilhas, cirandas e dan\u00e7as regionais. A edi\u00e7\u00e3o deste ano mant\u00e9m o formato presencial ap\u00f3s dois anos de restri\u00e7\u00f5es devido \u00e0 pandemia de Covid-19.<\/p>\n\n\n\n<p><strong>Confira os campe\u00f5es por modalidade<\/strong><\/p>\n\n\n\n<p>\u00a0\u00a0\u00a0<strong> Quadrilha C\u00f4mica:<\/strong><\/p>\n\n\n\n<p>&nbsp;&nbsp;&nbsp; 1\u00ba lugar: Papudinhos na Ro\u00e7a<\/p>\n\n\n\n<p>&nbsp;&nbsp;&nbsp; 2\u00ba lugar: Esquadr\u00e3o Elite na Ro\u00e7a<\/p>\n\n\n\n<p>&nbsp;&nbsp;&nbsp; 3\u00ba lugar: Castelo das Loucas<\/p>\n\n\n\n<p>\u00a0<strong>\u00a0\u00a0 Quadrilha de Duelo:<\/strong><\/p>\n\n\n\n<p>&nbsp;&nbsp;&nbsp; 1\u00ba lugar: Indom\u00e1veis do Oeste<\/p>\n\n\n\n<p>&nbsp;&nbsp;&nbsp; 2\u00ba lugar: Quadrilha Renascer<\/p>\n\n\n\n<p>&nbsp;&nbsp;&nbsp; 3\u00ba lugar: Anjos Bandidos<\/p>\n\n\n\n<p><strong>\u00a0\u00a0\u00a0 Dan\u00e7a Alternativa:<\/strong><\/p>\n\n\n\n<p>&nbsp;&nbsp;&nbsp; 1\u00ba lugar: Star Hits na Ro\u00e7a<\/p>\n\n\n\n<p>&nbsp;&nbsp;&nbsp; 2\u00ba lugar: Gang Ax\u00e9 Ostenta\u00e7\u00e3o<\/p>\n\n\n\n<p>&nbsp;&nbsp;&nbsp; 3\u00ba lugar: Hidra na Ro\u00e7a<\/p>\n\n\n\n<p><strong>\u00a0\u00a0\u00a0 Cirandas:<\/strong><\/p>\n\n\n\n<p>&nbsp;&nbsp;&nbsp; 1\u00ba lugar: Brotinho do Coroado<\/p>\n\n\n\n<p>&nbsp;&nbsp;&nbsp; 2\u00ba lugar: Emo\u00e7\u00e3o do Armando Mendes<\/p>\n\n\n\n<p>&nbsp;&nbsp;&nbsp; 3\u00ba lugar: Ciranda do Parque 10<\/p>\n\n\n\n<p><strong>\u00a0\u00a0\u00a0 Dan\u00e7a Nordestina:<\/strong><\/p>\n\n\n\n<p>&nbsp;&nbsp;&nbsp; 1\u00ba lugar: Guerreiros do Sert\u00e3o<\/p>\n\n\n\n<p>&nbsp;&nbsp;&nbsp; 2\u00ba lugar: Cabras do Capit\u00e3o Meia Noite<\/p>\n\n\n\n<p>&nbsp;&nbsp;&nbsp; 3\u00ba lugar: Vingadores de Virgulino<\/p>\n\n\n\n<p><strong>\u00a0\u00a0\u00a0 Quadrilha Tradicional:<\/strong><\/p>\n\n\n\n<p>&nbsp;&nbsp;&nbsp; 1\u00ba lugar: Junina Girassol<\/p>\n\n\n\n<p>&nbsp;&nbsp;&nbsp; 2\u00ba lugar: Explos\u00e3o de Manaus<\/p>\n\n\n\n<p>&nbsp;&nbsp;&nbsp; 3\u00ba lugar: Baru Junina<\/p>\n\n\n\n<p>&#8212; &#8212; &#8212;<\/p>\n\n\n\n<p><strong>Texto \u2013<\/strong> J\u00e9ssica Trajano \/ Manauscult<\/p>\n\n\n\n<p><strong>Fotos \u2013<\/strong> Analu Vieira \/ Manauscult<\/p>\n","protected":false},"excerpt":{"rendered":"","protected":false},"author":57,"featured_media":4062,"comment_status":"closed","ping_status":"closed","sticky":false,"template":"","format":"standard","meta":{"footnotes":""},"categories":[12],"tags":[1471,9,11],"acf":[],"yoast_head":"<!-- This site is optimized with the Yoast SEO plugin v23.0 - https:\/\/yoast.com\/wordpress\/plugins\/seo\/ -->\n<title>Apura\u00e7\u00e3o consagra campe\u00f5es da Categoria Bronze do 67\u00ba Festival Folcl\u00f3rico<\/title>\n<meta name=\"description\" content=\"A Prefeitura de Manaus divulgou nesta segunda-feira, 23\/6, os vencedores da categoria Bronze do 67\u00ba Festival Folcl\u00f3rico do Amazonas.\" \/>\n<meta name=\"robots\" content=\"noindex, follow\" \/>\n<meta property=\"og:locale\" content=\"pt_BR\" \/>\n<meta property=\"og:type\" content=\"article\" \/>\n<meta property=\"og:title\" content=\"Apura\u00e7\u00e3o consagra campe\u00f5es da Categoria Bronze do 67\u00ba Festival Folcl\u00f3rico\" \/>\n<meta property=\"og:description\" content=\"A Prefeitura de Manaus divulgou nesta segunda-feira, 23\/6, os vencedores da categoria Bronze do 67\u00ba Festival Folcl\u00f3rico do Amazonas.\" \/>\n<meta property=\"og:url\" content=\"https:\/\/www.manaus.am.gov.br\/manauscult\/categoria-bronze-do-67o-festival-folclorico\/\" \/>\n<meta property=\"og:site_name\" content=\"MANAUSCULT\" \/>\n<meta property=\"article:published_time\" content=\"2025-06-23T22:25:35+00:00\" \/>\n<meta property=\"og:image\" content=\"https:\/\/www.manaus.am.gov.br\/manauscult\/wp-content\/uploads\/sites\/11\/2025\/06\/Categoria-Bronze-do-67o-Festival-Folclorico-1.jpeg\" \/>\n\t<meta property=\"og:image:width\" content=\"1600\" \/>\n\t<meta property=\"og:image:height\" content=\"1066\" \/>\n\t<meta property=\"og:image:type\" content=\"image\/jpeg\" \/>\n<meta name=\"author\" content=\"Thiago Fernando\" \/>\n<meta name=\"twitter:card\" content=\"summary_large_image\" \/>\n<meta name=\"twitter:label1\" content=\"Written by\" \/>\n\t<meta name=\"twitter:data1\" content=\"Thiago Fernando\" \/>\n\t<meta name=\"twitter:label2\" content=\"Est. reading time\" \/>\n\t<meta name=\"twitter:data2\" content=\"3 minutos\" \/>\n<script type=\"application\/ld+json\" class=\"yoast-schema-graph\">{\"@context\":\"https:\/\/schema.org\",\"@graph\":[{\"@type\":\"WebPage\",\"@id\":\"https:\/\/www.manaus.am.gov.br\/manauscult\/categoria-bronze-do-67o-festival-folclorico\/\",\"url\":\"https:\/\/www.manaus.am.gov.br\/manauscult\/categoria-bronze-do-67o-festival-folclorico\/\",\"name\":\"Apura\u00e7\u00e3o consagra campe\u00f5es da Categoria Bronze do 67\u00ba Festival Folcl\u00f3rico\",\"isPartOf\":{\"@id\":\"https:\/\/www.manaus.am.gov.br\/manauscult\/#website\"},\"primaryImageOfPage\":{\"@id\":\"https:\/\/www.manaus.am.gov.br\/manauscult\/categoria-bronze-do-67o-festival-folclorico\/#primaryimage\"},\"image\":{\"@id\":\"https:\/\/www.manaus.am.gov.br\/manauscult\/categoria-bronze-do-67o-festival-folclorico\/#primaryimage\"},\"thumbnailUrl\":\"https:\/\/www.manaus.am.gov.br\/manauscult\/wp-content\/uploads\/sites\/11\/2025\/06\/Categoria-Bronze-do-67o-Festival-Folclorico-1.jpeg\",\"datePublished\":\"2025-06-23T22:25:35+00:00\",\"dateModified\":\"2025-06-23T22:25:35+00:00\",\"author\":{\"@id\":\"https:\/\/www.manaus.am.gov.br\/manauscult\/#\/schema\/person\/a5ee5376db6e21af026374b369f30882\"},\"description\":\"A Prefeitura de Manaus divulgou nesta segunda-feira, 23\/6, os vencedores da categoria Bronze do 67\u00ba Festival Folcl\u00f3rico do Amazonas.\",\"breadcrumb\":{\"@id\":\"https:\/\/www.manaus.am.gov.br\/manauscult\/categoria-bronze-do-67o-festival-folclorico\/#breadcrumb\"},\"inLanguage\":\"pt-BR\",\"potentialAction\":[{\"@type\":\"ReadAction\",\"target\":[\"https:\/\/www.manaus.am.gov.br\/manauscult\/categoria-bronze-do-67o-festival-folclorico\/\"]}]},{\"@type\":\"ImageObject\",\"inLanguage\":\"pt-BR\",\"@id\":\"https:\/\/www.manaus.am.gov.br\/manauscult\/categoria-bronze-do-67o-festival-folclorico\/#primaryimage\",\"url\":\"https:\/\/www.manaus.am.gov.br\/manauscult\/wp-content\/uploads\/sites\/11\/2025\/06\/Categoria-Bronze-do-67o-Festival-Folclorico-1.jpeg\",\"contentUrl\":\"https:\/\/www.manaus.am.gov.br\/manauscult\/wp-content\/uploads\/sites\/11\/2025\/06\/Categoria-Bronze-do-67o-Festival-Folclorico-1.jpeg\",\"width\":1600,\"height\":1066,\"caption\":\"Categoria Bronze do 67\u00ba Festival Folcl\u00f3rico\"},{\"@type\":\"BreadcrumbList\",\"@id\":\"https:\/\/www.manaus.am.gov.br\/manauscult\/categoria-bronze-do-67o-festival-folclorico\/#breadcrumb\",\"itemListElement\":[{\"@type\":\"ListItem\",\"position\":1,\"name\":\"Home\",\"item\":\"https:\/\/www.manaus.am.gov.br\/manauscult\/\"},{\"@type\":\"ListItem\",\"position\":2,\"name\":\"Apura\u00e7\u00e3o consagra campe\u00f5es da Categoria Bronze do 67\u00ba Festival Folcl\u00f3rico do Amazonas\"}]},{\"@type\":\"WebSite\",\"@id\":\"https:\/\/www.manaus.am.gov.br\/manauscult\/#website\",\"url\":\"https:\/\/www.manaus.am.gov.br\/manauscult\/\",\"name\":\"MANAUSCULT\",\"description\":\"Prefeitura de Manaus\",\"potentialAction\":[{\"@type\":\"SearchAction\",\"target\":{\"@type\":\"EntryPoint\",\"urlTemplate\":\"https:\/\/www.manaus.am.gov.br\/manauscult\/?s={search_term_string}\"},\"query-input\":\"required name=search_term_string\"}],\"inLanguage\":\"pt-BR\"},{\"@type\":\"Person\",\"@id\":\"https:\/\/www.manaus.am.gov.br\/manauscult\/#\/schema\/person\/a5ee5376db6e21af026374b369f30882\",\"name\":\"Thiago Fernando\",\"image\":{\"@type\":\"ImageObject\",\"inLanguage\":\"pt-BR\",\"@id\":\"https:\/\/www.manaus.am.gov.br\/manauscult\/#\/schema\/person\/image\/\",\"url\":\"https:\/\/secure.gravatar.com\/avatar\/f5aab8722444041451501c077052ac07?s=96&d=mm&r=g\",\"contentUrl\":\"https:\/\/secure.gravatar.com\/avatar\/f5aab8722444041451501c077052ac07?s=96&d=mm&r=g\",\"caption\":\"Thiago Fernando\"}}]}<\/script>\n<!-- \/ Yoast SEO plugin. -->","yoast_head_json":{"title":"Apura\u00e7\u00e3o consagra campe\u00f5es da Categoria Bronze do 67\u00ba Festival Folcl\u00f3rico","description":"A Prefeitura de Manaus divulgou nesta segunda-feira, 23\/6, os vencedores da categoria Bronze do 67\u00ba Festival Folcl\u00f3rico do Amazonas.","robots":{"index":"noindex","follow":"follow"},"og_locale":"pt_BR","og_type":"article","og_title":"Apura\u00e7\u00e3o consagra campe\u00f5es da Categoria Bronze do 67\u00ba Festival Folcl\u00f3rico","og_description":"A Prefeitura de Manaus divulgou nesta segunda-feira, 23\/6, os vencedores da categoria Bronze do 67\u00ba Festival Folcl\u00f3rico do Amazonas.","og_url":"https:\/\/www.manaus.am.gov.br\/manauscult\/categoria-bronze-do-67o-festival-folclorico\/","og_site_name":"MANAUSCULT","article_published_time":"2025-06-23T22:25:35+00:00","og_image":[{"width":1600,"height":1066,"url":"https:\/\/www.manaus.am.gov.br\/manauscult\/wp-content\/uploads\/sites\/11\/2025\/06\/Categoria-Bronze-do-67o-Festival-Folclorico-1.jpeg","type":"image\/jpeg"}],"author":"Thiago Fernando","twitter_card":"summary_large_image","twitter_misc":{"Written by":"Thiago Fernando","Est. reading time":"3 minutos"},"schema":{"@context":"https:\/\/schema.org","@graph":[{"@type":"WebPage","@id":"https:\/\/www.manaus.am.gov.br\/manauscult\/categoria-bronze-do-67o-festival-folclorico\/","url":"https:\/\/www.manaus.am.gov.br\/manauscult\/categoria-bronze-do-67o-festival-folclorico\/","name":"Apura\u00e7\u00e3o consagra campe\u00f5es da Categoria Bronze do 67\u00ba Festival Folcl\u00f3rico","isPartOf":{"@id":"https:\/\/www.manaus.am.gov.br\/manauscult\/#website"},"primaryImageOfPage":{"@id":"https:\/\/www.manaus.am.gov.br\/manauscult\/categoria-bronze-do-67o-festival-folclorico\/#primaryimage"},"image":{"@id":"https:\/\/www.manaus.am.gov.br\/manauscult\/categoria-bronze-do-67o-festival-folclorico\/#primaryimage"},"thumbnailUrl":"https:\/\/www.manaus.am.gov.br\/manauscult\/wp-content\/uploads\/sites\/11\/2025\/06\/Categoria-Bronze-do-67o-Festival-Folclorico-1.jpeg","datePublished":"2025-06-23T22:25:35+00:00","dateModified":"2025-06-23T22:25:35+00:00","author":{"@id":"https:\/\/www.manaus.am.gov.br\/manauscult\/#\/schema\/person\/a5ee5376db6e21af026374b369f30882"},"description":"A Prefeitura de Manaus divulgou nesta segunda-feira, 23\/6, os vencedores da categoria Bronze do 67\u00ba Festival Folcl\u00f3rico do Amazonas.","breadcrumb":{"@id":"https:\/\/www.manaus.am.gov.br\/manauscult\/categoria-bronze-do-67o-festival-folclorico\/#breadcrumb"},"inLanguage":"pt-BR","potentialAction":[{"@type":"ReadAction","target":["https:\/\/www.manaus.am.gov.br\/manauscult\/categoria-bronze-do-67o-festival-folclorico\/"]}]},{"@type":"ImageObject","inLanguage":"pt-BR","@id":"https:\/\/www.manaus.am.gov.br\/manauscult\/categoria-bronze-do-67o-festival-folclorico\/#primaryimage","url":"https:\/\/www.manaus.am.gov.br\/manauscult\/wp-content\/uploads\/sites\/11\/2025\/06\/Categoria-Bronze-do-67o-Festival-Folclorico-1.jpeg","contentUrl":"https:\/\/www.manaus.am.gov.br\/manauscult\/wp-content\/uploads\/sites\/11\/2025\/06\/Categoria-Bronze-do-67o-Festival-Folclorico-1.jpeg","width":1600,"height":1066,"caption":"Categoria Bronze do 67\u00ba Festival Folcl\u00f3rico"},{"@type":"BreadcrumbList","@id":"https:\/\/www.manaus.am.gov.br\/manauscult\/categoria-bronze-do-67o-festival-folclorico\/#breadcrumb","itemListElement":[{"@type":"ListItem","position":1,"name":"Home","item":"https:\/\/www.manaus.am.gov.br\/manauscult\/"},{"@type":"ListItem","position":2,"name":"Apura\u00e7\u00e3o consagra campe\u00f5es da Categoria Bronze do 67\u00ba Festival Folcl\u00f3rico do Amazonas"}]},{"@type":"WebSite","@id":"https:\/\/www.manaus.am.gov.br\/manauscult\/#website","url":"https:\/\/www.manaus.am.gov.br\/manauscult\/","name":"MANAUSCULT","description":"Prefeitura de Manaus","potentialAction":[{"@type":"SearchAction","target":{"@type":"EntryPoint","urlTemplate":"https:\/\/www.manaus.am.gov.br\/manauscult\/?s={search_term_string}"},"query-input":"required name=search_term_string"}],"inLanguage":"pt-BR"},{"@type":"Person","@id":"https:\/\/www.manaus.am.gov.br\/manauscult\/#\/schema\/person\/a5ee5376db6e21af026374b369f30882","name":"Thiago Fernando","image":{"@type":"ImageObject","inLanguage":"pt-BR","@id":"https:\/\/www.manaus.am.gov.br\/manauscult\/#\/schema\/person\/image\/","url":"https:\/\/secure.gravatar.com\/avatar\/f5aab8722444041451501c077052ac07?s=96&d=mm&r=g","contentUrl":"https:\/\/secure.gravatar.com\/avatar\/f5aab8722444041451501c077052ac07?s=96&d=mm&r=g","caption":"Thiago Fernando"}}]}},"_links":{"self":[{"href":"https:\/\/www.manaus.am.gov.br\/manauscult\/wp-json\/wp\/v2\/posts\/4061"}],"collection":[{"href":"https:\/\/www.manaus.am.gov.br\/manauscult\/wp-json\/wp\/v2\/posts"}],"about":[{"href":"https:\/\/www.manaus.am.gov.br\/manauscult\/wp-json\/wp\/v2\/types\/post"}],"author":[{"embeddable":true,"href":"https:\/\/www.manaus.am.gov.br\/manauscult\/wp-json\/wp\/v2\/users\/57"}],"replies":[{"embeddable":true,"href":"https:\/\/www.manaus.am.gov.br\/manauscult\/wp-json\/wp\/v2\/comments?post=4061"}],"version-history":[{"count":0,"href":"https:\/\/www.manaus.am.gov.br\/manauscult\/wp-json\/wp\/v2\/posts\/4061\/revisions"}],"wp:featuredmedia":[{"embeddable":true,"href":"https:\/\/www.manaus.am.gov.br\/manauscult\/wp-json\/wp\/v2\/media\/4062"}],"wp:attachment":[{"href":"https:\/\/www.manaus.am.gov.br\/manauscult\/wp-json\/wp\/v2\/media?parent=4061"}],"wp:term":[{"taxonomy":"category","embeddable":true,"href":"https:\/\/www.manaus.am.gov.br\/manauscult\/wp-json\/wp\/v2\/categories?post=4061"},{"taxonomy":"post_tag","embeddable":true,"href":"https:\/\/www.manaus.am.gov.br\/manauscult\/wp-json\/wp\/v2\/tags?post=4061"}],"curies":[{"name":"wp","href":"https:\/\/api.w.org\/{rel}","templated":true}]}}