{"id":4058,"date":"2025-06-22T10:17:25","date_gmt":"2025-06-22T14:17:25","guid":{"rendered":"https:\/\/www.manaus.am.gov.br\/manauscult\/festival-folclorico-do-amazonas-2\/"},"modified":"2025-06-22T10:17:26","modified_gmt":"2025-06-22T14:17:26","slug":"festival-folclorico-do-amazonas-2","status":"publish","type":"post","link":"https:\/\/www.manaus.am.gov.br\/manauscult\/festival-folclorico-do-amazonas-2\/","title":{"rendered":"67\u00ba Festival Folcl\u00f3rico do Amazonas encerra com recorde de p\u00fablico, fomento hist\u00f3rico e inclus\u00e3o"},"content":{"rendered":"\n<p>O 67\u00ba Festival Folcl\u00f3rico do Amazonas chegou ao fim neste s\u00e1bado, 21\/6, consolidando-se como uma das edi\u00e7\u00f5es mais marcantes da hist\u00f3ria do evento. Realizado pela Prefeitura de Manaus, por meio da Funda\u00e7\u00e3o Municipal de Cultura, Turismo e Eventos (Manauscult), o festival foi um sucesso de p\u00fablico, estrutura e organiza\u00e7\u00e3o. Ao longo de tr\u00eas semanas, mais de 100 mil pessoas passaram pelo Centro Cultural dos Povos da Amaz\u00f4nia (CCPA), consolidando o evento como um dos maiores impulsionadores da cultura popular na regi\u00e3o Norte.<\/p>\n\n\n\n<p>Com arena cheia em praticamente todas as noites, o festival superou expectativas desde sua abertura, marcada pelo Festival Folcl\u00f3rico dos Idosos, que deu protagonismo a moradores da Funda\u00e7\u00e3o Doutor Thomas e refor\u00e7ou o compromisso da gest\u00e3o com a acessibilidade e a inclus\u00e3o. Uma \u00e1rea exclusiva foi destinada ao p\u00fablico idoso e a pessoas com mobilidade reduzida, garantindo conforto e visibilidade durante as apresenta\u00e7\u00f5es.<\/p>\n\n\n\n<p>Ao todo, 95 grupos folcl\u00f3ricos se apresentaram na arena, reunindo aproximadamente 6 mil brincantes, em uma mostra vibrante da diversidade cultural do estado.<\/p>\n\n\n\n<p>Al\u00e9m da presen\u00e7a constante do p\u00fablico, o festival tamb\u00e9m se destacou pelo maior investimento j\u00e1 feito nas agremia\u00e7\u00f5es folcl\u00f3ricas. Pela primeira vez, os grupos receberam os valores do fomento com semanas de anteced\u00eancia, permitindo melhor planejamento e produ\u00e7\u00f5es ainda mais impactantes. As categorias Prata e Bronze foram contempladas com um reajuste de 10% no valor do incentivo, chegando a R$ 19,8 mil para os grupos Prata e R$ 8,8 mil para os Bronze. Os bois-bumb\u00e1s urbanos tamb\u00e9m foram contemplados com destaque, recebendo R$ 143 mil cada, consolidando um dos maiores aportes j\u00e1 registrados pelo evento.<\/p>\n\n\n\n<p>\u201cEncerramos esta edi\u00e7\u00e3o com um sentimento profundo de gratid\u00e3o. Gra\u00e7as ao pagamento antecipado do fomento e ao reajuste, os grupos puderam se preparar com mais tranquilidade e entregaram espet\u00e1culos inesquec\u00edveis. Quando investimos em estrutura, acessibilidade e valoriza\u00e7\u00e3o da cultura, quem ganha \u00e9 o nosso povo e o folclore amazonense\u201d, afirmou o diretor-presidente da Manauscult, Jender Lobato.<\/p>\n\n\n\n<p>A estrutura do festival tamb\u00e9m passou por reformula\u00e7\u00f5es importantes. O palco foi reposicionado, aproximando os grupos do p\u00fablico e melhorando a experi\u00eancia nas arquibancadas. O espa\u00e7o da pra\u00e7a de alimenta\u00e7\u00e3o foi ampliado e virou ponto de encontro entre brincantes, fam\u00edlias e turistas, com grande movimenta\u00e7\u00e3o todas as noites e gera\u00e7\u00e3o de renda para dezenas de empreendedores da gastronomia regional.<\/p>\n\n\n\n<p>Outro diferencial desta edi\u00e7\u00e3o foi a reserva das segundas e ter\u00e7as-feiras para os ensaios t\u00e9cnicos das dan\u00e7as no pr\u00f3prio CCPA. A iniciativa garantiu melhor prepara\u00e7\u00e3o dos grupos e influenciou diretamente na qualidade art\u00edstica das apresenta\u00e7\u00f5es que compuseram o calend\u00e1rio competitivo.<\/p>\n\n\n\n<p>O sucesso da 67\u00aa edi\u00e7\u00e3o refor\u00e7a o papel do festival como patrim\u00f4nio cultural do Amazonas e exemplo de gest\u00e3o p\u00fablica voltada \u00e0 valoriza\u00e7\u00e3o das tradi\u00e7\u00f5es populares. Com fomento in\u00e9dito, planejamento antecipado, estrutura inclusiva e forte presen\u00e7a do p\u00fablico, o evento reafirma sua import\u00e2ncia como um dos pilares da identidade cultural amazonense.<\/p>\n\n\n\n<p>&#8212; &#8212; &#8212;<\/p>\n\n\n\n<p><strong>Texto &#8211;<\/strong> J\u00e9ssica Trajano&nbsp;\/ Manauscult<\/p>\n\n\n\n<p><strong>Fotos &#8211;<\/strong> Thelson Souza \/ Manauscult&nbsp;e Jo\u00e3o Viana \/ Semcom<\/p>\n\n\n\n<p><strong>Dispon\u00edveis em<\/strong> \u2013 <a href=\"https:\/\/flic.kr\/s\/aHBqjCiQvm\">https:\/\/flic.kr\/s\/aHBqjCiQvm<\/a><\/p>\n","protected":false},"excerpt":{"rendered":"","protected":false},"author":57,"featured_media":4059,"comment_status":"closed","ping_status":"closed","sticky":false,"template":"","format":"standard","meta":{"footnotes":""},"categories":[12],"tags":[152,9,11],"acf":[],"yoast_head":"<!-- This site is optimized with the Yoast SEO plugin v23.0 - https:\/\/yoast.com\/wordpress\/plugins\/seo\/ -->\n<title>Festival Folcl\u00f3rico do Amazonas encerra com recorde de p\u00fablico<\/title>\n<meta name=\"description\" content=\"O 67\u00ba Festival Folcl\u00f3rico do Amazonas chegou ao fim neste s\u00e1bado, consolidando-se como uma das edi\u00e7\u00f5es mais marcantes da hist\u00f3ria do evento.\" \/>\n<meta name=\"robots\" content=\"noindex, follow\" \/>\n<meta property=\"og:locale\" content=\"pt_BR\" \/>\n<meta property=\"og:type\" content=\"article\" \/>\n<meta property=\"og:title\" content=\"Festival Folcl\u00f3rico do Amazonas encerra com recorde de p\u00fablico\" \/>\n<meta property=\"og:description\" content=\"O 67\u00ba Festival Folcl\u00f3rico do Amazonas chegou ao fim neste s\u00e1bado, consolidando-se como uma das edi\u00e7\u00f5es mais marcantes da hist\u00f3ria do evento.\" \/>\n<meta property=\"og:url\" content=\"https:\/\/www.manaus.am.gov.br\/manauscult\/festival-folclorico-do-amazonas-2\/\" \/>\n<meta property=\"og:site_name\" content=\"MANAUSCULT\" \/>\n<meta property=\"article:published_time\" content=\"2025-06-22T14:17:25+00:00\" \/>\n<meta property=\"article:modified_time\" content=\"2025-06-22T14:17:26+00:00\" \/>\n<meta property=\"og:image\" content=\"https:\/\/www.manaus.am.gov.br\/manauscult\/wp-content\/uploads\/sites\/11\/2025\/06\/Festival-Folclorico-do-Amazonas-1.jpeg\" \/>\n\t<meta property=\"og:image:width\" content=\"1200\" \/>\n\t<meta property=\"og:image:height\" content=\"800\" \/>\n\t<meta property=\"og:image:type\" content=\"image\/jpeg\" \/>\n<meta name=\"author\" content=\"Thiago Fernando\" \/>\n<meta name=\"twitter:card\" content=\"summary_large_image\" \/>\n<meta name=\"twitter:label1\" content=\"Written by\" \/>\n\t<meta name=\"twitter:data1\" content=\"Thiago Fernando\" \/>\n\t<meta name=\"twitter:label2\" content=\"Est. reading time\" \/>\n\t<meta name=\"twitter:data2\" content=\"3 minutos\" \/>\n<script type=\"application\/ld+json\" class=\"yoast-schema-graph\">{\"@context\":\"https:\/\/schema.org\",\"@graph\":[{\"@type\":\"WebPage\",\"@id\":\"https:\/\/www.manaus.am.gov.br\/manauscult\/festival-folclorico-do-amazonas-2\/\",\"url\":\"https:\/\/www.manaus.am.gov.br\/manauscult\/festival-folclorico-do-amazonas-2\/\",\"name\":\"Festival Folcl\u00f3rico do Amazonas encerra com recorde de p\u00fablico\",\"isPartOf\":{\"@id\":\"https:\/\/www.manaus.am.gov.br\/manauscult\/#website\"},\"primaryImageOfPage\":{\"@id\":\"https:\/\/www.manaus.am.gov.br\/manauscult\/festival-folclorico-do-amazonas-2\/#primaryimage\"},\"image\":{\"@id\":\"https:\/\/www.manaus.am.gov.br\/manauscult\/festival-folclorico-do-amazonas-2\/#primaryimage\"},\"thumbnailUrl\":\"https:\/\/www.manaus.am.gov.br\/manauscult\/wp-content\/uploads\/sites\/11\/2025\/06\/Festival-Folclorico-do-Amazonas-1.jpeg\",\"datePublished\":\"2025-06-22T14:17:25+00:00\",\"dateModified\":\"2025-06-22T14:17:26+00:00\",\"author\":{\"@id\":\"https:\/\/www.manaus.am.gov.br\/manauscult\/#\/schema\/person\/a5ee5376db6e21af026374b369f30882\"},\"description\":\"O 67\u00ba Festival Folcl\u00f3rico do Amazonas chegou ao fim neste s\u00e1bado, consolidando-se como uma das edi\u00e7\u00f5es mais marcantes da hist\u00f3ria do evento.\",\"breadcrumb\":{\"@id\":\"https:\/\/www.manaus.am.gov.br\/manauscult\/festival-folclorico-do-amazonas-2\/#breadcrumb\"},\"inLanguage\":\"pt-BR\",\"potentialAction\":[{\"@type\":\"ReadAction\",\"target\":[\"https:\/\/www.manaus.am.gov.br\/manauscult\/festival-folclorico-do-amazonas-2\/\"]}]},{\"@type\":\"ImageObject\",\"inLanguage\":\"pt-BR\",\"@id\":\"https:\/\/www.manaus.am.gov.br\/manauscult\/festival-folclorico-do-amazonas-2\/#primaryimage\",\"url\":\"https:\/\/www.manaus.am.gov.br\/manauscult\/wp-content\/uploads\/sites\/11\/2025\/06\/Festival-Folclorico-do-Amazonas-1.jpeg\",\"contentUrl\":\"https:\/\/www.manaus.am.gov.br\/manauscult\/wp-content\/uploads\/sites\/11\/2025\/06\/Festival-Folclorico-do-Amazonas-1.jpeg\",\"width\":1200,\"height\":800,\"caption\":\"Festival Folcl\u00f3rico do Amazonas\"},{\"@type\":\"BreadcrumbList\",\"@id\":\"https:\/\/www.manaus.am.gov.br\/manauscult\/festival-folclorico-do-amazonas-2\/#breadcrumb\",\"itemListElement\":[{\"@type\":\"ListItem\",\"position\":1,\"name\":\"Home\",\"item\":\"https:\/\/www.manaus.am.gov.br\/manauscult\/\"},{\"@type\":\"ListItem\",\"position\":2,\"name\":\"67\u00ba Festival Folcl\u00f3rico do Amazonas encerra com recorde de p\u00fablico, fomento hist\u00f3rico e inclus\u00e3o\"}]},{\"@type\":\"WebSite\",\"@id\":\"https:\/\/www.manaus.am.gov.br\/manauscult\/#website\",\"url\":\"https:\/\/www.manaus.am.gov.br\/manauscult\/\",\"name\":\"MANAUSCULT\",\"description\":\"Prefeitura de Manaus\",\"potentialAction\":[{\"@type\":\"SearchAction\",\"target\":{\"@type\":\"EntryPoint\",\"urlTemplate\":\"https:\/\/www.manaus.am.gov.br\/manauscult\/?s={search_term_string}\"},\"query-input\":\"required name=search_term_string\"}],\"inLanguage\":\"pt-BR\"},{\"@type\":\"Person\",\"@id\":\"https:\/\/www.manaus.am.gov.br\/manauscult\/#\/schema\/person\/a5ee5376db6e21af026374b369f30882\",\"name\":\"Thiago Fernando\",\"image\":{\"@type\":\"ImageObject\",\"inLanguage\":\"pt-BR\",\"@id\":\"https:\/\/www.manaus.am.gov.br\/manauscult\/#\/schema\/person\/image\/\",\"url\":\"https:\/\/secure.gravatar.com\/avatar\/f5aab8722444041451501c077052ac07?s=96&d=mm&r=g\",\"contentUrl\":\"https:\/\/secure.gravatar.com\/avatar\/f5aab8722444041451501c077052ac07?s=96&d=mm&r=g\",\"caption\":\"Thiago Fernando\"}}]}<\/script>\n<!-- \/ Yoast SEO plugin. -->","yoast_head_json":{"title":"Festival Folcl\u00f3rico do Amazonas encerra com recorde de p\u00fablico","description":"O 67\u00ba Festival Folcl\u00f3rico do Amazonas chegou ao fim neste s\u00e1bado, consolidando-se como uma das edi\u00e7\u00f5es mais marcantes da hist\u00f3ria do evento.","robots":{"index":"noindex","follow":"follow"},"og_locale":"pt_BR","og_type":"article","og_title":"Festival Folcl\u00f3rico do Amazonas encerra com recorde de p\u00fablico","og_description":"O 67\u00ba Festival Folcl\u00f3rico do Amazonas chegou ao fim neste s\u00e1bado, consolidando-se como uma das edi\u00e7\u00f5es mais marcantes da hist\u00f3ria do evento.","og_url":"https:\/\/www.manaus.am.gov.br\/manauscult\/festival-folclorico-do-amazonas-2\/","og_site_name":"MANAUSCULT","article_published_time":"2025-06-22T14:17:25+00:00","article_modified_time":"2025-06-22T14:17:26+00:00","og_image":[{"width":1200,"height":800,"url":"https:\/\/www.manaus.am.gov.br\/manauscult\/wp-content\/uploads\/sites\/11\/2025\/06\/Festival-Folclorico-do-Amazonas-1.jpeg","type":"image\/jpeg"}],"author":"Thiago Fernando","twitter_card":"summary_large_image","twitter_misc":{"Written by":"Thiago Fernando","Est. reading time":"3 minutos"},"schema":{"@context":"https:\/\/schema.org","@graph":[{"@type":"WebPage","@id":"https:\/\/www.manaus.am.gov.br\/manauscult\/festival-folclorico-do-amazonas-2\/","url":"https:\/\/www.manaus.am.gov.br\/manauscult\/festival-folclorico-do-amazonas-2\/","name":"Festival Folcl\u00f3rico do Amazonas encerra com recorde de p\u00fablico","isPartOf":{"@id":"https:\/\/www.manaus.am.gov.br\/manauscult\/#website"},"primaryImageOfPage":{"@id":"https:\/\/www.manaus.am.gov.br\/manauscult\/festival-folclorico-do-amazonas-2\/#primaryimage"},"image":{"@id":"https:\/\/www.manaus.am.gov.br\/manauscult\/festival-folclorico-do-amazonas-2\/#primaryimage"},"thumbnailUrl":"https:\/\/www.manaus.am.gov.br\/manauscult\/wp-content\/uploads\/sites\/11\/2025\/06\/Festival-Folclorico-do-Amazonas-1.jpeg","datePublished":"2025-06-22T14:17:25+00:00","dateModified":"2025-06-22T14:17:26+00:00","author":{"@id":"https:\/\/www.manaus.am.gov.br\/manauscult\/#\/schema\/person\/a5ee5376db6e21af026374b369f30882"},"description":"O 67\u00ba Festival Folcl\u00f3rico do Amazonas chegou ao fim neste s\u00e1bado, consolidando-se como uma das edi\u00e7\u00f5es mais marcantes da hist\u00f3ria do evento.","breadcrumb":{"@id":"https:\/\/www.manaus.am.gov.br\/manauscult\/festival-folclorico-do-amazonas-2\/#breadcrumb"},"inLanguage":"pt-BR","potentialAction":[{"@type":"ReadAction","target":["https:\/\/www.manaus.am.gov.br\/manauscult\/festival-folclorico-do-amazonas-2\/"]}]},{"@type":"ImageObject","inLanguage":"pt-BR","@id":"https:\/\/www.manaus.am.gov.br\/manauscult\/festival-folclorico-do-amazonas-2\/#primaryimage","url":"https:\/\/www.manaus.am.gov.br\/manauscult\/wp-content\/uploads\/sites\/11\/2025\/06\/Festival-Folclorico-do-Amazonas-1.jpeg","contentUrl":"https:\/\/www.manaus.am.gov.br\/manauscult\/wp-content\/uploads\/sites\/11\/2025\/06\/Festival-Folclorico-do-Amazonas-1.jpeg","width":1200,"height":800,"caption":"Festival Folcl\u00f3rico do Amazonas"},{"@type":"BreadcrumbList","@id":"https:\/\/www.manaus.am.gov.br\/manauscult\/festival-folclorico-do-amazonas-2\/#breadcrumb","itemListElement":[{"@type":"ListItem","position":1,"name":"Home","item":"https:\/\/www.manaus.am.gov.br\/manauscult\/"},{"@type":"ListItem","position":2,"name":"67\u00ba Festival Folcl\u00f3rico do Amazonas encerra com recorde de p\u00fablico, fomento hist\u00f3rico e inclus\u00e3o"}]},{"@type":"WebSite","@id":"https:\/\/www.manaus.am.gov.br\/manauscult\/#website","url":"https:\/\/www.manaus.am.gov.br\/manauscult\/","name":"MANAUSCULT","description":"Prefeitura de Manaus","potentialAction":[{"@type":"SearchAction","target":{"@type":"EntryPoint","urlTemplate":"https:\/\/www.manaus.am.gov.br\/manauscult\/?s={search_term_string}"},"query-input":"required name=search_term_string"}],"inLanguage":"pt-BR"},{"@type":"Person","@id":"https:\/\/www.manaus.am.gov.br\/manauscult\/#\/schema\/person\/a5ee5376db6e21af026374b369f30882","name":"Thiago Fernando","image":{"@type":"ImageObject","inLanguage":"pt-BR","@id":"https:\/\/www.manaus.am.gov.br\/manauscult\/#\/schema\/person\/image\/","url":"https:\/\/secure.gravatar.com\/avatar\/f5aab8722444041451501c077052ac07?s=96&d=mm&r=g","contentUrl":"https:\/\/secure.gravatar.com\/avatar\/f5aab8722444041451501c077052ac07?s=96&d=mm&r=g","caption":"Thiago Fernando"}}]}},"_links":{"self":[{"href":"https:\/\/www.manaus.am.gov.br\/manauscult\/wp-json\/wp\/v2\/posts\/4058"}],"collection":[{"href":"https:\/\/www.manaus.am.gov.br\/manauscult\/wp-json\/wp\/v2\/posts"}],"about":[{"href":"https:\/\/www.manaus.am.gov.br\/manauscult\/wp-json\/wp\/v2\/types\/post"}],"author":[{"embeddable":true,"href":"https:\/\/www.manaus.am.gov.br\/manauscult\/wp-json\/wp\/v2\/users\/57"}],"replies":[{"embeddable":true,"href":"https:\/\/www.manaus.am.gov.br\/manauscult\/wp-json\/wp\/v2\/comments?post=4058"}],"version-history":[{"count":0,"href":"https:\/\/www.manaus.am.gov.br\/manauscult\/wp-json\/wp\/v2\/posts\/4058\/revisions"}],"wp:featuredmedia":[{"embeddable":true,"href":"https:\/\/www.manaus.am.gov.br\/manauscult\/wp-json\/wp\/v2\/media\/4059"}],"wp:attachment":[{"href":"https:\/\/www.manaus.am.gov.br\/manauscult\/wp-json\/wp\/v2\/media?parent=4058"}],"wp:term":[{"taxonomy":"category","embeddable":true,"href":"https:\/\/www.manaus.am.gov.br\/manauscult\/wp-json\/wp\/v2\/categories?post=4058"},{"taxonomy":"post_tag","embeddable":true,"href":"https:\/\/www.manaus.am.gov.br\/manauscult\/wp-json\/wp\/v2\/tags?post=4058"}],"curies":[{"name":"wp","href":"https:\/\/api.w.org\/{rel}","templated":true}]}}