{"id":4039,"date":"2025-06-16T15:45:12","date_gmt":"2025-06-16T19:45:12","guid":{"rendered":"https:\/\/www.manaus.am.gov.br\/manauscult\/festival-folclorico-prata\/"},"modified":"2025-06-16T15:46:10","modified_gmt":"2025-06-16T19:46:10","slug":"festival-folclorico-prata","status":"publish","type":"post","link":"https:\/\/www.manaus.am.gov.br\/manauscult\/festival-folclorico-prata\/","title":{"rendered":"Apresenta\u00e7\u00f5es da categoria Prata movimentam o Festival Folcl\u00f3rico do Amazonas"},"content":{"rendered":"\n<p>O 67\u00ba Festival Folcl\u00f3rico do Amazonas, evento promovido pela <a href=\"https:\/\/www.instagram.com\/prefeiturademanaus\/\">Prefeitura de Manaus<\/a>, por meio da <a href=\"https:\/\/www.manaus.am.gov.br\/manauscult\/\">Funda\u00e7\u00e3o Municipal de Cultura, Turismo e Eventos (Manauscult), <\/a>avan\u00e7a para uma nova etapa. Ap\u00f3s o encerramento da disputa da categoria Bronze, at\u00e9 o pr\u00f3ximo dia 21\/6 ser\u00e1 a vez das agremia\u00e7\u00f5es da categoria Prata movimentarem o p\u00fablico que prestigia o espet\u00e1culo cultural no Centro Cultural dos Povos da Amaz\u00f4nia (CCPA), localizado na zona Sul da capital.<\/p>\n\n\n\n<p>\u201cFechamos a fase Bronze com um n\u00edvel t\u00e9cnico surpreendente e um p\u00fablico vibrante em todas as noites. Agora, elevamos ainda mais a expectativa com a categoria Prata, que tradicionalmente revela talentos e consolida a diversidade art\u00edstica do nosso estado\u201d, afirmou o diretor-presidente da Manauscult, Jender Lobato.<\/p>\n\n\n\n<p>A estreia da categoria Prata confirmou o entusiasmo do p\u00fablico, que mais uma vez compareceu em peso para prestigiar as manifesta\u00e7\u00f5es culturais que fazem do festival um dos maiores do Norte do Brasil. Entre os visitantes estava a produtora cultural Amanda Arraes, que elogiou o novo formato do evento.<\/p>\n\n\n\n<p>\u201cO formato repaginado do festival impressiona da infraestrutura impec\u00e1vel ao desempenho de alto n\u00edvel das quadrilhas e dan\u00e7as regionais. \u00c9 uma experi\u00eancia cultural que merece todos os aplausos\u201d, destacou Amanda.<\/p>\n\n\n\n<p>Al\u00e9m da nova estrutura f\u00edsica, que oferece mais conforto, seguran\u00e7a, acessibilidade e uma \u00e1rea reservada para idosos, o festival mant\u00e9m uma organiza\u00e7\u00e3o eficiente nos bastidores. As segundas e ter\u00e7as-feiras continuam reservadas exclusivamente para os ensaios das agremia\u00e7\u00f5es, garantindo melhor preparo t\u00e9cnico e art\u00edstico dos grupos que se apresentam na arena.<\/p>\n\n\n\n<p>O 67\u00ba Festival Folcl\u00f3rico do Amazonas segue at\u00e9 o dia 21 de junho reunindo centenas de artistas e brincantes que mant\u00eam viva a cultura popular com paix\u00e3o, cor e tradi\u00e7\u00e3o.<\/p>\n\n\n\n<p>&#8212; &#8212; &#8212;<\/p>\n\n\n\n<p><strong>Texto<\/strong> &#8211; J\u00e9ssica Trajano&nbsp;\/ Manauscult<\/p>\n\n\n\n<p><strong>Fotos<\/strong> \u2013 Antonio Pereira \/ Semcom<\/p>\n","protected":false},"excerpt":{"rendered":"","protected":false},"author":57,"featured_media":4040,"comment_status":"closed","ping_status":"closed","sticky":false,"template":"","format":"standard","meta":{"footnotes":""},"categories":[150],"tags":[42,9,11],"acf":[],"yoast_head":"<!-- This site is optimized with the Yoast SEO plugin v23.0 - https:\/\/yoast.com\/wordpress\/plugins\/seo\/ -->\n<title>Apresenta\u00e7\u00f5es do grupo Prata movimentam o Festival Folcl\u00f3rico<\/title>\n<meta name=\"description\" content=\"O 67\u00ba Festival Folcl\u00f3rico do Amazonas, evento promovido pela Prefeitura de Manaus, avan\u00e7a para uma nova etapa.\" \/>\n<meta name=\"robots\" content=\"noindex, follow\" \/>\n<meta property=\"og:locale\" content=\"pt_BR\" \/>\n<meta property=\"og:type\" content=\"article\" \/>\n<meta property=\"og:title\" content=\"Apresenta\u00e7\u00f5es do grupo Prata movimentam o Festival Folcl\u00f3rico\" \/>\n<meta property=\"og:description\" content=\"O 67\u00ba Festival Folcl\u00f3rico do Amazonas, evento promovido pela Prefeitura de Manaus, avan\u00e7a para uma nova etapa.\" \/>\n<meta property=\"og:url\" content=\"https:\/\/www.manaus.am.gov.br\/manauscult\/festival-folclorico-prata\/\" \/>\n<meta property=\"og:site_name\" content=\"MANAUSCULT\" \/>\n<meta property=\"article:published_time\" content=\"2025-06-16T19:45:12+00:00\" \/>\n<meta property=\"article:modified_time\" content=\"2025-06-16T19:46:10+00:00\" \/>\n<meta property=\"og:image\" content=\"https:\/\/www.manaus.am.gov.br\/manauscult\/wp-content\/uploads\/sites\/11\/2025\/06\/Festival-Folclorico-2.jpg\" \/>\n\t<meta property=\"og:image:width\" content=\"799\" \/>\n\t<meta property=\"og:image:height\" content=\"533\" \/>\n\t<meta property=\"og:image:type\" content=\"image\/jpeg\" \/>\n<meta name=\"author\" content=\"Thiago Fernando\" \/>\n<meta name=\"twitter:card\" content=\"summary_large_image\" \/>\n<meta name=\"twitter:label1\" content=\"Written by\" \/>\n\t<meta name=\"twitter:data1\" content=\"Thiago Fernando\" \/>\n\t<meta name=\"twitter:label2\" content=\"Est. reading time\" \/>\n\t<meta name=\"twitter:data2\" content=\"2 minutos\" \/>\n<script type=\"application\/ld+json\" class=\"yoast-schema-graph\">{\"@context\":\"https:\/\/schema.org\",\"@graph\":[{\"@type\":\"WebPage\",\"@id\":\"https:\/\/www.manaus.am.gov.br\/manauscult\/festival-folclorico-prata\/\",\"url\":\"https:\/\/www.manaus.am.gov.br\/manauscult\/festival-folclorico-prata\/\",\"name\":\"Apresenta\u00e7\u00f5es do grupo Prata movimentam o Festival Folcl\u00f3rico\",\"isPartOf\":{\"@id\":\"https:\/\/www.manaus.am.gov.br\/manauscult\/#website\"},\"primaryImageOfPage\":{\"@id\":\"https:\/\/www.manaus.am.gov.br\/manauscult\/festival-folclorico-prata\/#primaryimage\"},\"image\":{\"@id\":\"https:\/\/www.manaus.am.gov.br\/manauscult\/festival-folclorico-prata\/#primaryimage\"},\"thumbnailUrl\":\"https:\/\/www.manaus.am.gov.br\/manauscult\/wp-content\/uploads\/sites\/11\/2025\/06\/Festival-Folclorico-2.jpg\",\"datePublished\":\"2025-06-16T19:45:12+00:00\",\"dateModified\":\"2025-06-16T19:46:10+00:00\",\"author\":{\"@id\":\"https:\/\/www.manaus.am.gov.br\/manauscult\/#\/schema\/person\/a5ee5376db6e21af026374b369f30882\"},\"description\":\"O 67\u00ba Festival Folcl\u00f3rico do Amazonas, evento promovido pela Prefeitura de Manaus, avan\u00e7a para uma nova etapa.\",\"breadcrumb\":{\"@id\":\"https:\/\/www.manaus.am.gov.br\/manauscult\/festival-folclorico-prata\/#breadcrumb\"},\"inLanguage\":\"pt-BR\",\"potentialAction\":[{\"@type\":\"ReadAction\",\"target\":[\"https:\/\/www.manaus.am.gov.br\/manauscult\/festival-folclorico-prata\/\"]}]},{\"@type\":\"ImageObject\",\"inLanguage\":\"pt-BR\",\"@id\":\"https:\/\/www.manaus.am.gov.br\/manauscult\/festival-folclorico-prata\/#primaryimage\",\"url\":\"https:\/\/www.manaus.am.gov.br\/manauscult\/wp-content\/uploads\/sites\/11\/2025\/06\/Festival-Folclorico-2.jpg\",\"contentUrl\":\"https:\/\/www.manaus.am.gov.br\/manauscult\/wp-content\/uploads\/sites\/11\/2025\/06\/Festival-Folclorico-2.jpg\",\"width\":799,\"height\":533,\"caption\":\"Festival Folcl\u00f3rico\"},{\"@type\":\"BreadcrumbList\",\"@id\":\"https:\/\/www.manaus.am.gov.br\/manauscult\/festival-folclorico-prata\/#breadcrumb\",\"itemListElement\":[{\"@type\":\"ListItem\",\"position\":1,\"name\":\"Home\",\"item\":\"https:\/\/www.manaus.am.gov.br\/manauscult\/\"},{\"@type\":\"ListItem\",\"position\":2,\"name\":\"Apresenta\u00e7\u00f5es da categoria Prata movimentam o Festival Folcl\u00f3rico do Amazonas\"}]},{\"@type\":\"WebSite\",\"@id\":\"https:\/\/www.manaus.am.gov.br\/manauscult\/#website\",\"url\":\"https:\/\/www.manaus.am.gov.br\/manauscult\/\",\"name\":\"MANAUSCULT\",\"description\":\"Prefeitura de Manaus\",\"potentialAction\":[{\"@type\":\"SearchAction\",\"target\":{\"@type\":\"EntryPoint\",\"urlTemplate\":\"https:\/\/www.manaus.am.gov.br\/manauscult\/?s={search_term_string}\"},\"query-input\":\"required name=search_term_string\"}],\"inLanguage\":\"pt-BR\"},{\"@type\":\"Person\",\"@id\":\"https:\/\/www.manaus.am.gov.br\/manauscult\/#\/schema\/person\/a5ee5376db6e21af026374b369f30882\",\"name\":\"Thiago Fernando\",\"image\":{\"@type\":\"ImageObject\",\"inLanguage\":\"pt-BR\",\"@id\":\"https:\/\/www.manaus.am.gov.br\/manauscult\/#\/schema\/person\/image\/\",\"url\":\"https:\/\/secure.gravatar.com\/avatar\/f5aab8722444041451501c077052ac07?s=96&d=mm&r=g\",\"contentUrl\":\"https:\/\/secure.gravatar.com\/avatar\/f5aab8722444041451501c077052ac07?s=96&d=mm&r=g\",\"caption\":\"Thiago Fernando\"}}]}<\/script>\n<!-- \/ Yoast SEO plugin. -->","yoast_head_json":{"title":"Apresenta\u00e7\u00f5es do grupo Prata movimentam o Festival Folcl\u00f3rico","description":"O 67\u00ba Festival Folcl\u00f3rico do Amazonas, evento promovido pela Prefeitura de Manaus, avan\u00e7a para uma nova etapa.","robots":{"index":"noindex","follow":"follow"},"og_locale":"pt_BR","og_type":"article","og_title":"Apresenta\u00e7\u00f5es do grupo Prata movimentam o Festival Folcl\u00f3rico","og_description":"O 67\u00ba Festival Folcl\u00f3rico do Amazonas, evento promovido pela Prefeitura de Manaus, avan\u00e7a para uma nova etapa.","og_url":"https:\/\/www.manaus.am.gov.br\/manauscult\/festival-folclorico-prata\/","og_site_name":"MANAUSCULT","article_published_time":"2025-06-16T19:45:12+00:00","article_modified_time":"2025-06-16T19:46:10+00:00","og_image":[{"width":799,"height":533,"url":"https:\/\/www.manaus.am.gov.br\/manauscult\/wp-content\/uploads\/sites\/11\/2025\/06\/Festival-Folclorico-2.jpg","type":"image\/jpeg"}],"author":"Thiago Fernando","twitter_card":"summary_large_image","twitter_misc":{"Written by":"Thiago Fernando","Est. reading time":"2 minutos"},"schema":{"@context":"https:\/\/schema.org","@graph":[{"@type":"WebPage","@id":"https:\/\/www.manaus.am.gov.br\/manauscult\/festival-folclorico-prata\/","url":"https:\/\/www.manaus.am.gov.br\/manauscult\/festival-folclorico-prata\/","name":"Apresenta\u00e7\u00f5es do grupo Prata movimentam o Festival Folcl\u00f3rico","isPartOf":{"@id":"https:\/\/www.manaus.am.gov.br\/manauscult\/#website"},"primaryImageOfPage":{"@id":"https:\/\/www.manaus.am.gov.br\/manauscult\/festival-folclorico-prata\/#primaryimage"},"image":{"@id":"https:\/\/www.manaus.am.gov.br\/manauscult\/festival-folclorico-prata\/#primaryimage"},"thumbnailUrl":"https:\/\/www.manaus.am.gov.br\/manauscult\/wp-content\/uploads\/sites\/11\/2025\/06\/Festival-Folclorico-2.jpg","datePublished":"2025-06-16T19:45:12+00:00","dateModified":"2025-06-16T19:46:10+00:00","author":{"@id":"https:\/\/www.manaus.am.gov.br\/manauscult\/#\/schema\/person\/a5ee5376db6e21af026374b369f30882"},"description":"O 67\u00ba Festival Folcl\u00f3rico do Amazonas, evento promovido pela Prefeitura de Manaus, avan\u00e7a para uma nova etapa.","breadcrumb":{"@id":"https:\/\/www.manaus.am.gov.br\/manauscult\/festival-folclorico-prata\/#breadcrumb"},"inLanguage":"pt-BR","potentialAction":[{"@type":"ReadAction","target":["https:\/\/www.manaus.am.gov.br\/manauscult\/festival-folclorico-prata\/"]}]},{"@type":"ImageObject","inLanguage":"pt-BR","@id":"https:\/\/www.manaus.am.gov.br\/manauscult\/festival-folclorico-prata\/#primaryimage","url":"https:\/\/www.manaus.am.gov.br\/manauscult\/wp-content\/uploads\/sites\/11\/2025\/06\/Festival-Folclorico-2.jpg","contentUrl":"https:\/\/www.manaus.am.gov.br\/manauscult\/wp-content\/uploads\/sites\/11\/2025\/06\/Festival-Folclorico-2.jpg","width":799,"height":533,"caption":"Festival Folcl\u00f3rico"},{"@type":"BreadcrumbList","@id":"https:\/\/www.manaus.am.gov.br\/manauscult\/festival-folclorico-prata\/#breadcrumb","itemListElement":[{"@type":"ListItem","position":1,"name":"Home","item":"https:\/\/www.manaus.am.gov.br\/manauscult\/"},{"@type":"ListItem","position":2,"name":"Apresenta\u00e7\u00f5es da categoria Prata movimentam o Festival Folcl\u00f3rico do Amazonas"}]},{"@type":"WebSite","@id":"https:\/\/www.manaus.am.gov.br\/manauscult\/#website","url":"https:\/\/www.manaus.am.gov.br\/manauscult\/","name":"MANAUSCULT","description":"Prefeitura de Manaus","potentialAction":[{"@type":"SearchAction","target":{"@type":"EntryPoint","urlTemplate":"https:\/\/www.manaus.am.gov.br\/manauscult\/?s={search_term_string}"},"query-input":"required name=search_term_string"}],"inLanguage":"pt-BR"},{"@type":"Person","@id":"https:\/\/www.manaus.am.gov.br\/manauscult\/#\/schema\/person\/a5ee5376db6e21af026374b369f30882","name":"Thiago Fernando","image":{"@type":"ImageObject","inLanguage":"pt-BR","@id":"https:\/\/www.manaus.am.gov.br\/manauscult\/#\/schema\/person\/image\/","url":"https:\/\/secure.gravatar.com\/avatar\/f5aab8722444041451501c077052ac07?s=96&d=mm&r=g","contentUrl":"https:\/\/secure.gravatar.com\/avatar\/f5aab8722444041451501c077052ac07?s=96&d=mm&r=g","caption":"Thiago Fernando"}}]}},"_links":{"self":[{"href":"https:\/\/www.manaus.am.gov.br\/manauscult\/wp-json\/wp\/v2\/posts\/4039"}],"collection":[{"href":"https:\/\/www.manaus.am.gov.br\/manauscult\/wp-json\/wp\/v2\/posts"}],"about":[{"href":"https:\/\/www.manaus.am.gov.br\/manauscult\/wp-json\/wp\/v2\/types\/post"}],"author":[{"embeddable":true,"href":"https:\/\/www.manaus.am.gov.br\/manauscult\/wp-json\/wp\/v2\/users\/57"}],"replies":[{"embeddable":true,"href":"https:\/\/www.manaus.am.gov.br\/manauscult\/wp-json\/wp\/v2\/comments?post=4039"}],"version-history":[{"count":0,"href":"https:\/\/www.manaus.am.gov.br\/manauscult\/wp-json\/wp\/v2\/posts\/4039\/revisions"}],"wp:featuredmedia":[{"embeddable":true,"href":"https:\/\/www.manaus.am.gov.br\/manauscult\/wp-json\/wp\/v2\/media\/4040"}],"wp:attachment":[{"href":"https:\/\/www.manaus.am.gov.br\/manauscult\/wp-json\/wp\/v2\/media?parent=4039"}],"wp:term":[{"taxonomy":"category","embeddable":true,"href":"https:\/\/www.manaus.am.gov.br\/manauscult\/wp-json\/wp\/v2\/categories?post=4039"},{"taxonomy":"post_tag","embeddable":true,"href":"https:\/\/www.manaus.am.gov.br\/manauscult\/wp-json\/wp\/v2\/tags?post=4039"}],"curies":[{"name":"wp","href":"https:\/\/api.w.org\/{rel}","templated":true}]}}