{"id":4018,"date":"2025-06-10T09:54:15","date_gmt":"2025-06-10T13:54:15","guid":{"rendered":"https:\/\/www.manaus.am.gov.br\/manauscult\/prefeitura-manauscult-agitamanaus\/"},"modified":"2025-06-10T09:54:17","modified_gmt":"2025-06-10T13:54:17","slug":"prefeitura-manauscult-agitamanaus","status":"publish","type":"post","link":"https:\/\/www.manaus.am.gov.br\/manauscult\/prefeitura-manauscult-agitamanaus\/","title":{"rendered":"Com incentivo da prefeitura, \u2018Agita Manaus\u2019 leva evento de esporte e lazer para Ponta Negra no domingo"},"content":{"rendered":"\n<p>A Prefeitura de Manaus, por meio da Funda\u00e7\u00e3o Municipal de Cultura, Turismo e Eventos (ManausCult), \u00e9 parceira da 6\u00aa edi\u00e7\u00e3o do \u201cAgita Manaus\u201d, projeto que tem transformado espa\u00e7os p\u00fablicos da cidade em palcos de cultura, esporte e inclus\u00e3o social. Idealizada pelo produtor cultural M\u00e1rcio Prata, a iniciativa \u00e9 voltada, especialmente, para a juventude da periferia e tem como objetivo ocupar as comunidades com atividades que promovem cidadania, bem-estar e pertencimento.<br><br>Marcado para este domingo, 15\/6, das 14h \u00e0s 23h, no anfiteatro do complexo tur\u00edstico Ponta Negra, o 6\u00ba \u201cAgita Manaus\u201d contar\u00e1 com acesso gratuito e uma programa\u00e7\u00e3o diversa para todas as idades. O evento ter\u00e1 o apoio total da Prefeitura de Manaus, por meio da ManausCult, que est\u00e1 garantindo toda a estrutura necess\u00e1ria para sua realiza\u00e7\u00e3o: palco, sonoriza\u00e7\u00e3o, ilumina\u00e7\u00e3o, pain\u00e9is de LED, gradis, tendas de apoio, cach\u00ea dos artistas, banheiros qu\u00edmicos e toda a log\u00edstica para acolher o p\u00fablico com seguran\u00e7a e conforto. \u00c9 um investimento direto em uma a\u00e7\u00e3o que valoriza e d\u00e1 visibilidade \u00e0 cultura que nasce nas periferias.<br><br>Al\u00e9m das atra\u00e7\u00f5es culturais, o evento marcar\u00e1 uma tentativa oficial de quebra do recorde mundial do Guinness Book, como o maior aul\u00e3o fitness ao ar livre do mundo. O atual recorde pertence \u00e0s Filipinas, com 16.218 pessoas dan\u00e7ando. Para superar essa marca, o 6\u00ba \u201cAgita Manaus\u201d contar\u00e1 com a participa\u00e7\u00e3o de mais de 200 professores de dan\u00e7a, vindos de diversas localidades: 160 professores de Manaus, de todas as zonas da cidade. Ser\u00e3o 30 professores de Roraima, 12 de Iranduba, cinco de Santar\u00e9m (PA), cinco de Manacapuru, dois de Parintins e dois de Barreirinha.<br><br>O destaque nacional ser\u00e1 o dan\u00e7arino e youtuber Daniel Saboya, diretamente do Rio de Janeiro, considerado um fen\u00f4meno nas redes sociais.<br><br>A programa\u00e7\u00e3o come\u00e7a \u00e0s 14h com a apresenta\u00e7\u00e3o da banda Buiunas, levando muito boi-bumb\u00e1 ao palco. A partir das 16h30, come\u00e7am as apresenta\u00e7\u00f5es das companhias de dan\u00e7a e dos professores envolvidos na tentativa de quebra de recorde.<br><br>Para o diretor-presidente da ManausCult, Jender Lobato, apoiar o \u201cAgita Manaus\u201d \u00e9 fortalecer as pol\u00edticas p\u00fablicas que fazem a cultura chegar aonde ela mais precisa estar. \u201cA cultura \u00e9 uma ferramenta de transforma\u00e7\u00e3o social, e o \u2018Agita Manaus\u2019 tem mostrado isso com muita for\u00e7a. Quando a gente apoia projetos como esse, est\u00e1 fortalecendo as vozes das periferias, incentivando o protagonismo jovem e democratizando o acesso \u00e0 arte e ao lazer. \u00c9 uma pol\u00edtica p\u00fablica que faz sentido\u201d, destacou.<br><br>O idealizador do projeto, M\u00e1rcio Prata, celebrou o apoio da prefeitura e reafirmou o prop\u00f3sito do \u201cAgita Manaus\u201d em dar visibilidade \u00e0 produ\u00e7\u00e3o cultural das comunidades.<br><br>\u201cEstamos muito felizes em contar com o apoio da ManausCult, que acredita no que a gente faz. O Agita nasceu da vontade de ver a periferia ocupando os seus espa\u00e7os com arte, com esporte, com autoestima. \u00c9 sobre criar oportunidades, \u00e9 sobre dizer para juventude que ela tem vez, voz e valor\u201d, afirmou.<br><br>Com apoio total da Prefeitura de Manaus, por meio da ManausCult, o 6\u00ba \u201cAgita Manaus\u201d promete transformar mais uma vez o anfiteatro da Ponta Negra em um grande palco de celebra\u00e7\u00e3o cultural, reafirmando que o centro da cidade tamb\u00e9m pulsa nas periferias. <\/p>\n\n\n\n<p>&#8212; &#8212; &#8212;<br><br><strong>Texto<\/strong> &#8211; J\u00e9ssica Trajano\/ManausCult<br><strong>Fotos<\/strong> &#8211; Thelson Souza\/ManausCult<\/p>\n","protected":false},"excerpt":{"rendered":"","protected":false},"author":23,"featured_media":4019,"comment_status":"closed","ping_status":"closed","sticky":false,"template":"","format":"standard","meta":{"footnotes":""},"categories":[1052],"tags":[1452,1453,334,1454,1455,9,197,11],"acf":[],"yoast_head":"<!-- This site is optimized with the Yoast SEO plugin v23.0 - https:\/\/yoast.com\/wordpress\/plugins\/seo\/ -->\n<title>Com incentivo da prefeitura, \u2018Agita Manaus\u2019 leva evento de esporte e lazer para Ponta Negra no domingo<\/title>\n<meta name=\"description\" content=\"A Prefeitura de Manaus, por meio da Funda\u00e7\u00e3o Municipal de Cultura, Turismo e Eventos (ManausCult), \u00e9 parceira da 6\u00aa edi\u00e7\u00e3o do \u201cAgita Manaus\u201d, projeto que tem transformado espa\u00e7os p\u00fablicos da cidade em palcos de cultura, esporte e inclus\u00e3o social.\" \/>\n<meta name=\"robots\" content=\"noindex, follow\" \/>\n<meta property=\"og:locale\" content=\"pt_BR\" \/>\n<meta property=\"og:type\" content=\"article\" \/>\n<meta property=\"og:title\" content=\"Com incentivo da prefeitura, \u2018Agita Manaus\u2019 leva evento de esporte e lazer para Ponta Negra no domingo\" \/>\n<meta property=\"og:description\" content=\"A Prefeitura de Manaus, por meio da Funda\u00e7\u00e3o Municipal de Cultura, Turismo e Eventos (ManausCult), \u00e9 parceira da 6\u00aa edi\u00e7\u00e3o do \u201cAgita Manaus\u201d, projeto que tem transformado espa\u00e7os p\u00fablicos da cidade em palcos de cultura, esporte e inclus\u00e3o social.\" \/>\n<meta property=\"og:url\" content=\"https:\/\/www.manaus.am.gov.br\/manauscult\/prefeitura-manauscult-agitamanaus\/\" \/>\n<meta property=\"og:site_name\" content=\"MANAUSCULT\" \/>\n<meta property=\"article:published_time\" content=\"2025-06-10T13:54:15+00:00\" \/>\n<meta property=\"article:modified_time\" content=\"2025-06-10T13:54:17+00:00\" \/>\n<meta property=\"og:image\" content=\"https:\/\/www.manaus.am.gov.br\/manauscult\/wp-content\/uploads\/sites\/11\/2025\/06\/Agita-Manaus.jpg\" \/>\n\t<meta property=\"og:image:width\" content=\"4160\" \/>\n\t<meta property=\"og:image:height\" content=\"2774\" \/>\n\t<meta property=\"og:image:type\" content=\"image\/jpeg\" \/>\n<meta name=\"author\" content=\"Adriana Costa\" \/>\n<meta name=\"twitter:card\" content=\"summary_large_image\" \/>\n<meta name=\"twitter:label1\" content=\"Written by\" \/>\n\t<meta name=\"twitter:data1\" content=\"Adriana Costa\" \/>\n\t<meta name=\"twitter:label2\" content=\"Est. reading time\" \/>\n\t<meta name=\"twitter:data2\" content=\"4 minutos\" \/>\n<script type=\"application\/ld+json\" class=\"yoast-schema-graph\">{\"@context\":\"https:\/\/schema.org\",\"@graph\":[{\"@type\":\"WebPage\",\"@id\":\"https:\/\/www.manaus.am.gov.br\/manauscult\/prefeitura-manauscult-agitamanaus\/\",\"url\":\"https:\/\/www.manaus.am.gov.br\/manauscult\/prefeitura-manauscult-agitamanaus\/\",\"name\":\"Com incentivo da prefeitura, \u2018Agita Manaus\u2019 leva evento de esporte e lazer para Ponta Negra no domingo\",\"isPartOf\":{\"@id\":\"https:\/\/www.manaus.am.gov.br\/manauscult\/#website\"},\"primaryImageOfPage\":{\"@id\":\"https:\/\/www.manaus.am.gov.br\/manauscult\/prefeitura-manauscult-agitamanaus\/#primaryimage\"},\"image\":{\"@id\":\"https:\/\/www.manaus.am.gov.br\/manauscult\/prefeitura-manauscult-agitamanaus\/#primaryimage\"},\"thumbnailUrl\":\"https:\/\/www.manaus.am.gov.br\/manauscult\/wp-content\/uploads\/sites\/11\/2025\/06\/Agita-Manaus.jpg\",\"datePublished\":\"2025-06-10T13:54:15+00:00\",\"dateModified\":\"2025-06-10T13:54:17+00:00\",\"author\":{\"@id\":\"https:\/\/www.manaus.am.gov.br\/manauscult\/#\/schema\/person\/4e49f4e267757a06ca072ec61b2b9968\"},\"description\":\"A Prefeitura de Manaus, por meio da Funda\u00e7\u00e3o Municipal de Cultura, Turismo e Eventos (ManausCult), \u00e9 parceira da 6\u00aa edi\u00e7\u00e3o do \u201cAgita Manaus\u201d, projeto que tem transformado espa\u00e7os p\u00fablicos da cidade em palcos de cultura, esporte e inclus\u00e3o social.\",\"breadcrumb\":{\"@id\":\"https:\/\/www.manaus.am.gov.br\/manauscult\/prefeitura-manauscult-agitamanaus\/#breadcrumb\"},\"inLanguage\":\"pt-BR\",\"potentialAction\":[{\"@type\":\"ReadAction\",\"target\":[\"https:\/\/www.manaus.am.gov.br\/manauscult\/prefeitura-manauscult-agitamanaus\/\"]}]},{\"@type\":\"ImageObject\",\"inLanguage\":\"pt-BR\",\"@id\":\"https:\/\/www.manaus.am.gov.br\/manauscult\/prefeitura-manauscult-agitamanaus\/#primaryimage\",\"url\":\"https:\/\/www.manaus.am.gov.br\/manauscult\/wp-content\/uploads\/sites\/11\/2025\/06\/Agita-Manaus.jpg\",\"contentUrl\":\"https:\/\/www.manaus.am.gov.br\/manauscult\/wp-content\/uploads\/sites\/11\/2025\/06\/Agita-Manaus.jpg\",\"width\":4160,\"height\":2774},{\"@type\":\"BreadcrumbList\",\"@id\":\"https:\/\/www.manaus.am.gov.br\/manauscult\/prefeitura-manauscult-agitamanaus\/#breadcrumb\",\"itemListElement\":[{\"@type\":\"ListItem\",\"position\":1,\"name\":\"Home\",\"item\":\"https:\/\/www.manaus.am.gov.br\/manauscult\/\"},{\"@type\":\"ListItem\",\"position\":2,\"name\":\"Com incentivo da prefeitura, \u2018Agita Manaus\u2019 leva evento de esporte e lazer para Ponta Negra no domingo\"}]},{\"@type\":\"WebSite\",\"@id\":\"https:\/\/www.manaus.am.gov.br\/manauscult\/#website\",\"url\":\"https:\/\/www.manaus.am.gov.br\/manauscult\/\",\"name\":\"MANAUSCULT\",\"description\":\"Prefeitura de Manaus\",\"potentialAction\":[{\"@type\":\"SearchAction\",\"target\":{\"@type\":\"EntryPoint\",\"urlTemplate\":\"https:\/\/www.manaus.am.gov.br\/manauscult\/?s={search_term_string}\"},\"query-input\":\"required name=search_term_string\"}],\"inLanguage\":\"pt-BR\"},{\"@type\":\"Person\",\"@id\":\"https:\/\/www.manaus.am.gov.br\/manauscult\/#\/schema\/person\/4e49f4e267757a06ca072ec61b2b9968\",\"name\":\"Adriana Costa\",\"image\":{\"@type\":\"ImageObject\",\"inLanguage\":\"pt-BR\",\"@id\":\"https:\/\/www.manaus.am.gov.br\/manauscult\/#\/schema\/person\/image\/\",\"url\":\"https:\/\/secure.gravatar.com\/avatar\/576258617ef7194f718179e766d57bd4?s=96&d=mm&r=g\",\"contentUrl\":\"https:\/\/secure.gravatar.com\/avatar\/576258617ef7194f718179e766d57bd4?s=96&d=mm&r=g\",\"caption\":\"Adriana Costa\"}}]}<\/script>\n<!-- \/ Yoast SEO plugin. -->","yoast_head_json":{"title":"Com incentivo da prefeitura, \u2018Agita Manaus\u2019 leva evento de esporte e lazer para Ponta Negra no domingo","description":"A Prefeitura de Manaus, por meio da Funda\u00e7\u00e3o Municipal de Cultura, Turismo e Eventos (ManausCult), \u00e9 parceira da 6\u00aa edi\u00e7\u00e3o do \u201cAgita Manaus\u201d, projeto que tem transformado espa\u00e7os p\u00fablicos da cidade em palcos de cultura, esporte e inclus\u00e3o social.","robots":{"index":"noindex","follow":"follow"},"og_locale":"pt_BR","og_type":"article","og_title":"Com incentivo da prefeitura, \u2018Agita Manaus\u2019 leva evento de esporte e lazer para Ponta Negra no domingo","og_description":"A Prefeitura de Manaus, por meio da Funda\u00e7\u00e3o Municipal de Cultura, Turismo e Eventos (ManausCult), \u00e9 parceira da 6\u00aa edi\u00e7\u00e3o do \u201cAgita Manaus\u201d, projeto que tem transformado espa\u00e7os p\u00fablicos da cidade em palcos de cultura, esporte e inclus\u00e3o social.","og_url":"https:\/\/www.manaus.am.gov.br\/manauscult\/prefeitura-manauscult-agitamanaus\/","og_site_name":"MANAUSCULT","article_published_time":"2025-06-10T13:54:15+00:00","article_modified_time":"2025-06-10T13:54:17+00:00","og_image":[{"width":4160,"height":2774,"url":"https:\/\/www.manaus.am.gov.br\/manauscult\/wp-content\/uploads\/sites\/11\/2025\/06\/Agita-Manaus.jpg","type":"image\/jpeg"}],"author":"Adriana Costa","twitter_card":"summary_large_image","twitter_misc":{"Written by":"Adriana Costa","Est. reading time":"4 minutos"},"schema":{"@context":"https:\/\/schema.org","@graph":[{"@type":"WebPage","@id":"https:\/\/www.manaus.am.gov.br\/manauscult\/prefeitura-manauscult-agitamanaus\/","url":"https:\/\/www.manaus.am.gov.br\/manauscult\/prefeitura-manauscult-agitamanaus\/","name":"Com incentivo da prefeitura, \u2018Agita Manaus\u2019 leva evento de esporte e lazer para Ponta Negra no domingo","isPartOf":{"@id":"https:\/\/www.manaus.am.gov.br\/manauscult\/#website"},"primaryImageOfPage":{"@id":"https:\/\/www.manaus.am.gov.br\/manauscult\/prefeitura-manauscult-agitamanaus\/#primaryimage"},"image":{"@id":"https:\/\/www.manaus.am.gov.br\/manauscult\/prefeitura-manauscult-agitamanaus\/#primaryimage"},"thumbnailUrl":"https:\/\/www.manaus.am.gov.br\/manauscult\/wp-content\/uploads\/sites\/11\/2025\/06\/Agita-Manaus.jpg","datePublished":"2025-06-10T13:54:15+00:00","dateModified":"2025-06-10T13:54:17+00:00","author":{"@id":"https:\/\/www.manaus.am.gov.br\/manauscult\/#\/schema\/person\/4e49f4e267757a06ca072ec61b2b9968"},"description":"A Prefeitura de Manaus, por meio da Funda\u00e7\u00e3o Municipal de Cultura, Turismo e Eventos (ManausCult), \u00e9 parceira da 6\u00aa edi\u00e7\u00e3o do \u201cAgita Manaus\u201d, projeto que tem transformado espa\u00e7os p\u00fablicos da cidade em palcos de cultura, esporte e inclus\u00e3o social.","breadcrumb":{"@id":"https:\/\/www.manaus.am.gov.br\/manauscult\/prefeitura-manauscult-agitamanaus\/#breadcrumb"},"inLanguage":"pt-BR","potentialAction":[{"@type":"ReadAction","target":["https:\/\/www.manaus.am.gov.br\/manauscult\/prefeitura-manauscult-agitamanaus\/"]}]},{"@type":"ImageObject","inLanguage":"pt-BR","@id":"https:\/\/www.manaus.am.gov.br\/manauscult\/prefeitura-manauscult-agitamanaus\/#primaryimage","url":"https:\/\/www.manaus.am.gov.br\/manauscult\/wp-content\/uploads\/sites\/11\/2025\/06\/Agita-Manaus.jpg","contentUrl":"https:\/\/www.manaus.am.gov.br\/manauscult\/wp-content\/uploads\/sites\/11\/2025\/06\/Agita-Manaus.jpg","width":4160,"height":2774},{"@type":"BreadcrumbList","@id":"https:\/\/www.manaus.am.gov.br\/manauscult\/prefeitura-manauscult-agitamanaus\/#breadcrumb","itemListElement":[{"@type":"ListItem","position":1,"name":"Home","item":"https:\/\/www.manaus.am.gov.br\/manauscult\/"},{"@type":"ListItem","position":2,"name":"Com incentivo da prefeitura, \u2018Agita Manaus\u2019 leva evento de esporte e lazer para Ponta Negra no domingo"}]},{"@type":"WebSite","@id":"https:\/\/www.manaus.am.gov.br\/manauscult\/#website","url":"https:\/\/www.manaus.am.gov.br\/manauscult\/","name":"MANAUSCULT","description":"Prefeitura de Manaus","potentialAction":[{"@type":"SearchAction","target":{"@type":"EntryPoint","urlTemplate":"https:\/\/www.manaus.am.gov.br\/manauscult\/?s={search_term_string}"},"query-input":"required name=search_term_string"}],"inLanguage":"pt-BR"},{"@type":"Person","@id":"https:\/\/www.manaus.am.gov.br\/manauscult\/#\/schema\/person\/4e49f4e267757a06ca072ec61b2b9968","name":"Adriana Costa","image":{"@type":"ImageObject","inLanguage":"pt-BR","@id":"https:\/\/www.manaus.am.gov.br\/manauscult\/#\/schema\/person\/image\/","url":"https:\/\/secure.gravatar.com\/avatar\/576258617ef7194f718179e766d57bd4?s=96&d=mm&r=g","contentUrl":"https:\/\/secure.gravatar.com\/avatar\/576258617ef7194f718179e766d57bd4?s=96&d=mm&r=g","caption":"Adriana Costa"}}]}},"_links":{"self":[{"href":"https:\/\/www.manaus.am.gov.br\/manauscult\/wp-json\/wp\/v2\/posts\/4018"}],"collection":[{"href":"https:\/\/www.manaus.am.gov.br\/manauscult\/wp-json\/wp\/v2\/posts"}],"about":[{"href":"https:\/\/www.manaus.am.gov.br\/manauscult\/wp-json\/wp\/v2\/types\/post"}],"author":[{"embeddable":true,"href":"https:\/\/www.manaus.am.gov.br\/manauscult\/wp-json\/wp\/v2\/users\/23"}],"replies":[{"embeddable":true,"href":"https:\/\/www.manaus.am.gov.br\/manauscult\/wp-json\/wp\/v2\/comments?post=4018"}],"version-history":[{"count":0,"href":"https:\/\/www.manaus.am.gov.br\/manauscult\/wp-json\/wp\/v2\/posts\/4018\/revisions"}],"wp:featuredmedia":[{"embeddable":true,"href":"https:\/\/www.manaus.am.gov.br\/manauscult\/wp-json\/wp\/v2\/media\/4019"}],"wp:attachment":[{"href":"https:\/\/www.manaus.am.gov.br\/manauscult\/wp-json\/wp\/v2\/media?parent=4018"}],"wp:term":[{"taxonomy":"category","embeddable":true,"href":"https:\/\/www.manaus.am.gov.br\/manauscult\/wp-json\/wp\/v2\/categories?post=4018"},{"taxonomy":"post_tag","embeddable":true,"href":"https:\/\/www.manaus.am.gov.br\/manauscult\/wp-json\/wp\/v2\/tags?post=4018"}],"curies":[{"name":"wp","href":"https:\/\/api.w.org\/{rel}","templated":true}]}}