{"id":4016,"date":"2025-06-09T11:33:34","date_gmt":"2025-06-09T15:33:34","guid":{"rendered":"https:\/\/www.manaus.am.gov.br\/manauscult\/prefeitura-manauscult-festival-categoriabronze\/"},"modified":"2025-06-09T11:33:36","modified_gmt":"2025-06-09T15:33:36","slug":"prefeitura-manauscult-festival-categoriabronze","status":"publish","type":"post","link":"https:\/\/www.manaus.am.gov.br\/manauscult\/prefeitura-manauscult-festival-categoriabronze\/","title":{"rendered":"Disputa da categoria Bronze do 67\u00ba Festival Folcl\u00f3rico do Amazonas tem sucesso de p\u00fablico e celebra\u00e7\u00e3o da cultura popular"},"content":{"rendered":"\n<p>A primeira semana do 67\u00ba Festival Folcl\u00f3rico do Amazonas, realizado pela Prefeitura de Manaus, por meio da Funda\u00e7\u00e3o Municipal de Cultura, Turismo e Eventos (ManausCult), foi marcada por grande sucesso de p\u00fablico e celebra\u00e7\u00e3o da cultura popular. A arena, montada no Centro Cultural dos Povos da Amaz\u00f4nia (CCPA), na zona Sul, foi tomada por uma multid\u00e3o que prestigiou as apresenta\u00e7\u00f5es da categoria Bronze e celebrou o retorno das tradicionais noites juninas com emo\u00e7\u00e3o e entusiasmo.<\/p>\n\n\n\n<p><br>Com uma estrutura renovada, o novo formato do festival foi aprovado pelo p\u00fablico e pelos brincantes. O espa\u00e7o oferece mais conforto, seguran\u00e7a e visibilidade para quem participa e assiste, al\u00e9m de ter sido pensado para facilitar a circula\u00e7\u00e3o e valorizar ainda mais os espet\u00e1culos apresentados.<br><br>Na abertura das disputas da categoria Bronze, o p\u00fablico assistiu a um verdadeiro espet\u00e1culo de criatividade e tradi\u00e7\u00e3o, com apresenta\u00e7\u00f5es que inclu\u00edram quadrilhas tradicionais e c\u00f4micas, dan\u00e7as regionais, nordestinas, alternativas e cirandas. O brilho dos figurinos, a for\u00e7a das coreografias e o envolvimento dos brincantes deram o tom de uma festa que celebrou com emo\u00e7\u00e3o a cultura popular amazonense.<br><br>As apresenta\u00e7\u00f5es da categoria Bronze ser\u00e3o encerradas na quarta-feira, 11\/6, com mais uma noite de exibi\u00e7\u00f5es que promete lotar novamente a arena do Centro Cultural dos Povos da Amaz\u00f4nia. J\u00e1 a partir de quinta-feira, 12\/6, tem in\u00edcio a disputa da categoria Prata, que seguir\u00e1 at\u00e9 o dia 15 de junho, mantendo o ritmo contagiante do festival. Ao todo, o 67\u00ba Festival Folcl\u00f3rico do Amazonas segue com programa\u00e7\u00e3o at\u00e9 o dia 21 de junho.<br><br>Como parte do novo formato do evento, as segundas e ter\u00e7as-feiras (como os dias 9 e 10\/6) s\u00e3o reservadas para os ensaios t\u00e9cnicos dos grupos, uma inova\u00e7\u00e3o desta edi\u00e7\u00e3o que garante melhor prepara\u00e7\u00e3o e mais organiza\u00e7\u00e3o para os brincantes, al\u00e9m de contribuir para a qualidade dos espet\u00e1culos apresentados ao p\u00fablico.<br><br><br>\u201cForam noites emocionantes, mostrando como o povo de Manaus valoriza a cultura. A nova estrutura foi pensada para melhor atender a popula\u00e7\u00e3o e os brincantes, com mais dignidade e qualidade. O resultado est\u00e1 a\u00ed: arquibancadas cheias, fam\u00edlias reunidas, alegria e muito respeito \u00e0 tradi\u00e7\u00e3o popular\u201d, destacou o diretor-presidente da ManausCult, Jender Lobato.<br><br>O festival deste ano tamb\u00e9m se destaca pelo apoio antecipado e direto \u00e0s agremia\u00e7\u00f5es, que receberam fomento com anteced\u00eancia in\u00e9dita. Os grupos da categoria Bronze receberam R$ 8,8 mil cada, garantindo maior tranquilidade e qualidade na produ\u00e7\u00e3o de figurinos, coreografias e cenografias.<br><br>Para os representantes das quadrilhas, o incentivo \u00e9 essencial para manter viva a tradi\u00e7\u00e3o e atrair novos integrantes.<br><br>\u201cEsse apoio que a gente est\u00e1 recebendo faz toda a diferen\u00e7a. N\u00e3o \u00e9 s\u00f3 dinheiro, \u00e9 reconhecimento, \u00e9 incentivo. \u00c9 o que nos motiva a continuar e fazer bonito na arena\u201d, afirmou Ricardo Moldes, um dos coordenadores da Liga Independente dos Grupos Folcl\u00f3ricos de Manaus.<br><br>Comidas t\u00edpicas<\/p>\n\n\n\n<p>\u00a0<br>Al\u00e9m dos espet\u00e1culos folcl\u00f3ricos, o espa\u00e7o gastron\u00f4mico tem sido outro grande atrativo do festival. As barracas oferecem uma variedade de pratos t\u00edpicos que encantam o paladar dos visitantes, como tacac\u00e1, mingau de banana, bolo de macaxeira, vatap\u00e1, entre outros sabores regionais. A gastronomia junina se consolida como parte essencial da experi\u00eancia cultural, movimentando a economia local e promovendo a culin\u00e1ria amaz\u00f4nica.<br><br>Toda a programa\u00e7\u00e3o do festival est\u00e1 sendo transmitida ao vivo pela R\u00e1dio e TV Encontro das \u00c1guas, permitindo que o evento chegue aos lares de todo o Amazonas. A cobertura inclui entrevistas, bastidores e as apresenta\u00e7\u00f5es completas, ampliando o alcance e a valoriza\u00e7\u00e3o do folclore amazonense.<br><br><strong>Texto\u00a0<\/strong>&#8211; J\u00e9ssica Trajano\/ManausCult<br><strong>Fotos\u00a0<\/strong>\u2013 Cl\u00f3vis Miranda\/Semcom e Thelson Souza\/ManausCult <\/p>\n\n\n\n<p><strong>Dispon\u00edveis em &#8211; <a href=\"https:\/\/flic.kr\/s\/aHBqjChevx\">https:\/\/flic.kr\/s\/aHBqjChevx<\/a><\/strong><\/p>\n\n\n\n<figure class=\"wp-block-embed is-type-rich is-provider-flickr wp-block-embed-flickr\"><div class=\"wp-block-embed__wrapper\">\n<a data-flickr-embed='true' href='https:\/\/www.flickr.com\/photos\/prefeiturademanaus\/albums\/72177720326716649\/' title='Festival Folcl\u00f3rico - 5 noite by Prefeitura Municipal de Manaus, on Flickr'><img src='https:\/\/live.staticflickr.com\/65535\/54574245845_7f0bbf4cf3.jpg' width='800' height='600' alt='Junina Tia C\u00e9lia'><\/a><script async src='https:\/\/embedr.flickr.com\/assets\/client-code.js' charset='utf-8'><\/script>\n<\/div><\/figure>\n","protected":false},"excerpt":{"rendered":"","protected":false},"author":23,"featured_media":4017,"comment_status":"closed","ping_status":"closed","sticky":false,"template":"","format":"standard","meta":{"footnotes":""},"categories":[3],"tags":[1138,1441,42,1008,9,11],"acf":[],"yoast_head":"<!-- This site is optimized with the Yoast SEO plugin v23.0 - https:\/\/yoast.com\/wordpress\/plugins\/seo\/ -->\n<title>Disputa da categoria Bronze do 67\u00ba Festival Folcl\u00f3rico do Amazonas tem sucesso de p\u00fablico e celebra\u00e7\u00e3o da cultura popular<\/title>\n<meta name=\"description\" content=\"A primeira semana do 67\u00ba Festival Folcl\u00f3rico do Amazonas, realizado pela Prefeitura de Manaus, por meio da Funda\u00e7\u00e3o Municipal de Cultura, Turismo e Eventos (ManausCult), foi marcada por grande sucesso de p\u00fablico e celebra\u00e7\u00e3o da cultura popular. A arena, montada no Centro Cultural dos Povos da Amaz\u00f4nia (CCPA),\" \/>\n<meta name=\"robots\" content=\"noindex, follow\" \/>\n<meta property=\"og:locale\" content=\"pt_BR\" \/>\n<meta property=\"og:type\" content=\"article\" \/>\n<meta property=\"og:title\" content=\"Disputa da categoria Bronze do 67\u00ba Festival Folcl\u00f3rico do Amazonas tem sucesso de p\u00fablico e celebra\u00e7\u00e3o da cultura popular\" \/>\n<meta property=\"og:description\" content=\"A primeira semana do 67\u00ba Festival Folcl\u00f3rico do Amazonas, realizado pela Prefeitura de Manaus, por meio da Funda\u00e7\u00e3o Municipal de Cultura, Turismo e Eventos (ManausCult), foi marcada por grande sucesso de p\u00fablico e celebra\u00e7\u00e3o da cultura popular. A arena, montada no Centro Cultural dos Povos da Amaz\u00f4nia (CCPA),\" \/>\n<meta property=\"og:url\" content=\"https:\/\/www.manaus.am.gov.br\/manauscult\/prefeitura-manauscult-festival-categoriabronze\/\" \/>\n<meta property=\"og:site_name\" content=\"MANAUSCULT\" \/>\n<meta property=\"article:published_time\" content=\"2025-06-09T15:33:34+00:00\" \/>\n<meta property=\"article:modified_time\" content=\"2025-06-09T15:33:36+00:00\" \/>\n<meta property=\"og:image\" content=\"https:\/\/www.manaus.am.gov.br\/manauscult\/wp-content\/uploads\/sites\/11\/2025\/06\/54575311592_16bfdc1918_c.jpg\" \/>\n\t<meta property=\"og:image:width\" content=\"799\" \/>\n\t<meta property=\"og:image:height\" content=\"533\" \/>\n\t<meta property=\"og:image:type\" content=\"image\/jpeg\" \/>\n<meta name=\"author\" content=\"Adriana Costa\" \/>\n<meta name=\"twitter:card\" content=\"summary_large_image\" \/>\n<meta name=\"twitter:label1\" content=\"Written by\" \/>\n\t<meta name=\"twitter:data1\" content=\"Adriana Costa\" \/>\n\t<meta name=\"twitter:label2\" content=\"Est. reading time\" \/>\n\t<meta name=\"twitter:data2\" content=\"4 minutos\" \/>\n<script type=\"application\/ld+json\" class=\"yoast-schema-graph\">{\"@context\":\"https:\/\/schema.org\",\"@graph\":[{\"@type\":\"WebPage\",\"@id\":\"https:\/\/www.manaus.am.gov.br\/manauscult\/prefeitura-manauscult-festival-categoriabronze\/\",\"url\":\"https:\/\/www.manaus.am.gov.br\/manauscult\/prefeitura-manauscult-festival-categoriabronze\/\",\"name\":\"Disputa da categoria Bronze do 67\u00ba Festival Folcl\u00f3rico do Amazonas tem sucesso de p\u00fablico e celebra\u00e7\u00e3o da cultura popular\",\"isPartOf\":{\"@id\":\"https:\/\/www.manaus.am.gov.br\/manauscult\/#website\"},\"primaryImageOfPage\":{\"@id\":\"https:\/\/www.manaus.am.gov.br\/manauscult\/prefeitura-manauscult-festival-categoriabronze\/#primaryimage\"},\"image\":{\"@id\":\"https:\/\/www.manaus.am.gov.br\/manauscult\/prefeitura-manauscult-festival-categoriabronze\/#primaryimage\"},\"thumbnailUrl\":\"https:\/\/www.manaus.am.gov.br\/manauscult\/wp-content\/uploads\/sites\/11\/2025\/06\/54575311592_16bfdc1918_c.jpg\",\"datePublished\":\"2025-06-09T15:33:34+00:00\",\"dateModified\":\"2025-06-09T15:33:36+00:00\",\"author\":{\"@id\":\"https:\/\/www.manaus.am.gov.br\/manauscult\/#\/schema\/person\/4e49f4e267757a06ca072ec61b2b9968\"},\"description\":\"A primeira semana do 67\u00ba Festival Folcl\u00f3rico do Amazonas, realizado pela Prefeitura de Manaus, por meio da Funda\u00e7\u00e3o Municipal de Cultura, Turismo e Eventos (ManausCult), foi marcada por grande sucesso de p\u00fablico e celebra\u00e7\u00e3o da cultura popular. A arena, montada no Centro Cultural dos Povos da Amaz\u00f4nia (CCPA),\",\"breadcrumb\":{\"@id\":\"https:\/\/www.manaus.am.gov.br\/manauscult\/prefeitura-manauscult-festival-categoriabronze\/#breadcrumb\"},\"inLanguage\":\"pt-BR\",\"potentialAction\":[{\"@type\":\"ReadAction\",\"target\":[\"https:\/\/www.manaus.am.gov.br\/manauscult\/prefeitura-manauscult-festival-categoriabronze\/\"]}]},{\"@type\":\"ImageObject\",\"inLanguage\":\"pt-BR\",\"@id\":\"https:\/\/www.manaus.am.gov.br\/manauscult\/prefeitura-manauscult-festival-categoriabronze\/#primaryimage\",\"url\":\"https:\/\/www.manaus.am.gov.br\/manauscult\/wp-content\/uploads\/sites\/11\/2025\/06\/54575311592_16bfdc1918_c.jpg\",\"contentUrl\":\"https:\/\/www.manaus.am.gov.br\/manauscult\/wp-content\/uploads\/sites\/11\/2025\/06\/54575311592_16bfdc1918_c.jpg\",\"width\":799,\"height\":533},{\"@type\":\"BreadcrumbList\",\"@id\":\"https:\/\/www.manaus.am.gov.br\/manauscult\/prefeitura-manauscult-festival-categoriabronze\/#breadcrumb\",\"itemListElement\":[{\"@type\":\"ListItem\",\"position\":1,\"name\":\"Home\",\"item\":\"https:\/\/www.manaus.am.gov.br\/manauscult\/\"},{\"@type\":\"ListItem\",\"position\":2,\"name\":\"Disputa da categoria Bronze do 67\u00ba Festival Folcl\u00f3rico do Amazonas tem sucesso de p\u00fablico e celebra\u00e7\u00e3o da cultura popular\"}]},{\"@type\":\"WebSite\",\"@id\":\"https:\/\/www.manaus.am.gov.br\/manauscult\/#website\",\"url\":\"https:\/\/www.manaus.am.gov.br\/manauscult\/\",\"name\":\"MANAUSCULT\",\"description\":\"Prefeitura de Manaus\",\"potentialAction\":[{\"@type\":\"SearchAction\",\"target\":{\"@type\":\"EntryPoint\",\"urlTemplate\":\"https:\/\/www.manaus.am.gov.br\/manauscult\/?s={search_term_string}\"},\"query-input\":\"required name=search_term_string\"}],\"inLanguage\":\"pt-BR\"},{\"@type\":\"Person\",\"@id\":\"https:\/\/www.manaus.am.gov.br\/manauscult\/#\/schema\/person\/4e49f4e267757a06ca072ec61b2b9968\",\"name\":\"Adriana Costa\",\"image\":{\"@type\":\"ImageObject\",\"inLanguage\":\"pt-BR\",\"@id\":\"https:\/\/www.manaus.am.gov.br\/manauscult\/#\/schema\/person\/image\/\",\"url\":\"https:\/\/secure.gravatar.com\/avatar\/576258617ef7194f718179e766d57bd4?s=96&d=mm&r=g\",\"contentUrl\":\"https:\/\/secure.gravatar.com\/avatar\/576258617ef7194f718179e766d57bd4?s=96&d=mm&r=g\",\"caption\":\"Adriana Costa\"}}]}<\/script>\n<!-- \/ Yoast SEO plugin. -->","yoast_head_json":{"title":"Disputa da categoria Bronze do 67\u00ba Festival Folcl\u00f3rico do Amazonas tem sucesso de p\u00fablico e celebra\u00e7\u00e3o da cultura popular","description":"A primeira semana do 67\u00ba Festival Folcl\u00f3rico do Amazonas, realizado pela Prefeitura de Manaus, por meio da Funda\u00e7\u00e3o Municipal de Cultura, Turismo e Eventos (ManausCult), foi marcada por grande sucesso de p\u00fablico e celebra\u00e7\u00e3o da cultura popular. A arena, montada no Centro Cultural dos Povos da Amaz\u00f4nia (CCPA),","robots":{"index":"noindex","follow":"follow"},"og_locale":"pt_BR","og_type":"article","og_title":"Disputa da categoria Bronze do 67\u00ba Festival Folcl\u00f3rico do Amazonas tem sucesso de p\u00fablico e celebra\u00e7\u00e3o da cultura popular","og_description":"A primeira semana do 67\u00ba Festival Folcl\u00f3rico do Amazonas, realizado pela Prefeitura de Manaus, por meio da Funda\u00e7\u00e3o Municipal de Cultura, Turismo e Eventos (ManausCult), foi marcada por grande sucesso de p\u00fablico e celebra\u00e7\u00e3o da cultura popular. A arena, montada no Centro Cultural dos Povos da Amaz\u00f4nia (CCPA),","og_url":"https:\/\/www.manaus.am.gov.br\/manauscult\/prefeitura-manauscult-festival-categoriabronze\/","og_site_name":"MANAUSCULT","article_published_time":"2025-06-09T15:33:34+00:00","article_modified_time":"2025-06-09T15:33:36+00:00","og_image":[{"width":799,"height":533,"url":"https:\/\/www.manaus.am.gov.br\/manauscult\/wp-content\/uploads\/sites\/11\/2025\/06\/54575311592_16bfdc1918_c.jpg","type":"image\/jpeg"}],"author":"Adriana Costa","twitter_card":"summary_large_image","twitter_misc":{"Written by":"Adriana Costa","Est. reading time":"4 minutos"},"schema":{"@context":"https:\/\/schema.org","@graph":[{"@type":"WebPage","@id":"https:\/\/www.manaus.am.gov.br\/manauscult\/prefeitura-manauscult-festival-categoriabronze\/","url":"https:\/\/www.manaus.am.gov.br\/manauscult\/prefeitura-manauscult-festival-categoriabronze\/","name":"Disputa da categoria Bronze do 67\u00ba Festival Folcl\u00f3rico do Amazonas tem sucesso de p\u00fablico e celebra\u00e7\u00e3o da cultura popular","isPartOf":{"@id":"https:\/\/www.manaus.am.gov.br\/manauscult\/#website"},"primaryImageOfPage":{"@id":"https:\/\/www.manaus.am.gov.br\/manauscult\/prefeitura-manauscult-festival-categoriabronze\/#primaryimage"},"image":{"@id":"https:\/\/www.manaus.am.gov.br\/manauscult\/prefeitura-manauscult-festival-categoriabronze\/#primaryimage"},"thumbnailUrl":"https:\/\/www.manaus.am.gov.br\/manauscult\/wp-content\/uploads\/sites\/11\/2025\/06\/54575311592_16bfdc1918_c.jpg","datePublished":"2025-06-09T15:33:34+00:00","dateModified":"2025-06-09T15:33:36+00:00","author":{"@id":"https:\/\/www.manaus.am.gov.br\/manauscult\/#\/schema\/person\/4e49f4e267757a06ca072ec61b2b9968"},"description":"A primeira semana do 67\u00ba Festival Folcl\u00f3rico do Amazonas, realizado pela Prefeitura de Manaus, por meio da Funda\u00e7\u00e3o Municipal de Cultura, Turismo e Eventos (ManausCult), foi marcada por grande sucesso de p\u00fablico e celebra\u00e7\u00e3o da cultura popular. A arena, montada no Centro Cultural dos Povos da Amaz\u00f4nia (CCPA),","breadcrumb":{"@id":"https:\/\/www.manaus.am.gov.br\/manauscult\/prefeitura-manauscult-festival-categoriabronze\/#breadcrumb"},"inLanguage":"pt-BR","potentialAction":[{"@type":"ReadAction","target":["https:\/\/www.manaus.am.gov.br\/manauscult\/prefeitura-manauscult-festival-categoriabronze\/"]}]},{"@type":"ImageObject","inLanguage":"pt-BR","@id":"https:\/\/www.manaus.am.gov.br\/manauscult\/prefeitura-manauscult-festival-categoriabronze\/#primaryimage","url":"https:\/\/www.manaus.am.gov.br\/manauscult\/wp-content\/uploads\/sites\/11\/2025\/06\/54575311592_16bfdc1918_c.jpg","contentUrl":"https:\/\/www.manaus.am.gov.br\/manauscult\/wp-content\/uploads\/sites\/11\/2025\/06\/54575311592_16bfdc1918_c.jpg","width":799,"height":533},{"@type":"BreadcrumbList","@id":"https:\/\/www.manaus.am.gov.br\/manauscult\/prefeitura-manauscult-festival-categoriabronze\/#breadcrumb","itemListElement":[{"@type":"ListItem","position":1,"name":"Home","item":"https:\/\/www.manaus.am.gov.br\/manauscult\/"},{"@type":"ListItem","position":2,"name":"Disputa da categoria Bronze do 67\u00ba Festival Folcl\u00f3rico do Amazonas tem sucesso de p\u00fablico e celebra\u00e7\u00e3o da cultura popular"}]},{"@type":"WebSite","@id":"https:\/\/www.manaus.am.gov.br\/manauscult\/#website","url":"https:\/\/www.manaus.am.gov.br\/manauscult\/","name":"MANAUSCULT","description":"Prefeitura de Manaus","potentialAction":[{"@type":"SearchAction","target":{"@type":"EntryPoint","urlTemplate":"https:\/\/www.manaus.am.gov.br\/manauscult\/?s={search_term_string}"},"query-input":"required name=search_term_string"}],"inLanguage":"pt-BR"},{"@type":"Person","@id":"https:\/\/www.manaus.am.gov.br\/manauscult\/#\/schema\/person\/4e49f4e267757a06ca072ec61b2b9968","name":"Adriana Costa","image":{"@type":"ImageObject","inLanguage":"pt-BR","@id":"https:\/\/www.manaus.am.gov.br\/manauscult\/#\/schema\/person\/image\/","url":"https:\/\/secure.gravatar.com\/avatar\/576258617ef7194f718179e766d57bd4?s=96&d=mm&r=g","contentUrl":"https:\/\/secure.gravatar.com\/avatar\/576258617ef7194f718179e766d57bd4?s=96&d=mm&r=g","caption":"Adriana Costa"}}]}},"_links":{"self":[{"href":"https:\/\/www.manaus.am.gov.br\/manauscult\/wp-json\/wp\/v2\/posts\/4016"}],"collection":[{"href":"https:\/\/www.manaus.am.gov.br\/manauscult\/wp-json\/wp\/v2\/posts"}],"about":[{"href":"https:\/\/www.manaus.am.gov.br\/manauscult\/wp-json\/wp\/v2\/types\/post"}],"author":[{"embeddable":true,"href":"https:\/\/www.manaus.am.gov.br\/manauscult\/wp-json\/wp\/v2\/users\/23"}],"replies":[{"embeddable":true,"href":"https:\/\/www.manaus.am.gov.br\/manauscult\/wp-json\/wp\/v2\/comments?post=4016"}],"version-history":[{"count":0,"href":"https:\/\/www.manaus.am.gov.br\/manauscult\/wp-json\/wp\/v2\/posts\/4016\/revisions"}],"wp:featuredmedia":[{"embeddable":true,"href":"https:\/\/www.manaus.am.gov.br\/manauscult\/wp-json\/wp\/v2\/media\/4017"}],"wp:attachment":[{"href":"https:\/\/www.manaus.am.gov.br\/manauscult\/wp-json\/wp\/v2\/media?parent=4016"}],"wp:term":[{"taxonomy":"category","embeddable":true,"href":"https:\/\/www.manaus.am.gov.br\/manauscult\/wp-json\/wp\/v2\/categories?post=4016"},{"taxonomy":"post_tag","embeddable":true,"href":"https:\/\/www.manaus.am.gov.br\/manauscult\/wp-json\/wp\/v2\/tags?post=4016"}],"curies":[{"name":"wp","href":"https:\/\/api.w.org\/{rel}","templated":true}]}}