{"id":399,"date":"2023-04-10T11:55:55","date_gmt":"2023-04-10T15:55:55","guid":{"rendered":"https:\/\/www.manaus.am.gov.br\/manauscult\/osvaldo-cardoso-toma-posse-como-novo-diretor-presidente-da-manauscult\/"},"modified":"2023-05-31T15:36:02","modified_gmt":"2023-05-31T19:36:02","slug":"osvaldo-cardoso-toma-posse-como-novo-diretor-presidente-da-manauscult","status":"publish","type":"post","link":"https:\/\/www.manaus.am.gov.br\/manauscult\/osvaldo-cardoso-toma-posse-como-novo-diretor-presidente-da-manauscult\/","title":{"rendered":"Osvaldo Cardoso toma posse como novo diretor-presidente da Manauscult"},"content":{"rendered":"\n<p>O prefeito&nbsp;de Manaus, David Almeida, empossou, nesta segunda-feira, 10\/4, Osvaldo Cardoso como novo diretor-presidente da Funda\u00e7\u00e3o Municipal de Cultura, Turismo e Eventos (Manauscult). O evento aconteceu no&nbsp;Casar\u00e3o da Inova\u00e7\u00e3o Cassina,&nbsp;no Centro Hist\u00f3rico de Manaus.<\/p>\n\n\n\n<p>Cardoso assume a Manauscult com a miss\u00e3o de impulsionar projetos na \u00e1rea da cultura, turismo e eventos, garantindo mais inclus\u00e3o e fomento para os trabalhadores da cultura e a toda cadeia do setor tur\u00edstico da cidade. Segundo o chefe do Executivo municipal, a meta da pasta segue sendo consolidar a capital amazonense como destino tur\u00edstico mais atraente do Norte do Brasil.<\/p>\n\n\n\n<p>\u201cUma das \u00e1reas da prefeitura que mais avan\u00e7amos foi a cultura, o turismo est\u00e1 avan\u00e7ando tamb\u00e9m, o ex-secret\u00e1rio Alonso entregou uma pasta muito bem organizada, muito bem estruturada e eu tenho certeza de que com a expertise, com a experi\u00eancia e com a capacidade que o Osvaldo tem, ele vai continuar fazendo um bom trabalho e n\u00f3s vamos buscar poder ampliar o que j\u00e1 foi feito nesses dois primeiros anos com rela\u00e7\u00e3o ao turismo e tamb\u00e9m a cultura na cidade de Manaus\u201d, afirmou Almeida.<\/p>\n\n\n\n<p>Osvaldo Cardoso \u00e9 bacharel em Direito, ativista cultural e articulador pol\u00edtico com mais de 10 anos de atua\u00e7\u00e3o. No segmento cultural, Cardoso inicia a gest\u00e3o movimentando os segmentos folcl\u00f3ricos da cidade, com eventos de grande circula\u00e7\u00e3o de p\u00fablico j\u00e1 para o in\u00edcio do segundo semestre<\/p>\n\n\n\n<p>Como primeira agenda oficial, o diretor-presidente vai a Bras\u00edlia na quarta-feira, 12, em busca de recursos para fomentar projetos culturais, principalmente do segmento audiovisual e manifesta\u00e7\u00f5es folcl\u00f3ricas, bem como para infraestrutura e sinaliza\u00e7\u00e3o tur\u00edstica da cidade.<\/p>\n\n\n\n<p>Ap\u00f3s seu retorno, Cardoso dar\u00e1 in\u00edcio \u00e0 agenda de articula\u00e7\u00f5es com pautas importantes como pol\u00edticas p\u00fablicas culturais, respeito \u00e0 pluralidade e inclus\u00e3o, al\u00e9m da interlocu\u00e7\u00e3o com representantes dos grupos de trabalho para acompanhamento e implementa\u00e7\u00e3o das Leis Paulo Gustavo e Aldir Blanc 2.<\/p>\n\n\n\n<p>\u201cAs expectativas s\u00e3o as melhores poss\u00edveis, n\u00f3s daremos in\u00edcio \u00e0 interlocu\u00e7\u00e3o com todas as frentes art\u00edsticas sem distin\u00e7\u00e3o nenhuma. A gente quer trazer a cultura para pr\u00f3ximo da secretaria e buscar fomentos em Bras\u00edlia. Eu viajo agora dia 12 a Bras\u00edlia para uma agenda muito pesada e em seguida j\u00e1 vou a S\u00e3o Paulo falar com grupos econ\u00f4micos que tenham interesse em investir em Manaus. Essa \u00e9 a determina\u00e7\u00e3o do prefeito e n\u00f3s viemos para fazer a diferen\u00e7a\u201d, completou o diretor-presidente da Manauscult, Osvaldo Cardoso.<\/p>\n\n\n\n<p>Identificado com as pautas culturais, o novo gestor da Manauscult pretende trabalhar com afinco, dialogando muito com os segmentos art\u00edsticos, para fortalecer o processo cultural em Manaus, promovendo a\u00e7\u00f5es de fomento e gerando oportunidade de trabalho e renda para os fazedores de cultura de nossa cidade.<\/p>\n\n\n\n<p>&#8212; &#8212; &#8212;<\/p>\n\n\n\n<p><strong>Texto &#8211; <\/strong>Beathriz Torres \/ Semcom e Divulga\u00e7\u00e3o \/ Manauscult<\/p>\n\n\n\n<p><strong>Fotos \u2013 <\/strong>Dhyeizo Lemos e Ant\u00f4nio Pereira \/ Semcom<\/p>\n\n\n\n<p><strong>Dispon\u00edveis em \u2013 <\/strong><a href=\"https:\/\/flic.kr\/s\/aHBqjAzbEk\">https:\/\/flic.kr\/s\/aHBqjAzbEk<\/a><\/p>\n","protected":false},"excerpt":{"rendered":"","protected":false},"author":24,"featured_media":400,"comment_status":"closed","ping_status":"closed","sticky":false,"template":"","format":"standard","meta":{"footnotes":""},"categories":[12],"tags":[47,67,101,9,10,102,11,103],"acf":[],"yoast_head":"<!-- This site is optimized with the Yoast SEO plugin v23.0 - https:\/\/yoast.com\/wordpress\/plugins\/seo\/ -->\n<title>Osvaldo Cardoso toma posse como novo diretor-presidente da Manauscult<\/title>\n<meta name=\"description\" content=\"O prefeito\u00a0de Manaus, David Almeida, empossou, nesta segunda-feira, 10\/4, Osvaldo Cardoso como novo diretor-presidente da Funda\u00e7\u00e3o Municipal de Cultura, Turismo e Eventos (Manauscult). O evento aconteceu no\u00a0Casar\u00e3o da Inova\u00e7\u00e3o Cassina,\u00a0no Centro Hist\u00f3rico de Manaus.\" \/>\n<meta name=\"robots\" content=\"noindex, follow\" \/>\n<meta property=\"og:locale\" content=\"pt_BR\" \/>\n<meta property=\"og:type\" content=\"article\" \/>\n<meta property=\"og:title\" content=\"Osvaldo Cardoso toma posse como novo diretor-presidente da Manauscult\" \/>\n<meta property=\"og:description\" content=\"O prefeito\u00a0de Manaus, David Almeida, empossou, nesta segunda-feira, 10\/4, Osvaldo Cardoso como novo diretor-presidente da Funda\u00e7\u00e3o Municipal de Cultura, Turismo e Eventos (Manauscult). O evento aconteceu no\u00a0Casar\u00e3o da Inova\u00e7\u00e3o Cassina,\u00a0no Centro Hist\u00f3rico de Manaus.\" \/>\n<meta property=\"og:url\" content=\"https:\/\/www.manaus.am.gov.br\/manauscult\/osvaldo-cardoso-toma-posse-como-novo-diretor-presidente-da-manauscult\/\" \/>\n<meta property=\"og:site_name\" content=\"MANAUSCULT\" \/>\n<meta property=\"article:published_time\" content=\"2023-04-10T15:55:55+00:00\" \/>\n<meta property=\"article:modified_time\" content=\"2023-05-31T19:36:02+00:00\" \/>\n<meta property=\"og:image\" content=\"https:\/\/www.manaus.am.gov.br\/manauscult\/wp-content\/uploads\/sites\/11\/2023\/05\/52806521502_a6ac993692_o-scaled.jpg\" \/>\n\t<meta property=\"og:image:width\" content=\"2560\" \/>\n\t<meta property=\"og:image:height\" content=\"1707\" \/>\n\t<meta property=\"og:image:type\" content=\"image\/jpeg\" \/>\n<meta name=\"author\" content=\"Cl\u00e1udia Barbosa\" \/>\n<meta name=\"twitter:card\" content=\"summary_large_image\" \/>\n<meta name=\"twitter:label1\" content=\"Written by\" \/>\n\t<meta name=\"twitter:data1\" content=\"Cl\u00e1udia Barbosa\" \/>\n\t<meta name=\"twitter:label2\" content=\"Est. reading time\" \/>\n\t<meta name=\"twitter:data2\" content=\"3 minutos\" \/>\n<script type=\"application\/ld+json\" class=\"yoast-schema-graph\">{\"@context\":\"https:\/\/schema.org\",\"@graph\":[{\"@type\":\"WebPage\",\"@id\":\"https:\/\/www.manaus.am.gov.br\/manauscult\/osvaldo-cardoso-toma-posse-como-novo-diretor-presidente-da-manauscult\/\",\"url\":\"https:\/\/www.manaus.am.gov.br\/manauscult\/osvaldo-cardoso-toma-posse-como-novo-diretor-presidente-da-manauscult\/\",\"name\":\"Osvaldo Cardoso toma posse como novo diretor-presidente da Manauscult\",\"isPartOf\":{\"@id\":\"https:\/\/www.manaus.am.gov.br\/manauscult\/#website\"},\"primaryImageOfPage\":{\"@id\":\"https:\/\/www.manaus.am.gov.br\/manauscult\/osvaldo-cardoso-toma-posse-como-novo-diretor-presidente-da-manauscult\/#primaryimage\"},\"image\":{\"@id\":\"https:\/\/www.manaus.am.gov.br\/manauscult\/osvaldo-cardoso-toma-posse-como-novo-diretor-presidente-da-manauscult\/#primaryimage\"},\"thumbnailUrl\":\"https:\/\/www.manaus.am.gov.br\/manauscult\/wp-content\/uploads\/sites\/11\/2023\/05\/52806521502_a6ac993692_o-scaled.jpg\",\"datePublished\":\"2023-04-10T15:55:55+00:00\",\"dateModified\":\"2023-05-31T19:36:02+00:00\",\"author\":{\"@id\":\"https:\/\/www.manaus.am.gov.br\/manauscult\/#\/schema\/person\/d0a166b5031154c33c77794ddc9a827e\"},\"description\":\"O prefeito\u00a0de Manaus, David Almeida, empossou, nesta segunda-feira, 10\/4, Osvaldo Cardoso como novo diretor-presidente da Funda\u00e7\u00e3o Municipal de Cultura, Turismo e Eventos (Manauscult). O evento aconteceu no\u00a0Casar\u00e3o da Inova\u00e7\u00e3o Cassina,\u00a0no Centro Hist\u00f3rico de Manaus.\",\"breadcrumb\":{\"@id\":\"https:\/\/www.manaus.am.gov.br\/manauscult\/osvaldo-cardoso-toma-posse-como-novo-diretor-presidente-da-manauscult\/#breadcrumb\"},\"inLanguage\":\"pt-BR\",\"potentialAction\":[{\"@type\":\"ReadAction\",\"target\":[\"https:\/\/www.manaus.am.gov.br\/manauscult\/osvaldo-cardoso-toma-posse-como-novo-diretor-presidente-da-manauscult\/\"]}]},{\"@type\":\"ImageObject\",\"inLanguage\":\"pt-BR\",\"@id\":\"https:\/\/www.manaus.am.gov.br\/manauscult\/osvaldo-cardoso-toma-posse-como-novo-diretor-presidente-da-manauscult\/#primaryimage\",\"url\":\"https:\/\/www.manaus.am.gov.br\/manauscult\/wp-content\/uploads\/sites\/11\/2023\/05\/52806521502_a6ac993692_o-scaled.jpg\",\"contentUrl\":\"https:\/\/www.manaus.am.gov.br\/manauscult\/wp-content\/uploads\/sites\/11\/2023\/05\/52806521502_a6ac993692_o-scaled.jpg\",\"width\":2560,\"height\":1707},{\"@type\":\"BreadcrumbList\",\"@id\":\"https:\/\/www.manaus.am.gov.br\/manauscult\/osvaldo-cardoso-toma-posse-como-novo-diretor-presidente-da-manauscult\/#breadcrumb\",\"itemListElement\":[{\"@type\":\"ListItem\",\"position\":1,\"name\":\"Home\",\"item\":\"https:\/\/www.manaus.am.gov.br\/manauscult\/\"},{\"@type\":\"ListItem\",\"position\":2,\"name\":\"Osvaldo Cardoso toma posse como novo diretor-presidente da Manauscult\"}]},{\"@type\":\"WebSite\",\"@id\":\"https:\/\/www.manaus.am.gov.br\/manauscult\/#website\",\"url\":\"https:\/\/www.manaus.am.gov.br\/manauscult\/\",\"name\":\"MANAUSCULT\",\"description\":\"Prefeitura de Manaus\",\"potentialAction\":[{\"@type\":\"SearchAction\",\"target\":{\"@type\":\"EntryPoint\",\"urlTemplate\":\"https:\/\/www.manaus.am.gov.br\/manauscult\/?s={search_term_string}\"},\"query-input\":\"required name=search_term_string\"}],\"inLanguage\":\"pt-BR\"},{\"@type\":\"Person\",\"@id\":\"https:\/\/www.manaus.am.gov.br\/manauscult\/#\/schema\/person\/d0a166b5031154c33c77794ddc9a827e\",\"name\":\"Cl\u00e1udia Barbosa\",\"image\":{\"@type\":\"ImageObject\",\"inLanguage\":\"pt-BR\",\"@id\":\"https:\/\/www.manaus.am.gov.br\/manauscult\/#\/schema\/person\/image\/\",\"url\":\"https:\/\/secure.gravatar.com\/avatar\/42958a1cf007f1a00534009218c72590?s=96&d=mm&r=g\",\"contentUrl\":\"https:\/\/secure.gravatar.com\/avatar\/42958a1cf007f1a00534009218c72590?s=96&d=mm&r=g\",\"caption\":\"Cl\u00e1udia Barbosa\"}}]}<\/script>\n<!-- \/ Yoast SEO plugin. -->","yoast_head_json":{"title":"Osvaldo Cardoso toma posse como novo diretor-presidente da Manauscult","description":"O prefeito\u00a0de Manaus, David Almeida, empossou, nesta segunda-feira, 10\/4, Osvaldo Cardoso como novo diretor-presidente da Funda\u00e7\u00e3o Municipal de Cultura, Turismo e Eventos (Manauscult). O evento aconteceu no\u00a0Casar\u00e3o da Inova\u00e7\u00e3o Cassina,\u00a0no Centro Hist\u00f3rico de Manaus.","robots":{"index":"noindex","follow":"follow"},"og_locale":"pt_BR","og_type":"article","og_title":"Osvaldo Cardoso toma posse como novo diretor-presidente da Manauscult","og_description":"O prefeito\u00a0de Manaus, David Almeida, empossou, nesta segunda-feira, 10\/4, Osvaldo Cardoso como novo diretor-presidente da Funda\u00e7\u00e3o Municipal de Cultura, Turismo e Eventos (Manauscult). O evento aconteceu no\u00a0Casar\u00e3o da Inova\u00e7\u00e3o Cassina,\u00a0no Centro Hist\u00f3rico de Manaus.","og_url":"https:\/\/www.manaus.am.gov.br\/manauscult\/osvaldo-cardoso-toma-posse-como-novo-diretor-presidente-da-manauscult\/","og_site_name":"MANAUSCULT","article_published_time":"2023-04-10T15:55:55+00:00","article_modified_time":"2023-05-31T19:36:02+00:00","og_image":[{"width":2560,"height":1707,"url":"https:\/\/www.manaus.am.gov.br\/manauscult\/wp-content\/uploads\/sites\/11\/2023\/05\/52806521502_a6ac993692_o-scaled.jpg","type":"image\/jpeg"}],"author":"Cl\u00e1udia Barbosa","twitter_card":"summary_large_image","twitter_misc":{"Written by":"Cl\u00e1udia Barbosa","Est. reading time":"3 minutos"},"schema":{"@context":"https:\/\/schema.org","@graph":[{"@type":"WebPage","@id":"https:\/\/www.manaus.am.gov.br\/manauscult\/osvaldo-cardoso-toma-posse-como-novo-diretor-presidente-da-manauscult\/","url":"https:\/\/www.manaus.am.gov.br\/manauscult\/osvaldo-cardoso-toma-posse-como-novo-diretor-presidente-da-manauscult\/","name":"Osvaldo Cardoso toma posse como novo diretor-presidente da Manauscult","isPartOf":{"@id":"https:\/\/www.manaus.am.gov.br\/manauscult\/#website"},"primaryImageOfPage":{"@id":"https:\/\/www.manaus.am.gov.br\/manauscult\/osvaldo-cardoso-toma-posse-como-novo-diretor-presidente-da-manauscult\/#primaryimage"},"image":{"@id":"https:\/\/www.manaus.am.gov.br\/manauscult\/osvaldo-cardoso-toma-posse-como-novo-diretor-presidente-da-manauscult\/#primaryimage"},"thumbnailUrl":"https:\/\/www.manaus.am.gov.br\/manauscult\/wp-content\/uploads\/sites\/11\/2023\/05\/52806521502_a6ac993692_o-scaled.jpg","datePublished":"2023-04-10T15:55:55+00:00","dateModified":"2023-05-31T19:36:02+00:00","author":{"@id":"https:\/\/www.manaus.am.gov.br\/manauscult\/#\/schema\/person\/d0a166b5031154c33c77794ddc9a827e"},"description":"O prefeito\u00a0de Manaus, David Almeida, empossou, nesta segunda-feira, 10\/4, Osvaldo Cardoso como novo diretor-presidente da Funda\u00e7\u00e3o Municipal de Cultura, Turismo e Eventos (Manauscult). O evento aconteceu no\u00a0Casar\u00e3o da Inova\u00e7\u00e3o Cassina,\u00a0no Centro Hist\u00f3rico de Manaus.","breadcrumb":{"@id":"https:\/\/www.manaus.am.gov.br\/manauscult\/osvaldo-cardoso-toma-posse-como-novo-diretor-presidente-da-manauscult\/#breadcrumb"},"inLanguage":"pt-BR","potentialAction":[{"@type":"ReadAction","target":["https:\/\/www.manaus.am.gov.br\/manauscult\/osvaldo-cardoso-toma-posse-como-novo-diretor-presidente-da-manauscult\/"]}]},{"@type":"ImageObject","inLanguage":"pt-BR","@id":"https:\/\/www.manaus.am.gov.br\/manauscult\/osvaldo-cardoso-toma-posse-como-novo-diretor-presidente-da-manauscult\/#primaryimage","url":"https:\/\/www.manaus.am.gov.br\/manauscult\/wp-content\/uploads\/sites\/11\/2023\/05\/52806521502_a6ac993692_o-scaled.jpg","contentUrl":"https:\/\/www.manaus.am.gov.br\/manauscult\/wp-content\/uploads\/sites\/11\/2023\/05\/52806521502_a6ac993692_o-scaled.jpg","width":2560,"height":1707},{"@type":"BreadcrumbList","@id":"https:\/\/www.manaus.am.gov.br\/manauscult\/osvaldo-cardoso-toma-posse-como-novo-diretor-presidente-da-manauscult\/#breadcrumb","itemListElement":[{"@type":"ListItem","position":1,"name":"Home","item":"https:\/\/www.manaus.am.gov.br\/manauscult\/"},{"@type":"ListItem","position":2,"name":"Osvaldo Cardoso toma posse como novo diretor-presidente da Manauscult"}]},{"@type":"WebSite","@id":"https:\/\/www.manaus.am.gov.br\/manauscult\/#website","url":"https:\/\/www.manaus.am.gov.br\/manauscult\/","name":"MANAUSCULT","description":"Prefeitura de Manaus","potentialAction":[{"@type":"SearchAction","target":{"@type":"EntryPoint","urlTemplate":"https:\/\/www.manaus.am.gov.br\/manauscult\/?s={search_term_string}"},"query-input":"required name=search_term_string"}],"inLanguage":"pt-BR"},{"@type":"Person","@id":"https:\/\/www.manaus.am.gov.br\/manauscult\/#\/schema\/person\/d0a166b5031154c33c77794ddc9a827e","name":"Cl\u00e1udia Barbosa","image":{"@type":"ImageObject","inLanguage":"pt-BR","@id":"https:\/\/www.manaus.am.gov.br\/manauscult\/#\/schema\/person\/image\/","url":"https:\/\/secure.gravatar.com\/avatar\/42958a1cf007f1a00534009218c72590?s=96&d=mm&r=g","contentUrl":"https:\/\/secure.gravatar.com\/avatar\/42958a1cf007f1a00534009218c72590?s=96&d=mm&r=g","caption":"Cl\u00e1udia Barbosa"}}]}},"_links":{"self":[{"href":"https:\/\/www.manaus.am.gov.br\/manauscult\/wp-json\/wp\/v2\/posts\/399"}],"collection":[{"href":"https:\/\/www.manaus.am.gov.br\/manauscult\/wp-json\/wp\/v2\/posts"}],"about":[{"href":"https:\/\/www.manaus.am.gov.br\/manauscult\/wp-json\/wp\/v2\/types\/post"}],"author":[{"embeddable":true,"href":"https:\/\/www.manaus.am.gov.br\/manauscult\/wp-json\/wp\/v2\/users\/24"}],"replies":[{"embeddable":true,"href":"https:\/\/www.manaus.am.gov.br\/manauscult\/wp-json\/wp\/v2\/comments?post=399"}],"version-history":[{"count":0,"href":"https:\/\/www.manaus.am.gov.br\/manauscult\/wp-json\/wp\/v2\/posts\/399\/revisions"}],"wp:featuredmedia":[{"embeddable":true,"href":"https:\/\/www.manaus.am.gov.br\/manauscult\/wp-json\/wp\/v2\/media\/400"}],"wp:attachment":[{"href":"https:\/\/www.manaus.am.gov.br\/manauscult\/wp-json\/wp\/v2\/media?parent=399"}],"wp:term":[{"taxonomy":"category","embeddable":true,"href":"https:\/\/www.manaus.am.gov.br\/manauscult\/wp-json\/wp\/v2\/categories?post=399"},{"taxonomy":"post_tag","embeddable":true,"href":"https:\/\/www.manaus.am.gov.br\/manauscult\/wp-json\/wp\/v2\/tags?post=399"}],"curies":[{"name":"wp","href":"https:\/\/api.w.org\/{rel}","templated":true}]}}