{"id":3982,"date":"2025-05-28T12:48:04","date_gmt":"2025-05-28T16:48:04","guid":{"rendered":"https:\/\/www.manaus.am.gov.br\/manauscult\/prefeitura-manauscult-vistoria-festival\/"},"modified":"2025-05-28T12:48:06","modified_gmt":"2025-05-28T16:48:06","slug":"prefeitura-manauscult-vistoria-festival","status":"publish","type":"post","link":"https:\/\/www.manaus.am.gov.br\/manauscult\/prefeitura-manauscult-vistoria-festival\/","title":{"rendered":"Prefeitura de Manaus acompanha confec\u00e7\u00e3o de fantasias e indument\u00e1rias do Festival Folcl\u00f3rico do Amazonas"},"content":{"rendered":"\n<p>A Prefeitura de Manaus, por meio da Funda\u00e7\u00e3o Municipal de Cultura, Turismo e Eventos (ManausCult), realiza visitas t\u00e9cnicas aos ateli\u00eas respons\u00e1veis pela confec\u00e7\u00e3o das fantasias e indument\u00e1rias dos grupos folcl\u00f3ricos que participam do 67\u00ba Festival Folcl\u00f3rico do Amazonas.<\/p>\n\n\n\n<p>A a\u00e7\u00e3o tem como objetivo acompanhar de perto a execu\u00e7\u00e3o dos projetos culturais fomentados pela administra\u00e7\u00e3o municipal, garantindo a correta aplica\u00e7\u00e3o dos recursos p\u00fablicos repassados aos grupos por meio dos conv\u00eanios firmados com a ManausCult. As visitas das equipes possibilitam verificar n\u00e3o apenas o andamento das produ\u00e7\u00f5es art\u00edsticas, como tamb\u00e9m refor\u00e7ar o compromisso da prefeitura com a transpar\u00eancia e a valoriza\u00e7\u00e3o da cultura popular amazonense.<\/p>\n\n\n\n<p>Segundo o diretor-presidente da ManausCult, Jender Lobato, o acompanhamento t\u00e9cnico \u00e9 uma etapa fundamental do processo de fomento cultural. \u201cA ManausCult n\u00e3o se limita a organizar o festival. N\u00f3s temos a responsabilidade de garantir que os recursos p\u00fablicos destinados ao fomento cultural sejam bem aplicados. Estar presente nos bastidores, nos ateli\u00eas, acompanhando o processo criativo e produtivo dos grupos, \u00e9 uma forma de refor\u00e7ar nosso compromisso com a seriedade, com a cultura e com a popula\u00e7\u00e3o\u201d, destacou.<\/p>\n\n\n\n<p>A chefe do departamento de Conv\u00eanios e Contratos da ManausCult, Wanderleia Miranda, tamb\u00e9m ressaltou a import\u00e2ncia da fiscaliza\u00e7\u00e3o t\u00e9cnica. \u201cEssa atua\u00e7\u00e3o das comiss\u00f5es de monitoramento assegura que o investimento da prefeitura esteja, de fato, sendo revertido em produ\u00e7\u00e3o cultural de qualidade, respeitando os termos dos conv\u00eanios e fortalecendo os grupos folcl\u00f3ricos. \u00c9 uma rela\u00e7\u00e3o de parceria, zelo e valoriza\u00e7\u00e3o da nossa cultura\u201d, afirmou.<\/p>\n\n\n\n<p>O 67\u00ba Festival Folcl\u00f3rico do Amazonas, que ter\u00e1 sua abertura oficial no dia 31 de maio no Centro Cultural dos Povos da Amaz\u00f4nia (CCPA), contar\u00e1 com mais de 80 grupos entre dan\u00e7as tradicionais, cirandas, quadrilhas e bois-bumb\u00e1s, se apresentando ao longo do m\u00eas de junho. A competi\u00e7\u00e3o oficial inicia no dia 3 de junho e segue at\u00e9 o dia 21, com destaque para o Dia do Quadrilheiro, celebrado no dia 1\u00ba de junho. A programa\u00e7\u00e3o completa pode ser conferida nos canais oficiais da ManausCult.<\/p>\n\n\n\n<p>A iniciativa \u00e9 da Prefeitura de Manaus, por meio da ManausCult, reafirmando seu compromisso com o fortalecimento das manifesta\u00e7\u00f5es tradicionais e com a excel\u00eancia na realiza\u00e7\u00e3o de um dos maiores festivais culturais da regi\u00e3o Norte.<\/p>\n\n\n\n<p>&#8212; &#8212; &#8212;<\/p>\n\n\n\n<p><strong>Texto <\/strong>&#8211; J\u00e9ssica Trajano\/ManausCult<\/p>\n\n\n\n<p><strong>Fotos<\/strong> &#8211; Thelson Souza\/ManausCult<\/p>\n","protected":false},"excerpt":{"rendered":"","protected":false},"author":23,"featured_media":3983,"comment_status":"closed","ping_status":"closed","sticky":false,"template":"","format":"standard","meta":{"footnotes":""},"categories":[482],"tags":[1430,1431,9,11,1432,1433,396],"acf":[],"yoast_head":"<!-- This site is optimized with the Yoast SEO plugin v23.0 - https:\/\/yoast.com\/wordpress\/plugins\/seo\/ -->\n<title>Prefeitura de Manaus acompanha confec\u00e7\u00e3o de fantasias e indument\u00e1rias do Festival Folcl\u00f3rico do Amazonas<\/title>\n<meta name=\"description\" content=\"A Prefeitura de Manaus, por meio da Funda\u00e7\u00e3o Municipal de Cultura, Turismo e Eventos (ManausCult), realiza visitas t\u00e9cnicas aos ateli\u00eas respons\u00e1veis pela confec\u00e7\u00e3o das fantasias e indument\u00e1rias dos grupos folcl\u00f3ricos que participam do 67\u00ba Festival Folcl\u00f3rico do Amazonas.\" \/>\n<meta name=\"robots\" content=\"noindex, follow\" \/>\n<meta property=\"og:locale\" content=\"pt_BR\" \/>\n<meta property=\"og:type\" content=\"article\" \/>\n<meta property=\"og:title\" content=\"Prefeitura de Manaus acompanha confec\u00e7\u00e3o de fantasias e indument\u00e1rias do Festival Folcl\u00f3rico do Amazonas\" \/>\n<meta property=\"og:description\" content=\"A Prefeitura de Manaus, por meio da Funda\u00e7\u00e3o Municipal de Cultura, Turismo e Eventos (ManausCult), realiza visitas t\u00e9cnicas aos ateli\u00eas respons\u00e1veis pela confec\u00e7\u00e3o das fantasias e indument\u00e1rias dos grupos folcl\u00f3ricos que participam do 67\u00ba Festival Folcl\u00f3rico do Amazonas.\" \/>\n<meta property=\"og:url\" content=\"https:\/\/www.manaus.am.gov.br\/manauscult\/prefeitura-manauscult-vistoria-festival\/\" \/>\n<meta property=\"og:site_name\" content=\"MANAUSCULT\" \/>\n<meta property=\"article:published_time\" content=\"2025-05-28T16:48:04+00:00\" \/>\n<meta property=\"article:modified_time\" content=\"2025-05-28T16:48:06+00:00\" \/>\n<meta property=\"og:image\" content=\"https:\/\/www.manaus.am.gov.br\/manauscult\/wp-content\/uploads\/sites\/11\/2025\/05\/4299496a-5e0e-4ca8-81aa-d2a9fab148bf-1024x683.jpeg\" \/>\n\t<meta property=\"og:image:width\" content=\"1024\" \/>\n\t<meta property=\"og:image:height\" content=\"683\" \/>\n\t<meta property=\"og:image:type\" content=\"image\/jpeg\" \/>\n<meta name=\"author\" content=\"Adriana Costa\" \/>\n<meta name=\"twitter:card\" content=\"summary_large_image\" \/>\n<meta name=\"twitter:label1\" content=\"Written by\" \/>\n\t<meta name=\"twitter:data1\" content=\"Adriana Costa\" \/>\n\t<meta name=\"twitter:label2\" content=\"Est. reading time\" \/>\n\t<meta name=\"twitter:data2\" content=\"3 minutos\" \/>\n<script type=\"application\/ld+json\" class=\"yoast-schema-graph\">{\"@context\":\"https:\/\/schema.org\",\"@graph\":[{\"@type\":\"WebPage\",\"@id\":\"https:\/\/www.manaus.am.gov.br\/manauscult\/prefeitura-manauscult-vistoria-festival\/\",\"url\":\"https:\/\/www.manaus.am.gov.br\/manauscult\/prefeitura-manauscult-vistoria-festival\/\",\"name\":\"Prefeitura de Manaus acompanha confec\u00e7\u00e3o de fantasias e indument\u00e1rias do Festival Folcl\u00f3rico do Amazonas\",\"isPartOf\":{\"@id\":\"https:\/\/www.manaus.am.gov.br\/manauscult\/#website\"},\"primaryImageOfPage\":{\"@id\":\"https:\/\/www.manaus.am.gov.br\/manauscult\/prefeitura-manauscult-vistoria-festival\/#primaryimage\"},\"image\":{\"@id\":\"https:\/\/www.manaus.am.gov.br\/manauscult\/prefeitura-manauscult-vistoria-festival\/#primaryimage\"},\"thumbnailUrl\":\"https:\/\/www.manaus.am.gov.br\/manauscult\/wp-content\/uploads\/sites\/11\/2025\/05\/4299496a-5e0e-4ca8-81aa-d2a9fab148bf.jpeg\",\"datePublished\":\"2025-05-28T16:48:04+00:00\",\"dateModified\":\"2025-05-28T16:48:06+00:00\",\"author\":{\"@id\":\"https:\/\/www.manaus.am.gov.br\/manauscult\/#\/schema\/person\/4e49f4e267757a06ca072ec61b2b9968\"},\"description\":\"A Prefeitura de Manaus, por meio da Funda\u00e7\u00e3o Municipal de Cultura, Turismo e Eventos (ManausCult), realiza visitas t\u00e9cnicas aos ateli\u00eas respons\u00e1veis pela confec\u00e7\u00e3o das fantasias e indument\u00e1rias dos grupos folcl\u00f3ricos que participam do 67\u00ba Festival Folcl\u00f3rico do Amazonas.\",\"breadcrumb\":{\"@id\":\"https:\/\/www.manaus.am.gov.br\/manauscult\/prefeitura-manauscult-vistoria-festival\/#breadcrumb\"},\"inLanguage\":\"pt-BR\",\"potentialAction\":[{\"@type\":\"ReadAction\",\"target\":[\"https:\/\/www.manaus.am.gov.br\/manauscult\/prefeitura-manauscult-vistoria-festival\/\"]}]},{\"@type\":\"ImageObject\",\"inLanguage\":\"pt-BR\",\"@id\":\"https:\/\/www.manaus.am.gov.br\/manauscult\/prefeitura-manauscult-vistoria-festival\/#primaryimage\",\"url\":\"https:\/\/www.manaus.am.gov.br\/manauscult\/wp-content\/uploads\/sites\/11\/2025\/05\/4299496a-5e0e-4ca8-81aa-d2a9fab148bf.jpeg\",\"contentUrl\":\"https:\/\/www.manaus.am.gov.br\/manauscult\/wp-content\/uploads\/sites\/11\/2025\/05\/4299496a-5e0e-4ca8-81aa-d2a9fab148bf.jpeg\",\"width\":4160,\"height\":2774},{\"@type\":\"BreadcrumbList\",\"@id\":\"https:\/\/www.manaus.am.gov.br\/manauscult\/prefeitura-manauscult-vistoria-festival\/#breadcrumb\",\"itemListElement\":[{\"@type\":\"ListItem\",\"position\":1,\"name\":\"Home\",\"item\":\"https:\/\/www.manaus.am.gov.br\/manauscult\/\"},{\"@type\":\"ListItem\",\"position\":2,\"name\":\"Prefeitura de Manaus acompanha confec\u00e7\u00e3o de fantasias e indument\u00e1rias do Festival Folcl\u00f3rico do Amazonas\"}]},{\"@type\":\"WebSite\",\"@id\":\"https:\/\/www.manaus.am.gov.br\/manauscult\/#website\",\"url\":\"https:\/\/www.manaus.am.gov.br\/manauscult\/\",\"name\":\"MANAUSCULT\",\"description\":\"Prefeitura de Manaus\",\"potentialAction\":[{\"@type\":\"SearchAction\",\"target\":{\"@type\":\"EntryPoint\",\"urlTemplate\":\"https:\/\/www.manaus.am.gov.br\/manauscult\/?s={search_term_string}\"},\"query-input\":\"required name=search_term_string\"}],\"inLanguage\":\"pt-BR\"},{\"@type\":\"Person\",\"@id\":\"https:\/\/www.manaus.am.gov.br\/manauscult\/#\/schema\/person\/4e49f4e267757a06ca072ec61b2b9968\",\"name\":\"Adriana Costa\",\"image\":{\"@type\":\"ImageObject\",\"inLanguage\":\"pt-BR\",\"@id\":\"https:\/\/www.manaus.am.gov.br\/manauscult\/#\/schema\/person\/image\/\",\"url\":\"https:\/\/secure.gravatar.com\/avatar\/576258617ef7194f718179e766d57bd4?s=96&d=mm&r=g\",\"contentUrl\":\"https:\/\/secure.gravatar.com\/avatar\/576258617ef7194f718179e766d57bd4?s=96&d=mm&r=g\",\"caption\":\"Adriana Costa\"}}]}<\/script>\n<!-- \/ Yoast SEO plugin. -->","yoast_head_json":{"title":"Prefeitura de Manaus acompanha confec\u00e7\u00e3o de fantasias e indument\u00e1rias do Festival Folcl\u00f3rico do Amazonas","description":"A Prefeitura de Manaus, por meio da Funda\u00e7\u00e3o Municipal de Cultura, Turismo e Eventos (ManausCult), realiza visitas t\u00e9cnicas aos ateli\u00eas respons\u00e1veis pela confec\u00e7\u00e3o das fantasias e indument\u00e1rias dos grupos folcl\u00f3ricos que participam do 67\u00ba Festival Folcl\u00f3rico do Amazonas.","robots":{"index":"noindex","follow":"follow"},"og_locale":"pt_BR","og_type":"article","og_title":"Prefeitura de Manaus acompanha confec\u00e7\u00e3o de fantasias e indument\u00e1rias do Festival Folcl\u00f3rico do Amazonas","og_description":"A Prefeitura de Manaus, por meio da Funda\u00e7\u00e3o Municipal de Cultura, Turismo e Eventos (ManausCult), realiza visitas t\u00e9cnicas aos ateli\u00eas respons\u00e1veis pela confec\u00e7\u00e3o das fantasias e indument\u00e1rias dos grupos folcl\u00f3ricos que participam do 67\u00ba Festival Folcl\u00f3rico do Amazonas.","og_url":"https:\/\/www.manaus.am.gov.br\/manauscult\/prefeitura-manauscult-vistoria-festival\/","og_site_name":"MANAUSCULT","article_published_time":"2025-05-28T16:48:04+00:00","article_modified_time":"2025-05-28T16:48:06+00:00","og_image":[{"width":1024,"height":683,"url":"https:\/\/www.manaus.am.gov.br\/manauscult\/wp-content\/uploads\/sites\/11\/2025\/05\/4299496a-5e0e-4ca8-81aa-d2a9fab148bf-1024x683.jpeg","type":"image\/jpeg"}],"author":"Adriana Costa","twitter_card":"summary_large_image","twitter_misc":{"Written by":"Adriana Costa","Est. reading time":"3 minutos"},"schema":{"@context":"https:\/\/schema.org","@graph":[{"@type":"WebPage","@id":"https:\/\/www.manaus.am.gov.br\/manauscult\/prefeitura-manauscult-vistoria-festival\/","url":"https:\/\/www.manaus.am.gov.br\/manauscult\/prefeitura-manauscult-vistoria-festival\/","name":"Prefeitura de Manaus acompanha confec\u00e7\u00e3o de fantasias e indument\u00e1rias do Festival Folcl\u00f3rico do Amazonas","isPartOf":{"@id":"https:\/\/www.manaus.am.gov.br\/manauscult\/#website"},"primaryImageOfPage":{"@id":"https:\/\/www.manaus.am.gov.br\/manauscult\/prefeitura-manauscult-vistoria-festival\/#primaryimage"},"image":{"@id":"https:\/\/www.manaus.am.gov.br\/manauscult\/prefeitura-manauscult-vistoria-festival\/#primaryimage"},"thumbnailUrl":"https:\/\/www.manaus.am.gov.br\/manauscult\/wp-content\/uploads\/sites\/11\/2025\/05\/4299496a-5e0e-4ca8-81aa-d2a9fab148bf.jpeg","datePublished":"2025-05-28T16:48:04+00:00","dateModified":"2025-05-28T16:48:06+00:00","author":{"@id":"https:\/\/www.manaus.am.gov.br\/manauscult\/#\/schema\/person\/4e49f4e267757a06ca072ec61b2b9968"},"description":"A Prefeitura de Manaus, por meio da Funda\u00e7\u00e3o Municipal de Cultura, Turismo e Eventos (ManausCult), realiza visitas t\u00e9cnicas aos ateli\u00eas respons\u00e1veis pela confec\u00e7\u00e3o das fantasias e indument\u00e1rias dos grupos folcl\u00f3ricos que participam do 67\u00ba Festival Folcl\u00f3rico do Amazonas.","breadcrumb":{"@id":"https:\/\/www.manaus.am.gov.br\/manauscult\/prefeitura-manauscult-vistoria-festival\/#breadcrumb"},"inLanguage":"pt-BR","potentialAction":[{"@type":"ReadAction","target":["https:\/\/www.manaus.am.gov.br\/manauscult\/prefeitura-manauscult-vistoria-festival\/"]}]},{"@type":"ImageObject","inLanguage":"pt-BR","@id":"https:\/\/www.manaus.am.gov.br\/manauscult\/prefeitura-manauscult-vistoria-festival\/#primaryimage","url":"https:\/\/www.manaus.am.gov.br\/manauscult\/wp-content\/uploads\/sites\/11\/2025\/05\/4299496a-5e0e-4ca8-81aa-d2a9fab148bf.jpeg","contentUrl":"https:\/\/www.manaus.am.gov.br\/manauscult\/wp-content\/uploads\/sites\/11\/2025\/05\/4299496a-5e0e-4ca8-81aa-d2a9fab148bf.jpeg","width":4160,"height":2774},{"@type":"BreadcrumbList","@id":"https:\/\/www.manaus.am.gov.br\/manauscult\/prefeitura-manauscult-vistoria-festival\/#breadcrumb","itemListElement":[{"@type":"ListItem","position":1,"name":"Home","item":"https:\/\/www.manaus.am.gov.br\/manauscult\/"},{"@type":"ListItem","position":2,"name":"Prefeitura de Manaus acompanha confec\u00e7\u00e3o de fantasias e indument\u00e1rias do Festival Folcl\u00f3rico do Amazonas"}]},{"@type":"WebSite","@id":"https:\/\/www.manaus.am.gov.br\/manauscult\/#website","url":"https:\/\/www.manaus.am.gov.br\/manauscult\/","name":"MANAUSCULT","description":"Prefeitura de Manaus","potentialAction":[{"@type":"SearchAction","target":{"@type":"EntryPoint","urlTemplate":"https:\/\/www.manaus.am.gov.br\/manauscult\/?s={search_term_string}"},"query-input":"required name=search_term_string"}],"inLanguage":"pt-BR"},{"@type":"Person","@id":"https:\/\/www.manaus.am.gov.br\/manauscult\/#\/schema\/person\/4e49f4e267757a06ca072ec61b2b9968","name":"Adriana Costa","image":{"@type":"ImageObject","inLanguage":"pt-BR","@id":"https:\/\/www.manaus.am.gov.br\/manauscult\/#\/schema\/person\/image\/","url":"https:\/\/secure.gravatar.com\/avatar\/576258617ef7194f718179e766d57bd4?s=96&d=mm&r=g","contentUrl":"https:\/\/secure.gravatar.com\/avatar\/576258617ef7194f718179e766d57bd4?s=96&d=mm&r=g","caption":"Adriana Costa"}}]}},"_links":{"self":[{"href":"https:\/\/www.manaus.am.gov.br\/manauscult\/wp-json\/wp\/v2\/posts\/3982"}],"collection":[{"href":"https:\/\/www.manaus.am.gov.br\/manauscult\/wp-json\/wp\/v2\/posts"}],"about":[{"href":"https:\/\/www.manaus.am.gov.br\/manauscult\/wp-json\/wp\/v2\/types\/post"}],"author":[{"embeddable":true,"href":"https:\/\/www.manaus.am.gov.br\/manauscult\/wp-json\/wp\/v2\/users\/23"}],"replies":[{"embeddable":true,"href":"https:\/\/www.manaus.am.gov.br\/manauscult\/wp-json\/wp\/v2\/comments?post=3982"}],"version-history":[{"count":0,"href":"https:\/\/www.manaus.am.gov.br\/manauscult\/wp-json\/wp\/v2\/posts\/3982\/revisions"}],"wp:featuredmedia":[{"embeddable":true,"href":"https:\/\/www.manaus.am.gov.br\/manauscult\/wp-json\/wp\/v2\/media\/3983"}],"wp:attachment":[{"href":"https:\/\/www.manaus.am.gov.br\/manauscult\/wp-json\/wp\/v2\/media?parent=3982"}],"wp:term":[{"taxonomy":"category","embeddable":true,"href":"https:\/\/www.manaus.am.gov.br\/manauscult\/wp-json\/wp\/v2\/categories?post=3982"},{"taxonomy":"post_tag","embeddable":true,"href":"https:\/\/www.manaus.am.gov.br\/manauscult\/wp-json\/wp\/v2\/tags?post=3982"}],"curies":[{"name":"wp","href":"https:\/\/api.w.org\/{rel}","templated":true}]}}