{"id":3976,"date":"2025-05-27T16:03:57","date_gmt":"2025-05-27T20:03:57","guid":{"rendered":"https:\/\/www.manaus.am.gov.br\/manauscult\/60a-reuniao-do-comtur\/"},"modified":"2025-05-27T16:03:58","modified_gmt":"2025-05-27T20:03:58","slug":"60a-reuniao-do-comtur","status":"publish","type":"post","link":"https:\/\/www.manaus.am.gov.br\/manauscult\/60a-reuniao-do-comtur\/","title":{"rendered":"Prefeitura de Manaus fortalece pol\u00edticas de Turismo na 60\u00aa Reuni\u00e3o do COMTUR"},"content":{"rendered":"\n<p>A <a href=\"https:\/\/www.instagram.com\/prefeiturademanaus\/\">Prefeitura de Manaus<\/a>, por meio da F<a href=\"https:\/\/www.manaus.am.gov.br\/manauscult\/\">unda\u00e7\u00e3o Municipal de Cultura, Turismo e Eventos (Manauscult)<\/a>, realizou nesta ter\u00e7a-feira, 27\/5, a 60\u00aa Reuni\u00e3o do Conselho Municipal de Turismo (COMTUR) no audit\u00f3rio do Mirante L\u00facia Almeida, localizado no Centro. O encontro contou com a presen\u00e7a de representantes do trade tur\u00edstico, \u00f3rg\u00e3os p\u00fablicos e membros da sociedade civil para discutir a\u00e7\u00f5es e estrat\u00e9gias para o fortalecimento do turismo local.<\/p>\n\n\n\n<p>Durante a reuni\u00e3o, foram abordados diversos temas essenciais ao setor, entre eles: a Promo\u00e7\u00e3o do destino Manaus; Planejamento de a\u00e7\u00f5es em feiras nacionais e internacionais; Turismo de base comunit\u00e1ria; Discuss\u00f5es sobre diagn\u00f3sticos e pr\u00f3ximas iniciativas; Plano Municipal de Turismo: Atualiza\u00e7\u00f5es sobre o plano e estrat\u00e9gias de marketing; Festival de Turismo do Amazonas: Participa\u00e7\u00e3o de Manaus na 3\u00aa edi\u00e7\u00e3o do evento; Capacita\u00e7\u00e3o profissional: Cursos voltados para a comunidade e para o Centro Hist\u00f3rico; Gastronomia local: Avan\u00e7os do programa &#8220;Sou Manaus Passo a Pa\u00e7o&#8221; a participa\u00e7\u00e3o do Comit\u00ea Gestor de Gastronomia e Internacionaliza\u00e7\u00e3o: Inscri\u00e7\u00e3o de Manaus como destino tur\u00edstico na Embratur.<\/p>\n\n\n\n<p>O diretor-presidente da Manauscult, Jender Lobato, destacou a import\u00e2ncia do COMTUR como um espa\u00e7o democr\u00e1tico para dialogar, propor e planejar a\u00e7\u00f5es que impactam positivamente o turismo de Manaus. Ele ressaltou que a uni\u00e3o de esfor\u00e7os entre os diferentes setores \u00e9 essencial para construir um turismo mais forte, inclusivo e sustent\u00e1vel.<\/p>\n\n\n\n<p>A vice-presidente de Turismo da Manauscult, Oreni Braga, refor\u00e7ou que o conselho \u00e9 um importante canal para alinhar ideias e fortalecer o di\u00e1logo entre os agentes do setor. Segundo ela, as reuni\u00f5es do COMTUR s\u00e3o fundamentais para que Manaus avance na promo\u00e7\u00e3o do turismo como um dos pilares do desenvolvimento econ\u00f4mico e cultural da cidade.<\/p>\n\n\n\n<p>A pr\u00f3xima reuni\u00e3o do conselho j\u00e1 est\u00e1 prevista no calend\u00e1rio para o m\u00eas de agosto, reafirmando o compromisso da Prefeitura de Manaus com a continuidade e o fortalecimento do setor tur\u00edstico.<\/p>\n\n\n\n<p>&#8212; &#8212; &#8212;<\/p>\n\n\n\n<p><strong>Texto &#8211;<\/strong> J\u00e9ssica Trajano \/ Manauscult<\/p>\n\n\n\n<p><strong>Fotos &#8211;<\/strong> Thelson Souza \/ Manauscult<\/p>\n","protected":false},"excerpt":{"rendered":"","protected":false},"author":57,"featured_media":3977,"comment_status":"closed","ping_status":"closed","sticky":false,"template":"","format":"standard","meta":{"footnotes":""},"categories":[18],"tags":[1426,9,11],"acf":[],"yoast_head":"<!-- This site is optimized with the Yoast SEO plugin v23.0 - https:\/\/yoast.com\/wordpress\/plugins\/seo\/ -->\n<title>PMM fortalece pol\u00edticas de Turismo na 60\u00aa Reuni\u00e3o do COMTUR<\/title>\n<meta name=\"description\" content=\"A Prefeitura de Manaus realizou nesta ter\u00e7a-feira, 27\/5, a 60\u00aa Reuni\u00e3o do Conselho Municipal de Turismo (COMTUR) no Centro.\" \/>\n<meta name=\"robots\" content=\"noindex, follow\" \/>\n<meta property=\"og:locale\" content=\"pt_BR\" \/>\n<meta property=\"og:type\" content=\"article\" \/>\n<meta property=\"og:title\" content=\"PMM fortalece pol\u00edticas de Turismo na 60\u00aa Reuni\u00e3o do COMTUR\" \/>\n<meta property=\"og:description\" content=\"A Prefeitura de Manaus realizou nesta ter\u00e7a-feira, 27\/5, a 60\u00aa Reuni\u00e3o do Conselho Municipal de Turismo (COMTUR) no Centro.\" \/>\n<meta property=\"og:url\" content=\"https:\/\/www.manaus.am.gov.br\/manauscult\/60a-reuniao-do-comtur\/\" \/>\n<meta property=\"og:site_name\" content=\"MANAUSCULT\" \/>\n<meta property=\"article:published_time\" content=\"2025-05-27T20:03:57+00:00\" \/>\n<meta property=\"article:modified_time\" content=\"2025-05-27T20:03:58+00:00\" \/>\n<meta property=\"og:image\" content=\"https:\/\/www.manaus.am.gov.br\/manauscult\/wp-content\/uploads\/sites\/11\/2025\/05\/60a-Reuniao-do-COMTUR-2.jpeg\" \/>\n\t<meta property=\"og:image:width\" content=\"4160\" \/>\n\t<meta property=\"og:image:height\" content=\"2774\" \/>\n\t<meta property=\"og:image:type\" content=\"image\/jpeg\" \/>\n<meta name=\"author\" content=\"Thiago Fernando\" \/>\n<meta name=\"twitter:card\" content=\"summary_large_image\" \/>\n<meta name=\"twitter:label1\" content=\"Written by\" \/>\n\t<meta name=\"twitter:data1\" content=\"Thiago Fernando\" \/>\n\t<meta name=\"twitter:label2\" content=\"Est. reading time\" \/>\n\t<meta name=\"twitter:data2\" content=\"2 minutos\" \/>\n<script type=\"application\/ld+json\" class=\"yoast-schema-graph\">{\"@context\":\"https:\/\/schema.org\",\"@graph\":[{\"@type\":\"WebPage\",\"@id\":\"https:\/\/www.manaus.am.gov.br\/manauscult\/60a-reuniao-do-comtur\/\",\"url\":\"https:\/\/www.manaus.am.gov.br\/manauscult\/60a-reuniao-do-comtur\/\",\"name\":\"PMM fortalece pol\u00edticas de Turismo na 60\u00aa Reuni\u00e3o do COMTUR\",\"isPartOf\":{\"@id\":\"https:\/\/www.manaus.am.gov.br\/manauscult\/#website\"},\"primaryImageOfPage\":{\"@id\":\"https:\/\/www.manaus.am.gov.br\/manauscult\/60a-reuniao-do-comtur\/#primaryimage\"},\"image\":{\"@id\":\"https:\/\/www.manaus.am.gov.br\/manauscult\/60a-reuniao-do-comtur\/#primaryimage\"},\"thumbnailUrl\":\"https:\/\/www.manaus.am.gov.br\/manauscult\/wp-content\/uploads\/sites\/11\/2025\/05\/60a-Reuniao-do-COMTUR-2.jpeg\",\"datePublished\":\"2025-05-27T20:03:57+00:00\",\"dateModified\":\"2025-05-27T20:03:58+00:00\",\"author\":{\"@id\":\"https:\/\/www.manaus.am.gov.br\/manauscult\/#\/schema\/person\/a5ee5376db6e21af026374b369f30882\"},\"description\":\"A Prefeitura de Manaus realizou nesta ter\u00e7a-feira, 27\/5, a 60\u00aa Reuni\u00e3o do Conselho Municipal de Turismo (COMTUR) no Centro.\",\"breadcrumb\":{\"@id\":\"https:\/\/www.manaus.am.gov.br\/manauscult\/60a-reuniao-do-comtur\/#breadcrumb\"},\"inLanguage\":\"pt-BR\",\"potentialAction\":[{\"@type\":\"ReadAction\",\"target\":[\"https:\/\/www.manaus.am.gov.br\/manauscult\/60a-reuniao-do-comtur\/\"]}]},{\"@type\":\"ImageObject\",\"inLanguage\":\"pt-BR\",\"@id\":\"https:\/\/www.manaus.am.gov.br\/manauscult\/60a-reuniao-do-comtur\/#primaryimage\",\"url\":\"https:\/\/www.manaus.am.gov.br\/manauscult\/wp-content\/uploads\/sites\/11\/2025\/05\/60a-Reuniao-do-COMTUR-2.jpeg\",\"contentUrl\":\"https:\/\/www.manaus.am.gov.br\/manauscult\/wp-content\/uploads\/sites\/11\/2025\/05\/60a-Reuniao-do-COMTUR-2.jpeg\",\"width\":4160,\"height\":2774,\"caption\":\"60\u00aa Reuni\u00e3o do COMTUR\"},{\"@type\":\"BreadcrumbList\",\"@id\":\"https:\/\/www.manaus.am.gov.br\/manauscult\/60a-reuniao-do-comtur\/#breadcrumb\",\"itemListElement\":[{\"@type\":\"ListItem\",\"position\":1,\"name\":\"Home\",\"item\":\"https:\/\/www.manaus.am.gov.br\/manauscult\/\"},{\"@type\":\"ListItem\",\"position\":2,\"name\":\"Prefeitura de Manaus fortalece pol\u00edticas de Turismo na 60\u00aa Reuni\u00e3o do COMTUR\"}]},{\"@type\":\"WebSite\",\"@id\":\"https:\/\/www.manaus.am.gov.br\/manauscult\/#website\",\"url\":\"https:\/\/www.manaus.am.gov.br\/manauscult\/\",\"name\":\"MANAUSCULT\",\"description\":\"Prefeitura de Manaus\",\"potentialAction\":[{\"@type\":\"SearchAction\",\"target\":{\"@type\":\"EntryPoint\",\"urlTemplate\":\"https:\/\/www.manaus.am.gov.br\/manauscult\/?s={search_term_string}\"},\"query-input\":\"required name=search_term_string\"}],\"inLanguage\":\"pt-BR\"},{\"@type\":\"Person\",\"@id\":\"https:\/\/www.manaus.am.gov.br\/manauscult\/#\/schema\/person\/a5ee5376db6e21af026374b369f30882\",\"name\":\"Thiago Fernando\",\"image\":{\"@type\":\"ImageObject\",\"inLanguage\":\"pt-BR\",\"@id\":\"https:\/\/www.manaus.am.gov.br\/manauscult\/#\/schema\/person\/image\/\",\"url\":\"https:\/\/secure.gravatar.com\/avatar\/f5aab8722444041451501c077052ac07?s=96&d=mm&r=g\",\"contentUrl\":\"https:\/\/secure.gravatar.com\/avatar\/f5aab8722444041451501c077052ac07?s=96&d=mm&r=g\",\"caption\":\"Thiago Fernando\"}}]}<\/script>\n<!-- \/ Yoast SEO plugin. -->","yoast_head_json":{"title":"PMM fortalece pol\u00edticas de Turismo na 60\u00aa Reuni\u00e3o do COMTUR","description":"A Prefeitura de Manaus realizou nesta ter\u00e7a-feira, 27\/5, a 60\u00aa Reuni\u00e3o do Conselho Municipal de Turismo (COMTUR) no Centro.","robots":{"index":"noindex","follow":"follow"},"og_locale":"pt_BR","og_type":"article","og_title":"PMM fortalece pol\u00edticas de Turismo na 60\u00aa Reuni\u00e3o do COMTUR","og_description":"A Prefeitura de Manaus realizou nesta ter\u00e7a-feira, 27\/5, a 60\u00aa Reuni\u00e3o do Conselho Municipal de Turismo (COMTUR) no Centro.","og_url":"https:\/\/www.manaus.am.gov.br\/manauscult\/60a-reuniao-do-comtur\/","og_site_name":"MANAUSCULT","article_published_time":"2025-05-27T20:03:57+00:00","article_modified_time":"2025-05-27T20:03:58+00:00","og_image":[{"width":4160,"height":2774,"url":"https:\/\/www.manaus.am.gov.br\/manauscult\/wp-content\/uploads\/sites\/11\/2025\/05\/60a-Reuniao-do-COMTUR-2.jpeg","type":"image\/jpeg"}],"author":"Thiago Fernando","twitter_card":"summary_large_image","twitter_misc":{"Written by":"Thiago Fernando","Est. reading time":"2 minutos"},"schema":{"@context":"https:\/\/schema.org","@graph":[{"@type":"WebPage","@id":"https:\/\/www.manaus.am.gov.br\/manauscult\/60a-reuniao-do-comtur\/","url":"https:\/\/www.manaus.am.gov.br\/manauscult\/60a-reuniao-do-comtur\/","name":"PMM fortalece pol\u00edticas de Turismo na 60\u00aa Reuni\u00e3o do COMTUR","isPartOf":{"@id":"https:\/\/www.manaus.am.gov.br\/manauscult\/#website"},"primaryImageOfPage":{"@id":"https:\/\/www.manaus.am.gov.br\/manauscult\/60a-reuniao-do-comtur\/#primaryimage"},"image":{"@id":"https:\/\/www.manaus.am.gov.br\/manauscult\/60a-reuniao-do-comtur\/#primaryimage"},"thumbnailUrl":"https:\/\/www.manaus.am.gov.br\/manauscult\/wp-content\/uploads\/sites\/11\/2025\/05\/60a-Reuniao-do-COMTUR-2.jpeg","datePublished":"2025-05-27T20:03:57+00:00","dateModified":"2025-05-27T20:03:58+00:00","author":{"@id":"https:\/\/www.manaus.am.gov.br\/manauscult\/#\/schema\/person\/a5ee5376db6e21af026374b369f30882"},"description":"A Prefeitura de Manaus realizou nesta ter\u00e7a-feira, 27\/5, a 60\u00aa Reuni\u00e3o do Conselho Municipal de Turismo (COMTUR) no Centro.","breadcrumb":{"@id":"https:\/\/www.manaus.am.gov.br\/manauscult\/60a-reuniao-do-comtur\/#breadcrumb"},"inLanguage":"pt-BR","potentialAction":[{"@type":"ReadAction","target":["https:\/\/www.manaus.am.gov.br\/manauscult\/60a-reuniao-do-comtur\/"]}]},{"@type":"ImageObject","inLanguage":"pt-BR","@id":"https:\/\/www.manaus.am.gov.br\/manauscult\/60a-reuniao-do-comtur\/#primaryimage","url":"https:\/\/www.manaus.am.gov.br\/manauscult\/wp-content\/uploads\/sites\/11\/2025\/05\/60a-Reuniao-do-COMTUR-2.jpeg","contentUrl":"https:\/\/www.manaus.am.gov.br\/manauscult\/wp-content\/uploads\/sites\/11\/2025\/05\/60a-Reuniao-do-COMTUR-2.jpeg","width":4160,"height":2774,"caption":"60\u00aa Reuni\u00e3o do COMTUR"},{"@type":"BreadcrumbList","@id":"https:\/\/www.manaus.am.gov.br\/manauscult\/60a-reuniao-do-comtur\/#breadcrumb","itemListElement":[{"@type":"ListItem","position":1,"name":"Home","item":"https:\/\/www.manaus.am.gov.br\/manauscult\/"},{"@type":"ListItem","position":2,"name":"Prefeitura de Manaus fortalece pol\u00edticas de Turismo na 60\u00aa Reuni\u00e3o do COMTUR"}]},{"@type":"WebSite","@id":"https:\/\/www.manaus.am.gov.br\/manauscult\/#website","url":"https:\/\/www.manaus.am.gov.br\/manauscult\/","name":"MANAUSCULT","description":"Prefeitura de Manaus","potentialAction":[{"@type":"SearchAction","target":{"@type":"EntryPoint","urlTemplate":"https:\/\/www.manaus.am.gov.br\/manauscult\/?s={search_term_string}"},"query-input":"required name=search_term_string"}],"inLanguage":"pt-BR"},{"@type":"Person","@id":"https:\/\/www.manaus.am.gov.br\/manauscult\/#\/schema\/person\/a5ee5376db6e21af026374b369f30882","name":"Thiago Fernando","image":{"@type":"ImageObject","inLanguage":"pt-BR","@id":"https:\/\/www.manaus.am.gov.br\/manauscult\/#\/schema\/person\/image\/","url":"https:\/\/secure.gravatar.com\/avatar\/f5aab8722444041451501c077052ac07?s=96&d=mm&r=g","contentUrl":"https:\/\/secure.gravatar.com\/avatar\/f5aab8722444041451501c077052ac07?s=96&d=mm&r=g","caption":"Thiago Fernando"}}]}},"_links":{"self":[{"href":"https:\/\/www.manaus.am.gov.br\/manauscult\/wp-json\/wp\/v2\/posts\/3976"}],"collection":[{"href":"https:\/\/www.manaus.am.gov.br\/manauscult\/wp-json\/wp\/v2\/posts"}],"about":[{"href":"https:\/\/www.manaus.am.gov.br\/manauscult\/wp-json\/wp\/v2\/types\/post"}],"author":[{"embeddable":true,"href":"https:\/\/www.manaus.am.gov.br\/manauscult\/wp-json\/wp\/v2\/users\/57"}],"replies":[{"embeddable":true,"href":"https:\/\/www.manaus.am.gov.br\/manauscult\/wp-json\/wp\/v2\/comments?post=3976"}],"version-history":[{"count":0,"href":"https:\/\/www.manaus.am.gov.br\/manauscult\/wp-json\/wp\/v2\/posts\/3976\/revisions"}],"wp:featuredmedia":[{"embeddable":true,"href":"https:\/\/www.manaus.am.gov.br\/manauscult\/wp-json\/wp\/v2\/media\/3977"}],"wp:attachment":[{"href":"https:\/\/www.manaus.am.gov.br\/manauscult\/wp-json\/wp\/v2\/media?parent=3976"}],"wp:term":[{"taxonomy":"category","embeddable":true,"href":"https:\/\/www.manaus.am.gov.br\/manauscult\/wp-json\/wp\/v2\/categories?post=3976"},{"taxonomy":"post_tag","embeddable":true,"href":"https:\/\/www.manaus.am.gov.br\/manauscult\/wp-json\/wp\/v2\/tags?post=3976"}],"curies":[{"name":"wp","href":"https:\/\/api.w.org\/{rel}","templated":true}]}}