{"id":397,"date":"2023-03-01T11:10:58","date_gmt":"2023-03-01T15:10:58","guid":{"rendered":"https:\/\/www.manaus.am.gov.br\/manauscult\/prefeitura-alinha-gestao-com-integracao-de-implurb-e-manauscult-no-centro-historico\/"},"modified":"2023-11-24T16:10:05","modified_gmt":"2023-11-24T20:10:05","slug":"prefeitura-alinha-gestao-com-integracao-de-implurb-e-manauscult-no-centro-historico","status":"publish","type":"post","link":"https:\/\/www.manaus.am.gov.br\/manauscult\/prefeitura-alinha-gestao-com-integracao-de-implurb-e-manauscult-no-centro-historico\/","title":{"rendered":"Prefeitura alinha gest\u00e3o com integra\u00e7\u00e3o de Implurb e Manauscult no centro hist\u00f3rico"},"content":{"rendered":"\n<p>A Prefeitura de Manaus segue com a\u00e7\u00f5es intensificadas para as interven\u00e7\u00f5es no centro hist\u00f3rico da capital. Nesta ter\u00e7a-feira, 28\/2, equipes t\u00e9cnicas e diretoria do Instituto Municipal de Planejamento Urbano (Implurb) e da Funda\u00e7\u00e3o Municipal de Cultura, Turismo e Eventos (Manauscult) estiveram reunidas para alinhar estrat\u00e9gias relacionadas aos bens materiais e im\u00f3veis revitalizados.<\/p>\n\n\n\n<p>Um dos pontos foi o Centro de Arqueologia de Manaus (CAM), que recebeu do Implurb um conjunto de arm\u00e1rios deslizantes, item obrigat\u00f3rio exigido pelo Instituto do Patrim\u00f4nio Hist\u00f3rico e Art\u00edstico Nacional no Amazonas (Iphan-AM), para a conserva\u00e7\u00e3o de bens arqueol\u00f3gicos.<\/p>\n\n\n\n<p>Instalado no pr\u00e9dio da antiga C\u00e2mara Municipal de Manaus (CMM), na avenida 7 de Setembro, Centro, o espa\u00e7o foi totalmente restaurado e segue na fase de receber equipamentos e mob\u00edlia, conforme diretrizes para acervo, guarda e conserva\u00e7\u00e3o.<\/p>\n\n\n\n<p>\u201cO CAM foi reformado e totalmente revitalizado para abrigar bens arqueol\u00f3gicos da cidade com recursos do Fundo Municipal de Desenvolvimento Urbano (FMDU). Tamb\u00e9m tratamos dos projetos dos casar\u00f5es que v\u00e3o ampliar a ocupa\u00e7\u00e3o no Centro, que est\u00e3o em processo de licita\u00e7\u00e3o, e que a Manauscult dever\u00e1 incluir nas suas a\u00e7\u00f5es\u201d, explicou o vice-presidente do Implurb, arquiteto e urbanista Claudemir Andrade.<\/p>\n\n\n\n<p><strong>Arqueologia<\/strong><\/p>\n\n\n\n<p>Dos anos 1880, quando era propriedade do Bar\u00e3o de Mau\u00e1, hoje o im\u00f3vel de estilo tropical neocl\u00e1ssico colonial, na avenida 7 de Setembro, no Centro, vai consolidar a salvaguarda, prote\u00e7\u00e3o, divulga\u00e7\u00e3o e promo\u00e7\u00e3o do patrim\u00f4nio arqueol\u00f3gico da cidade. Um dos conceitos marcantes da edifica\u00e7\u00e3o \u00e9 o da musealiza\u00e7\u00e3o da arqueologia, m\u00e9todo aplicado como recurso de exposi\u00e7\u00e3o p\u00fablica, conservando os remanescentes&nbsp;<em>in situ<\/em>&nbsp;(no local achado), com t\u00e9cnicas museogr\u00e1ficas.<\/p>\n\n\n\n<p>O pr\u00e9dio, que ficou abandonado por uma d\u00e9cada, recebeu interven\u00e7\u00e3o promovida pela Prefeitura de Manaus, com recursos pr\u00f3prios, como refor\u00e7ou a vice-presidente da Manauscult, Oreni Braga.<\/p>\n\n\n\n<p>\u201c\u00c9 muito importante estabelecermos essa parceria, esse trabalho conjunto da Manauscult e Implurb, para que possamos alinhar quest\u00f5es que envolvem toda e qualquer interven\u00e7\u00e3o no Centro Hist\u00f3rico de Manaus. Exemplo disso \u00e9 o Centro de Arqueologia de Manaus que abriga preciosidades arqueol\u00f3gicas que precisam ser conservadas e, sobretudo, estudadas. Aqui est\u00e1 concentrada uma boa parte se n\u00e3o a maior estrutura hist\u00f3rica da cidade\u201d, afirmou Oreni Braga.<\/p>\n\n\n\n<p>A interven\u00e7\u00e3o para requalificar a edifica\u00e7\u00e3o foi feita para ter um lugar de guarda arqueol\u00f3gica, mas tamb\u00e9m de revelar as camadas hist\u00f3ricas que remetem \u00e0 originalidade do im\u00f3vel, expondo suas ru\u00ednas sobrepostas ao longo do tempo e das diversas fun\u00e7\u00f5es que cumpriu. Durante a obra, foram reconstitu\u00eddas as aberturas em arco pleno originais, resgatada a volumetria interna com p\u00e9 direito duplo e restaurados cuidadosamente os mosaicos presentes com o s\u00edmbolo do bras\u00e3o de Manaus.<\/p>\n\n\n\n<p>&#8212; &#8212; &#8212;<\/p>\n\n\n\n<p><strong>Texto<\/strong>&nbsp;&#8211; Claudia do Valle \/ Implurb<\/p>\n\n\n\n<p><strong>Fotos<\/strong>&nbsp;\u2013 Divulga\u00e7\u00e3o\/Implurb<\/p>\n\n\n\n<p><\/p>\n","protected":false},"excerpt":{"rendered":"","protected":false},"author":23,"featured_media":398,"comment_status":"closed","ping_status":"closed","sticky":false,"template":"","format":"standard","meta":{"footnotes":""},"categories":[97],"tags":[98,99,9,100],"acf":[],"yoast_head":"<!-- This site is optimized with the Yoast SEO plugin v23.0 - https:\/\/yoast.com\/wordpress\/plugins\/seo\/ -->\n<title>Prefeitura alinha gest\u00e3o com integra\u00e7\u00e3o de Implurb e Manauscult no centro hist\u00f3rico<\/title>\n<meta name=\"description\" content=\"A Prefeitura de Manaus segue com a\u00e7\u00f5es intensificadas para as interven\u00e7\u00f5es no centro hist\u00f3rico da capital. Nesta ter\u00e7a-feira, 28\/2, equipes t\u00e9cnicas e diretoria do Instituto Municipal de Planejamento Urbano (Implurb) e da Funda\u00e7\u00e3o Municipal de Cultura, Turismo e Eventos (Manauscult) estiveram reunidas para alinhar estrat\u00e9gias relacionadas aos bens materiais e im\u00f3veis revitalizados.\" \/>\n<meta name=\"robots\" content=\"noindex, follow\" \/>\n<meta property=\"og:locale\" content=\"pt_BR\" \/>\n<meta property=\"og:type\" content=\"article\" \/>\n<meta property=\"og:title\" content=\"Prefeitura alinha gest\u00e3o com integra\u00e7\u00e3o de Implurb e Manauscult no centro hist\u00f3rico\" \/>\n<meta property=\"og:description\" content=\"A Prefeitura de Manaus segue com a\u00e7\u00f5es intensificadas para as interven\u00e7\u00f5es no centro hist\u00f3rico da capital. Nesta ter\u00e7a-feira, 28\/2, equipes t\u00e9cnicas e diretoria do Instituto Municipal de Planejamento Urbano (Implurb) e da Funda\u00e7\u00e3o Municipal de Cultura, Turismo e Eventos (Manauscult) estiveram reunidas para alinhar estrat\u00e9gias relacionadas aos bens materiais e im\u00f3veis revitalizados.\" \/>\n<meta property=\"og:url\" content=\"https:\/\/www.manaus.am.gov.br\/manauscult\/prefeitura-alinha-gestao-com-integracao-de-implurb-e-manauscult-no-centro-historico\/\" \/>\n<meta property=\"og:site_name\" content=\"MANAUSCULT\" \/>\n<meta property=\"article:published_time\" content=\"2023-03-01T15:10:58+00:00\" \/>\n<meta property=\"article:modified_time\" content=\"2023-11-24T20:10:05+00:00\" \/>\n<meta property=\"og:image\" content=\"https:\/\/www.manaus.am.gov.br\/manauscult\/wp-content\/uploads\/sites\/11\/2023\/05\/WhatsApp-Image-2023-03-01-at-11.09.19-1.jpeg\" \/>\n\t<meta property=\"og:image:width\" content=\"1600\" \/>\n\t<meta property=\"og:image:height\" content=\"1600\" \/>\n\t<meta property=\"og:image:type\" content=\"image\/jpeg\" \/>\n<meta name=\"author\" content=\"Adriana Costa\" \/>\n<meta name=\"twitter:card\" content=\"summary_large_image\" \/>\n<meta name=\"twitter:label1\" content=\"Written by\" \/>\n\t<meta name=\"twitter:data1\" content=\"Adriana Costa\" \/>\n\t<meta name=\"twitter:label2\" content=\"Est. reading time\" \/>\n\t<meta name=\"twitter:data2\" content=\"3 minutos\" \/>\n<script type=\"application\/ld+json\" class=\"yoast-schema-graph\">{\"@context\":\"https:\/\/schema.org\",\"@graph\":[{\"@type\":\"WebPage\",\"@id\":\"https:\/\/www.manaus.am.gov.br\/manauscult\/prefeitura-alinha-gestao-com-integracao-de-implurb-e-manauscult-no-centro-historico\/\",\"url\":\"https:\/\/www.manaus.am.gov.br\/manauscult\/prefeitura-alinha-gestao-com-integracao-de-implurb-e-manauscult-no-centro-historico\/\",\"name\":\"Prefeitura alinha gest\u00e3o com integra\u00e7\u00e3o de Implurb e Manauscult no centro hist\u00f3rico\",\"isPartOf\":{\"@id\":\"https:\/\/www.manaus.am.gov.br\/manauscult\/#website\"},\"primaryImageOfPage\":{\"@id\":\"https:\/\/www.manaus.am.gov.br\/manauscult\/prefeitura-alinha-gestao-com-integracao-de-implurb-e-manauscult-no-centro-historico\/#primaryimage\"},\"image\":{\"@id\":\"https:\/\/www.manaus.am.gov.br\/manauscult\/prefeitura-alinha-gestao-com-integracao-de-implurb-e-manauscult-no-centro-historico\/#primaryimage\"},\"thumbnailUrl\":\"https:\/\/www.manaus.am.gov.br\/manauscult\/wp-content\/uploads\/sites\/11\/2023\/05\/WhatsApp-Image-2023-03-01-at-11.09.19-1.jpeg\",\"datePublished\":\"2023-03-01T15:10:58+00:00\",\"dateModified\":\"2023-11-24T20:10:05+00:00\",\"author\":{\"@id\":\"https:\/\/www.manaus.am.gov.br\/manauscult\/#\/schema\/person\/4e49f4e267757a06ca072ec61b2b9968\"},\"description\":\"A Prefeitura de Manaus segue com a\u00e7\u00f5es intensificadas para as interven\u00e7\u00f5es no centro hist\u00f3rico da capital. Nesta ter\u00e7a-feira, 28\/2, equipes t\u00e9cnicas e diretoria do Instituto Municipal de Planejamento Urbano (Implurb) e da Funda\u00e7\u00e3o Municipal de Cultura, Turismo e Eventos (Manauscult) estiveram reunidas para alinhar estrat\u00e9gias relacionadas aos bens materiais e im\u00f3veis revitalizados.\",\"breadcrumb\":{\"@id\":\"https:\/\/www.manaus.am.gov.br\/manauscult\/prefeitura-alinha-gestao-com-integracao-de-implurb-e-manauscult-no-centro-historico\/#breadcrumb\"},\"inLanguage\":\"pt-BR\",\"potentialAction\":[{\"@type\":\"ReadAction\",\"target\":[\"https:\/\/www.manaus.am.gov.br\/manauscult\/prefeitura-alinha-gestao-com-integracao-de-implurb-e-manauscult-no-centro-historico\/\"]}]},{\"@type\":\"ImageObject\",\"inLanguage\":\"pt-BR\",\"@id\":\"https:\/\/www.manaus.am.gov.br\/manauscult\/prefeitura-alinha-gestao-com-integracao-de-implurb-e-manauscult-no-centro-historico\/#primaryimage\",\"url\":\"https:\/\/www.manaus.am.gov.br\/manauscult\/wp-content\/uploads\/sites\/11\/2023\/05\/WhatsApp-Image-2023-03-01-at-11.09.19-1.jpeg\",\"contentUrl\":\"https:\/\/www.manaus.am.gov.br\/manauscult\/wp-content\/uploads\/sites\/11\/2023\/05\/WhatsApp-Image-2023-03-01-at-11.09.19-1.jpeg\",\"width\":1600,\"height\":1600},{\"@type\":\"BreadcrumbList\",\"@id\":\"https:\/\/www.manaus.am.gov.br\/manauscult\/prefeitura-alinha-gestao-com-integracao-de-implurb-e-manauscult-no-centro-historico\/#breadcrumb\",\"itemListElement\":[{\"@type\":\"ListItem\",\"position\":1,\"name\":\"Home\",\"item\":\"https:\/\/www.manaus.am.gov.br\/manauscult\/\"},{\"@type\":\"ListItem\",\"position\":2,\"name\":\"Prefeitura alinha gest\u00e3o com integra\u00e7\u00e3o de Implurb e Manauscult no centro hist\u00f3rico\"}]},{\"@type\":\"WebSite\",\"@id\":\"https:\/\/www.manaus.am.gov.br\/manauscult\/#website\",\"url\":\"https:\/\/www.manaus.am.gov.br\/manauscult\/\",\"name\":\"MANAUSCULT\",\"description\":\"Prefeitura de Manaus\",\"potentialAction\":[{\"@type\":\"SearchAction\",\"target\":{\"@type\":\"EntryPoint\",\"urlTemplate\":\"https:\/\/www.manaus.am.gov.br\/manauscult\/?s={search_term_string}\"},\"query-input\":\"required name=search_term_string\"}],\"inLanguage\":\"pt-BR\"},{\"@type\":\"Person\",\"@id\":\"https:\/\/www.manaus.am.gov.br\/manauscult\/#\/schema\/person\/4e49f4e267757a06ca072ec61b2b9968\",\"name\":\"Adriana Costa\",\"image\":{\"@type\":\"ImageObject\",\"inLanguage\":\"pt-BR\",\"@id\":\"https:\/\/www.manaus.am.gov.br\/manauscult\/#\/schema\/person\/image\/\",\"url\":\"https:\/\/secure.gravatar.com\/avatar\/576258617ef7194f718179e766d57bd4?s=96&d=mm&r=g\",\"contentUrl\":\"https:\/\/secure.gravatar.com\/avatar\/576258617ef7194f718179e766d57bd4?s=96&d=mm&r=g\",\"caption\":\"Adriana Costa\"}}]}<\/script>\n<!-- \/ Yoast SEO plugin. -->","yoast_head_json":{"title":"Prefeitura alinha gest\u00e3o com integra\u00e7\u00e3o de Implurb e Manauscult no centro hist\u00f3rico","description":"A Prefeitura de Manaus segue com a\u00e7\u00f5es intensificadas para as interven\u00e7\u00f5es no centro hist\u00f3rico da capital. Nesta ter\u00e7a-feira, 28\/2, equipes t\u00e9cnicas e diretoria do Instituto Municipal de Planejamento Urbano (Implurb) e da Funda\u00e7\u00e3o Municipal de Cultura, Turismo e Eventos (Manauscult) estiveram reunidas para alinhar estrat\u00e9gias relacionadas aos bens materiais e im\u00f3veis revitalizados.","robots":{"index":"noindex","follow":"follow"},"og_locale":"pt_BR","og_type":"article","og_title":"Prefeitura alinha gest\u00e3o com integra\u00e7\u00e3o de Implurb e Manauscult no centro hist\u00f3rico","og_description":"A Prefeitura de Manaus segue com a\u00e7\u00f5es intensificadas para as interven\u00e7\u00f5es no centro hist\u00f3rico da capital. Nesta ter\u00e7a-feira, 28\/2, equipes t\u00e9cnicas e diretoria do Instituto Municipal de Planejamento Urbano (Implurb) e da Funda\u00e7\u00e3o Municipal de Cultura, Turismo e Eventos (Manauscult) estiveram reunidas para alinhar estrat\u00e9gias relacionadas aos bens materiais e im\u00f3veis revitalizados.","og_url":"https:\/\/www.manaus.am.gov.br\/manauscult\/prefeitura-alinha-gestao-com-integracao-de-implurb-e-manauscult-no-centro-historico\/","og_site_name":"MANAUSCULT","article_published_time":"2023-03-01T15:10:58+00:00","article_modified_time":"2023-11-24T20:10:05+00:00","og_image":[{"width":1600,"height":1600,"url":"https:\/\/www.manaus.am.gov.br\/manauscult\/wp-content\/uploads\/sites\/11\/2023\/05\/WhatsApp-Image-2023-03-01-at-11.09.19-1.jpeg","type":"image\/jpeg"}],"author":"Adriana Costa","twitter_card":"summary_large_image","twitter_misc":{"Written by":"Adriana Costa","Est. reading time":"3 minutos"},"schema":{"@context":"https:\/\/schema.org","@graph":[{"@type":"WebPage","@id":"https:\/\/www.manaus.am.gov.br\/manauscult\/prefeitura-alinha-gestao-com-integracao-de-implurb-e-manauscult-no-centro-historico\/","url":"https:\/\/www.manaus.am.gov.br\/manauscult\/prefeitura-alinha-gestao-com-integracao-de-implurb-e-manauscult-no-centro-historico\/","name":"Prefeitura alinha gest\u00e3o com integra\u00e7\u00e3o de Implurb e Manauscult no centro hist\u00f3rico","isPartOf":{"@id":"https:\/\/www.manaus.am.gov.br\/manauscult\/#website"},"primaryImageOfPage":{"@id":"https:\/\/www.manaus.am.gov.br\/manauscult\/prefeitura-alinha-gestao-com-integracao-de-implurb-e-manauscult-no-centro-historico\/#primaryimage"},"image":{"@id":"https:\/\/www.manaus.am.gov.br\/manauscult\/prefeitura-alinha-gestao-com-integracao-de-implurb-e-manauscult-no-centro-historico\/#primaryimage"},"thumbnailUrl":"https:\/\/www.manaus.am.gov.br\/manauscult\/wp-content\/uploads\/sites\/11\/2023\/05\/WhatsApp-Image-2023-03-01-at-11.09.19-1.jpeg","datePublished":"2023-03-01T15:10:58+00:00","dateModified":"2023-11-24T20:10:05+00:00","author":{"@id":"https:\/\/www.manaus.am.gov.br\/manauscult\/#\/schema\/person\/4e49f4e267757a06ca072ec61b2b9968"},"description":"A Prefeitura de Manaus segue com a\u00e7\u00f5es intensificadas para as interven\u00e7\u00f5es no centro hist\u00f3rico da capital. Nesta ter\u00e7a-feira, 28\/2, equipes t\u00e9cnicas e diretoria do Instituto Municipal de Planejamento Urbano (Implurb) e da Funda\u00e7\u00e3o Municipal de Cultura, Turismo e Eventos (Manauscult) estiveram reunidas para alinhar estrat\u00e9gias relacionadas aos bens materiais e im\u00f3veis revitalizados.","breadcrumb":{"@id":"https:\/\/www.manaus.am.gov.br\/manauscult\/prefeitura-alinha-gestao-com-integracao-de-implurb-e-manauscult-no-centro-historico\/#breadcrumb"},"inLanguage":"pt-BR","potentialAction":[{"@type":"ReadAction","target":["https:\/\/www.manaus.am.gov.br\/manauscult\/prefeitura-alinha-gestao-com-integracao-de-implurb-e-manauscult-no-centro-historico\/"]}]},{"@type":"ImageObject","inLanguage":"pt-BR","@id":"https:\/\/www.manaus.am.gov.br\/manauscult\/prefeitura-alinha-gestao-com-integracao-de-implurb-e-manauscult-no-centro-historico\/#primaryimage","url":"https:\/\/www.manaus.am.gov.br\/manauscult\/wp-content\/uploads\/sites\/11\/2023\/05\/WhatsApp-Image-2023-03-01-at-11.09.19-1.jpeg","contentUrl":"https:\/\/www.manaus.am.gov.br\/manauscult\/wp-content\/uploads\/sites\/11\/2023\/05\/WhatsApp-Image-2023-03-01-at-11.09.19-1.jpeg","width":1600,"height":1600},{"@type":"BreadcrumbList","@id":"https:\/\/www.manaus.am.gov.br\/manauscult\/prefeitura-alinha-gestao-com-integracao-de-implurb-e-manauscult-no-centro-historico\/#breadcrumb","itemListElement":[{"@type":"ListItem","position":1,"name":"Home","item":"https:\/\/www.manaus.am.gov.br\/manauscult\/"},{"@type":"ListItem","position":2,"name":"Prefeitura alinha gest\u00e3o com integra\u00e7\u00e3o de Implurb e Manauscult no centro hist\u00f3rico"}]},{"@type":"WebSite","@id":"https:\/\/www.manaus.am.gov.br\/manauscult\/#website","url":"https:\/\/www.manaus.am.gov.br\/manauscult\/","name":"MANAUSCULT","description":"Prefeitura de Manaus","potentialAction":[{"@type":"SearchAction","target":{"@type":"EntryPoint","urlTemplate":"https:\/\/www.manaus.am.gov.br\/manauscult\/?s={search_term_string}"},"query-input":"required name=search_term_string"}],"inLanguage":"pt-BR"},{"@type":"Person","@id":"https:\/\/www.manaus.am.gov.br\/manauscult\/#\/schema\/person\/4e49f4e267757a06ca072ec61b2b9968","name":"Adriana Costa","image":{"@type":"ImageObject","inLanguage":"pt-BR","@id":"https:\/\/www.manaus.am.gov.br\/manauscult\/#\/schema\/person\/image\/","url":"https:\/\/secure.gravatar.com\/avatar\/576258617ef7194f718179e766d57bd4?s=96&d=mm&r=g","contentUrl":"https:\/\/secure.gravatar.com\/avatar\/576258617ef7194f718179e766d57bd4?s=96&d=mm&r=g","caption":"Adriana Costa"}}]}},"_links":{"self":[{"href":"https:\/\/www.manaus.am.gov.br\/manauscult\/wp-json\/wp\/v2\/posts\/397"}],"collection":[{"href":"https:\/\/www.manaus.am.gov.br\/manauscult\/wp-json\/wp\/v2\/posts"}],"about":[{"href":"https:\/\/www.manaus.am.gov.br\/manauscult\/wp-json\/wp\/v2\/types\/post"}],"author":[{"embeddable":true,"href":"https:\/\/www.manaus.am.gov.br\/manauscult\/wp-json\/wp\/v2\/users\/23"}],"replies":[{"embeddable":true,"href":"https:\/\/www.manaus.am.gov.br\/manauscult\/wp-json\/wp\/v2\/comments?post=397"}],"version-history":[{"count":1,"href":"https:\/\/www.manaus.am.gov.br\/manauscult\/wp-json\/wp\/v2\/posts\/397\/revisions"}],"predecessor-version":[{"id":1717,"href":"https:\/\/www.manaus.am.gov.br\/manauscult\/wp-json\/wp\/v2\/posts\/397\/revisions\/1717"}],"wp:featuredmedia":[{"embeddable":true,"href":"https:\/\/www.manaus.am.gov.br\/manauscult\/wp-json\/wp\/v2\/media\/398"}],"wp:attachment":[{"href":"https:\/\/www.manaus.am.gov.br\/manauscult\/wp-json\/wp\/v2\/media?parent=397"}],"wp:term":[{"taxonomy":"category","embeddable":true,"href":"https:\/\/www.manaus.am.gov.br\/manauscult\/wp-json\/wp\/v2\/categories?post=397"},{"taxonomy":"post_tag","embeddable":true,"href":"https:\/\/www.manaus.am.gov.br\/manauscult\/wp-json\/wp\/v2\/tags?post=397"}],"curies":[{"name":"wp","href":"https:\/\/api.w.org\/{rel}","templated":true}]}}