{"id":3953,"date":"2025-05-22T15:07:03","date_gmt":"2025-05-22T19:07:03","guid":{"rendered":"https:\/\/www.manaus.am.gov.br\/manauscult\/prefeitura-manauscult-apoio-expomulher\/"},"modified":"2025-05-22T15:07:05","modified_gmt":"2025-05-22T19:07:05","slug":"prefeitura-manauscult-apoio-expomulher","status":"publish","type":"post","link":"https:\/\/www.manaus.am.gov.br\/manauscult\/prefeitura-manauscult-apoio-expomulher\/","title":{"rendered":"Prefeitura de Manaus confirma apoio \u00e0 \u20183\u00aa Expo-Mulher 2025\u2019 com realiza\u00e7\u00e3o em junho"},"content":{"rendered":"\n<p>A Prefeitura de Manaus, por meio da Funda\u00e7\u00e3o Municipal de Cultura, Turismo e Eventos (ManausCult), ser\u00e1 parceira da Ordem dos Advogados do Brasil Seccional Amazonas (OAB-AM) na realiza\u00e7\u00e3o da \u201c3\u00aa Expo-Mulher 2025\u201d, marcada para o dia 13 de junho, no Centro de Conven\u00e7\u00f5es do Amazonas (CCA) Vasco Vasques, no bairro Chapada, zona Centro-Sul da cidade. O evento, que \u00e9 promovido pela Comiss\u00e3o Permanente da Mulher Advogada da OAB-AM, traz, neste ano, o tema \u201cMulheres que transformam: Poder, Justi\u00e7a e Inova\u00e7\u00e3o\u201d.<br><br>Na manh\u00e3 de quarta-feira 21\/5, representantes da comiss\u00e3o da OAB-AM estiveram na sede da ManausCult para apresentar o projeto e firmar a parceria institucional que prev\u00ea apoio estrutural ao evento, que chega \u00e0 terceira edi\u00e7\u00e3o com o objetivo de valorizar o protagonismo feminino em diversas \u00e1reas da sociedade amazonense.<br><br>\u201c\u00c9 uma honra para a ManausCult poder apoiar uma iniciativa que reconhece e fortalece a atua\u00e7\u00e3o das mulheres em frentes t\u00e3o importantes como cultura, empreendedorismo, justi\u00e7a e inova\u00e7\u00e3o. A Prefeitura de Manaus segue empenhada em fomentar a\u00e7\u00f5es como essa, que geram impacto social positivo e promovem cidadania\u201d, afirmou o diretor-presidente da ManausCult, Jender Lobato.<br><br>A Expo-Mulher reunir\u00e1 uma programa\u00e7\u00e3o diversificada com exposi\u00e7\u00f5es, feiras, rodas de conversa, palestras e atendimentos voltados ao empoderamento feminino, al\u00e9m de contar com a presen\u00e7a de lideran\u00e7as, empreendedoras, artistas e profissionais de diferentes segmentos.<br><br>Al\u00e9m da ManausCult, outras institui\u00e7\u00f5es j\u00e1 confirmaram parceria no evento, como a Secretaria Municipal do Trabalho, Empreendedorismo e Inova\u00e7\u00e3o (Semtepi), que estar\u00e1 presente com servi\u00e7os voltados ao incentivo ao empreendedorismo feminino, e o Sine Amazonas, com a\u00e7\u00f5es de empregabilidade e orienta\u00e7\u00e3o profissional.<br><br>\u201cA cada edi\u00e7\u00e3o buscamos ampliar o alcance e o impacto da Expo-Mulher. Este ano, queremos superar o p\u00fablico de 2024, que recebeu entre 2 mil e 3 mil participantes. Nosso foco \u00e9 oferecer oportunidades concretas, para que as mulheres conquistem autonomia, visibilidade e rompam ciclos de viol\u00eancia\u201d, ressaltou a presidente em exerc\u00edcio da Comiss\u00e3o da Mulher Advogada e secret\u00e1ria-geral da OAB-AM, Omara Gusm\u00e3o.<br><br>Aberta ao p\u00fablico, a \u201c3\u00aa Expo-Mulher\u201d ser\u00e1 espa\u00e7o de celebra\u00e7\u00e3o, aprendizado e transforma\u00e7\u00e3o, para refor\u00e7ar o compromisso com a valoriza\u00e7\u00e3o da mulher e a promo\u00e7\u00e3o da igualdade de g\u00eanero.<\/p>\n\n\n\n<p>&#8212; &#8212; &#8212;<\/p>\n\n\n\n<p><strong>Texto<\/strong>&nbsp;&#8211; J\u00e9ssica Trajano\/ManausCult<\/p>\n\n\n\n<p><strong>Fotos<\/strong>&nbsp;&#8211; Thelson Souza\/ManausCult<\/p>\n","protected":false},"excerpt":{"rendered":"","protected":false},"author":23,"featured_media":3954,"comment_status":"closed","ping_status":"closed","sticky":false,"template":"","format":"standard","meta":{"footnotes":""},"categories":[369],"tags":[23,1417,9,1418,215,11],"acf":[],"yoast_head":"<!-- This site is optimized with the Yoast SEO plugin v23.0 - https:\/\/yoast.com\/wordpress\/plugins\/seo\/ -->\n<title>Prefeitura de Manaus confirma apoio \u00e0 \u20183\u00aa Expo-Mulher 2025\u2019 com realiza\u00e7\u00e3o em junho<\/title>\n<meta name=\"description\" content=\"A Prefeitura de Manaus, por meio da Funda\u00e7\u00e3o Municipal de Cultura, Turismo e Eventos (ManausCult), ser\u00e1 parceira da Ordem dos Advogados do Brasil Seccional Amazonas (OAB-AM) na realiza\u00e7\u00e3o da \u201c3\u00aa Expo-Mulher 2025\u201d, marcada para o dia 13 de junho, no Centro de Conven\u00e7\u00f5es do Amazonas (CCA) Vasco Vasques\" \/>\n<meta name=\"robots\" content=\"noindex, follow\" \/>\n<meta property=\"og:locale\" content=\"pt_BR\" \/>\n<meta property=\"og:type\" content=\"article\" \/>\n<meta property=\"og:title\" content=\"Prefeitura de Manaus confirma apoio \u00e0 \u20183\u00aa Expo-Mulher 2025\u2019 com realiza\u00e7\u00e3o em junho\" \/>\n<meta property=\"og:description\" content=\"A Prefeitura de Manaus, por meio da Funda\u00e7\u00e3o Municipal de Cultura, Turismo e Eventos (ManausCult), ser\u00e1 parceira da Ordem dos Advogados do Brasil Seccional Amazonas (OAB-AM) na realiza\u00e7\u00e3o da \u201c3\u00aa Expo-Mulher 2025\u201d, marcada para o dia 13 de junho, no Centro de Conven\u00e7\u00f5es do Amazonas (CCA) Vasco Vasques\" \/>\n<meta property=\"og:url\" content=\"https:\/\/www.manaus.am.gov.br\/manauscult\/prefeitura-manauscult-apoio-expomulher\/\" \/>\n<meta property=\"og:site_name\" content=\"MANAUSCULT\" \/>\n<meta property=\"article:published_time\" content=\"2025-05-22T19:07:03+00:00\" \/>\n<meta property=\"article:modified_time\" content=\"2025-05-22T19:07:05+00:00\" \/>\n<meta property=\"og:image\" content=\"https:\/\/www.manaus.am.gov.br\/manauscult\/wp-content\/uploads\/sites\/11\/2025\/05\/26c4b2a9-ecf0-49ac-a1fe-ec33d7cadb6b.jpeg\" \/>\n\t<meta property=\"og:image:width\" content=\"4160\" \/>\n\t<meta property=\"og:image:height\" content=\"2774\" \/>\n\t<meta property=\"og:image:type\" content=\"image\/jpeg\" \/>\n<meta name=\"author\" content=\"Adriana Costa\" \/>\n<meta name=\"twitter:card\" content=\"summary_large_image\" \/>\n<meta name=\"twitter:label1\" content=\"Written by\" \/>\n\t<meta name=\"twitter:data1\" content=\"Adriana Costa\" \/>\n\t<meta name=\"twitter:label2\" content=\"Est. reading time\" \/>\n\t<meta name=\"twitter:data2\" content=\"3 minutos\" \/>\n<script type=\"application\/ld+json\" class=\"yoast-schema-graph\">{\"@context\":\"https:\/\/schema.org\",\"@graph\":[{\"@type\":\"WebPage\",\"@id\":\"https:\/\/www.manaus.am.gov.br\/manauscult\/prefeitura-manauscult-apoio-expomulher\/\",\"url\":\"https:\/\/www.manaus.am.gov.br\/manauscult\/prefeitura-manauscult-apoio-expomulher\/\",\"name\":\"Prefeitura de Manaus confirma apoio \u00e0 \u20183\u00aa Expo-Mulher 2025\u2019 com realiza\u00e7\u00e3o em junho\",\"isPartOf\":{\"@id\":\"https:\/\/www.manaus.am.gov.br\/manauscult\/#website\"},\"primaryImageOfPage\":{\"@id\":\"https:\/\/www.manaus.am.gov.br\/manauscult\/prefeitura-manauscult-apoio-expomulher\/#primaryimage\"},\"image\":{\"@id\":\"https:\/\/www.manaus.am.gov.br\/manauscult\/prefeitura-manauscult-apoio-expomulher\/#primaryimage\"},\"thumbnailUrl\":\"https:\/\/www.manaus.am.gov.br\/manauscult\/wp-content\/uploads\/sites\/11\/2025\/05\/26c4b2a9-ecf0-49ac-a1fe-ec33d7cadb6b.jpeg\",\"datePublished\":\"2025-05-22T19:07:03+00:00\",\"dateModified\":\"2025-05-22T19:07:05+00:00\",\"author\":{\"@id\":\"https:\/\/www.manaus.am.gov.br\/manauscult\/#\/schema\/person\/4e49f4e267757a06ca072ec61b2b9968\"},\"description\":\"A Prefeitura de Manaus, por meio da Funda\u00e7\u00e3o Municipal de Cultura, Turismo e Eventos (ManausCult), ser\u00e1 parceira da Ordem dos Advogados do Brasil Seccional Amazonas (OAB-AM) na realiza\u00e7\u00e3o da \u201c3\u00aa Expo-Mulher 2025\u201d, marcada para o dia 13 de junho, no Centro de Conven\u00e7\u00f5es do Amazonas (CCA) Vasco Vasques\",\"breadcrumb\":{\"@id\":\"https:\/\/www.manaus.am.gov.br\/manauscult\/prefeitura-manauscult-apoio-expomulher\/#breadcrumb\"},\"inLanguage\":\"pt-BR\",\"potentialAction\":[{\"@type\":\"ReadAction\",\"target\":[\"https:\/\/www.manaus.am.gov.br\/manauscult\/prefeitura-manauscult-apoio-expomulher\/\"]}]},{\"@type\":\"ImageObject\",\"inLanguage\":\"pt-BR\",\"@id\":\"https:\/\/www.manaus.am.gov.br\/manauscult\/prefeitura-manauscult-apoio-expomulher\/#primaryimage\",\"url\":\"https:\/\/www.manaus.am.gov.br\/manauscult\/wp-content\/uploads\/sites\/11\/2025\/05\/26c4b2a9-ecf0-49ac-a1fe-ec33d7cadb6b.jpeg\",\"contentUrl\":\"https:\/\/www.manaus.am.gov.br\/manauscult\/wp-content\/uploads\/sites\/11\/2025\/05\/26c4b2a9-ecf0-49ac-a1fe-ec33d7cadb6b.jpeg\",\"width\":4160,\"height\":2774},{\"@type\":\"BreadcrumbList\",\"@id\":\"https:\/\/www.manaus.am.gov.br\/manauscult\/prefeitura-manauscult-apoio-expomulher\/#breadcrumb\",\"itemListElement\":[{\"@type\":\"ListItem\",\"position\":1,\"name\":\"Home\",\"item\":\"https:\/\/www.manaus.am.gov.br\/manauscult\/\"},{\"@type\":\"ListItem\",\"position\":2,\"name\":\"Prefeitura de Manaus confirma apoio \u00e0 \u20183\u00aa Expo-Mulher 2025\u2019 com realiza\u00e7\u00e3o em junho\"}]},{\"@type\":\"WebSite\",\"@id\":\"https:\/\/www.manaus.am.gov.br\/manauscult\/#website\",\"url\":\"https:\/\/www.manaus.am.gov.br\/manauscult\/\",\"name\":\"MANAUSCULT\",\"description\":\"Prefeitura de Manaus\",\"potentialAction\":[{\"@type\":\"SearchAction\",\"target\":{\"@type\":\"EntryPoint\",\"urlTemplate\":\"https:\/\/www.manaus.am.gov.br\/manauscult\/?s={search_term_string}\"},\"query-input\":\"required name=search_term_string\"}],\"inLanguage\":\"pt-BR\"},{\"@type\":\"Person\",\"@id\":\"https:\/\/www.manaus.am.gov.br\/manauscult\/#\/schema\/person\/4e49f4e267757a06ca072ec61b2b9968\",\"name\":\"Adriana Costa\",\"image\":{\"@type\":\"ImageObject\",\"inLanguage\":\"pt-BR\",\"@id\":\"https:\/\/www.manaus.am.gov.br\/manauscult\/#\/schema\/person\/image\/\",\"url\":\"https:\/\/secure.gravatar.com\/avatar\/576258617ef7194f718179e766d57bd4?s=96&d=mm&r=g\",\"contentUrl\":\"https:\/\/secure.gravatar.com\/avatar\/576258617ef7194f718179e766d57bd4?s=96&d=mm&r=g\",\"caption\":\"Adriana Costa\"}}]}<\/script>\n<!-- \/ Yoast SEO plugin. -->","yoast_head_json":{"title":"Prefeitura de Manaus confirma apoio \u00e0 \u20183\u00aa Expo-Mulher 2025\u2019 com realiza\u00e7\u00e3o em junho","description":"A Prefeitura de Manaus, por meio da Funda\u00e7\u00e3o Municipal de Cultura, Turismo e Eventos (ManausCult), ser\u00e1 parceira da Ordem dos Advogados do Brasil Seccional Amazonas (OAB-AM) na realiza\u00e7\u00e3o da \u201c3\u00aa Expo-Mulher 2025\u201d, marcada para o dia 13 de junho, no Centro de Conven\u00e7\u00f5es do Amazonas (CCA) Vasco Vasques","robots":{"index":"noindex","follow":"follow"},"og_locale":"pt_BR","og_type":"article","og_title":"Prefeitura de Manaus confirma apoio \u00e0 \u20183\u00aa Expo-Mulher 2025\u2019 com realiza\u00e7\u00e3o em junho","og_description":"A Prefeitura de Manaus, por meio da Funda\u00e7\u00e3o Municipal de Cultura, Turismo e Eventos (ManausCult), ser\u00e1 parceira da Ordem dos Advogados do Brasil Seccional Amazonas (OAB-AM) na realiza\u00e7\u00e3o da \u201c3\u00aa Expo-Mulher 2025\u201d, marcada para o dia 13 de junho, no Centro de Conven\u00e7\u00f5es do Amazonas (CCA) Vasco Vasques","og_url":"https:\/\/www.manaus.am.gov.br\/manauscult\/prefeitura-manauscult-apoio-expomulher\/","og_site_name":"MANAUSCULT","article_published_time":"2025-05-22T19:07:03+00:00","article_modified_time":"2025-05-22T19:07:05+00:00","og_image":[{"width":4160,"height":2774,"url":"https:\/\/www.manaus.am.gov.br\/manauscult\/wp-content\/uploads\/sites\/11\/2025\/05\/26c4b2a9-ecf0-49ac-a1fe-ec33d7cadb6b.jpeg","type":"image\/jpeg"}],"author":"Adriana Costa","twitter_card":"summary_large_image","twitter_misc":{"Written by":"Adriana Costa","Est. reading time":"3 minutos"},"schema":{"@context":"https:\/\/schema.org","@graph":[{"@type":"WebPage","@id":"https:\/\/www.manaus.am.gov.br\/manauscult\/prefeitura-manauscult-apoio-expomulher\/","url":"https:\/\/www.manaus.am.gov.br\/manauscult\/prefeitura-manauscult-apoio-expomulher\/","name":"Prefeitura de Manaus confirma apoio \u00e0 \u20183\u00aa Expo-Mulher 2025\u2019 com realiza\u00e7\u00e3o em junho","isPartOf":{"@id":"https:\/\/www.manaus.am.gov.br\/manauscult\/#website"},"primaryImageOfPage":{"@id":"https:\/\/www.manaus.am.gov.br\/manauscult\/prefeitura-manauscult-apoio-expomulher\/#primaryimage"},"image":{"@id":"https:\/\/www.manaus.am.gov.br\/manauscult\/prefeitura-manauscult-apoio-expomulher\/#primaryimage"},"thumbnailUrl":"https:\/\/www.manaus.am.gov.br\/manauscult\/wp-content\/uploads\/sites\/11\/2025\/05\/26c4b2a9-ecf0-49ac-a1fe-ec33d7cadb6b.jpeg","datePublished":"2025-05-22T19:07:03+00:00","dateModified":"2025-05-22T19:07:05+00:00","author":{"@id":"https:\/\/www.manaus.am.gov.br\/manauscult\/#\/schema\/person\/4e49f4e267757a06ca072ec61b2b9968"},"description":"A Prefeitura de Manaus, por meio da Funda\u00e7\u00e3o Municipal de Cultura, Turismo e Eventos (ManausCult), ser\u00e1 parceira da Ordem dos Advogados do Brasil Seccional Amazonas (OAB-AM) na realiza\u00e7\u00e3o da \u201c3\u00aa Expo-Mulher 2025\u201d, marcada para o dia 13 de junho, no Centro de Conven\u00e7\u00f5es do Amazonas (CCA) Vasco Vasques","breadcrumb":{"@id":"https:\/\/www.manaus.am.gov.br\/manauscult\/prefeitura-manauscult-apoio-expomulher\/#breadcrumb"},"inLanguage":"pt-BR","potentialAction":[{"@type":"ReadAction","target":["https:\/\/www.manaus.am.gov.br\/manauscult\/prefeitura-manauscult-apoio-expomulher\/"]}]},{"@type":"ImageObject","inLanguage":"pt-BR","@id":"https:\/\/www.manaus.am.gov.br\/manauscult\/prefeitura-manauscult-apoio-expomulher\/#primaryimage","url":"https:\/\/www.manaus.am.gov.br\/manauscult\/wp-content\/uploads\/sites\/11\/2025\/05\/26c4b2a9-ecf0-49ac-a1fe-ec33d7cadb6b.jpeg","contentUrl":"https:\/\/www.manaus.am.gov.br\/manauscult\/wp-content\/uploads\/sites\/11\/2025\/05\/26c4b2a9-ecf0-49ac-a1fe-ec33d7cadb6b.jpeg","width":4160,"height":2774},{"@type":"BreadcrumbList","@id":"https:\/\/www.manaus.am.gov.br\/manauscult\/prefeitura-manauscult-apoio-expomulher\/#breadcrumb","itemListElement":[{"@type":"ListItem","position":1,"name":"Home","item":"https:\/\/www.manaus.am.gov.br\/manauscult\/"},{"@type":"ListItem","position":2,"name":"Prefeitura de Manaus confirma apoio \u00e0 \u20183\u00aa Expo-Mulher 2025\u2019 com realiza\u00e7\u00e3o em junho"}]},{"@type":"WebSite","@id":"https:\/\/www.manaus.am.gov.br\/manauscult\/#website","url":"https:\/\/www.manaus.am.gov.br\/manauscult\/","name":"MANAUSCULT","description":"Prefeitura de Manaus","potentialAction":[{"@type":"SearchAction","target":{"@type":"EntryPoint","urlTemplate":"https:\/\/www.manaus.am.gov.br\/manauscult\/?s={search_term_string}"},"query-input":"required name=search_term_string"}],"inLanguage":"pt-BR"},{"@type":"Person","@id":"https:\/\/www.manaus.am.gov.br\/manauscult\/#\/schema\/person\/4e49f4e267757a06ca072ec61b2b9968","name":"Adriana Costa","image":{"@type":"ImageObject","inLanguage":"pt-BR","@id":"https:\/\/www.manaus.am.gov.br\/manauscult\/#\/schema\/person\/image\/","url":"https:\/\/secure.gravatar.com\/avatar\/576258617ef7194f718179e766d57bd4?s=96&d=mm&r=g","contentUrl":"https:\/\/secure.gravatar.com\/avatar\/576258617ef7194f718179e766d57bd4?s=96&d=mm&r=g","caption":"Adriana Costa"}}]}},"_links":{"self":[{"href":"https:\/\/www.manaus.am.gov.br\/manauscult\/wp-json\/wp\/v2\/posts\/3953"}],"collection":[{"href":"https:\/\/www.manaus.am.gov.br\/manauscult\/wp-json\/wp\/v2\/posts"}],"about":[{"href":"https:\/\/www.manaus.am.gov.br\/manauscult\/wp-json\/wp\/v2\/types\/post"}],"author":[{"embeddable":true,"href":"https:\/\/www.manaus.am.gov.br\/manauscult\/wp-json\/wp\/v2\/users\/23"}],"replies":[{"embeddable":true,"href":"https:\/\/www.manaus.am.gov.br\/manauscult\/wp-json\/wp\/v2\/comments?post=3953"}],"version-history":[{"count":0,"href":"https:\/\/www.manaus.am.gov.br\/manauscult\/wp-json\/wp\/v2\/posts\/3953\/revisions"}],"wp:featuredmedia":[{"embeddable":true,"href":"https:\/\/www.manaus.am.gov.br\/manauscult\/wp-json\/wp\/v2\/media\/3954"}],"wp:attachment":[{"href":"https:\/\/www.manaus.am.gov.br\/manauscult\/wp-json\/wp\/v2\/media?parent=3953"}],"wp:term":[{"taxonomy":"category","embeddable":true,"href":"https:\/\/www.manaus.am.gov.br\/manauscult\/wp-json\/wp\/v2\/categories?post=3953"},{"taxonomy":"post_tag","embeddable":true,"href":"https:\/\/www.manaus.am.gov.br\/manauscult\/wp-json\/wp\/v2\/tags?post=3953"}],"curies":[{"name":"wp","href":"https:\/\/api.w.org\/{rel}","templated":true}]}}