{"id":3901,"date":"2025-05-13T12:09:17","date_gmt":"2025-05-13T16:09:17","guid":{"rendered":"https:\/\/www.manaus.am.gov.br\/manauscult\/projeto-contemplado-prefeitura-novo-israel\/"},"modified":"2025-05-13T12:09:17","modified_gmt":"2025-05-13T16:09:17","slug":"projeto-contemplado-prefeitura-novo-israel","status":"publish","type":"post","link":"https:\/\/www.manaus.am.gov.br\/manauscult\/projeto-contemplado-prefeitura-novo-israel\/","title":{"rendered":"Projeto contemplado pela Prefeitura de Manaus promove \u2018Laborat\u00f3rio de Beats com DJ Wkilla\u2019 no bairro Novo Israel"},"content":{"rendered":"\n<p>De 16 a 18\/5, o bairro Novo Israel, na zona Norte da cidade, ser\u00e1 sede do \u201cLaborat\u00f3rio de Beats com DJ Wkilla\u201d, projeto contemplado pelo Edital 004\/2024 da Pol\u00edtica Nacional Aldir Blanc (Pnab). Viabilizado pela Prefeitura de Manaus, por meio do Conselho Municipal de Cultura (Concultura), o evento abordar\u00e1 t\u00e9cnicas de mixagem, scratch e cria\u00e7\u00e3o de sets, todas conduzidas por profissionais especializados e com equipamentos de ponta.<\/p>\n\n\n\n<p>O presidente do Concultura, Tony Medeiros, destaca a import\u00e2ncia do projeto para a comunidade e o desenvolvimento da express\u00e3o na cidade.<\/p>\n\n\n\n<p>\u201c\u00c9 uma grande alegria para o Concultura apoiar o \u2018Laborat\u00f3rio de Beats com DJ Wkilla\u2019. Projetos como este s\u00e3o fundamentais para fortalecer a cena hip-hop da nossa cidade, oferecendo aos jovens a oportunidade de desenvolver suas habilidades e expressar sua criatividade\u201d, disse o presidente.<\/p>\n\n\n\n<p>Idealizado por Lucas F\u00e9lix, mas conhecido como DJ Wkilla, em parceria com o Instituto da Crian\u00e7a e do Adolescente da Amaz\u00f4nia (Iscaam), o evento tem como objetivo promover e valorizar a cultura hip-hop, oferecendo oficinas gratuitas de discotecagem para jovens da zona Norte de Manaus.<\/p>\n\n\n\n<p>\u201cParticipar do edital da Pnab foi fundamental para tornar este projeto realidade. Estamos animados para proporcionar uma experi\u00eancia transformadora e fortalecer a cena cultural local. \u00c9 um sonho prestes a se concretizar\u201d, destaca o instrutor das oficinas, DJ Wkilla.<\/p>\n\n\n\n<p>O laborat\u00f3rio acontecer\u00e1 no centro comunit\u00e1rio do Novo Israel e tamb\u00e9m contar\u00e1 com interpreta\u00e7\u00e3o em Libras, realizada pela int\u00e9rprete Eline Brito, garantindo acessibilidade para a comunidade surda.<\/p>\n\n\n\n<p>A programa\u00e7\u00e3o completa e orienta\u00e7\u00f5es para inscri\u00e7\u00e3o est\u00e3o dispon\u00edveis nos perfis do projeto no Instagram: @ddtankers e @djwkilla.<\/p>\n\n\n\n<figure class=\"wp-block-image size-large\"><img loading=\"lazy\" decoding=\"async\" width=\"683\" height=\"1024\" src=\"https:\/\/www.manaus.am.gov.br\/manauscult\/wp-content\/uploads\/sites\/11\/2025\/05\/DSC05748-1-683x1024.jpg\" alt=\"\" class=\"wp-image-3902\" srcset=\"https:\/\/www.manaus.am.gov.br\/manauscult\/wp-content\/uploads\/sites\/11\/2025\/05\/DSC05748-1-683x1024.jpg 683w, https:\/\/www.manaus.am.gov.br\/manauscult\/wp-content\/uploads\/sites\/11\/2025\/05\/DSC05748-1-200x300.jpg 200w, https:\/\/www.manaus.am.gov.br\/manauscult\/wp-content\/uploads\/sites\/11\/2025\/05\/DSC05748-1-768x1152.jpg 768w, https:\/\/www.manaus.am.gov.br\/manauscult\/wp-content\/uploads\/sites\/11\/2025\/05\/DSC05748-1-1024x1536.jpg 1024w, https:\/\/www.manaus.am.gov.br\/manauscult\/wp-content\/uploads\/sites\/11\/2025\/05\/DSC05748-1-1365x2048.jpg 1365w\" sizes=\"(max-width: 683px) 100vw, 683px\" \/><\/figure>\n\n\n\n<p>&#8212; &#8212; &#8212;<\/p>\n\n\n\n<p><strong>Texto e fotos \u2013\u00a0<\/strong>Divulga\u00e7\u00e3o\/Concultura\u00a0<\/p>\n","protected":false},"excerpt":{"rendered":"","protected":false},"author":39,"featured_media":3903,"comment_status":"closed","ping_status":"closed","sticky":false,"template":"","format":"standard","meta":{"footnotes":""},"categories":[1402],"tags":[1403,45,1404,1087,11],"acf":[],"yoast_head":"<!-- This site is optimized with the Yoast SEO plugin v23.0 - https:\/\/yoast.com\/wordpress\/plugins\/seo\/ -->\n<title>Projeto \u2018Laborat\u00f3rio de Beats com DJ Wkilla\u2019 no bairro Novo Israel<\/title>\n<meta name=\"description\" content=\"Projeto contemplado pela Prefeitura de Manaus promove \u2018Laborat\u00f3rio de Beats com DJ Wkilla\u2019 no bairro Novo Israel.\" \/>\n<meta name=\"robots\" content=\"noindex, follow\" \/>\n<meta property=\"og:locale\" content=\"pt_BR\" \/>\n<meta property=\"og:type\" content=\"article\" \/>\n<meta property=\"og:title\" content=\"Projeto \u2018Laborat\u00f3rio de Beats com DJ Wkilla\u2019 no bairro Novo Israel\" \/>\n<meta property=\"og:description\" content=\"Projeto contemplado pela Prefeitura de Manaus promove \u2018Laborat\u00f3rio de Beats com DJ Wkilla\u2019 no bairro Novo Israel.\" \/>\n<meta property=\"og:url\" content=\"https:\/\/www.manaus.am.gov.br\/manauscult\/projeto-contemplado-prefeitura-novo-israel\/\" \/>\n<meta property=\"og:site_name\" content=\"MANAUSCULT\" \/>\n<meta property=\"article:published_time\" content=\"2025-05-13T16:09:17+00:00\" \/>\n<meta property=\"og:image\" content=\"https:\/\/www.manaus.am.gov.br\/manauscult\/wp-content\/uploads\/sites\/11\/2025\/05\/IMG-20250505-WA01511.jpg\" \/>\n\t<meta property=\"og:image:width\" content=\"1080\" \/>\n\t<meta property=\"og:image:height\" content=\"1350\" \/>\n\t<meta property=\"og:image:type\" content=\"image\/jpeg\" \/>\n<meta name=\"author\" content=\"Bruna Greco\" \/>\n<meta name=\"twitter:card\" content=\"summary_large_image\" \/>\n<meta name=\"twitter:label1\" content=\"Written by\" \/>\n\t<meta name=\"twitter:data1\" content=\"Bruna Greco\" \/>\n\t<meta name=\"twitter:label2\" content=\"Est. reading time\" \/>\n\t<meta name=\"twitter:data2\" content=\"2 minutos\" \/>\n<script type=\"application\/ld+json\" class=\"yoast-schema-graph\">{\"@context\":\"https:\/\/schema.org\",\"@graph\":[{\"@type\":\"WebPage\",\"@id\":\"https:\/\/www.manaus.am.gov.br\/manauscult\/projeto-contemplado-prefeitura-novo-israel\/\",\"url\":\"https:\/\/www.manaus.am.gov.br\/manauscult\/projeto-contemplado-prefeitura-novo-israel\/\",\"name\":\"Projeto \u2018Laborat\u00f3rio de Beats com DJ Wkilla\u2019 no bairro Novo Israel\",\"isPartOf\":{\"@id\":\"https:\/\/www.manaus.am.gov.br\/manauscult\/#website\"},\"primaryImageOfPage\":{\"@id\":\"https:\/\/www.manaus.am.gov.br\/manauscult\/projeto-contemplado-prefeitura-novo-israel\/#primaryimage\"},\"image\":{\"@id\":\"https:\/\/www.manaus.am.gov.br\/manauscult\/projeto-contemplado-prefeitura-novo-israel\/#primaryimage\"},\"thumbnailUrl\":\"https:\/\/www.manaus.am.gov.br\/manauscult\/wp-content\/uploads\/sites\/11\/2025\/05\/IMG-20250505-WA01511.jpg\",\"datePublished\":\"2025-05-13T16:09:17+00:00\",\"dateModified\":\"2025-05-13T16:09:17+00:00\",\"author\":{\"@id\":\"https:\/\/www.manaus.am.gov.br\/manauscult\/#\/schema\/person\/05d223aea2bf115f9883a6ff3683d81b\"},\"description\":\"Projeto contemplado pela Prefeitura de Manaus promove \u2018Laborat\u00f3rio de Beats com DJ Wkilla\u2019 no bairro Novo Israel.\",\"breadcrumb\":{\"@id\":\"https:\/\/www.manaus.am.gov.br\/manauscult\/projeto-contemplado-prefeitura-novo-israel\/#breadcrumb\"},\"inLanguage\":\"pt-BR\",\"potentialAction\":[{\"@type\":\"ReadAction\",\"target\":[\"https:\/\/www.manaus.am.gov.br\/manauscult\/projeto-contemplado-prefeitura-novo-israel\/\"]}]},{\"@type\":\"ImageObject\",\"inLanguage\":\"pt-BR\",\"@id\":\"https:\/\/www.manaus.am.gov.br\/manauscult\/projeto-contemplado-prefeitura-novo-israel\/#primaryimage\",\"url\":\"https:\/\/www.manaus.am.gov.br\/manauscult\/wp-content\/uploads\/sites\/11\/2025\/05\/IMG-20250505-WA01511.jpg\",\"contentUrl\":\"https:\/\/www.manaus.am.gov.br\/manauscult\/wp-content\/uploads\/sites\/11\/2025\/05\/IMG-20250505-WA01511.jpg\",\"width\":1080,\"height\":1350,\"caption\":\"#paratodosverem - Card de divulga\u00e7\u00e3o do projeto \u201cLaborat\u00f3rio de Beats com DJ Wkilla\u201d\"},{\"@type\":\"BreadcrumbList\",\"@id\":\"https:\/\/www.manaus.am.gov.br\/manauscult\/projeto-contemplado-prefeitura-novo-israel\/#breadcrumb\",\"itemListElement\":[{\"@type\":\"ListItem\",\"position\":1,\"name\":\"Home\",\"item\":\"https:\/\/www.manaus.am.gov.br\/manauscult\/\"},{\"@type\":\"ListItem\",\"position\":2,\"name\":\"Projeto contemplado pela Prefeitura de Manaus promove \u2018Laborat\u00f3rio de Beats com DJ Wkilla\u2019 no bairro Novo Israel\"}]},{\"@type\":\"WebSite\",\"@id\":\"https:\/\/www.manaus.am.gov.br\/manauscult\/#website\",\"url\":\"https:\/\/www.manaus.am.gov.br\/manauscult\/\",\"name\":\"MANAUSCULT\",\"description\":\"Prefeitura de Manaus\",\"potentialAction\":[{\"@type\":\"SearchAction\",\"target\":{\"@type\":\"EntryPoint\",\"urlTemplate\":\"https:\/\/www.manaus.am.gov.br\/manauscult\/?s={search_term_string}\"},\"query-input\":\"required name=search_term_string\"}],\"inLanguage\":\"pt-BR\"},{\"@type\":\"Person\",\"@id\":\"https:\/\/www.manaus.am.gov.br\/manauscult\/#\/schema\/person\/05d223aea2bf115f9883a6ff3683d81b\",\"name\":\"Bruna Greco\",\"image\":{\"@type\":\"ImageObject\",\"inLanguage\":\"pt-BR\",\"@id\":\"https:\/\/www.manaus.am.gov.br\/manauscult\/#\/schema\/person\/image\/\",\"url\":\"https:\/\/secure.gravatar.com\/avatar\/9c877d1a6adc2a055330e5c09a8653ce?s=96&d=mm&r=g\",\"contentUrl\":\"https:\/\/secure.gravatar.com\/avatar\/9c877d1a6adc2a055330e5c09a8653ce?s=96&d=mm&r=g\",\"caption\":\"Bruna Greco\"}}]}<\/script>\n<!-- \/ Yoast SEO plugin. -->","yoast_head_json":{"title":"Projeto \u2018Laborat\u00f3rio de Beats com DJ Wkilla\u2019 no bairro Novo Israel","description":"Projeto contemplado pela Prefeitura de Manaus promove \u2018Laborat\u00f3rio de Beats com DJ Wkilla\u2019 no bairro Novo Israel.","robots":{"index":"noindex","follow":"follow"},"og_locale":"pt_BR","og_type":"article","og_title":"Projeto \u2018Laborat\u00f3rio de Beats com DJ Wkilla\u2019 no bairro Novo Israel","og_description":"Projeto contemplado pela Prefeitura de Manaus promove \u2018Laborat\u00f3rio de Beats com DJ Wkilla\u2019 no bairro Novo Israel.","og_url":"https:\/\/www.manaus.am.gov.br\/manauscult\/projeto-contemplado-prefeitura-novo-israel\/","og_site_name":"MANAUSCULT","article_published_time":"2025-05-13T16:09:17+00:00","og_image":[{"width":1080,"height":1350,"url":"https:\/\/www.manaus.am.gov.br\/manauscult\/wp-content\/uploads\/sites\/11\/2025\/05\/IMG-20250505-WA01511.jpg","type":"image\/jpeg"}],"author":"Bruna Greco","twitter_card":"summary_large_image","twitter_misc":{"Written by":"Bruna Greco","Est. reading time":"2 minutos"},"schema":{"@context":"https:\/\/schema.org","@graph":[{"@type":"WebPage","@id":"https:\/\/www.manaus.am.gov.br\/manauscult\/projeto-contemplado-prefeitura-novo-israel\/","url":"https:\/\/www.manaus.am.gov.br\/manauscult\/projeto-contemplado-prefeitura-novo-israel\/","name":"Projeto \u2018Laborat\u00f3rio de Beats com DJ Wkilla\u2019 no bairro Novo Israel","isPartOf":{"@id":"https:\/\/www.manaus.am.gov.br\/manauscult\/#website"},"primaryImageOfPage":{"@id":"https:\/\/www.manaus.am.gov.br\/manauscult\/projeto-contemplado-prefeitura-novo-israel\/#primaryimage"},"image":{"@id":"https:\/\/www.manaus.am.gov.br\/manauscult\/projeto-contemplado-prefeitura-novo-israel\/#primaryimage"},"thumbnailUrl":"https:\/\/www.manaus.am.gov.br\/manauscult\/wp-content\/uploads\/sites\/11\/2025\/05\/IMG-20250505-WA01511.jpg","datePublished":"2025-05-13T16:09:17+00:00","dateModified":"2025-05-13T16:09:17+00:00","author":{"@id":"https:\/\/www.manaus.am.gov.br\/manauscult\/#\/schema\/person\/05d223aea2bf115f9883a6ff3683d81b"},"description":"Projeto contemplado pela Prefeitura de Manaus promove \u2018Laborat\u00f3rio de Beats com DJ Wkilla\u2019 no bairro Novo Israel.","breadcrumb":{"@id":"https:\/\/www.manaus.am.gov.br\/manauscult\/projeto-contemplado-prefeitura-novo-israel\/#breadcrumb"},"inLanguage":"pt-BR","potentialAction":[{"@type":"ReadAction","target":["https:\/\/www.manaus.am.gov.br\/manauscult\/projeto-contemplado-prefeitura-novo-israel\/"]}]},{"@type":"ImageObject","inLanguage":"pt-BR","@id":"https:\/\/www.manaus.am.gov.br\/manauscult\/projeto-contemplado-prefeitura-novo-israel\/#primaryimage","url":"https:\/\/www.manaus.am.gov.br\/manauscult\/wp-content\/uploads\/sites\/11\/2025\/05\/IMG-20250505-WA01511.jpg","contentUrl":"https:\/\/www.manaus.am.gov.br\/manauscult\/wp-content\/uploads\/sites\/11\/2025\/05\/IMG-20250505-WA01511.jpg","width":1080,"height":1350,"caption":"#paratodosverem - Card de divulga\u00e7\u00e3o do projeto \u201cLaborat\u00f3rio de Beats com DJ Wkilla\u201d"},{"@type":"BreadcrumbList","@id":"https:\/\/www.manaus.am.gov.br\/manauscult\/projeto-contemplado-prefeitura-novo-israel\/#breadcrumb","itemListElement":[{"@type":"ListItem","position":1,"name":"Home","item":"https:\/\/www.manaus.am.gov.br\/manauscult\/"},{"@type":"ListItem","position":2,"name":"Projeto contemplado pela Prefeitura de Manaus promove \u2018Laborat\u00f3rio de Beats com DJ Wkilla\u2019 no bairro Novo Israel"}]},{"@type":"WebSite","@id":"https:\/\/www.manaus.am.gov.br\/manauscult\/#website","url":"https:\/\/www.manaus.am.gov.br\/manauscult\/","name":"MANAUSCULT","description":"Prefeitura de Manaus","potentialAction":[{"@type":"SearchAction","target":{"@type":"EntryPoint","urlTemplate":"https:\/\/www.manaus.am.gov.br\/manauscult\/?s={search_term_string}"},"query-input":"required name=search_term_string"}],"inLanguage":"pt-BR"},{"@type":"Person","@id":"https:\/\/www.manaus.am.gov.br\/manauscult\/#\/schema\/person\/05d223aea2bf115f9883a6ff3683d81b","name":"Bruna Greco","image":{"@type":"ImageObject","inLanguage":"pt-BR","@id":"https:\/\/www.manaus.am.gov.br\/manauscult\/#\/schema\/person\/image\/","url":"https:\/\/secure.gravatar.com\/avatar\/9c877d1a6adc2a055330e5c09a8653ce?s=96&d=mm&r=g","contentUrl":"https:\/\/secure.gravatar.com\/avatar\/9c877d1a6adc2a055330e5c09a8653ce?s=96&d=mm&r=g","caption":"Bruna Greco"}}]}},"_links":{"self":[{"href":"https:\/\/www.manaus.am.gov.br\/manauscult\/wp-json\/wp\/v2\/posts\/3901"}],"collection":[{"href":"https:\/\/www.manaus.am.gov.br\/manauscult\/wp-json\/wp\/v2\/posts"}],"about":[{"href":"https:\/\/www.manaus.am.gov.br\/manauscult\/wp-json\/wp\/v2\/types\/post"}],"author":[{"embeddable":true,"href":"https:\/\/www.manaus.am.gov.br\/manauscult\/wp-json\/wp\/v2\/users\/39"}],"replies":[{"embeddable":true,"href":"https:\/\/www.manaus.am.gov.br\/manauscult\/wp-json\/wp\/v2\/comments?post=3901"}],"version-history":[{"count":1,"href":"https:\/\/www.manaus.am.gov.br\/manauscult\/wp-json\/wp\/v2\/posts\/3901\/revisions"}],"predecessor-version":[{"id":3904,"href":"https:\/\/www.manaus.am.gov.br\/manauscult\/wp-json\/wp\/v2\/posts\/3901\/revisions\/3904"}],"wp:featuredmedia":[{"embeddable":true,"href":"https:\/\/www.manaus.am.gov.br\/manauscult\/wp-json\/wp\/v2\/media\/3903"}],"wp:attachment":[{"href":"https:\/\/www.manaus.am.gov.br\/manauscult\/wp-json\/wp\/v2\/media?parent=3901"}],"wp:term":[{"taxonomy":"category","embeddable":true,"href":"https:\/\/www.manaus.am.gov.br\/manauscult\/wp-json\/wp\/v2\/categories?post=3901"},{"taxonomy":"post_tag","embeddable":true,"href":"https:\/\/www.manaus.am.gov.br\/manauscult\/wp-json\/wp\/v2\/tags?post=3901"}],"curies":[{"name":"wp","href":"https:\/\/api.w.org\/{rel}","templated":true}]}}