{"id":3894,"date":"2025-05-12T11:36:41","date_gmt":"2025-05-12T15:36:41","guid":{"rendered":"https:\/\/www.manaus.am.gov.br\/manauscult\/abertura-23a-semana-nacional-de-museus\/"},"modified":"2025-05-12T11:37:50","modified_gmt":"2025-05-12T15:37:50","slug":"abertura-23a-semana-nacional-de-museus","status":"publish","type":"post","link":"https:\/\/www.manaus.am.gov.br\/manauscult\/abertura-23a-semana-nacional-de-museus\/","title":{"rendered":"Manaus d\u00e1 in\u00edcio \u00e0 23\u00aa Semana Nacional de Museus com programa\u00e7\u00e3o\u00a0cultural\u00a0em diversos espa\u00e7os da cidade"},"content":{"rendered":"\n<p>A 23\u00aa Semana Nacional de Museus, realizada em alus\u00e3o ao Dia Internacional dos Museus, comemorado em 18 de maio, iniciou, nesta segunda-feira, 12\/5, com atividades em diferentes espa\u00e7os culturais da cidade, coordenada pela Prefeitura de Manaus, por meio da Funda\u00e7\u00e3o Municipal de Cultura, Turismo e Eventos (Manauscult). A iniciativa \u00e9 promovida em todo o pa\u00eds pelo Instituto Brasileiro de Museus (Ibram), \u00f3rg\u00e3o vinculado ao Minist\u00e9rio da Cultura (MinC).<\/p>\n\n\n\n<p><br>Com o tema \u201cO futuro dos museus em comunidades em r\u00e1pida transforma\u00e7\u00e3o\u201d, a programa\u00e7\u00e3o local se estende at\u00e9 o dia 18\/5, oferecendo ao p\u00fablico exposi\u00e7\u00f5es, oficinas, palestras, a\u00e7\u00f5es educativas e atividades ao ar livre.<\/p>\n\n\n\n<p>A abertura aconteceu no Museu da Cidade de Manaus (Muma), localizado no centro hist\u00f3rico, com a exposi\u00e7\u00e3o&nbsp; \u201cYupirungawa\u201d, da artista Carla Pal\u00e1cio, que apresenta releituras das ilustra\u00e7\u00f5es da expedi\u00e7\u00e3o do naturalista Alexandre Rodrigues Ferreira, do s\u00e9culo 18, reinterpretadas sob o olhar amaz\u00f4nico. Al\u00e9m da mostra, os visitantes participaram de uma oficina de pintura conduzida pela pr\u00f3pria artista.<\/p>\n\n\n\n<p><br>O diretor-presidente da Manauscult, Jender Lobato, ressaltou a import\u00e2ncia da participa\u00e7\u00e3o de Manaus nesse evento nacional e destacou o papel dos museus como espa\u00e7os de di\u00e1logo e transforma\u00e7\u00e3o.<br><br>\u201cNosso objetivo \u00e9 que os museus deixem de ser vistos apenas como reposit\u00f3rios de objetos antigos e sejam reconhecidos como lugares de encontro, de educa\u00e7\u00e3o e de debate sobre o presente e o futuro. A Semana Nacional de Museus \u00e9 uma oportunidade de aproximar a popula\u00e7\u00e3o desses espa\u00e7os, mostrando como eles evoluem junto com a sociedade\u201d, afirmou Jender.<\/p>\n\n\n\n<p><br>Entre os visitantes da abertura estavam alunos da escola estadual de Tempo Integral Bil\u00edngue Gilberto Mestrinho Medeiros Raposo, que participaram das atividades no museu. O estudante Anderson Vin\u00edcius ficou impressionado com a experi\u00eancia.<\/p>\n\n\n\n<p><br>\u201cFoi a primeira vez que vim ao Muma e gostei muito. \u00c9 diferente aprender hist\u00f3ria assim, vendo as obras de perto e entendendo como tudo se conecta com a nossa regi\u00e3o. Foi uma oportunidade que vou lembrar por muito tempo\u201d, disse.<\/p>\n\n\n\n<p><br>Al\u00e9m do Muma, a programa\u00e7\u00e3o segue em outros espa\u00e7os culturais da capital, como na biblioteca municipal Jo\u00e3o Bosco Pantoja Evangelista, no centro cultural \u00d3scar Ramos e na pra\u00e7a Dom Pedro II, com atividades voltadas \u00e0 valoriza\u00e7\u00e3o da mem\u00f3ria, das artes e da diversidade cultural.<\/p>\n\n\n\n<p><br>Entre os destaques, est\u00e3o rodas de conversa, palestras sobre o patrim\u00f4nio cultural, apresenta\u00e7\u00f5es musicais e visitas monitoradas pelas ruas hist\u00f3ricas da cidade, proporcionando tamb\u00e9m momentos de intera\u00e7\u00e3o ao ar livre.<\/p>\n\n\n\n<p><br>A Semana Nacional de Museus acontece anualmente em todo o Brasil, reunindo institui\u00e7\u00f5es de cultura e mem\u00f3ria em uma agenda colaborativa que refor\u00e7a a fun\u00e7\u00e3o social dos museus como agentes de transforma\u00e7\u00e3o e inclus\u00e3o.<\/p>\n\n\n\n<p><br>A programa\u00e7\u00e3o em Manaus \u00e9 gratuita e pode ser conferida nos canais oficiais da Manauscult.<\/p>\n\n\n\n<figure class=\"wp-block-image size-large\"><img loading=\"lazy\" decoding=\"async\" width=\"1024\" height=\"683\" src=\"https:\/\/www.manaus.am.gov.br\/manauscult\/wp-content\/uploads\/sites\/11\/2025\/05\/e399f057-f7b4-4080-a49a-8514077cf579-1024x683.jpeg\" alt=\"Semana dos museus\" class=\"wp-image-3896\" srcset=\"https:\/\/www.manaus.am.gov.br\/manauscult\/wp-content\/uploads\/sites\/11\/2025\/05\/e399f057-f7b4-4080-a49a-8514077cf579-1024x683.jpeg 1024w, https:\/\/www.manaus.am.gov.br\/manauscult\/wp-content\/uploads\/sites\/11\/2025\/05\/e399f057-f7b4-4080-a49a-8514077cf579-300x200.jpeg 300w, https:\/\/www.manaus.am.gov.br\/manauscult\/wp-content\/uploads\/sites\/11\/2025\/05\/e399f057-f7b4-4080-a49a-8514077cf579-768x512.jpeg 768w, https:\/\/www.manaus.am.gov.br\/manauscult\/wp-content\/uploads\/sites\/11\/2025\/05\/e399f057-f7b4-4080-a49a-8514077cf579-1536x1024.jpeg 1536w, https:\/\/www.manaus.am.gov.br\/manauscult\/wp-content\/uploads\/sites\/11\/2025\/05\/e399f057-f7b4-4080-a49a-8514077cf579-2048x1366.jpeg 2048w\" sizes=\"(max-width: 1024px) 100vw, 1024px\" \/><\/figure>\n\n\n\n<p>&#8212; &#8212; &#8212;<\/p>\n\n\n\n<p><strong>Texto &#8211;<\/strong>&nbsp;J\u00e9ssica Trajano\/Manauscult<\/p>\n\n\n\n<p><strong>Fotos &#8211;<\/strong> Thelson Souza\/Manauscult<\/p>\n","protected":false},"excerpt":{"rendered":"","protected":false},"author":39,"featured_media":3895,"comment_status":"closed","ping_status":"closed","sticky":false,"template":"","format":"standard","meta":{"footnotes":""},"categories":[1399],"tags":[1378,1400,9,11,1401],"acf":[],"yoast_head":"<!-- This site is optimized with the Yoast SEO plugin v23.0 - https:\/\/yoast.com\/wordpress\/plugins\/seo\/ -->\n<title>Manaus d\u00e1 in\u00edcio \u00e0 23\u00aa Semana Nacional de Museus<\/title>\n<meta name=\"description\" content=\"Manaus d\u00e1 in\u00edcio \u00e0 23\u00aa Semana Nacional de Museus com programa\u00e7\u00e3o cultural em diversos espa\u00e7os da cidade nesta segunda-feira, 12\/5.\" \/>\n<meta name=\"robots\" content=\"noindex, follow\" \/>\n<meta property=\"og:locale\" content=\"pt_BR\" \/>\n<meta property=\"og:type\" content=\"article\" \/>\n<meta property=\"og:title\" content=\"Manaus d\u00e1 in\u00edcio \u00e0 23\u00aa Semana Nacional de Museus\" \/>\n<meta property=\"og:description\" content=\"Manaus d\u00e1 in\u00edcio \u00e0 23\u00aa Semana Nacional de Museus com programa\u00e7\u00e3o cultural em diversos espa\u00e7os da cidade nesta segunda-feira, 12\/5.\" \/>\n<meta property=\"og:url\" content=\"https:\/\/www.manaus.am.gov.br\/manauscult\/abertura-23a-semana-nacional-de-museus\/\" \/>\n<meta property=\"og:site_name\" content=\"MANAUSCULT\" \/>\n<meta property=\"article:published_time\" content=\"2025-05-12T15:36:41+00:00\" \/>\n<meta property=\"article:modified_time\" content=\"2025-05-12T15:37:50+00:00\" \/>\n<meta property=\"og:image\" content=\"https:\/\/www.manaus.am.gov.br\/manauscult\/wp-content\/uploads\/sites\/11\/2025\/05\/4d33fe6d-9e86-4b0a-afaf-c7717c3ae7b7.jpeg\" \/>\n\t<meta property=\"og:image:width\" content=\"4160\" \/>\n\t<meta property=\"og:image:height\" content=\"2774\" \/>\n\t<meta property=\"og:image:type\" content=\"image\/jpeg\" \/>\n<meta name=\"author\" content=\"Bruna Greco\" \/>\n<meta name=\"twitter:card\" content=\"summary_large_image\" \/>\n<meta name=\"twitter:label1\" content=\"Written by\" \/>\n\t<meta name=\"twitter:data1\" content=\"Bruna Greco\" \/>\n\t<meta name=\"twitter:label2\" content=\"Est. reading time\" \/>\n\t<meta name=\"twitter:data2\" content=\"3 minutos\" \/>\n<script type=\"application\/ld+json\" class=\"yoast-schema-graph\">{\"@context\":\"https:\/\/schema.org\",\"@graph\":[{\"@type\":\"WebPage\",\"@id\":\"https:\/\/www.manaus.am.gov.br\/manauscult\/abertura-23a-semana-nacional-de-museus\/\",\"url\":\"https:\/\/www.manaus.am.gov.br\/manauscult\/abertura-23a-semana-nacional-de-museus\/\",\"name\":\"Manaus d\u00e1 in\u00edcio \u00e0 23\u00aa Semana Nacional de Museus\",\"isPartOf\":{\"@id\":\"https:\/\/www.manaus.am.gov.br\/manauscult\/#website\"},\"primaryImageOfPage\":{\"@id\":\"https:\/\/www.manaus.am.gov.br\/manauscult\/abertura-23a-semana-nacional-de-museus\/#primaryimage\"},\"image\":{\"@id\":\"https:\/\/www.manaus.am.gov.br\/manauscult\/abertura-23a-semana-nacional-de-museus\/#primaryimage\"},\"thumbnailUrl\":\"https:\/\/www.manaus.am.gov.br\/manauscult\/wp-content\/uploads\/sites\/11\/2025\/05\/4d33fe6d-9e86-4b0a-afaf-c7717c3ae7b7.jpeg\",\"datePublished\":\"2025-05-12T15:36:41+00:00\",\"dateModified\":\"2025-05-12T15:37:50+00:00\",\"author\":{\"@id\":\"https:\/\/www.manaus.am.gov.br\/manauscult\/#\/schema\/person\/05d223aea2bf115f9883a6ff3683d81b\"},\"description\":\"Manaus d\u00e1 in\u00edcio \u00e0 23\u00aa Semana Nacional de Museus com programa\u00e7\u00e3o cultural em diversos espa\u00e7os da cidade nesta segunda-feira, 12\/5.\",\"breadcrumb\":{\"@id\":\"https:\/\/www.manaus.am.gov.br\/manauscult\/abertura-23a-semana-nacional-de-museus\/#breadcrumb\"},\"inLanguage\":\"pt-BR\",\"potentialAction\":[{\"@type\":\"ReadAction\",\"target\":[\"https:\/\/www.manaus.am.gov.br\/manauscult\/abertura-23a-semana-nacional-de-museus\/\"]}]},{\"@type\":\"ImageObject\",\"inLanguage\":\"pt-BR\",\"@id\":\"https:\/\/www.manaus.am.gov.br\/manauscult\/abertura-23a-semana-nacional-de-museus\/#primaryimage\",\"url\":\"https:\/\/www.manaus.am.gov.br\/manauscult\/wp-content\/uploads\/sites\/11\/2025\/05\/4d33fe6d-9e86-4b0a-afaf-c7717c3ae7b7.jpeg\",\"contentUrl\":\"https:\/\/www.manaus.am.gov.br\/manauscult\/wp-content\/uploads\/sites\/11\/2025\/05\/4d33fe6d-9e86-4b0a-afaf-c7717c3ae7b7.jpeg\",\"width\":4160,\"height\":2774},{\"@type\":\"BreadcrumbList\",\"@id\":\"https:\/\/www.manaus.am.gov.br\/manauscult\/abertura-23a-semana-nacional-de-museus\/#breadcrumb\",\"itemListElement\":[{\"@type\":\"ListItem\",\"position\":1,\"name\":\"Home\",\"item\":\"https:\/\/www.manaus.am.gov.br\/manauscult\/\"},{\"@type\":\"ListItem\",\"position\":2,\"name\":\"Manaus d\u00e1 in\u00edcio \u00e0 23\u00aa Semana Nacional de Museus com programa\u00e7\u00e3o\u00a0cultural\u00a0em diversos espa\u00e7os da cidade\"}]},{\"@type\":\"WebSite\",\"@id\":\"https:\/\/www.manaus.am.gov.br\/manauscult\/#website\",\"url\":\"https:\/\/www.manaus.am.gov.br\/manauscult\/\",\"name\":\"MANAUSCULT\",\"description\":\"Prefeitura de Manaus\",\"potentialAction\":[{\"@type\":\"SearchAction\",\"target\":{\"@type\":\"EntryPoint\",\"urlTemplate\":\"https:\/\/www.manaus.am.gov.br\/manauscult\/?s={search_term_string}\"},\"query-input\":\"required name=search_term_string\"}],\"inLanguage\":\"pt-BR\"},{\"@type\":\"Person\",\"@id\":\"https:\/\/www.manaus.am.gov.br\/manauscult\/#\/schema\/person\/05d223aea2bf115f9883a6ff3683d81b\",\"name\":\"Bruna Greco\",\"image\":{\"@type\":\"ImageObject\",\"inLanguage\":\"pt-BR\",\"@id\":\"https:\/\/www.manaus.am.gov.br\/manauscult\/#\/schema\/person\/image\/\",\"url\":\"https:\/\/secure.gravatar.com\/avatar\/9c877d1a6adc2a055330e5c09a8653ce?s=96&d=mm&r=g\",\"contentUrl\":\"https:\/\/secure.gravatar.com\/avatar\/9c877d1a6adc2a055330e5c09a8653ce?s=96&d=mm&r=g\",\"caption\":\"Bruna Greco\"}}]}<\/script>\n<!-- \/ Yoast SEO plugin. -->","yoast_head_json":{"title":"Manaus d\u00e1 in\u00edcio \u00e0 23\u00aa Semana Nacional de Museus","description":"Manaus d\u00e1 in\u00edcio \u00e0 23\u00aa Semana Nacional de Museus com programa\u00e7\u00e3o cultural em diversos espa\u00e7os da cidade nesta segunda-feira, 12\/5.","robots":{"index":"noindex","follow":"follow"},"og_locale":"pt_BR","og_type":"article","og_title":"Manaus d\u00e1 in\u00edcio \u00e0 23\u00aa Semana Nacional de Museus","og_description":"Manaus d\u00e1 in\u00edcio \u00e0 23\u00aa Semana Nacional de Museus com programa\u00e7\u00e3o cultural em diversos espa\u00e7os da cidade nesta segunda-feira, 12\/5.","og_url":"https:\/\/www.manaus.am.gov.br\/manauscult\/abertura-23a-semana-nacional-de-museus\/","og_site_name":"MANAUSCULT","article_published_time":"2025-05-12T15:36:41+00:00","article_modified_time":"2025-05-12T15:37:50+00:00","og_image":[{"width":4160,"height":2774,"url":"https:\/\/www.manaus.am.gov.br\/manauscult\/wp-content\/uploads\/sites\/11\/2025\/05\/4d33fe6d-9e86-4b0a-afaf-c7717c3ae7b7.jpeg","type":"image\/jpeg"}],"author":"Bruna Greco","twitter_card":"summary_large_image","twitter_misc":{"Written by":"Bruna Greco","Est. reading time":"3 minutos"},"schema":{"@context":"https:\/\/schema.org","@graph":[{"@type":"WebPage","@id":"https:\/\/www.manaus.am.gov.br\/manauscult\/abertura-23a-semana-nacional-de-museus\/","url":"https:\/\/www.manaus.am.gov.br\/manauscult\/abertura-23a-semana-nacional-de-museus\/","name":"Manaus d\u00e1 in\u00edcio \u00e0 23\u00aa Semana Nacional de Museus","isPartOf":{"@id":"https:\/\/www.manaus.am.gov.br\/manauscult\/#website"},"primaryImageOfPage":{"@id":"https:\/\/www.manaus.am.gov.br\/manauscult\/abertura-23a-semana-nacional-de-museus\/#primaryimage"},"image":{"@id":"https:\/\/www.manaus.am.gov.br\/manauscult\/abertura-23a-semana-nacional-de-museus\/#primaryimage"},"thumbnailUrl":"https:\/\/www.manaus.am.gov.br\/manauscult\/wp-content\/uploads\/sites\/11\/2025\/05\/4d33fe6d-9e86-4b0a-afaf-c7717c3ae7b7.jpeg","datePublished":"2025-05-12T15:36:41+00:00","dateModified":"2025-05-12T15:37:50+00:00","author":{"@id":"https:\/\/www.manaus.am.gov.br\/manauscult\/#\/schema\/person\/05d223aea2bf115f9883a6ff3683d81b"},"description":"Manaus d\u00e1 in\u00edcio \u00e0 23\u00aa Semana Nacional de Museus com programa\u00e7\u00e3o cultural em diversos espa\u00e7os da cidade nesta segunda-feira, 12\/5.","breadcrumb":{"@id":"https:\/\/www.manaus.am.gov.br\/manauscult\/abertura-23a-semana-nacional-de-museus\/#breadcrumb"},"inLanguage":"pt-BR","potentialAction":[{"@type":"ReadAction","target":["https:\/\/www.manaus.am.gov.br\/manauscult\/abertura-23a-semana-nacional-de-museus\/"]}]},{"@type":"ImageObject","inLanguage":"pt-BR","@id":"https:\/\/www.manaus.am.gov.br\/manauscult\/abertura-23a-semana-nacional-de-museus\/#primaryimage","url":"https:\/\/www.manaus.am.gov.br\/manauscult\/wp-content\/uploads\/sites\/11\/2025\/05\/4d33fe6d-9e86-4b0a-afaf-c7717c3ae7b7.jpeg","contentUrl":"https:\/\/www.manaus.am.gov.br\/manauscult\/wp-content\/uploads\/sites\/11\/2025\/05\/4d33fe6d-9e86-4b0a-afaf-c7717c3ae7b7.jpeg","width":4160,"height":2774},{"@type":"BreadcrumbList","@id":"https:\/\/www.manaus.am.gov.br\/manauscult\/abertura-23a-semana-nacional-de-museus\/#breadcrumb","itemListElement":[{"@type":"ListItem","position":1,"name":"Home","item":"https:\/\/www.manaus.am.gov.br\/manauscult\/"},{"@type":"ListItem","position":2,"name":"Manaus d\u00e1 in\u00edcio \u00e0 23\u00aa Semana Nacional de Museus com programa\u00e7\u00e3o\u00a0cultural\u00a0em diversos espa\u00e7os da cidade"}]},{"@type":"WebSite","@id":"https:\/\/www.manaus.am.gov.br\/manauscult\/#website","url":"https:\/\/www.manaus.am.gov.br\/manauscult\/","name":"MANAUSCULT","description":"Prefeitura de Manaus","potentialAction":[{"@type":"SearchAction","target":{"@type":"EntryPoint","urlTemplate":"https:\/\/www.manaus.am.gov.br\/manauscult\/?s={search_term_string}"},"query-input":"required name=search_term_string"}],"inLanguage":"pt-BR"},{"@type":"Person","@id":"https:\/\/www.manaus.am.gov.br\/manauscult\/#\/schema\/person\/05d223aea2bf115f9883a6ff3683d81b","name":"Bruna Greco","image":{"@type":"ImageObject","inLanguage":"pt-BR","@id":"https:\/\/www.manaus.am.gov.br\/manauscult\/#\/schema\/person\/image\/","url":"https:\/\/secure.gravatar.com\/avatar\/9c877d1a6adc2a055330e5c09a8653ce?s=96&d=mm&r=g","contentUrl":"https:\/\/secure.gravatar.com\/avatar\/9c877d1a6adc2a055330e5c09a8653ce?s=96&d=mm&r=g","caption":"Bruna Greco"}}]}},"_links":{"self":[{"href":"https:\/\/www.manaus.am.gov.br\/manauscult\/wp-json\/wp\/v2\/posts\/3894"}],"collection":[{"href":"https:\/\/www.manaus.am.gov.br\/manauscult\/wp-json\/wp\/v2\/posts"}],"about":[{"href":"https:\/\/www.manaus.am.gov.br\/manauscult\/wp-json\/wp\/v2\/types\/post"}],"author":[{"embeddable":true,"href":"https:\/\/www.manaus.am.gov.br\/manauscult\/wp-json\/wp\/v2\/users\/39"}],"replies":[{"embeddable":true,"href":"https:\/\/www.manaus.am.gov.br\/manauscult\/wp-json\/wp\/v2\/comments?post=3894"}],"version-history":[{"count":3,"href":"https:\/\/www.manaus.am.gov.br\/manauscult\/wp-json\/wp\/v2\/posts\/3894\/revisions"}],"predecessor-version":[{"id":3899,"href":"https:\/\/www.manaus.am.gov.br\/manauscult\/wp-json\/wp\/v2\/posts\/3894\/revisions\/3899"}],"wp:featuredmedia":[{"embeddable":true,"href":"https:\/\/www.manaus.am.gov.br\/manauscult\/wp-json\/wp\/v2\/media\/3895"}],"wp:attachment":[{"href":"https:\/\/www.manaus.am.gov.br\/manauscult\/wp-json\/wp\/v2\/media?parent=3894"}],"wp:term":[{"taxonomy":"category","embeddable":true,"href":"https:\/\/www.manaus.am.gov.br\/manauscult\/wp-json\/wp\/v2\/categories?post=3894"},{"taxonomy":"post_tag","embeddable":true,"href":"https:\/\/www.manaus.am.gov.br\/manauscult\/wp-json\/wp\/v2\/tags?post=3894"}],"curies":[{"name":"wp","href":"https:\/\/api.w.org\/{rel}","templated":true}]}}