{"id":389,"date":"2023-05-13T16:09:59","date_gmt":"2023-05-13T20:09:59","guid":{"rendered":"https:\/\/www.manaus.am.gov.br\/manauscult\/curso-artistas-produtores\/"},"modified":"2023-05-31T15:33:18","modified_gmt":"2023-05-31T19:33:18","slug":"curso-artistas-produtores","status":"publish","type":"post","link":"https:\/\/www.manaus.am.gov.br\/manauscult\/curso-artistas-produtores\/","title":{"rendered":"Prefeitura disponibiliza 50 vagas para curso destinado a artistas e produtores culturais"},"content":{"rendered":"\n<p>A Prefeitura de Manaus, por meio da Funda\u00e7\u00e3o Municipal de Cultura, Turismo e Eventos (Manauscult), em parceria com a Escola de Servi\u00e7o P\u00fablico Municipal e Inclus\u00e3o Socioeducacional (Espi), realiza, de 23 a 31\/5, o curso de \u201cPlanejamento Financeiro para Projetos Culturais\u201d, na sala de Treinamento (Subsolo) do Casar\u00e3o de Inova\u00e7\u00e3o Cassina, na avenida Bernardo Ramos, centro hist\u00f3rico.<\/p>\n\n\n\n<p>Para essa primeira turma, ser\u00e3o ofertadas 50 vagas, por meio de inscri\u00e7\u00e3o no link&nbsp;<a href=\"http:\/\/manauscult.manaus.am.gov.br\/promfac-programa-municipal-de-formacao-cultural\" target=\"_blank\" rel=\"noreferrer noopener\">http:\/\/manauscult.manaus.am.gov.br\/promfac-programa-municipal-de-formacao-cultural<\/a>, que vai ficar dispon\u00edvel at\u00e9 as 23h59 do dia 18\/5. O resultado ser\u00e1 divulgado no dia 19\/5.<\/p>\n\n\n\n<p>Osvaldo Cardoso, diretor-presidente da Manauscult, destaca que a qualifica\u00e7\u00e3o da classe art\u00edstica e o fortalecimento da economia criativa s\u00e3o prioridades na gest\u00e3o do prefeito David Almeida.<\/p>\n\n\n\n<p>\u201cEstamos, em parceria com a Espi, disponibilizando mais um curso de forma\u00e7\u00e3o para a classe art\u00edstica da cidade, para que eles tenham condi\u00e7\u00f5es de competir em editais de fomento \u00e0 cultura disponibilizados, tanto pela prefeitura de Manaus quanto por outras cidades\u201d, disse.<\/p>\n\n\n\n<p>Ainda de acordo com Osvaldo Cardoso, na pr\u00f3xima semana, a Manauscult, com o apoio t\u00e9cnico do Conselho Municipal de Cultura (Concultura), iniciar\u00e1 os trabalhos de cadastramento dos Planos de A\u00e7\u00e3o na Plataforma TransfereGov para a implementa\u00e7\u00e3o e acesso total aos benef\u00edcios da Lei Paulo Gustavo.<\/p>\n\n\n\n<p>\u201cEssa semana tivemos a regulamenta\u00e7\u00e3o da Lei Paulo Gustavo pelo presidente Lula, em Bras\u00edlia, que assegura um investimento de R$ 3,8 bilh\u00f5es para o setor. E, Manaus, a partir de segunda-feira, come\u00e7a os trabalhos de implementa\u00e7\u00e3o da lei que vai garantir fomento para projetos de m\u00fasica, dan\u00e7a, pintura, escultura, cinema, fotografia e artes digitais. \u00c9 importante que os fazedores de cultura estejam capacitados\u201d, concluiu o diretor-presidente da Manauscult.<\/p>\n\n\n\n<p>O curso tem como objetivo abordar os aspectos t\u00e9cnicos e gerenciais de projetos, trazendo ferramentas corretas para entregar projetos no prazo, dentro dos custos previstos e com qualidade.<\/p>\n\n\n\n<p>&#8212; &#8212; &#8212;<\/p>\n\n\n\n<p><strong>Texto<\/strong> &#8211; Emanuelle Baires \/ Manauscult<\/p>\n\n\n\n<p><strong>Foto<\/strong> \u2013 Arquivo \/ Semcom<\/p>\n","protected":false},"excerpt":{"rendered":"","protected":false},"author":25,"featured_media":390,"comment_status":"closed","ping_status":"closed","sticky":false,"template":"","format":"standard","meta":{"footnotes":""},"categories":[12],"tags":[85,86,48,9],"acf":[],"yoast_head":"<!-- This site is optimized with the Yoast SEO plugin v23.0 - https:\/\/yoast.com\/wordpress\/plugins\/seo\/ -->\n<title>Prefeitura disponibiliza 50 vagas para curso destinado a artistas e produtores culturais<\/title>\n<meta name=\"description\" content=\"A Prefeitura de Manaus realiza, de 23 a 31\/5, o curso de \u201cPlanejamento Financeiro para Projetos Culturais\u201d\" \/>\n<meta name=\"robots\" content=\"noindex, follow\" \/>\n<meta property=\"og:locale\" content=\"pt_BR\" \/>\n<meta property=\"og:type\" content=\"article\" \/>\n<meta property=\"og:title\" content=\"Prefeitura disponibiliza 50 vagas para curso destinado a artistas e produtores culturais\" \/>\n<meta property=\"og:description\" content=\"A Prefeitura de Manaus realiza, de 23 a 31\/5, o curso de \u201cPlanejamento Financeiro para Projetos Culturais\u201d\" \/>\n<meta property=\"og:url\" content=\"https:\/\/www.manaus.am.gov.br\/manauscult\/curso-artistas-produtores\/\" \/>\n<meta property=\"og:site_name\" content=\"MANAUSCULT\" \/>\n<meta property=\"article:published_time\" content=\"2023-05-13T20:09:59+00:00\" \/>\n<meta property=\"article:modified_time\" content=\"2023-05-31T19:33:18+00:00\" \/>\n<meta property=\"og:image\" content=\"https:\/\/www.manaus.am.gov.br\/manauscult\/wp-content\/uploads\/sites\/11\/2023\/05\/IMG_0367.jpeg\" \/>\n\t<meta property=\"og:image:width\" content=\"1024\" \/>\n\t<meta property=\"og:image:height\" content=\"1024\" \/>\n\t<meta property=\"og:image:type\" content=\"image\/jpeg\" \/>\n<meta name=\"author\" content=\"Maur\u00edcio Freire\" \/>\n<meta name=\"twitter:card\" content=\"summary_large_image\" \/>\n<meta name=\"twitter:label1\" content=\"Written by\" \/>\n\t<meta name=\"twitter:data1\" content=\"Maur\u00edcio Freire\" \/>\n\t<meta name=\"twitter:label2\" content=\"Est. reading time\" \/>\n\t<meta name=\"twitter:data2\" content=\"2 minutos\" \/>\n<script type=\"application\/ld+json\" class=\"yoast-schema-graph\">{\"@context\":\"https:\/\/schema.org\",\"@graph\":[{\"@type\":\"WebPage\",\"@id\":\"https:\/\/www.manaus.am.gov.br\/manauscult\/curso-artistas-produtores\/\",\"url\":\"https:\/\/www.manaus.am.gov.br\/manauscult\/curso-artistas-produtores\/\",\"name\":\"Prefeitura disponibiliza 50 vagas para curso destinado a artistas e produtores culturais\",\"isPartOf\":{\"@id\":\"https:\/\/www.manaus.am.gov.br\/manauscult\/#website\"},\"primaryImageOfPage\":{\"@id\":\"https:\/\/www.manaus.am.gov.br\/manauscult\/curso-artistas-produtores\/#primaryimage\"},\"image\":{\"@id\":\"https:\/\/www.manaus.am.gov.br\/manauscult\/curso-artistas-produtores\/#primaryimage\"},\"thumbnailUrl\":\"https:\/\/www.manaus.am.gov.br\/manauscult\/wp-content\/uploads\/sites\/11\/2023\/05\/IMG_0367.jpeg\",\"datePublished\":\"2023-05-13T20:09:59+00:00\",\"dateModified\":\"2023-05-31T19:33:18+00:00\",\"author\":{\"@id\":\"https:\/\/www.manaus.am.gov.br\/manauscult\/#\/schema\/person\/587989a23a463cde5618e6a028977a9a\"},\"description\":\"A Prefeitura de Manaus realiza, de 23 a 31\/5, o curso de \u201cPlanejamento Financeiro para Projetos Culturais\u201d\",\"breadcrumb\":{\"@id\":\"https:\/\/www.manaus.am.gov.br\/manauscult\/curso-artistas-produtores\/#breadcrumb\"},\"inLanguage\":\"pt-BR\",\"potentialAction\":[{\"@type\":\"ReadAction\",\"target\":[\"https:\/\/www.manaus.am.gov.br\/manauscult\/curso-artistas-produtores\/\"]}]},{\"@type\":\"ImageObject\",\"inLanguage\":\"pt-BR\",\"@id\":\"https:\/\/www.manaus.am.gov.br\/manauscult\/curso-artistas-produtores\/#primaryimage\",\"url\":\"https:\/\/www.manaus.am.gov.br\/manauscult\/wp-content\/uploads\/sites\/11\/2023\/05\/IMG_0367.jpeg\",\"contentUrl\":\"https:\/\/www.manaus.am.gov.br\/manauscult\/wp-content\/uploads\/sites\/11\/2023\/05\/IMG_0367.jpeg\",\"width\":1024,\"height\":1024},{\"@type\":\"BreadcrumbList\",\"@id\":\"https:\/\/www.manaus.am.gov.br\/manauscult\/curso-artistas-produtores\/#breadcrumb\",\"itemListElement\":[{\"@type\":\"ListItem\",\"position\":1,\"name\":\"Home\",\"item\":\"https:\/\/www.manaus.am.gov.br\/manauscult\/\"},{\"@type\":\"ListItem\",\"position\":2,\"name\":\"Prefeitura disponibiliza 50 vagas para curso destinado a artistas e produtores culturais\"}]},{\"@type\":\"WebSite\",\"@id\":\"https:\/\/www.manaus.am.gov.br\/manauscult\/#website\",\"url\":\"https:\/\/www.manaus.am.gov.br\/manauscult\/\",\"name\":\"MANAUSCULT\",\"description\":\"Prefeitura de Manaus\",\"potentialAction\":[{\"@type\":\"SearchAction\",\"target\":{\"@type\":\"EntryPoint\",\"urlTemplate\":\"https:\/\/www.manaus.am.gov.br\/manauscult\/?s={search_term_string}\"},\"query-input\":\"required name=search_term_string\"}],\"inLanguage\":\"pt-BR\"},{\"@type\":\"Person\",\"@id\":\"https:\/\/www.manaus.am.gov.br\/manauscult\/#\/schema\/person\/587989a23a463cde5618e6a028977a9a\",\"name\":\"Maur\u00edcio Freire\",\"image\":{\"@type\":\"ImageObject\",\"inLanguage\":\"pt-BR\",\"@id\":\"https:\/\/www.manaus.am.gov.br\/manauscult\/#\/schema\/person\/image\/\",\"url\":\"https:\/\/secure.gravatar.com\/avatar\/dc1481799a1f75c733ac3b2634cd6749?s=96&d=mm&r=g\",\"contentUrl\":\"https:\/\/secure.gravatar.com\/avatar\/dc1481799a1f75c733ac3b2634cd6749?s=96&d=mm&r=g\",\"caption\":\"Maur\u00edcio Freire\"}}]}<\/script>\n<!-- \/ Yoast SEO plugin. -->","yoast_head_json":{"title":"Prefeitura disponibiliza 50 vagas para curso destinado a artistas e produtores culturais","description":"A Prefeitura de Manaus realiza, de 23 a 31\/5, o curso de \u201cPlanejamento Financeiro para Projetos Culturais\u201d","robots":{"index":"noindex","follow":"follow"},"og_locale":"pt_BR","og_type":"article","og_title":"Prefeitura disponibiliza 50 vagas para curso destinado a artistas e produtores culturais","og_description":"A Prefeitura de Manaus realiza, de 23 a 31\/5, o curso de \u201cPlanejamento Financeiro para Projetos Culturais\u201d","og_url":"https:\/\/www.manaus.am.gov.br\/manauscult\/curso-artistas-produtores\/","og_site_name":"MANAUSCULT","article_published_time":"2023-05-13T20:09:59+00:00","article_modified_time":"2023-05-31T19:33:18+00:00","og_image":[{"width":1024,"height":1024,"url":"https:\/\/www.manaus.am.gov.br\/manauscult\/wp-content\/uploads\/sites\/11\/2023\/05\/IMG_0367.jpeg","type":"image\/jpeg"}],"author":"Maur\u00edcio Freire","twitter_card":"summary_large_image","twitter_misc":{"Written by":"Maur\u00edcio Freire","Est. reading time":"2 minutos"},"schema":{"@context":"https:\/\/schema.org","@graph":[{"@type":"WebPage","@id":"https:\/\/www.manaus.am.gov.br\/manauscult\/curso-artistas-produtores\/","url":"https:\/\/www.manaus.am.gov.br\/manauscult\/curso-artistas-produtores\/","name":"Prefeitura disponibiliza 50 vagas para curso destinado a artistas e produtores culturais","isPartOf":{"@id":"https:\/\/www.manaus.am.gov.br\/manauscult\/#website"},"primaryImageOfPage":{"@id":"https:\/\/www.manaus.am.gov.br\/manauscult\/curso-artistas-produtores\/#primaryimage"},"image":{"@id":"https:\/\/www.manaus.am.gov.br\/manauscult\/curso-artistas-produtores\/#primaryimage"},"thumbnailUrl":"https:\/\/www.manaus.am.gov.br\/manauscult\/wp-content\/uploads\/sites\/11\/2023\/05\/IMG_0367.jpeg","datePublished":"2023-05-13T20:09:59+00:00","dateModified":"2023-05-31T19:33:18+00:00","author":{"@id":"https:\/\/www.manaus.am.gov.br\/manauscult\/#\/schema\/person\/587989a23a463cde5618e6a028977a9a"},"description":"A Prefeitura de Manaus realiza, de 23 a 31\/5, o curso de \u201cPlanejamento Financeiro para Projetos Culturais\u201d","breadcrumb":{"@id":"https:\/\/www.manaus.am.gov.br\/manauscult\/curso-artistas-produtores\/#breadcrumb"},"inLanguage":"pt-BR","potentialAction":[{"@type":"ReadAction","target":["https:\/\/www.manaus.am.gov.br\/manauscult\/curso-artistas-produtores\/"]}]},{"@type":"ImageObject","inLanguage":"pt-BR","@id":"https:\/\/www.manaus.am.gov.br\/manauscult\/curso-artistas-produtores\/#primaryimage","url":"https:\/\/www.manaus.am.gov.br\/manauscult\/wp-content\/uploads\/sites\/11\/2023\/05\/IMG_0367.jpeg","contentUrl":"https:\/\/www.manaus.am.gov.br\/manauscult\/wp-content\/uploads\/sites\/11\/2023\/05\/IMG_0367.jpeg","width":1024,"height":1024},{"@type":"BreadcrumbList","@id":"https:\/\/www.manaus.am.gov.br\/manauscult\/curso-artistas-produtores\/#breadcrumb","itemListElement":[{"@type":"ListItem","position":1,"name":"Home","item":"https:\/\/www.manaus.am.gov.br\/manauscult\/"},{"@type":"ListItem","position":2,"name":"Prefeitura disponibiliza 50 vagas para curso destinado a artistas e produtores culturais"}]},{"@type":"WebSite","@id":"https:\/\/www.manaus.am.gov.br\/manauscult\/#website","url":"https:\/\/www.manaus.am.gov.br\/manauscult\/","name":"MANAUSCULT","description":"Prefeitura de Manaus","potentialAction":[{"@type":"SearchAction","target":{"@type":"EntryPoint","urlTemplate":"https:\/\/www.manaus.am.gov.br\/manauscult\/?s={search_term_string}"},"query-input":"required name=search_term_string"}],"inLanguage":"pt-BR"},{"@type":"Person","@id":"https:\/\/www.manaus.am.gov.br\/manauscult\/#\/schema\/person\/587989a23a463cde5618e6a028977a9a","name":"Maur\u00edcio Freire","image":{"@type":"ImageObject","inLanguage":"pt-BR","@id":"https:\/\/www.manaus.am.gov.br\/manauscult\/#\/schema\/person\/image\/","url":"https:\/\/secure.gravatar.com\/avatar\/dc1481799a1f75c733ac3b2634cd6749?s=96&d=mm&r=g","contentUrl":"https:\/\/secure.gravatar.com\/avatar\/dc1481799a1f75c733ac3b2634cd6749?s=96&d=mm&r=g","caption":"Maur\u00edcio Freire"}}]}},"_links":{"self":[{"href":"https:\/\/www.manaus.am.gov.br\/manauscult\/wp-json\/wp\/v2\/posts\/389"}],"collection":[{"href":"https:\/\/www.manaus.am.gov.br\/manauscult\/wp-json\/wp\/v2\/posts"}],"about":[{"href":"https:\/\/www.manaus.am.gov.br\/manauscult\/wp-json\/wp\/v2\/types\/post"}],"author":[{"embeddable":true,"href":"https:\/\/www.manaus.am.gov.br\/manauscult\/wp-json\/wp\/v2\/users\/25"}],"replies":[{"embeddable":true,"href":"https:\/\/www.manaus.am.gov.br\/manauscult\/wp-json\/wp\/v2\/comments?post=389"}],"version-history":[{"count":0,"href":"https:\/\/www.manaus.am.gov.br\/manauscult\/wp-json\/wp\/v2\/posts\/389\/revisions"}],"wp:featuredmedia":[{"embeddable":true,"href":"https:\/\/www.manaus.am.gov.br\/manauscult\/wp-json\/wp\/v2\/media\/390"}],"wp:attachment":[{"href":"https:\/\/www.manaus.am.gov.br\/manauscult\/wp-json\/wp\/v2\/media?parent=389"}],"wp:term":[{"taxonomy":"category","embeddable":true,"href":"https:\/\/www.manaus.am.gov.br\/manauscult\/wp-json\/wp\/v2\/categories?post=389"},{"taxonomy":"post_tag","embeddable":true,"href":"https:\/\/www.manaus.am.gov.br\/manauscult\/wp-json\/wp\/v2\/tags?post=389"}],"curies":[{"name":"wp","href":"https:\/\/api.w.org\/{rel}","templated":true}]}}