{"id":3869,"date":"2025-05-08T12:33:50","date_gmt":"2025-05-08T16:33:50","guid":{"rendered":"https:\/\/www.manaus.am.gov.br\/manauscult\/prefeito-lancamento-artepelacidade\/"},"modified":"2025-05-08T12:33:53","modified_gmt":"2025-05-08T16:33:53","slug":"prefeito-lancamento-artepelacidade","status":"publish","type":"post","link":"https:\/\/www.manaus.am.gov.br\/manauscult\/prefeito-lancamento-artepelacidade\/","title":{"rendered":"Prefeito David Almeida lan\u00e7a projeto que leva arte a feiras, terminais e pra\u00e7as de Manaus"},"content":{"rendered":"\n<p>A cidade de Manaus entra em um novo ciclo cultural com o lan\u00e7amento do projeto \u201cArte Pela Cidade\u201d, uma iniciativa idealizada pelo prefeito David Almeida e realizada pela Funda\u00e7\u00e3o Municipal de Cultura, Turismo e Eventos (ManausCult). A proposta come\u00e7a nesta sexta-feira, 9\/5, espalhando m\u00fasica, performances e interven\u00e7\u00f5es art\u00edsticas por terminais, feiras e pra\u00e7as, com o objetivo de aproximar a arte do cotidiano da popula\u00e7\u00e3o e valorizar a produ\u00e7\u00e3o local.<\/p>\n\n\n\n<p>\u201cO projeto ser\u00e1 desenvolvido de maio at\u00e9 novembro, com apresenta\u00e7\u00f5es em estruturas menores, mas com grande impacto. Queremos levar arte, cultura, entretenimento e divers\u00e3o \u00e0 periferia da cidade, descentralizando a cultura e fortalecendo nossos artistas\u201d, afirmou o prefeito David Almeida, durante o lan\u00e7amento oficial realizado no Centro de Arqueologia de Manaus (CAM), no pa\u00e7o da Liberdade.<\/p>\n\n\n\n<p>Com programa\u00e7\u00e3o gratuita e itinerante, o projeto contempla 500 artistas locais, que se apresentar\u00e3o em espa\u00e7os p\u00fablicos por todas as zonas da cidade. A a\u00e7\u00e3o integra o programa \u201cCultura Itinerante\u201d e busca aquecer a economia criativa, promover inclus\u00e3o social e transformar o ambiente urbano em polos de conviv\u00eancia cultural.<\/p>\n\n\n\n<p>Entre as novidades desta edi\u00e7\u00e3o est\u00e1 a amplia\u00e7\u00e3o do circuito de apresenta\u00e7\u00f5es para todas as regi\u00f5es de Manaus, incluindo terminais de \u00f4nibus, feiras reformadas, mercados e \u00e1reas de lazer, al\u00e9m de interven\u00e7\u00f5es art\u00edsticas permanentes, como a pintura de viadutos com arte urbana.<\/p>\n\n\n\n<p>\u201cEsse projeto nasceu da sensibilidade do prefeito, que conhece a cultura, porque \u00e9 fruto de comunidade. Ele sabe que a gente precisa trabalhar, mas tamb\u00e9m precisa de alegria. E \u00e9 isso que o \u2018Arte Pela Cidade\u2019 oferece: a possibilidade de um artista alegrar o dia de quem passa cansado pelo terminal ou vai comprar peixe na feira\u201d, explicou o diretor-presidente da ManausCult, Jender Lobato.<\/p>\n\n\n\n<p>A for\u00e7a transformadora do projeto tamb\u00e9m se expressa nas hist\u00f3rias de vida que ele ajuda a revelar. \u00c9 o caso da cantora amadora Ake Sakeren, descoberta em uma apresenta\u00e7\u00e3o espont\u00e2nea no Terminal 2, onde trabalhava como ambulante.<\/p>\n\n\n\n<p>\u201cEu era vendedora de bombom no T2. Um dia, vi o palco sendo montado e pedi para cantar uma m\u00fasica. Da\u00ed, me deixaram subir. O terminal parou para me ouvir, me aplaudiu. Ali, eu entendi que eu sou capaz. O \u2018Arte Pela Cidade\u2019 \u00e9 a nossa vitrine, nossa chance de sermos reconhecidos e valorizados\u201d, contou Ake, emocionada.<\/p>\n\n\n\n<p>A programa\u00e7\u00e3o cultural se estender\u00e1 at\u00e9 novembro, com pausas em junho, durante o Festival de Parintins, e em setembro, por conta do \u201cSou Manaus\u201d. E a prefeitura j\u00e1 prepara um novo megaevento: o Sou Manaus&nbsp;Passo a Pa\u00e7o 2025.<\/p>\n\n\n\n<p>\u201cN\u00e3o esperem menos do que os anos anteriores. J\u00e1 temos 70% do line-up fechado e vamos anunciar oficialmente as atra\u00e7\u00f5es em junho ou julho. Estamos batalhando patroc\u00ednios e tentando viabilizar atra\u00e7\u00f5es internacionais, apesar do d\u00f3lar alto\u201d, adiantou o prefeito.<\/p>\n\n\n\n<p>O \u201cArte Pela Cidade\u201d reafirma a pol\u00edtica cultural da atual gest\u00e3o: acess\u00edvel, inclusiva, descentralizada e transformadora. Em Manaus, a arte ocupa as ruas \u2014 e ganha for\u00e7a nas m\u00e3os de quem vive dela.<\/p>\n\n\n\n<p>O projeto tamb\u00e9m fortalece os espa\u00e7os p\u00fablicos que j\u00e1 passaram por revitaliza\u00e7\u00e3o. Feiras, mercados e pra\u00e7as reformadas pela prefeitura, agora, se transformam em palcos abertos de efervesc\u00eancia cultural.<\/p>\n\n\n\n<p>Com uma programa\u00e7\u00e3o itinerante, o \u201cArte Pela Cidade\u201d chegar\u00e1 a todas as zonas de Manaus: Norte, Sul, Leste, Oeste, Centro e Centro-Sul, com o objetivo de tornar a capital uma refer\u00eancia nacional em cultura popular acess\u00edvel, diversa e presente no dia a dia da popula\u00e7\u00e3o.<\/p>\n\n\n\n<p>Confira a programa\u00e7\u00e3o do primeiro fim de semana do projeto \u201cArte Pela Cidade\u201d:<\/p>\n\n\n\n<p>Sexta-feira \u2013 9 de maio<\/p>\n\n\n\n<p>Feira da Panair \u2013 Educandos<\/p>\n\n\n\n<p>8h \u00e0s 9h \u2013 Pammy DJ (solo)<\/p>\n\n\n\n<p>9h15 \u00e0s 10h45 \u2013 Dany Alves \u2013 Beirad\u00e3o (trio)<\/p>\n\n\n\n<p>Feira da Compensa \u2013 Compensa<\/p>\n\n\n\n<p>8h \u00e0s 9h \u2013 Ane Queiroz \u2013 Beirad\u00e3o (trio)<\/p>\n\n\n\n<p>9h15 \u00e0s 10h15 \u2013 Jhonny Lemos \u2013 Diversos (trio)<\/p>\n\n\n\n<p>Terminal 1 \u2013 Constantino Nery<\/p>\n\n\n\n<p>16h \u00e0s 17h \u2013 Fernando Sax Amazonas (solo)<\/p>\n\n\n\n<p>17h15 \u00e0s 18h15 \u2013 Kelson Freitas \u2013 DJ (solo)<\/p>\n\n\n\n<p>Terminal 2 \u2013 Cachoeirinha<\/p>\n\n\n\n<p>16h \u00e0s 17h \u2013 Daniel \u2013 Sax (solo)<\/p>\n\n\n\n<p>17h15 \u00e0s 18h15 \u2013 DJ Tubar\u00e3o (solo)<\/p>\n\n\n\n<p>Pra\u00e7a Desembargador Ver\u00e7osa \u2013 Dom Pedro<\/p>\n\n\n\n<p>18h \u00e0s 19h \u2013 Idevan Santos \u2013 DJ Carapan\u00e3 (solo)<\/p>\n\n\n\n<p>S\u00e1bado \u2013 10 de maio<\/p>\n\n\n\n<p>Pra\u00e7a Desembargador Ver\u00e7osa \u2013 Dom Pedro<\/p>\n\n\n\n<p>17h30 \u00e0s 21h30 \u2013 Marcos Arig\u00f3 (apresentador)<\/p>\n\n\n\n<p>18h \u00e0s 19h \u2013 Idevan Santos \u2013 DJ Carapan\u00e3 (solo)<\/p>\n\n\n\n<p>19h15 \u00e0s 20h15 \u2013 Gabriel \u2013 Diversos (trio)<\/p>\n\n\n\n<p>20h30 \u00e0s 21h30 \u2013 Paulinho Viana \u2013 Boi (banda)<\/p>\n\n\n\n<p>Domingo \u2013 11 de maio<\/p>\n\n\n\n<p>Feira Eduardo Ribeiro \u2013 Centro<\/p>\n\n\n\n<p>9h \u00e0s 10h \u2013 Renato Almeida \u2013 MPB (dupla)<\/p>\n\n\n\n<p>10h15 \u00e0s 11h15 \u2013 Kboclos \u2013 Boi (banda)<\/p>\n\n\n\n<p>&#8212; &#8212; &#8212;<\/p>\n\n\n\n<p><strong>Texto\u00a0<\/strong>&#8211; Emanuelle Baires \/ Semcom<\/p>\n\n\n\n<p><strong>Fotos<\/strong>\u00a0\u2013 Jo\u00e3o Viana\/Semcom e Dhyeizo Lemos\/Semcom<\/p>\n\n\n\n<p><strong>Dispon\u00edveis em\u00a0<\/strong>&#8211;\u00a0<a href=\"https:\/\/flic.kr\/s\/aHBqjCdqJD\" target=\"_blank\" rel=\"noreferrer noopener\">https:\/\/flic.kr\/s\/aHBqjCdqJD<\/a><\/p>\n","protected":false},"excerpt":{"rendered":"","protected":false},"author":23,"featured_media":3870,"comment_status":"closed","ping_status":"closed","sticky":false,"template":"","format":"standard","meta":{"footnotes":""},"categories":[12],"tags":[1381,408,9,584,1382,16,1383,1384],"acf":[],"yoast_head":"<!-- This site is optimized with the Yoast SEO plugin v23.0 - https:\/\/yoast.com\/wordpress\/plugins\/seo\/ -->\n<title>Prefeito David Almeida lan\u00e7a projeto que leva arte a feiras, terminais e pra\u00e7as de Manaus<\/title>\n<meta name=\"description\" content=\"A cidade de Manaus entra em um novo ciclo cultural com o lan\u00e7amento do projeto \u201cArte Pela Cidade\u201d, uma iniciativa idealizada pelo prefeito David Almeida e realizada pela Funda\u00e7\u00e3o Municipal de Cultura, Turismo e Eventos (ManausCult).\" \/>\n<meta name=\"robots\" content=\"noindex, follow\" \/>\n<meta property=\"og:locale\" content=\"pt_BR\" \/>\n<meta property=\"og:type\" content=\"article\" \/>\n<meta property=\"og:title\" content=\"Prefeito David Almeida lan\u00e7a projeto que leva arte a feiras, terminais e pra\u00e7as de Manaus\" \/>\n<meta property=\"og:description\" content=\"A cidade de Manaus entra em um novo ciclo cultural com o lan\u00e7amento do projeto \u201cArte Pela Cidade\u201d, uma iniciativa idealizada pelo prefeito David Almeida e realizada pela Funda\u00e7\u00e3o Municipal de Cultura, Turismo e Eventos (ManausCult).\" \/>\n<meta property=\"og:url\" content=\"https:\/\/www.manaus.am.gov.br\/manauscult\/prefeito-lancamento-artepelacidade\/\" \/>\n<meta property=\"og:site_name\" content=\"MANAUSCULT\" \/>\n<meta property=\"article:published_time\" content=\"2025-05-08T16:33:50+00:00\" \/>\n<meta property=\"article:modified_time\" content=\"2025-05-08T16:33:53+00:00\" \/>\n<meta property=\"og:image\" content=\"https:\/\/www.manaus.am.gov.br\/manauscult\/wp-content\/uploads\/sites\/11\/2025\/05\/54505694744_7d8889727c_c.jpg\" \/>\n\t<meta property=\"og:image:width\" content=\"799\" \/>\n\t<meta property=\"og:image:height\" content=\"533\" \/>\n\t<meta property=\"og:image:type\" content=\"image\/jpeg\" \/>\n<meta name=\"author\" content=\"Adriana Costa\" \/>\n<meta name=\"twitter:card\" content=\"summary_large_image\" \/>\n<meta name=\"twitter:label1\" content=\"Written by\" \/>\n\t<meta name=\"twitter:data1\" content=\"Adriana Costa\" \/>\n\t<meta name=\"twitter:label2\" content=\"Est. reading time\" \/>\n\t<meta name=\"twitter:data2\" content=\"5 minutos\" \/>\n<script type=\"application\/ld+json\" class=\"yoast-schema-graph\">{\"@context\":\"https:\/\/schema.org\",\"@graph\":[{\"@type\":\"WebPage\",\"@id\":\"https:\/\/www.manaus.am.gov.br\/manauscult\/prefeito-lancamento-artepelacidade\/\",\"url\":\"https:\/\/www.manaus.am.gov.br\/manauscult\/prefeito-lancamento-artepelacidade\/\",\"name\":\"Prefeito David Almeida lan\u00e7a projeto que leva arte a feiras, terminais e pra\u00e7as de Manaus\",\"isPartOf\":{\"@id\":\"https:\/\/www.manaus.am.gov.br\/manauscult\/#website\"},\"primaryImageOfPage\":{\"@id\":\"https:\/\/www.manaus.am.gov.br\/manauscult\/prefeito-lancamento-artepelacidade\/#primaryimage\"},\"image\":{\"@id\":\"https:\/\/www.manaus.am.gov.br\/manauscult\/prefeito-lancamento-artepelacidade\/#primaryimage\"},\"thumbnailUrl\":\"https:\/\/www.manaus.am.gov.br\/manauscult\/wp-content\/uploads\/sites\/11\/2025\/05\/54505694744_7d8889727c_c.jpg\",\"datePublished\":\"2025-05-08T16:33:50+00:00\",\"dateModified\":\"2025-05-08T16:33:53+00:00\",\"author\":{\"@id\":\"https:\/\/www.manaus.am.gov.br\/manauscult\/#\/schema\/person\/4e49f4e267757a06ca072ec61b2b9968\"},\"description\":\"A cidade de Manaus entra em um novo ciclo cultural com o lan\u00e7amento do projeto \u201cArte Pela Cidade\u201d, uma iniciativa idealizada pelo prefeito David Almeida e realizada pela Funda\u00e7\u00e3o Municipal de Cultura, Turismo e Eventos (ManausCult).\",\"breadcrumb\":{\"@id\":\"https:\/\/www.manaus.am.gov.br\/manauscult\/prefeito-lancamento-artepelacidade\/#breadcrumb\"},\"inLanguage\":\"pt-BR\",\"potentialAction\":[{\"@type\":\"ReadAction\",\"target\":[\"https:\/\/www.manaus.am.gov.br\/manauscult\/prefeito-lancamento-artepelacidade\/\"]}]},{\"@type\":\"ImageObject\",\"inLanguage\":\"pt-BR\",\"@id\":\"https:\/\/www.manaus.am.gov.br\/manauscult\/prefeito-lancamento-artepelacidade\/#primaryimage\",\"url\":\"https:\/\/www.manaus.am.gov.br\/manauscult\/wp-content\/uploads\/sites\/11\/2025\/05\/54505694744_7d8889727c_c.jpg\",\"contentUrl\":\"https:\/\/www.manaus.am.gov.br\/manauscult\/wp-content\/uploads\/sites\/11\/2025\/05\/54505694744_7d8889727c_c.jpg\",\"width\":799,\"height\":533},{\"@type\":\"BreadcrumbList\",\"@id\":\"https:\/\/www.manaus.am.gov.br\/manauscult\/prefeito-lancamento-artepelacidade\/#breadcrumb\",\"itemListElement\":[{\"@type\":\"ListItem\",\"position\":1,\"name\":\"Home\",\"item\":\"https:\/\/www.manaus.am.gov.br\/manauscult\/\"},{\"@type\":\"ListItem\",\"position\":2,\"name\":\"Prefeito David Almeida lan\u00e7a projeto que leva arte a feiras, terminais e pra\u00e7as de Manaus\"}]},{\"@type\":\"WebSite\",\"@id\":\"https:\/\/www.manaus.am.gov.br\/manauscult\/#website\",\"url\":\"https:\/\/www.manaus.am.gov.br\/manauscult\/\",\"name\":\"MANAUSCULT\",\"description\":\"Prefeitura de Manaus\",\"potentialAction\":[{\"@type\":\"SearchAction\",\"target\":{\"@type\":\"EntryPoint\",\"urlTemplate\":\"https:\/\/www.manaus.am.gov.br\/manauscult\/?s={search_term_string}\"},\"query-input\":\"required name=search_term_string\"}],\"inLanguage\":\"pt-BR\"},{\"@type\":\"Person\",\"@id\":\"https:\/\/www.manaus.am.gov.br\/manauscult\/#\/schema\/person\/4e49f4e267757a06ca072ec61b2b9968\",\"name\":\"Adriana Costa\",\"image\":{\"@type\":\"ImageObject\",\"inLanguage\":\"pt-BR\",\"@id\":\"https:\/\/www.manaus.am.gov.br\/manauscult\/#\/schema\/person\/image\/\",\"url\":\"https:\/\/secure.gravatar.com\/avatar\/576258617ef7194f718179e766d57bd4?s=96&d=mm&r=g\",\"contentUrl\":\"https:\/\/secure.gravatar.com\/avatar\/576258617ef7194f718179e766d57bd4?s=96&d=mm&r=g\",\"caption\":\"Adriana Costa\"}}]}<\/script>\n<!-- \/ Yoast SEO plugin. -->","yoast_head_json":{"title":"Prefeito David Almeida lan\u00e7a projeto que leva arte a feiras, terminais e pra\u00e7as de Manaus","description":"A cidade de Manaus entra em um novo ciclo cultural com o lan\u00e7amento do projeto \u201cArte Pela Cidade\u201d, uma iniciativa idealizada pelo prefeito David Almeida e realizada pela Funda\u00e7\u00e3o Municipal de Cultura, Turismo e Eventos (ManausCult).","robots":{"index":"noindex","follow":"follow"},"og_locale":"pt_BR","og_type":"article","og_title":"Prefeito David Almeida lan\u00e7a projeto que leva arte a feiras, terminais e pra\u00e7as de Manaus","og_description":"A cidade de Manaus entra em um novo ciclo cultural com o lan\u00e7amento do projeto \u201cArte Pela Cidade\u201d, uma iniciativa idealizada pelo prefeito David Almeida e realizada pela Funda\u00e7\u00e3o Municipal de Cultura, Turismo e Eventos (ManausCult).","og_url":"https:\/\/www.manaus.am.gov.br\/manauscult\/prefeito-lancamento-artepelacidade\/","og_site_name":"MANAUSCULT","article_published_time":"2025-05-08T16:33:50+00:00","article_modified_time":"2025-05-08T16:33:53+00:00","og_image":[{"width":799,"height":533,"url":"https:\/\/www.manaus.am.gov.br\/manauscult\/wp-content\/uploads\/sites\/11\/2025\/05\/54505694744_7d8889727c_c.jpg","type":"image\/jpeg"}],"author":"Adriana Costa","twitter_card":"summary_large_image","twitter_misc":{"Written by":"Adriana Costa","Est. reading time":"5 minutos"},"schema":{"@context":"https:\/\/schema.org","@graph":[{"@type":"WebPage","@id":"https:\/\/www.manaus.am.gov.br\/manauscult\/prefeito-lancamento-artepelacidade\/","url":"https:\/\/www.manaus.am.gov.br\/manauscult\/prefeito-lancamento-artepelacidade\/","name":"Prefeito David Almeida lan\u00e7a projeto que leva arte a feiras, terminais e pra\u00e7as de Manaus","isPartOf":{"@id":"https:\/\/www.manaus.am.gov.br\/manauscult\/#website"},"primaryImageOfPage":{"@id":"https:\/\/www.manaus.am.gov.br\/manauscult\/prefeito-lancamento-artepelacidade\/#primaryimage"},"image":{"@id":"https:\/\/www.manaus.am.gov.br\/manauscult\/prefeito-lancamento-artepelacidade\/#primaryimage"},"thumbnailUrl":"https:\/\/www.manaus.am.gov.br\/manauscult\/wp-content\/uploads\/sites\/11\/2025\/05\/54505694744_7d8889727c_c.jpg","datePublished":"2025-05-08T16:33:50+00:00","dateModified":"2025-05-08T16:33:53+00:00","author":{"@id":"https:\/\/www.manaus.am.gov.br\/manauscult\/#\/schema\/person\/4e49f4e267757a06ca072ec61b2b9968"},"description":"A cidade de Manaus entra em um novo ciclo cultural com o lan\u00e7amento do projeto \u201cArte Pela Cidade\u201d, uma iniciativa idealizada pelo prefeito David Almeida e realizada pela Funda\u00e7\u00e3o Municipal de Cultura, Turismo e Eventos (ManausCult).","breadcrumb":{"@id":"https:\/\/www.manaus.am.gov.br\/manauscult\/prefeito-lancamento-artepelacidade\/#breadcrumb"},"inLanguage":"pt-BR","potentialAction":[{"@type":"ReadAction","target":["https:\/\/www.manaus.am.gov.br\/manauscult\/prefeito-lancamento-artepelacidade\/"]}]},{"@type":"ImageObject","inLanguage":"pt-BR","@id":"https:\/\/www.manaus.am.gov.br\/manauscult\/prefeito-lancamento-artepelacidade\/#primaryimage","url":"https:\/\/www.manaus.am.gov.br\/manauscult\/wp-content\/uploads\/sites\/11\/2025\/05\/54505694744_7d8889727c_c.jpg","contentUrl":"https:\/\/www.manaus.am.gov.br\/manauscult\/wp-content\/uploads\/sites\/11\/2025\/05\/54505694744_7d8889727c_c.jpg","width":799,"height":533},{"@type":"BreadcrumbList","@id":"https:\/\/www.manaus.am.gov.br\/manauscult\/prefeito-lancamento-artepelacidade\/#breadcrumb","itemListElement":[{"@type":"ListItem","position":1,"name":"Home","item":"https:\/\/www.manaus.am.gov.br\/manauscult\/"},{"@type":"ListItem","position":2,"name":"Prefeito David Almeida lan\u00e7a projeto que leva arte a feiras, terminais e pra\u00e7as de Manaus"}]},{"@type":"WebSite","@id":"https:\/\/www.manaus.am.gov.br\/manauscult\/#website","url":"https:\/\/www.manaus.am.gov.br\/manauscult\/","name":"MANAUSCULT","description":"Prefeitura de Manaus","potentialAction":[{"@type":"SearchAction","target":{"@type":"EntryPoint","urlTemplate":"https:\/\/www.manaus.am.gov.br\/manauscult\/?s={search_term_string}"},"query-input":"required name=search_term_string"}],"inLanguage":"pt-BR"},{"@type":"Person","@id":"https:\/\/www.manaus.am.gov.br\/manauscult\/#\/schema\/person\/4e49f4e267757a06ca072ec61b2b9968","name":"Adriana Costa","image":{"@type":"ImageObject","inLanguage":"pt-BR","@id":"https:\/\/www.manaus.am.gov.br\/manauscult\/#\/schema\/person\/image\/","url":"https:\/\/secure.gravatar.com\/avatar\/576258617ef7194f718179e766d57bd4?s=96&d=mm&r=g","contentUrl":"https:\/\/secure.gravatar.com\/avatar\/576258617ef7194f718179e766d57bd4?s=96&d=mm&r=g","caption":"Adriana Costa"}}]}},"_links":{"self":[{"href":"https:\/\/www.manaus.am.gov.br\/manauscult\/wp-json\/wp\/v2\/posts\/3869"}],"collection":[{"href":"https:\/\/www.manaus.am.gov.br\/manauscult\/wp-json\/wp\/v2\/posts"}],"about":[{"href":"https:\/\/www.manaus.am.gov.br\/manauscult\/wp-json\/wp\/v2\/types\/post"}],"author":[{"embeddable":true,"href":"https:\/\/www.manaus.am.gov.br\/manauscult\/wp-json\/wp\/v2\/users\/23"}],"replies":[{"embeddable":true,"href":"https:\/\/www.manaus.am.gov.br\/manauscult\/wp-json\/wp\/v2\/comments?post=3869"}],"version-history":[{"count":0,"href":"https:\/\/www.manaus.am.gov.br\/manauscult\/wp-json\/wp\/v2\/posts\/3869\/revisions"}],"wp:featuredmedia":[{"embeddable":true,"href":"https:\/\/www.manaus.am.gov.br\/manauscult\/wp-json\/wp\/v2\/media\/3870"}],"wp:attachment":[{"href":"https:\/\/www.manaus.am.gov.br\/manauscult\/wp-json\/wp\/v2\/media?parent=3869"}],"wp:term":[{"taxonomy":"category","embeddable":true,"href":"https:\/\/www.manaus.am.gov.br\/manauscult\/wp-json\/wp\/v2\/categories?post=3869"},{"taxonomy":"post_tag","embeddable":true,"href":"https:\/\/www.manaus.am.gov.br\/manauscult\/wp-json\/wp\/v2\/tags?post=3869"}],"curies":[{"name":"wp","href":"https:\/\/api.w.org\/{rel}","templated":true}]}}