{"id":3792,"date":"2025-04-16T15:23:49","date_gmt":"2025-04-16T19:23:49","guid":{"rendered":"https:\/\/www.manaus.am.gov.br\/manauscult\/prefeitura-manauscult-encerramento-semanadolivroinfantil\/"},"modified":"2025-04-16T15:23:50","modified_gmt":"2025-04-16T19:23:50","slug":"prefeitura-manauscult-encerramento-semanadolivroinfantil","status":"publish","type":"post","link":"https:\/\/www.manaus.am.gov.br\/manauscult\/prefeitura-manauscult-encerramento-semanadolivroinfantil\/","title":{"rendered":"\u2018Semana do Livro Infantil\u2019 encerra na biblioteca municipal e promove acesso \u00e0 leitura para crian\u00e7as da capital e comunidades adjacentes"},"content":{"rendered":"\n<p>Encerrou, nesta quarta-feira, 16\/4, as atividades da \u201cSemana do Livro Infantil\u201d, promovida pela Prefeitura de Manaus, por meio da Funda\u00e7\u00e3o Municipal de Cultura, Turismo e Eventos (ManausCult), na biblioteca municipal Jo\u00e3o Bosco Pantoja Evangelista, no Centro. A programa\u00e7\u00e3o especial marcou dois dias de imers\u00e3o no universo da literatura infantil, valorizando o legado de Monteiro Lobato e fortalecendo o acesso \u00e0 cultura para crian\u00e7as de escolas da capital e comunidades do entorno da biblioteca.<br><br>O evento recebeu, ao longo dos dois dias, mais de 200 alunos da rede p\u00fablica municipal e estadual, al\u00e9m de mais de cem professores e gestores escolares que acompanharam as atividades e contribu\u00edram para o sucesso da a\u00e7\u00e3o. A iniciativa proporcionou um ambiente acolhedor, criativo e interativo, reafirmando o papel da biblioteca como um espa\u00e7o de educa\u00e7\u00e3o e cultura.<br><br>Durante a programa\u00e7\u00e3o, o p\u00fablico infantil participou de conta\u00e7\u00e3o de hist\u00f3rias com os escritores amazonenses Anete Valdevino e Raimundo Brilhante, oficinas de fantoches, pintura e desenho, al\u00e9m de anima\u00e7\u00f5es l\u00fadicas com o grupo Atelir\u00ea Crian\u00e7as. Exposi\u00e7\u00f5es de livros e telas inspiradas no universo do S\u00edtio do Picapau Amarelo completaram o cen\u00e1rio encantador preparado, especialmente, para as crian\u00e7as.<br><br>Para o diretor-presidente da ManausCult, Jender Lobato, a a\u00e7\u00e3o cumpriu com excel\u00eancia seu papel social e cultural. \u201cForam dois dias de encanto, aprendizagem e transforma\u00e7\u00e3o. A biblioteca Jo\u00e3o Bosco reafirma seu compromisso com a forma\u00e7\u00e3o de novos leitores e com a inclus\u00e3o cultural. A leitura \u00e9 um direito, e eventos como este mostram que \u00e9 poss\u00edvel despertar sonhos nas crian\u00e7as com arte e afeto\u201d, destacou.<br><br>A participa\u00e7\u00e3o ativa dos educadores e a empolga\u00e7\u00e3o dos alunos demonstraram o impacto positivo da a\u00e7\u00e3o, que integra o calend\u00e1rio cultural do munic\u00edpio, conforme as leis n\u00ba 10.402\/2002 (Dia Nacional do Livro Infantil) e n\u00ba 1.219\/2008 (Semana Monteiro Lobato de Literatura Infantil).<br><br>&#8212; &#8212; &#8212;<\/p>\n\n\n\n<p><strong>Texto\u00a0<\/strong>&#8211;\u00a0J\u00e9ssica\u00a0Trajano\/ManausCult<\/p>\n\n\n\n<p><strong>Fotos\u00a0<\/strong>&#8211; Thelson Souza\/ManausCult<\/p>\n","protected":false},"excerpt":{"rendered":"","protected":false},"author":23,"featured_media":3793,"comment_status":"closed","ping_status":"closed","sticky":false,"template":"","format":"standard","meta":{"footnotes":""},"categories":[825],"tags":[1339,94,1352,1353,11,1341],"acf":[],"yoast_head":"<!-- This site is optimized with the Yoast SEO plugin v23.0 - https:\/\/yoast.com\/wordpress\/plugins\/seo\/ -->\n<title>\u2018Semana do Livro Infantil\u2019 encerra na biblioteca municipal e promove acesso \u00e0 leitura para crian\u00e7as da capital e comunidades adjacentes<\/title>\n<meta name=\"description\" content=\"\u2018Semana do Livro Infantil\u2019 encerra na biblioteca municipal e promove acesso \u00e0 leitura para crian\u00e7as da capital e comunidades adjacentes\" \/>\n<meta name=\"robots\" content=\"noindex, follow\" \/>\n<meta property=\"og:locale\" content=\"pt_BR\" \/>\n<meta property=\"og:type\" content=\"article\" \/>\n<meta property=\"og:title\" content=\"\u2018Semana do Livro Infantil\u2019 encerra na biblioteca municipal e promove acesso \u00e0 leitura para crian\u00e7as da capital e comunidades adjacentes\" \/>\n<meta property=\"og:description\" content=\"\u2018Semana do Livro Infantil\u2019 encerra na biblioteca municipal e promove acesso \u00e0 leitura para crian\u00e7as da capital e comunidades adjacentes\" \/>\n<meta property=\"og:url\" content=\"https:\/\/www.manaus.am.gov.br\/manauscult\/prefeitura-manauscult-encerramento-semanadolivroinfantil\/\" \/>\n<meta property=\"og:site_name\" content=\"MANAUSCULT\" \/>\n<meta property=\"article:published_time\" content=\"2025-04-16T19:23:49+00:00\" \/>\n<meta property=\"article:modified_time\" content=\"2025-04-16T19:23:50+00:00\" \/>\n<meta property=\"og:image\" content=\"https:\/\/www.manaus.am.gov.br\/manauscult\/wp-content\/uploads\/sites\/11\/2025\/04\/unnamed-1.jpg\" \/>\n\t<meta property=\"og:image:width\" content=\"1599\" \/>\n\t<meta property=\"og:image:height\" content=\"899\" \/>\n\t<meta property=\"og:image:type\" content=\"image\/jpeg\" \/>\n<meta name=\"author\" content=\"Adriana Costa\" \/>\n<meta name=\"twitter:card\" content=\"summary_large_image\" \/>\n<meta name=\"twitter:label1\" content=\"Written by\" \/>\n\t<meta name=\"twitter:data1\" content=\"Adriana Costa\" \/>\n\t<meta name=\"twitter:label2\" content=\"Est. reading time\" \/>\n\t<meta name=\"twitter:data2\" content=\"2 minutos\" \/>\n<script type=\"application\/ld+json\" class=\"yoast-schema-graph\">{\"@context\":\"https:\/\/schema.org\",\"@graph\":[{\"@type\":\"WebPage\",\"@id\":\"https:\/\/www.manaus.am.gov.br\/manauscult\/prefeitura-manauscult-encerramento-semanadolivroinfantil\/\",\"url\":\"https:\/\/www.manaus.am.gov.br\/manauscult\/prefeitura-manauscult-encerramento-semanadolivroinfantil\/\",\"name\":\"\u2018Semana do Livro Infantil\u2019 encerra na biblioteca municipal e promove acesso \u00e0 leitura para crian\u00e7as da capital e comunidades adjacentes\",\"isPartOf\":{\"@id\":\"https:\/\/www.manaus.am.gov.br\/manauscult\/#website\"},\"primaryImageOfPage\":{\"@id\":\"https:\/\/www.manaus.am.gov.br\/manauscult\/prefeitura-manauscult-encerramento-semanadolivroinfantil\/#primaryimage\"},\"image\":{\"@id\":\"https:\/\/www.manaus.am.gov.br\/manauscult\/prefeitura-manauscult-encerramento-semanadolivroinfantil\/#primaryimage\"},\"thumbnailUrl\":\"https:\/\/www.manaus.am.gov.br\/manauscult\/wp-content\/uploads\/sites\/11\/2025\/04\/unnamed-1.jpg\",\"datePublished\":\"2025-04-16T19:23:49+00:00\",\"dateModified\":\"2025-04-16T19:23:50+00:00\",\"author\":{\"@id\":\"https:\/\/www.manaus.am.gov.br\/manauscult\/#\/schema\/person\/4e49f4e267757a06ca072ec61b2b9968\"},\"description\":\"\u2018Semana do Livro Infantil\u2019 encerra na biblioteca municipal e promove acesso \u00e0 leitura para crian\u00e7as da capital e comunidades adjacentes\",\"breadcrumb\":{\"@id\":\"https:\/\/www.manaus.am.gov.br\/manauscult\/prefeitura-manauscult-encerramento-semanadolivroinfantil\/#breadcrumb\"},\"inLanguage\":\"pt-BR\",\"potentialAction\":[{\"@type\":\"ReadAction\",\"target\":[\"https:\/\/www.manaus.am.gov.br\/manauscult\/prefeitura-manauscult-encerramento-semanadolivroinfantil\/\"]}]},{\"@type\":\"ImageObject\",\"inLanguage\":\"pt-BR\",\"@id\":\"https:\/\/www.manaus.am.gov.br\/manauscult\/prefeitura-manauscult-encerramento-semanadolivroinfantil\/#primaryimage\",\"url\":\"https:\/\/www.manaus.am.gov.br\/manauscult\/wp-content\/uploads\/sites\/11\/2025\/04\/unnamed-1.jpg\",\"contentUrl\":\"https:\/\/www.manaus.am.gov.br\/manauscult\/wp-content\/uploads\/sites\/11\/2025\/04\/unnamed-1.jpg\",\"width\":1599,\"height\":899},{\"@type\":\"BreadcrumbList\",\"@id\":\"https:\/\/www.manaus.am.gov.br\/manauscult\/prefeitura-manauscult-encerramento-semanadolivroinfantil\/#breadcrumb\",\"itemListElement\":[{\"@type\":\"ListItem\",\"position\":1,\"name\":\"Home\",\"item\":\"https:\/\/www.manaus.am.gov.br\/manauscult\/\"},{\"@type\":\"ListItem\",\"position\":2,\"name\":\"\u2018Semana do Livro Infantil\u2019 encerra na biblioteca municipal e promove acesso \u00e0 leitura para crian\u00e7as da capital e comunidades adjacentes\"}]},{\"@type\":\"WebSite\",\"@id\":\"https:\/\/www.manaus.am.gov.br\/manauscult\/#website\",\"url\":\"https:\/\/www.manaus.am.gov.br\/manauscult\/\",\"name\":\"MANAUSCULT\",\"description\":\"Prefeitura de Manaus\",\"potentialAction\":[{\"@type\":\"SearchAction\",\"target\":{\"@type\":\"EntryPoint\",\"urlTemplate\":\"https:\/\/www.manaus.am.gov.br\/manauscult\/?s={search_term_string}\"},\"query-input\":\"required name=search_term_string\"}],\"inLanguage\":\"pt-BR\"},{\"@type\":\"Person\",\"@id\":\"https:\/\/www.manaus.am.gov.br\/manauscult\/#\/schema\/person\/4e49f4e267757a06ca072ec61b2b9968\",\"name\":\"Adriana Costa\",\"image\":{\"@type\":\"ImageObject\",\"inLanguage\":\"pt-BR\",\"@id\":\"https:\/\/www.manaus.am.gov.br\/manauscult\/#\/schema\/person\/image\/\",\"url\":\"https:\/\/secure.gravatar.com\/avatar\/576258617ef7194f718179e766d57bd4?s=96&d=mm&r=g\",\"contentUrl\":\"https:\/\/secure.gravatar.com\/avatar\/576258617ef7194f718179e766d57bd4?s=96&d=mm&r=g\",\"caption\":\"Adriana Costa\"}}]}<\/script>\n<!-- \/ Yoast SEO plugin. -->","yoast_head_json":{"title":"\u2018Semana do Livro Infantil\u2019 encerra na biblioteca municipal e promove acesso \u00e0 leitura para crian\u00e7as da capital e comunidades adjacentes","description":"\u2018Semana do Livro Infantil\u2019 encerra na biblioteca municipal e promove acesso \u00e0 leitura para crian\u00e7as da capital e comunidades adjacentes","robots":{"index":"noindex","follow":"follow"},"og_locale":"pt_BR","og_type":"article","og_title":"\u2018Semana do Livro Infantil\u2019 encerra na biblioteca municipal e promove acesso \u00e0 leitura para crian\u00e7as da capital e comunidades adjacentes","og_description":"\u2018Semana do Livro Infantil\u2019 encerra na biblioteca municipal e promove acesso \u00e0 leitura para crian\u00e7as da capital e comunidades adjacentes","og_url":"https:\/\/www.manaus.am.gov.br\/manauscult\/prefeitura-manauscult-encerramento-semanadolivroinfantil\/","og_site_name":"MANAUSCULT","article_published_time":"2025-04-16T19:23:49+00:00","article_modified_time":"2025-04-16T19:23:50+00:00","og_image":[{"width":1599,"height":899,"url":"https:\/\/www.manaus.am.gov.br\/manauscult\/wp-content\/uploads\/sites\/11\/2025\/04\/unnamed-1.jpg","type":"image\/jpeg"}],"author":"Adriana Costa","twitter_card":"summary_large_image","twitter_misc":{"Written by":"Adriana Costa","Est. reading time":"2 minutos"},"schema":{"@context":"https:\/\/schema.org","@graph":[{"@type":"WebPage","@id":"https:\/\/www.manaus.am.gov.br\/manauscult\/prefeitura-manauscult-encerramento-semanadolivroinfantil\/","url":"https:\/\/www.manaus.am.gov.br\/manauscult\/prefeitura-manauscult-encerramento-semanadolivroinfantil\/","name":"\u2018Semana do Livro Infantil\u2019 encerra na biblioteca municipal e promove acesso \u00e0 leitura para crian\u00e7as da capital e comunidades adjacentes","isPartOf":{"@id":"https:\/\/www.manaus.am.gov.br\/manauscult\/#website"},"primaryImageOfPage":{"@id":"https:\/\/www.manaus.am.gov.br\/manauscult\/prefeitura-manauscult-encerramento-semanadolivroinfantil\/#primaryimage"},"image":{"@id":"https:\/\/www.manaus.am.gov.br\/manauscult\/prefeitura-manauscult-encerramento-semanadolivroinfantil\/#primaryimage"},"thumbnailUrl":"https:\/\/www.manaus.am.gov.br\/manauscult\/wp-content\/uploads\/sites\/11\/2025\/04\/unnamed-1.jpg","datePublished":"2025-04-16T19:23:49+00:00","dateModified":"2025-04-16T19:23:50+00:00","author":{"@id":"https:\/\/www.manaus.am.gov.br\/manauscult\/#\/schema\/person\/4e49f4e267757a06ca072ec61b2b9968"},"description":"\u2018Semana do Livro Infantil\u2019 encerra na biblioteca municipal e promove acesso \u00e0 leitura para crian\u00e7as da capital e comunidades adjacentes","breadcrumb":{"@id":"https:\/\/www.manaus.am.gov.br\/manauscult\/prefeitura-manauscult-encerramento-semanadolivroinfantil\/#breadcrumb"},"inLanguage":"pt-BR","potentialAction":[{"@type":"ReadAction","target":["https:\/\/www.manaus.am.gov.br\/manauscult\/prefeitura-manauscult-encerramento-semanadolivroinfantil\/"]}]},{"@type":"ImageObject","inLanguage":"pt-BR","@id":"https:\/\/www.manaus.am.gov.br\/manauscult\/prefeitura-manauscult-encerramento-semanadolivroinfantil\/#primaryimage","url":"https:\/\/www.manaus.am.gov.br\/manauscult\/wp-content\/uploads\/sites\/11\/2025\/04\/unnamed-1.jpg","contentUrl":"https:\/\/www.manaus.am.gov.br\/manauscult\/wp-content\/uploads\/sites\/11\/2025\/04\/unnamed-1.jpg","width":1599,"height":899},{"@type":"BreadcrumbList","@id":"https:\/\/www.manaus.am.gov.br\/manauscult\/prefeitura-manauscult-encerramento-semanadolivroinfantil\/#breadcrumb","itemListElement":[{"@type":"ListItem","position":1,"name":"Home","item":"https:\/\/www.manaus.am.gov.br\/manauscult\/"},{"@type":"ListItem","position":2,"name":"\u2018Semana do Livro Infantil\u2019 encerra na biblioteca municipal e promove acesso \u00e0 leitura para crian\u00e7as da capital e comunidades adjacentes"}]},{"@type":"WebSite","@id":"https:\/\/www.manaus.am.gov.br\/manauscult\/#website","url":"https:\/\/www.manaus.am.gov.br\/manauscult\/","name":"MANAUSCULT","description":"Prefeitura de Manaus","potentialAction":[{"@type":"SearchAction","target":{"@type":"EntryPoint","urlTemplate":"https:\/\/www.manaus.am.gov.br\/manauscult\/?s={search_term_string}"},"query-input":"required name=search_term_string"}],"inLanguage":"pt-BR"},{"@type":"Person","@id":"https:\/\/www.manaus.am.gov.br\/manauscult\/#\/schema\/person\/4e49f4e267757a06ca072ec61b2b9968","name":"Adriana Costa","image":{"@type":"ImageObject","inLanguage":"pt-BR","@id":"https:\/\/www.manaus.am.gov.br\/manauscult\/#\/schema\/person\/image\/","url":"https:\/\/secure.gravatar.com\/avatar\/576258617ef7194f718179e766d57bd4?s=96&d=mm&r=g","contentUrl":"https:\/\/secure.gravatar.com\/avatar\/576258617ef7194f718179e766d57bd4?s=96&d=mm&r=g","caption":"Adriana Costa"}}]}},"_links":{"self":[{"href":"https:\/\/www.manaus.am.gov.br\/manauscult\/wp-json\/wp\/v2\/posts\/3792"}],"collection":[{"href":"https:\/\/www.manaus.am.gov.br\/manauscult\/wp-json\/wp\/v2\/posts"}],"about":[{"href":"https:\/\/www.manaus.am.gov.br\/manauscult\/wp-json\/wp\/v2\/types\/post"}],"author":[{"embeddable":true,"href":"https:\/\/www.manaus.am.gov.br\/manauscult\/wp-json\/wp\/v2\/users\/23"}],"replies":[{"embeddable":true,"href":"https:\/\/www.manaus.am.gov.br\/manauscult\/wp-json\/wp\/v2\/comments?post=3792"}],"version-history":[{"count":0,"href":"https:\/\/www.manaus.am.gov.br\/manauscult\/wp-json\/wp\/v2\/posts\/3792\/revisions"}],"wp:featuredmedia":[{"embeddable":true,"href":"https:\/\/www.manaus.am.gov.br\/manauscult\/wp-json\/wp\/v2\/media\/3793"}],"wp:attachment":[{"href":"https:\/\/www.manaus.am.gov.br\/manauscult\/wp-json\/wp\/v2\/media?parent=3792"}],"wp:term":[{"taxonomy":"category","embeddable":true,"href":"https:\/\/www.manaus.am.gov.br\/manauscult\/wp-json\/wp\/v2\/categories?post=3792"},{"taxonomy":"post_tag","embeddable":true,"href":"https:\/\/www.manaus.am.gov.br\/manauscult\/wp-json\/wp\/v2\/tags?post=3792"}],"curies":[{"name":"wp","href":"https:\/\/api.w.org\/{rel}","templated":true}]}}