{"id":3752,"date":"2025-04-11T14:35:10","date_gmt":"2025-04-11T18:35:10","guid":{"rendered":"https:\/\/www.manaus.am.gov.br\/manauscult\/prefeitura-manauscult-semanadolivroinfantil\/"},"modified":"2025-04-11T14:35:11","modified_gmt":"2025-04-11T18:35:11","slug":"prefeitura-manauscult-semanadolivroinfantil","status":"publish","type":"post","link":"https:\/\/www.manaus.am.gov.br\/manauscult\/prefeitura-manauscult-semanadolivroinfantil\/","title":{"rendered":"Prefeitura de Manaus celebra a \u2018Semana do Livro Infantil\u2019 com programa\u00e7\u00e3o especial na biblioteca Jo\u00e3o Bosco Pantoja Evangelista"},"content":{"rendered":"\n<p>A Prefeitura de Manaus, por meio da Funda\u00e7\u00e3o Municipal de Cultura, Turismo e Eventos (ManausCult), realizar\u00e1, nos dias 15 e 16 de abril, uma programa\u00e7\u00e3o especial em celebra\u00e7\u00e3o ao Dia Nacional do Livro Infantil e \u00e0 Semana Monteiro Lobato de Literatura Infantil, na biblioteca municipal Jo\u00e3o Bosco Pantoja Evangelista, localizada na rua Monsenhor Coutinho, n\u00ba 529, Centro.<\/p>\n\n\n\n<p>Voltada ao p\u00fablico infantojuvenil, especialmente alunos da rede p\u00fablica com idades entre 7 e 12 anos, a programa\u00e7\u00e3o busca estimular o h\u00e1bito da leitura desde a inf\u00e2ncia por meio de a\u00e7\u00f5es culturais e educativas. As atividades acontecer\u00e3o em dois turnos: das 9h \u00e0s 11h30 e das 14h \u00e0s 16h30.<\/p>\n\n\n\n<p>Durante os dois dias, a biblioteca se transformar\u00e1 em um espa\u00e7o l\u00fadico e interativo, com a realiza\u00e7\u00e3o de conta\u00e7\u00e3o de hist\u00f3rias com autores locais; atividades com o grupo Atelir\u00ea Crian\u00e7as; sess\u00f5es de desenho e pintura; leitura de livros infantis; oficina de confec\u00e7\u00e3o de fantoches com personagens do S\u00edtio do Picapau Amarelo; exposi\u00e7\u00e3o de livros; e exposi\u00e7\u00e3o de pinturas em tela inspiradas na obra de Monteiro Lobato.<\/p>\n\n\n\n<p>\u201cO incentivo \u00e0 leitura desde a inf\u00e2ncia \u00e9 uma das ferramentas mais poderosas de transforma\u00e7\u00e3o social. Celebrar Monteiro Lobato \u00e9 estimular tamb\u00e9m o imagin\u00e1rio, a curiosidade e a criatividade das nossas crian\u00e7as\u201d, destacou o diretor-presidente da ManausCult, Jender Lobato.<\/p>\n\n\n\n<p>A coordenadora da biblioteca municipal, Silene Batista, refor\u00e7ou que o principal objetivo da a\u00e7\u00e3o \u00e9 \u201ccriar uma viv\u00eancia positiva com os livros, despertar o gosto pela leitura e aproximar as crian\u00e7as do universo liter\u00e1rio de forma l\u00fadica e acess\u00edvel\u201d.<\/p>\n\n\n\n<p>A iniciativa conta com a participa\u00e7\u00e3o da escola estadual Princesa Isabel, Centro Municipal de Educa\u00e7\u00e3o Infantil (Cmei) Professora Rita Etelvina de C\u00e1ssia e escola municipal General Aristides Barreto, al\u00e9m de escritores locais, como Anete Valdevino e Raimundo Nonato Brilhante.<\/p>\n\n\n\n<p>A programa\u00e7\u00e3o \u00e9 gratuita e aberta ao p\u00fablico, proporcionando uma experi\u00eancia educativa, divertida e inesquec\u00edvel para as crian\u00e7as.<\/p>\n\n\n\n<p><br>O evento celebra as Leis n\u00ba 10.402\/2002, que institui o Dia Nacional do Livro Infantil, e n\u00ba 1.219\/2008, que estabelece a Semana Monteiro Lobato de Literatura Infantil, no calend\u00e1rio oficial de Manaus.<\/p>\n\n\n\n<p>Programa\u00e7\u00e3o completa<br><br>15\/4 (Ter\u00e7a-feira)<br>Manh\u00e3<br>9h &#8211; Recep\u00e7\u00e3o com personagens do S\u00edtio do Picapau Amarelo e visita guiada \u00e0 exposi\u00e7\u00e3o de pinturas<br>9h30 &#8211; Conta\u00e7\u00e3o de hist\u00f3rias com Raimundo Nonato Brilhante e Anete Valdevino<br>10h\u201311h20 &#8211; Atividades l\u00fadicas com o grupo Atelir\u00ea<br>(escola estadual Princesa Isabel e Cmei Professora Rita Etelvina de C\u00e1ssia)<br><br>Tarde<br>14h &#8211; Recep\u00e7\u00e3o e visita \u00e0 exposi\u00e7\u00e3o<br>14h30 &#8211; Conta\u00e7\u00e3o de hist\u00f3rias com Anete Valdevino<br>15h\u201316h20 &#8211; Oficina de arte com fantoches<br>(escola estadual Princesa Isabel)<br><br>16\/4 (Quarta-feira)<br>Manh\u00e3<br>9h &#8211; Recep\u00e7\u00e3o e visita \u00e0 exposi\u00e7\u00e3o<br>9h20 &#8211; Conta\u00e7\u00e3o de hist\u00f3rias<\/p>\n\n\n\n<p>10h &#8211; Atividades l\u00fadicas<br><br>Tarde<br>14h &#8211; Recep\u00e7\u00e3o + visita \u00e0 exposi\u00e7\u00e3o<br>14h30 &#8211; Conta\u00e7\u00e3o de hist\u00f3rias com Anete Valdevino<br>15h &#8211; Atividades l\u00fadicas e oficina de fantoches<br>(escola municipal General Aristides Barreto).<\/p>\n\n\n\n<p>&#8212; &#8212; &#8212;<\/p>\n\n\n\n<p><strong>Texto<\/strong>\u00a0&#8211; J\u00e9ssica Trajano\/ManausCult<\/p>\n\n\n\n<p><strong>Fotos\u00a0<\/strong>&#8211; Thelson Souza\/ManausCult<\/p>\n","protected":false},"excerpt":{"rendered":"","protected":false},"author":23,"featured_media":3753,"comment_status":"closed","ping_status":"closed","sticky":false,"template":"","format":"standard","meta":{"footnotes":""},"categories":[825],"tags":[1339,334,1340,9,11,1341],"acf":[],"yoast_head":"<!-- This site is optimized with the Yoast SEO plugin v23.0 - https:\/\/yoast.com\/wordpress\/plugins\/seo\/ -->\n<title>Prefeitura de Manaus celebra a \u2018Semana do Livro Infantil\u2019 com programa\u00e7\u00e3o especial na biblioteca Jo\u00e3o Bosco Pantoja Evangelista<\/title>\n<meta name=\"description\" content=\"A Prefeitura de Manaus, por meio da Funda\u00e7\u00e3o Municipal de Cultura, Turismo e Eventos (ManausCult), realizar\u00e1, nos dias 15 e 16 de abril, uma programa\u00e7\u00e3o especial em celebra\u00e7\u00e3o ao Dia Nacional do Livro Infantil e \u00e0 Semana Monteiro Lobato de Literatura Infantil, na biblioteca municipal Jo\u00e3o Bosco Pantoja Evangelista\" \/>\n<meta name=\"robots\" content=\"noindex, follow\" \/>\n<meta property=\"og:locale\" content=\"pt_BR\" \/>\n<meta property=\"og:type\" content=\"article\" \/>\n<meta property=\"og:title\" content=\"Prefeitura de Manaus celebra a \u2018Semana do Livro Infantil\u2019 com programa\u00e7\u00e3o especial na biblioteca Jo\u00e3o Bosco Pantoja Evangelista\" \/>\n<meta property=\"og:description\" content=\"A Prefeitura de Manaus, por meio da Funda\u00e7\u00e3o Municipal de Cultura, Turismo e Eventos (ManausCult), realizar\u00e1, nos dias 15 e 16 de abril, uma programa\u00e7\u00e3o especial em celebra\u00e7\u00e3o ao Dia Nacional do Livro Infantil e \u00e0 Semana Monteiro Lobato de Literatura Infantil, na biblioteca municipal Jo\u00e3o Bosco Pantoja Evangelista\" \/>\n<meta property=\"og:url\" content=\"https:\/\/www.manaus.am.gov.br\/manauscult\/prefeitura-manauscult-semanadolivroinfantil\/\" \/>\n<meta property=\"og:site_name\" content=\"MANAUSCULT\" \/>\n<meta property=\"article:published_time\" content=\"2025-04-11T18:35:10+00:00\" \/>\n<meta property=\"article:modified_time\" content=\"2025-04-11T18:35:11+00:00\" \/>\n<meta property=\"og:image\" content=\"https:\/\/www.manaus.am.gov.br\/manauscult\/wp-content\/uploads\/sites\/11\/2025\/04\/IMG_6948.jpeg\" \/>\n\t<meta property=\"og:image:width\" content=\"1154\" \/>\n\t<meta property=\"og:image:height\" content=\"742\" \/>\n\t<meta property=\"og:image:type\" content=\"image\/jpeg\" \/>\n<meta name=\"author\" content=\"Adriana Costa\" \/>\n<meta name=\"twitter:card\" content=\"summary_large_image\" \/>\n<meta name=\"twitter:label1\" content=\"Written by\" \/>\n\t<meta name=\"twitter:data1\" content=\"Adriana Costa\" \/>\n\t<meta name=\"twitter:label2\" content=\"Est. reading time\" \/>\n\t<meta name=\"twitter:data2\" content=\"3 minutos\" \/>\n<script type=\"application\/ld+json\" class=\"yoast-schema-graph\">{\"@context\":\"https:\/\/schema.org\",\"@graph\":[{\"@type\":\"WebPage\",\"@id\":\"https:\/\/www.manaus.am.gov.br\/manauscult\/prefeitura-manauscult-semanadolivroinfantil\/\",\"url\":\"https:\/\/www.manaus.am.gov.br\/manauscult\/prefeitura-manauscult-semanadolivroinfantil\/\",\"name\":\"Prefeitura de Manaus celebra a \u2018Semana do Livro Infantil\u2019 com programa\u00e7\u00e3o especial na biblioteca Jo\u00e3o Bosco Pantoja Evangelista\",\"isPartOf\":{\"@id\":\"https:\/\/www.manaus.am.gov.br\/manauscult\/#website\"},\"primaryImageOfPage\":{\"@id\":\"https:\/\/www.manaus.am.gov.br\/manauscult\/prefeitura-manauscult-semanadolivroinfantil\/#primaryimage\"},\"image\":{\"@id\":\"https:\/\/www.manaus.am.gov.br\/manauscult\/prefeitura-manauscult-semanadolivroinfantil\/#primaryimage\"},\"thumbnailUrl\":\"https:\/\/www.manaus.am.gov.br\/manauscult\/wp-content\/uploads\/sites\/11\/2025\/04\/IMG_6948.jpeg\",\"datePublished\":\"2025-04-11T18:35:10+00:00\",\"dateModified\":\"2025-04-11T18:35:11+00:00\",\"author\":{\"@id\":\"https:\/\/www.manaus.am.gov.br\/manauscult\/#\/schema\/person\/4e49f4e267757a06ca072ec61b2b9968\"},\"description\":\"A Prefeitura de Manaus, por meio da Funda\u00e7\u00e3o Municipal de Cultura, Turismo e Eventos (ManausCult), realizar\u00e1, nos dias 15 e 16 de abril, uma programa\u00e7\u00e3o especial em celebra\u00e7\u00e3o ao Dia Nacional do Livro Infantil e \u00e0 Semana Monteiro Lobato de Literatura Infantil, na biblioteca municipal Jo\u00e3o Bosco Pantoja Evangelista\",\"breadcrumb\":{\"@id\":\"https:\/\/www.manaus.am.gov.br\/manauscult\/prefeitura-manauscult-semanadolivroinfantil\/#breadcrumb\"},\"inLanguage\":\"pt-BR\",\"potentialAction\":[{\"@type\":\"ReadAction\",\"target\":[\"https:\/\/www.manaus.am.gov.br\/manauscult\/prefeitura-manauscult-semanadolivroinfantil\/\"]}]},{\"@type\":\"ImageObject\",\"inLanguage\":\"pt-BR\",\"@id\":\"https:\/\/www.manaus.am.gov.br\/manauscult\/prefeitura-manauscult-semanadolivroinfantil\/#primaryimage\",\"url\":\"https:\/\/www.manaus.am.gov.br\/manauscult\/wp-content\/uploads\/sites\/11\/2025\/04\/IMG_6948.jpeg\",\"contentUrl\":\"https:\/\/www.manaus.am.gov.br\/manauscult\/wp-content\/uploads\/sites\/11\/2025\/04\/IMG_6948.jpeg\",\"width\":1154,\"height\":742},{\"@type\":\"BreadcrumbList\",\"@id\":\"https:\/\/www.manaus.am.gov.br\/manauscult\/prefeitura-manauscult-semanadolivroinfantil\/#breadcrumb\",\"itemListElement\":[{\"@type\":\"ListItem\",\"position\":1,\"name\":\"Home\",\"item\":\"https:\/\/www.manaus.am.gov.br\/manauscult\/\"},{\"@type\":\"ListItem\",\"position\":2,\"name\":\"Prefeitura de Manaus celebra a \u2018Semana do Livro Infantil\u2019 com programa\u00e7\u00e3o especial na biblioteca Jo\u00e3o Bosco Pantoja Evangelista\"}]},{\"@type\":\"WebSite\",\"@id\":\"https:\/\/www.manaus.am.gov.br\/manauscult\/#website\",\"url\":\"https:\/\/www.manaus.am.gov.br\/manauscult\/\",\"name\":\"MANAUSCULT\",\"description\":\"Prefeitura de Manaus\",\"potentialAction\":[{\"@type\":\"SearchAction\",\"target\":{\"@type\":\"EntryPoint\",\"urlTemplate\":\"https:\/\/www.manaus.am.gov.br\/manauscult\/?s={search_term_string}\"},\"query-input\":\"required name=search_term_string\"}],\"inLanguage\":\"pt-BR\"},{\"@type\":\"Person\",\"@id\":\"https:\/\/www.manaus.am.gov.br\/manauscult\/#\/schema\/person\/4e49f4e267757a06ca072ec61b2b9968\",\"name\":\"Adriana Costa\",\"image\":{\"@type\":\"ImageObject\",\"inLanguage\":\"pt-BR\",\"@id\":\"https:\/\/www.manaus.am.gov.br\/manauscult\/#\/schema\/person\/image\/\",\"url\":\"https:\/\/secure.gravatar.com\/avatar\/576258617ef7194f718179e766d57bd4?s=96&d=mm&r=g\",\"contentUrl\":\"https:\/\/secure.gravatar.com\/avatar\/576258617ef7194f718179e766d57bd4?s=96&d=mm&r=g\",\"caption\":\"Adriana Costa\"}}]}<\/script>\n<!-- \/ Yoast SEO plugin. -->","yoast_head_json":{"title":"Prefeitura de Manaus celebra a \u2018Semana do Livro Infantil\u2019 com programa\u00e7\u00e3o especial na biblioteca Jo\u00e3o Bosco Pantoja Evangelista","description":"A Prefeitura de Manaus, por meio da Funda\u00e7\u00e3o Municipal de Cultura, Turismo e Eventos (ManausCult), realizar\u00e1, nos dias 15 e 16 de abril, uma programa\u00e7\u00e3o especial em celebra\u00e7\u00e3o ao Dia Nacional do Livro Infantil e \u00e0 Semana Monteiro Lobato de Literatura Infantil, na biblioteca municipal Jo\u00e3o Bosco Pantoja Evangelista","robots":{"index":"noindex","follow":"follow"},"og_locale":"pt_BR","og_type":"article","og_title":"Prefeitura de Manaus celebra a \u2018Semana do Livro Infantil\u2019 com programa\u00e7\u00e3o especial na biblioteca Jo\u00e3o Bosco Pantoja Evangelista","og_description":"A Prefeitura de Manaus, por meio da Funda\u00e7\u00e3o Municipal de Cultura, Turismo e Eventos (ManausCult), realizar\u00e1, nos dias 15 e 16 de abril, uma programa\u00e7\u00e3o especial em celebra\u00e7\u00e3o ao Dia Nacional do Livro Infantil e \u00e0 Semana Monteiro Lobato de Literatura Infantil, na biblioteca municipal Jo\u00e3o Bosco Pantoja Evangelista","og_url":"https:\/\/www.manaus.am.gov.br\/manauscult\/prefeitura-manauscult-semanadolivroinfantil\/","og_site_name":"MANAUSCULT","article_published_time":"2025-04-11T18:35:10+00:00","article_modified_time":"2025-04-11T18:35:11+00:00","og_image":[{"width":1154,"height":742,"url":"https:\/\/www.manaus.am.gov.br\/manauscult\/wp-content\/uploads\/sites\/11\/2025\/04\/IMG_6948.jpeg","type":"image\/jpeg"}],"author":"Adriana Costa","twitter_card":"summary_large_image","twitter_misc":{"Written by":"Adriana Costa","Est. reading time":"3 minutos"},"schema":{"@context":"https:\/\/schema.org","@graph":[{"@type":"WebPage","@id":"https:\/\/www.manaus.am.gov.br\/manauscult\/prefeitura-manauscult-semanadolivroinfantil\/","url":"https:\/\/www.manaus.am.gov.br\/manauscult\/prefeitura-manauscult-semanadolivroinfantil\/","name":"Prefeitura de Manaus celebra a \u2018Semana do Livro Infantil\u2019 com programa\u00e7\u00e3o especial na biblioteca Jo\u00e3o Bosco Pantoja Evangelista","isPartOf":{"@id":"https:\/\/www.manaus.am.gov.br\/manauscult\/#website"},"primaryImageOfPage":{"@id":"https:\/\/www.manaus.am.gov.br\/manauscult\/prefeitura-manauscult-semanadolivroinfantil\/#primaryimage"},"image":{"@id":"https:\/\/www.manaus.am.gov.br\/manauscult\/prefeitura-manauscult-semanadolivroinfantil\/#primaryimage"},"thumbnailUrl":"https:\/\/www.manaus.am.gov.br\/manauscult\/wp-content\/uploads\/sites\/11\/2025\/04\/IMG_6948.jpeg","datePublished":"2025-04-11T18:35:10+00:00","dateModified":"2025-04-11T18:35:11+00:00","author":{"@id":"https:\/\/www.manaus.am.gov.br\/manauscult\/#\/schema\/person\/4e49f4e267757a06ca072ec61b2b9968"},"description":"A Prefeitura de Manaus, por meio da Funda\u00e7\u00e3o Municipal de Cultura, Turismo e Eventos (ManausCult), realizar\u00e1, nos dias 15 e 16 de abril, uma programa\u00e7\u00e3o especial em celebra\u00e7\u00e3o ao Dia Nacional do Livro Infantil e \u00e0 Semana Monteiro Lobato de Literatura Infantil, na biblioteca municipal Jo\u00e3o Bosco Pantoja Evangelista","breadcrumb":{"@id":"https:\/\/www.manaus.am.gov.br\/manauscult\/prefeitura-manauscult-semanadolivroinfantil\/#breadcrumb"},"inLanguage":"pt-BR","potentialAction":[{"@type":"ReadAction","target":["https:\/\/www.manaus.am.gov.br\/manauscult\/prefeitura-manauscult-semanadolivroinfantil\/"]}]},{"@type":"ImageObject","inLanguage":"pt-BR","@id":"https:\/\/www.manaus.am.gov.br\/manauscult\/prefeitura-manauscult-semanadolivroinfantil\/#primaryimage","url":"https:\/\/www.manaus.am.gov.br\/manauscult\/wp-content\/uploads\/sites\/11\/2025\/04\/IMG_6948.jpeg","contentUrl":"https:\/\/www.manaus.am.gov.br\/manauscult\/wp-content\/uploads\/sites\/11\/2025\/04\/IMG_6948.jpeg","width":1154,"height":742},{"@type":"BreadcrumbList","@id":"https:\/\/www.manaus.am.gov.br\/manauscult\/prefeitura-manauscult-semanadolivroinfantil\/#breadcrumb","itemListElement":[{"@type":"ListItem","position":1,"name":"Home","item":"https:\/\/www.manaus.am.gov.br\/manauscult\/"},{"@type":"ListItem","position":2,"name":"Prefeitura de Manaus celebra a \u2018Semana do Livro Infantil\u2019 com programa\u00e7\u00e3o especial na biblioteca Jo\u00e3o Bosco Pantoja Evangelista"}]},{"@type":"WebSite","@id":"https:\/\/www.manaus.am.gov.br\/manauscult\/#website","url":"https:\/\/www.manaus.am.gov.br\/manauscult\/","name":"MANAUSCULT","description":"Prefeitura de Manaus","potentialAction":[{"@type":"SearchAction","target":{"@type":"EntryPoint","urlTemplate":"https:\/\/www.manaus.am.gov.br\/manauscult\/?s={search_term_string}"},"query-input":"required name=search_term_string"}],"inLanguage":"pt-BR"},{"@type":"Person","@id":"https:\/\/www.manaus.am.gov.br\/manauscult\/#\/schema\/person\/4e49f4e267757a06ca072ec61b2b9968","name":"Adriana Costa","image":{"@type":"ImageObject","inLanguage":"pt-BR","@id":"https:\/\/www.manaus.am.gov.br\/manauscult\/#\/schema\/person\/image\/","url":"https:\/\/secure.gravatar.com\/avatar\/576258617ef7194f718179e766d57bd4?s=96&d=mm&r=g","contentUrl":"https:\/\/secure.gravatar.com\/avatar\/576258617ef7194f718179e766d57bd4?s=96&d=mm&r=g","caption":"Adriana Costa"}}]}},"_links":{"self":[{"href":"https:\/\/www.manaus.am.gov.br\/manauscult\/wp-json\/wp\/v2\/posts\/3752"}],"collection":[{"href":"https:\/\/www.manaus.am.gov.br\/manauscult\/wp-json\/wp\/v2\/posts"}],"about":[{"href":"https:\/\/www.manaus.am.gov.br\/manauscult\/wp-json\/wp\/v2\/types\/post"}],"author":[{"embeddable":true,"href":"https:\/\/www.manaus.am.gov.br\/manauscult\/wp-json\/wp\/v2\/users\/23"}],"replies":[{"embeddable":true,"href":"https:\/\/www.manaus.am.gov.br\/manauscult\/wp-json\/wp\/v2\/comments?post=3752"}],"version-history":[{"count":0,"href":"https:\/\/www.manaus.am.gov.br\/manauscult\/wp-json\/wp\/v2\/posts\/3752\/revisions"}],"wp:featuredmedia":[{"embeddable":true,"href":"https:\/\/www.manaus.am.gov.br\/manauscult\/wp-json\/wp\/v2\/media\/3753"}],"wp:attachment":[{"href":"https:\/\/www.manaus.am.gov.br\/manauscult\/wp-json\/wp\/v2\/media?parent=3752"}],"wp:term":[{"taxonomy":"category","embeddable":true,"href":"https:\/\/www.manaus.am.gov.br\/manauscult\/wp-json\/wp\/v2\/categories?post=3752"},{"taxonomy":"post_tag","embeddable":true,"href":"https:\/\/www.manaus.am.gov.br\/manauscult\/wp-json\/wp\/v2\/tags?post=3752"}],"curies":[{"name":"wp","href":"https:\/\/api.w.org\/{rel}","templated":true}]}}