{"id":3725,"date":"2025-04-09T11:50:31","date_gmt":"2025-04-09T15:50:31","guid":{"rendered":"https:\/\/www.manaus.am.gov.br\/manauscult\/audiencia-publica-plano-municipal-de-turismo\/"},"modified":"2025-04-09T11:50:31","modified_gmt":"2025-04-09T15:50:31","slug":"audiencia-publica-plano-municipal-de-turismo","status":"publish","type":"post","link":"https:\/\/www.manaus.am.gov.br\/manauscult\/audiencia-publica-plano-municipal-de-turismo\/","title":{"rendered":"Prefeitura de Manaus articula audi\u00eancia p\u00fablica com vereadores para apresentar Plano Municipal de Turismo"},"content":{"rendered":"\n<p>A Prefeitura de Manaus, por meio da Funda\u00e7\u00e3o Municipal de Cultura, Turismo e Eventos (Manauscult), deu mais um passo importante para o fortalecimento do turismo na capital amazonense. Na tarde desta segunda-feira, 7\/4, o diretor-presidente da Manauscult, Jender Lobato, recebeu na sede da institui\u00e7\u00e3o os vereadores Jo\u00e3o Carlos, Rodinei Ramos e a vereadora Professora Jacqueline, para discutir a realiza\u00e7\u00e3o de uma Audi\u00eancia P\u00fablica na C\u00e2mara Municipal de Manaus (CMM).<\/p>\n\n\n\n<p>O encontro teve como objetivo principal alinhar com os parlamentares, os detalhes do pedido oficial encaminhado \u00e0 presid\u00eancia da C\u00e2mara, solicitando a audi\u00eancia para apresenta\u00e7\u00e3o do Plano Municipal de Turismo e Marketing Estrat\u00e9gico da Cidade de Manaus. O documento, elaborado pela Manauscult em parceria com o Servi\u00e7o Brasileiro de Apoio \u00e0s Micro e Pequenas Empresas (Sebrae), dentre outros \u00f3rg\u00e3os, re\u00fane diretrizes e a\u00e7\u00f5es voltadas para o desenvolvimento sustent\u00e1vel do turismo local.<\/p>\n\n\n\n<p>Durante a reuni\u00e3o, o diretor-presidente da Manauscult, Jender Lobato, ressaltou a import\u00e2ncia da participa\u00e7\u00e3o do Legislativo no processo de constru\u00e7\u00e3o e valida\u00e7\u00e3o do plano. \u201cEssa audi\u00eancia p\u00fablica vai ser uma etapa essencial para consolidarmos um projeto feito com base na escuta ativa de diversos segmentos da sociedade. O turismo \u00e9 uma atividade econ\u00f4mica estrat\u00e9gica, e esse plano ser\u00e1 constru\u00eddo com ampla participa\u00e7\u00e3o de especialistas, universidades, representantes do setor e do trade tur\u00edstico\u201d, destacou o diretor-presidente.<\/p>\n\n\n\n<p>Al\u00e9m de garantir transpar\u00eancia, a audi\u00eancia p\u00fablica busca dar legitimidade institucional ao lan\u00e7amento oficial do plano, promovendo maior engajamento da popula\u00e7\u00e3o e dos vereadores com a pol\u00edtica p\u00fablica de turismo da cidade. O documento prop\u00f5e a\u00e7\u00f5es estruturantes que envolvem promo\u00e7\u00e3o tur\u00edstica, capacita\u00e7\u00e3o profissional, valoriza\u00e7\u00e3o do patrim\u00f4nio cultural e natural, al\u00e9m da cria\u00e7\u00e3o de estrat\u00e9gias de marketing para atrair visitantes e investidores.<\/p>\n\n\n\n<p>A diretora de Turismo da Manauscult, Oreni Braga, enfatizou a relev\u00e2ncia do di\u00e1logo com o Legislativo para o sucesso do plano. \u201cEsse debate com os vereadores \u00e9 essencial para que possamos construir uma pol\u00edtica de turismo s\u00f3lida, com base na participa\u00e7\u00e3o social e institucional. Ficou previsto que a audi\u00eancia p\u00fablica ser\u00e1 realizada no final de maio ou in\u00edcio de junho. At\u00e9 l\u00e1, o Plano Municipal de Turismo ser\u00e1 enviado oficialmente \u00e0 C\u00e2mara Municipal, para que os parlamentares tenham tempo de analisar e contribuir com sugest\u00f5es. S\u00f3 ent\u00e3o marcaremos a data definitiva da audi\u00eancia, que ser\u00e1 um marco para o fortalecimento do turismo em nossa cidade\u201d, afirmou Oreni.<\/p>\n\n\n\n<p>A presen\u00e7a dos vereadores na reuni\u00e3o demonstra o compromisso da C\u00e2mara Municipal com o fortalecimento do turismo como vetor de desenvolvimento econ\u00f4mico, cultural e social. Segundo os parlamentares presentes, o plano representa uma oportunidade concreta de potencializar os atrativos da capital e ampliar a gera\u00e7\u00e3o de emprego e renda no setor.<\/p>\n\n\n\n<figure class=\"wp-block-image size-large\"><img loading=\"lazy\" decoding=\"async\" width=\"1024\" height=\"684\" src=\"https:\/\/www.manaus.am.gov.br\/manauscult\/wp-content\/uploads\/sites\/11\/2025\/04\/WhatsApp-Image-2025-04-09-at-11.40.47-1024x684.jpeg\" alt=\"\" class=\"wp-image-3726\" srcset=\"https:\/\/www.manaus.am.gov.br\/manauscult\/wp-content\/uploads\/sites\/11\/2025\/04\/WhatsApp-Image-2025-04-09-at-11.40.47-1024x684.jpeg 1024w, https:\/\/www.manaus.am.gov.br\/manauscult\/wp-content\/uploads\/sites\/11\/2025\/04\/WhatsApp-Image-2025-04-09-at-11.40.47-300x200.jpeg 300w, https:\/\/www.manaus.am.gov.br\/manauscult\/wp-content\/uploads\/sites\/11\/2025\/04\/WhatsApp-Image-2025-04-09-at-11.40.47-768x513.jpeg 768w, https:\/\/www.manaus.am.gov.br\/manauscult\/wp-content\/uploads\/sites\/11\/2025\/04\/WhatsApp-Image-2025-04-09-at-11.40.47-1536x1026.jpeg 1536w, https:\/\/www.manaus.am.gov.br\/manauscult\/wp-content\/uploads\/sites\/11\/2025\/04\/WhatsApp-Image-2025-04-09-at-11.40.47.jpeg 1600w\" sizes=\"(max-width: 1024px) 100vw, 1024px\" \/><\/figure>\n\n\n\n<p>&#8212; &#8212; &#8212;<\/p>\n\n\n\n<p><strong>Texto &#8211;<\/strong> J\u00e9ssica Trajano\/Manauscult<\/p>\n\n\n\n<p><strong>Fotos<\/strong> &#8211; Thelson Souza\/Manauscult<\/p>\n","protected":false},"excerpt":{"rendered":"","protected":false},"author":39,"featured_media":3727,"comment_status":"closed","ping_status":"closed","sticky":false,"template":"","format":"standard","meta":{"footnotes":""},"categories":[18],"tags":[1334,483,9,1335,11],"acf":[],"yoast_head":"<!-- This site is optimized with the Yoast SEO plugin v23.0 - https:\/\/yoast.com\/wordpress\/plugins\/seo\/ -->\n<title>Audi\u00eancia p\u00fablica para apresentar Plano Municipal de Turismo<\/title>\n<meta name=\"description\" content=\"Prefeitura de Manaus, por meio da Manauscult, articula audi\u00eancia p\u00fablica com vereadores para apresentar Plano Municipal de Turismo.\" \/>\n<meta name=\"robots\" content=\"noindex, follow\" \/>\n<meta property=\"og:locale\" content=\"pt_BR\" \/>\n<meta property=\"og:type\" content=\"article\" \/>\n<meta property=\"og:title\" content=\"Audi\u00eancia p\u00fablica para apresentar Plano Municipal de Turismo\" \/>\n<meta property=\"og:description\" content=\"Prefeitura de Manaus, por meio da Manauscult, articula audi\u00eancia p\u00fablica com vereadores para apresentar Plano Municipal de Turismo.\" \/>\n<meta property=\"og:url\" content=\"https:\/\/www.manaus.am.gov.br\/manauscult\/audiencia-publica-plano-municipal-de-turismo\/\" \/>\n<meta property=\"og:site_name\" content=\"MANAUSCULT\" \/>\n<meta property=\"article:published_time\" content=\"2025-04-09T15:50:31+00:00\" \/>\n<meta property=\"og:image\" content=\"https:\/\/www.manaus.am.gov.br\/manauscult\/wp-content\/uploads\/sites\/11\/2025\/04\/WhatsApp-Image-2025-04-09-at-11.40.46.jpeg\" \/>\n\t<meta property=\"og:image:width\" content=\"1600\" \/>\n\t<meta property=\"og:image:height\" content=\"1069\" \/>\n\t<meta property=\"og:image:type\" content=\"image\/jpeg\" \/>\n<meta name=\"author\" content=\"Bruna Greco\" \/>\n<meta name=\"twitter:card\" content=\"summary_large_image\" \/>\n<meta name=\"twitter:label1\" content=\"Written by\" \/>\n\t<meta name=\"twitter:data1\" content=\"Bruna Greco\" \/>\n\t<meta name=\"twitter:label2\" content=\"Est. reading time\" \/>\n\t<meta name=\"twitter:data2\" content=\"3 minutos\" \/>\n<script type=\"application\/ld+json\" class=\"yoast-schema-graph\">{\"@context\":\"https:\/\/schema.org\",\"@graph\":[{\"@type\":\"WebPage\",\"@id\":\"https:\/\/www.manaus.am.gov.br\/manauscult\/audiencia-publica-plano-municipal-de-turismo\/\",\"url\":\"https:\/\/www.manaus.am.gov.br\/manauscult\/audiencia-publica-plano-municipal-de-turismo\/\",\"name\":\"Audi\u00eancia p\u00fablica para apresentar Plano Municipal de Turismo\",\"isPartOf\":{\"@id\":\"https:\/\/www.manaus.am.gov.br\/manauscult\/#website\"},\"primaryImageOfPage\":{\"@id\":\"https:\/\/www.manaus.am.gov.br\/manauscult\/audiencia-publica-plano-municipal-de-turismo\/#primaryimage\"},\"image\":{\"@id\":\"https:\/\/www.manaus.am.gov.br\/manauscult\/audiencia-publica-plano-municipal-de-turismo\/#primaryimage\"},\"thumbnailUrl\":\"https:\/\/www.manaus.am.gov.br\/manauscult\/wp-content\/uploads\/sites\/11\/2025\/04\/WhatsApp-Image-2025-04-09-at-11.40.46.jpeg\",\"datePublished\":\"2025-04-09T15:50:31+00:00\",\"dateModified\":\"2025-04-09T15:50:31+00:00\",\"author\":{\"@id\":\"https:\/\/www.manaus.am.gov.br\/manauscult\/#\/schema\/person\/05d223aea2bf115f9883a6ff3683d81b\"},\"description\":\"Prefeitura de Manaus, por meio da Manauscult, articula audi\u00eancia p\u00fablica com vereadores para apresentar Plano Municipal de Turismo.\",\"breadcrumb\":{\"@id\":\"https:\/\/www.manaus.am.gov.br\/manauscult\/audiencia-publica-plano-municipal-de-turismo\/#breadcrumb\"},\"inLanguage\":\"pt-BR\",\"potentialAction\":[{\"@type\":\"ReadAction\",\"target\":[\"https:\/\/www.manaus.am.gov.br\/manauscult\/audiencia-publica-plano-municipal-de-turismo\/\"]}]},{\"@type\":\"ImageObject\",\"inLanguage\":\"pt-BR\",\"@id\":\"https:\/\/www.manaus.am.gov.br\/manauscult\/audiencia-publica-plano-municipal-de-turismo\/#primaryimage\",\"url\":\"https:\/\/www.manaus.am.gov.br\/manauscult\/wp-content\/uploads\/sites\/11\/2025\/04\/WhatsApp-Image-2025-04-09-at-11.40.46.jpeg\",\"contentUrl\":\"https:\/\/www.manaus.am.gov.br\/manauscult\/wp-content\/uploads\/sites\/11\/2025\/04\/WhatsApp-Image-2025-04-09-at-11.40.46.jpeg\",\"width\":1600,\"height\":1069,\"caption\":\"#paratodosverem - Diretor-presidente da Manauscult, Jender Lobato, recebendo na sede da institui\u00e7\u00e3o os vereadores Jo\u00e3o Carlos, Rodinei Ramos e a vereadora Professora Jacqueline, para discutir a realiza\u00e7\u00e3o de uma Audi\u00eancia P\u00fablica na C\u00e2mara Municipal de Manaus (CMM)\"},{\"@type\":\"BreadcrumbList\",\"@id\":\"https:\/\/www.manaus.am.gov.br\/manauscult\/audiencia-publica-plano-municipal-de-turismo\/#breadcrumb\",\"itemListElement\":[{\"@type\":\"ListItem\",\"position\":1,\"name\":\"Home\",\"item\":\"https:\/\/www.manaus.am.gov.br\/manauscult\/\"},{\"@type\":\"ListItem\",\"position\":2,\"name\":\"Prefeitura de Manaus articula audi\u00eancia p\u00fablica com vereadores para apresentar Plano Municipal de Turismo\"}]},{\"@type\":\"WebSite\",\"@id\":\"https:\/\/www.manaus.am.gov.br\/manauscult\/#website\",\"url\":\"https:\/\/www.manaus.am.gov.br\/manauscult\/\",\"name\":\"MANAUSCULT\",\"description\":\"Prefeitura de Manaus\",\"potentialAction\":[{\"@type\":\"SearchAction\",\"target\":{\"@type\":\"EntryPoint\",\"urlTemplate\":\"https:\/\/www.manaus.am.gov.br\/manauscult\/?s={search_term_string}\"},\"query-input\":\"required name=search_term_string\"}],\"inLanguage\":\"pt-BR\"},{\"@type\":\"Person\",\"@id\":\"https:\/\/www.manaus.am.gov.br\/manauscult\/#\/schema\/person\/05d223aea2bf115f9883a6ff3683d81b\",\"name\":\"Bruna Greco\",\"image\":{\"@type\":\"ImageObject\",\"inLanguage\":\"pt-BR\",\"@id\":\"https:\/\/www.manaus.am.gov.br\/manauscult\/#\/schema\/person\/image\/\",\"url\":\"https:\/\/secure.gravatar.com\/avatar\/9c877d1a6adc2a055330e5c09a8653ce?s=96&d=mm&r=g\",\"contentUrl\":\"https:\/\/secure.gravatar.com\/avatar\/9c877d1a6adc2a055330e5c09a8653ce?s=96&d=mm&r=g\",\"caption\":\"Bruna Greco\"}}]}<\/script>\n<!-- \/ Yoast SEO plugin. -->","yoast_head_json":{"title":"Audi\u00eancia p\u00fablica para apresentar Plano Municipal de Turismo","description":"Prefeitura de Manaus, por meio da Manauscult, articula audi\u00eancia p\u00fablica com vereadores para apresentar Plano Municipal de Turismo.","robots":{"index":"noindex","follow":"follow"},"og_locale":"pt_BR","og_type":"article","og_title":"Audi\u00eancia p\u00fablica para apresentar Plano Municipal de Turismo","og_description":"Prefeitura de Manaus, por meio da Manauscult, articula audi\u00eancia p\u00fablica com vereadores para apresentar Plano Municipal de Turismo.","og_url":"https:\/\/www.manaus.am.gov.br\/manauscult\/audiencia-publica-plano-municipal-de-turismo\/","og_site_name":"MANAUSCULT","article_published_time":"2025-04-09T15:50:31+00:00","og_image":[{"width":1600,"height":1069,"url":"https:\/\/www.manaus.am.gov.br\/manauscult\/wp-content\/uploads\/sites\/11\/2025\/04\/WhatsApp-Image-2025-04-09-at-11.40.46.jpeg","type":"image\/jpeg"}],"author":"Bruna Greco","twitter_card":"summary_large_image","twitter_misc":{"Written by":"Bruna Greco","Est. reading time":"3 minutos"},"schema":{"@context":"https:\/\/schema.org","@graph":[{"@type":"WebPage","@id":"https:\/\/www.manaus.am.gov.br\/manauscult\/audiencia-publica-plano-municipal-de-turismo\/","url":"https:\/\/www.manaus.am.gov.br\/manauscult\/audiencia-publica-plano-municipal-de-turismo\/","name":"Audi\u00eancia p\u00fablica para apresentar Plano Municipal de Turismo","isPartOf":{"@id":"https:\/\/www.manaus.am.gov.br\/manauscult\/#website"},"primaryImageOfPage":{"@id":"https:\/\/www.manaus.am.gov.br\/manauscult\/audiencia-publica-plano-municipal-de-turismo\/#primaryimage"},"image":{"@id":"https:\/\/www.manaus.am.gov.br\/manauscult\/audiencia-publica-plano-municipal-de-turismo\/#primaryimage"},"thumbnailUrl":"https:\/\/www.manaus.am.gov.br\/manauscult\/wp-content\/uploads\/sites\/11\/2025\/04\/WhatsApp-Image-2025-04-09-at-11.40.46.jpeg","datePublished":"2025-04-09T15:50:31+00:00","dateModified":"2025-04-09T15:50:31+00:00","author":{"@id":"https:\/\/www.manaus.am.gov.br\/manauscult\/#\/schema\/person\/05d223aea2bf115f9883a6ff3683d81b"},"description":"Prefeitura de Manaus, por meio da Manauscult, articula audi\u00eancia p\u00fablica com vereadores para apresentar Plano Municipal de Turismo.","breadcrumb":{"@id":"https:\/\/www.manaus.am.gov.br\/manauscult\/audiencia-publica-plano-municipal-de-turismo\/#breadcrumb"},"inLanguage":"pt-BR","potentialAction":[{"@type":"ReadAction","target":["https:\/\/www.manaus.am.gov.br\/manauscult\/audiencia-publica-plano-municipal-de-turismo\/"]}]},{"@type":"ImageObject","inLanguage":"pt-BR","@id":"https:\/\/www.manaus.am.gov.br\/manauscult\/audiencia-publica-plano-municipal-de-turismo\/#primaryimage","url":"https:\/\/www.manaus.am.gov.br\/manauscult\/wp-content\/uploads\/sites\/11\/2025\/04\/WhatsApp-Image-2025-04-09-at-11.40.46.jpeg","contentUrl":"https:\/\/www.manaus.am.gov.br\/manauscult\/wp-content\/uploads\/sites\/11\/2025\/04\/WhatsApp-Image-2025-04-09-at-11.40.46.jpeg","width":1600,"height":1069,"caption":"#paratodosverem - Diretor-presidente da Manauscult, Jender Lobato, recebendo na sede da institui\u00e7\u00e3o os vereadores Jo\u00e3o Carlos, Rodinei Ramos e a vereadora Professora Jacqueline, para discutir a realiza\u00e7\u00e3o de uma Audi\u00eancia P\u00fablica na C\u00e2mara Municipal de Manaus (CMM)"},{"@type":"BreadcrumbList","@id":"https:\/\/www.manaus.am.gov.br\/manauscult\/audiencia-publica-plano-municipal-de-turismo\/#breadcrumb","itemListElement":[{"@type":"ListItem","position":1,"name":"Home","item":"https:\/\/www.manaus.am.gov.br\/manauscult\/"},{"@type":"ListItem","position":2,"name":"Prefeitura de Manaus articula audi\u00eancia p\u00fablica com vereadores para apresentar Plano Municipal de Turismo"}]},{"@type":"WebSite","@id":"https:\/\/www.manaus.am.gov.br\/manauscult\/#website","url":"https:\/\/www.manaus.am.gov.br\/manauscult\/","name":"MANAUSCULT","description":"Prefeitura de Manaus","potentialAction":[{"@type":"SearchAction","target":{"@type":"EntryPoint","urlTemplate":"https:\/\/www.manaus.am.gov.br\/manauscult\/?s={search_term_string}"},"query-input":"required name=search_term_string"}],"inLanguage":"pt-BR"},{"@type":"Person","@id":"https:\/\/www.manaus.am.gov.br\/manauscult\/#\/schema\/person\/05d223aea2bf115f9883a6ff3683d81b","name":"Bruna Greco","image":{"@type":"ImageObject","inLanguage":"pt-BR","@id":"https:\/\/www.manaus.am.gov.br\/manauscult\/#\/schema\/person\/image\/","url":"https:\/\/secure.gravatar.com\/avatar\/9c877d1a6adc2a055330e5c09a8653ce?s=96&d=mm&r=g","contentUrl":"https:\/\/secure.gravatar.com\/avatar\/9c877d1a6adc2a055330e5c09a8653ce?s=96&d=mm&r=g","caption":"Bruna Greco"}}]}},"_links":{"self":[{"href":"https:\/\/www.manaus.am.gov.br\/manauscult\/wp-json\/wp\/v2\/posts\/3725"}],"collection":[{"href":"https:\/\/www.manaus.am.gov.br\/manauscult\/wp-json\/wp\/v2\/posts"}],"about":[{"href":"https:\/\/www.manaus.am.gov.br\/manauscult\/wp-json\/wp\/v2\/types\/post"}],"author":[{"embeddable":true,"href":"https:\/\/www.manaus.am.gov.br\/manauscult\/wp-json\/wp\/v2\/users\/39"}],"replies":[{"embeddable":true,"href":"https:\/\/www.manaus.am.gov.br\/manauscult\/wp-json\/wp\/v2\/comments?post=3725"}],"version-history":[{"count":1,"href":"https:\/\/www.manaus.am.gov.br\/manauscult\/wp-json\/wp\/v2\/posts\/3725\/revisions"}],"predecessor-version":[{"id":3728,"href":"https:\/\/www.manaus.am.gov.br\/manauscult\/wp-json\/wp\/v2\/posts\/3725\/revisions\/3728"}],"wp:featuredmedia":[{"embeddable":true,"href":"https:\/\/www.manaus.am.gov.br\/manauscult\/wp-json\/wp\/v2\/media\/3727"}],"wp:attachment":[{"href":"https:\/\/www.manaus.am.gov.br\/manauscult\/wp-json\/wp\/v2\/media?parent=3725"}],"wp:term":[{"taxonomy":"category","embeddable":true,"href":"https:\/\/www.manaus.am.gov.br\/manauscult\/wp-json\/wp\/v2\/categories?post=3725"},{"taxonomy":"post_tag","embeddable":true,"href":"https:\/\/www.manaus.am.gov.br\/manauscult\/wp-json\/wp\/v2\/tags?post=3725"}],"curies":[{"name":"wp","href":"https:\/\/api.w.org\/{rel}","templated":true}]}}