{"id":3718,"date":"2025-04-05T12:10:11","date_gmt":"2025-04-05T16:10:11","guid":{"rendered":"https:\/\/www.manaus.am.gov.br\/manauscult\/prefeitura-manauscult-eventoquadrinhos\/"},"modified":"2025-04-09T09:34:00","modified_gmt":"2025-04-09T13:34:00","slug":"prefeitura-manauscult-eventoquadrinhos","status":"publish","type":"post","link":"https:\/\/www.manaus.am.gov.br\/manauscult\/prefeitura-manauscult-eventoquadrinhos\/","title":{"rendered":"Manaus celebra a arte dos quadrinhos com programa\u00e7\u00e3o gratuita neste fim de semana"},"content":{"rendered":"\n<p>Com o apoio da Prefeitura de Manaus, por meio da Funda\u00e7\u00e3o Municipal de Cultura, Turismo e Eventos (ManausCult), a capital amazonense est\u00e1 respirando cultura e criatividade neste fim de semana, com a realiza\u00e7\u00e3o da \u201cSemana de Quadrinhos Nacional de Manaus (SQNM)\u201d. O evento, que teve in\u00edcio na sexta-feira, 4\/4, e segue at\u00e9 domingo, 6\/4, acontece em dois espa\u00e7os da cidade: o mirante L\u00facia Almeida e a Biblioteca P\u00fablica do Amazonas.<\/p>\n\n\n\n<p>O evento integra o \u201cCircuito Nacional da Semana de Quadrinhos\u201d, promovendo a\u00e7\u00f5es que fortalecem a produ\u00e7\u00e3o art\u00edstica regional e nacional, com atividades voltadas para todas as idades.<\/p>\n\n\n\n<p>Ao longo dos tr\u00eas dias, o p\u00fablico pode participar de oficinas, bate-papos, exposi\u00e7\u00f5es e batalhas de desenho, al\u00e9m de conferir uma feira com venda de quadrinhos autorais e uma rica programa\u00e7\u00e3o liter\u00e1ria. A iniciativa \u00e9 totalmente gratuita, oferecendo acesso democr\u00e1tico \u00e0 cultura e ao universo dos quadrinhos.<\/p>\n\n\n\n<p>Na sexta-feira, a programa\u00e7\u00e3o contou com oficinas de zines, tirinhas e mang\u00e1s na biblioteca p\u00fablica, al\u00e9m de mesas de debate sobre cr\u00edtica social nas HQs, homenagens a artistas, como Ricardo Ono, e atividades no mirante, como a tradicional batalha de desenhos promovida pela Casa Geek.<\/p>\n\n\n\n<p>Neste s\u00e1bado, o evento segue com oficinas para crian\u00e7as e jovens, al\u00e9m de discuss\u00f5es sobre ancestralidade, meio ambiente e educa\u00e7\u00e3o a partir dos quadrinhos. A programa\u00e7\u00e3o encerra o dia com a exibi\u00e7\u00e3o do filme \u201cSete Cores da Amaz\u00f4nia\u201d.<\/p>\n\n\n\n<p>O encerramento acontece neste domingo, 6\/4, com destaque para debates sobre o mang\u00e1 nacional, a internacionaliza\u00e7\u00e3o das hist\u00f3rias brasileiras e a produ\u00e7\u00e3o coletiva no universo das HQs. As oficinas continuam na biblioteca p\u00fablica e, no fim do dia, o mirante volta a ser palco da animada batalha de desenhos.<\/p>\n\n\n\n<p>A &#8220;Semana de Quadrinhos Nacional de Manaus&#8221; \u00e9 mais do que um evento cultural, \u00e9 um espa\u00e7o de conex\u00e3o, aprendizado e valoriza\u00e7\u00e3o da arte que transforma.&nbsp;O evento tem o apoio, ainda, do governo do Amazonas, a partir da Secretaria de Cultura e Economia Criativa.<\/p>\n\n\n\n<p>A Prefeitura de Manaus, via ManausCult, refor\u00e7a, com essa a\u00e7\u00e3o, o compromisso com o fomento \u00e0 cultura, \u00e0 leitura e \u00e0 produ\u00e7\u00e3o art\u00edstica local.<\/p>\n\n\n\n<p>Mais informa\u00e7\u00f5es est\u00e3o dispon\u00edveis no perfil oficial do evento no Instagram: @semanadoquadrinho.mao.<\/p>\n\n\n\n<p>&#8212; &#8212; &#8212;<\/p>\n\n\n\n<p><strong>Texto&nbsp;<\/strong>&#8211; J\u00e9ssica Trajano \/ManausCult<\/p>\n\n\n\n<p><strong>Fotos&nbsp;<\/strong>&#8211; Thelson Souza\/ManausCult<\/p>\n","protected":false},"excerpt":{"rendered":"","protected":false},"author":23,"featured_media":3719,"comment_status":"closed","ping_status":"closed","sticky":false,"template":"","format":"standard","meta":{"footnotes":""},"categories":[3],"tags":[9,1330,11,1331],"acf":[],"yoast_head":"<!-- This site is optimized with the Yoast SEO plugin v23.0 - https:\/\/yoast.com\/wordpress\/plugins\/seo\/ -->\n<title>Manaus celebra a arte dos quadrinhos com programa\u00e7\u00e3o gratuita no mirante L\u00facia Almeida e na biblioteca p\u00fablica<\/title>\n<meta name=\"description\" content=\"Com o apoio da Prefeitura de Manaus, por meio da Funda\u00e7\u00e3o Municipal de Cultura, Turismo e Eventos (ManausCult), a capital amazonense est\u00e1 respirando cultura e criatividade neste fim de semana, com a realiza\u00e7\u00e3o da \u201cSemana de Quadrinhos Nacional de Manaus (SQNM)\u201d.\" \/>\n<meta name=\"robots\" content=\"noindex, follow\" \/>\n<meta property=\"og:locale\" content=\"pt_BR\" \/>\n<meta property=\"og:type\" content=\"article\" \/>\n<meta property=\"og:title\" content=\"Manaus celebra a arte dos quadrinhos com programa\u00e7\u00e3o gratuita no mirante L\u00facia Almeida e na biblioteca p\u00fablica\" \/>\n<meta property=\"og:description\" content=\"Com o apoio da Prefeitura de Manaus, por meio da Funda\u00e7\u00e3o Municipal de Cultura, Turismo e Eventos (ManausCult), a capital amazonense est\u00e1 respirando cultura e criatividade neste fim de semana, com a realiza\u00e7\u00e3o da \u201cSemana de Quadrinhos Nacional de Manaus (SQNM)\u201d.\" \/>\n<meta property=\"og:url\" content=\"https:\/\/www.manaus.am.gov.br\/manauscult\/prefeitura-manauscult-eventoquadrinhos\/\" \/>\n<meta property=\"og:site_name\" content=\"MANAUSCULT\" \/>\n<meta property=\"article:published_time\" content=\"2025-04-05T16:10:11+00:00\" \/>\n<meta property=\"article:modified_time\" content=\"2025-04-09T13:34:00+00:00\" \/>\n<meta property=\"og:image\" content=\"https:\/\/www.manaus.am.gov.br\/manauscult\/wp-content\/uploads\/sites\/11\/2025\/04\/e25d9ac0-8851-425f-9ecf-724d98a261bb.jpeg\" \/>\n\t<meta property=\"og:image:width\" content=\"1600\" \/>\n\t<meta property=\"og:image:height\" content=\"1069\" \/>\n\t<meta property=\"og:image:type\" content=\"image\/jpeg\" \/>\n<meta name=\"author\" content=\"Adriana Costa\" \/>\n<meta name=\"twitter:card\" content=\"summary_large_image\" \/>\n<meta name=\"twitter:label1\" content=\"Written by\" \/>\n\t<meta name=\"twitter:data1\" content=\"Adriana Costa\" \/>\n\t<meta name=\"twitter:label2\" content=\"Est. reading time\" \/>\n\t<meta name=\"twitter:data2\" content=\"3 minutos\" \/>\n<script type=\"application\/ld+json\" class=\"yoast-schema-graph\">{\"@context\":\"https:\/\/schema.org\",\"@graph\":[{\"@type\":\"WebPage\",\"@id\":\"https:\/\/www.manaus.am.gov.br\/manauscult\/prefeitura-manauscult-eventoquadrinhos\/\",\"url\":\"https:\/\/www.manaus.am.gov.br\/manauscult\/prefeitura-manauscult-eventoquadrinhos\/\",\"name\":\"Manaus celebra a arte dos quadrinhos com programa\u00e7\u00e3o gratuita no mirante L\u00facia Almeida e na biblioteca p\u00fablica\",\"isPartOf\":{\"@id\":\"https:\/\/www.manaus.am.gov.br\/manauscult\/#website\"},\"primaryImageOfPage\":{\"@id\":\"https:\/\/www.manaus.am.gov.br\/manauscult\/prefeitura-manauscult-eventoquadrinhos\/#primaryimage\"},\"image\":{\"@id\":\"https:\/\/www.manaus.am.gov.br\/manauscult\/prefeitura-manauscult-eventoquadrinhos\/#primaryimage\"},\"thumbnailUrl\":\"https:\/\/www.manaus.am.gov.br\/manauscult\/wp-content\/uploads\/sites\/11\/2025\/04\/e25d9ac0-8851-425f-9ecf-724d98a261bb.jpeg\",\"datePublished\":\"2025-04-05T16:10:11+00:00\",\"dateModified\":\"2025-04-09T13:34:00+00:00\",\"author\":{\"@id\":\"https:\/\/www.manaus.am.gov.br\/manauscult\/#\/schema\/person\/4e49f4e267757a06ca072ec61b2b9968\"},\"description\":\"Com o apoio da Prefeitura de Manaus, por meio da Funda\u00e7\u00e3o Municipal de Cultura, Turismo e Eventos (ManausCult), a capital amazonense est\u00e1 respirando cultura e criatividade neste fim de semana, com a realiza\u00e7\u00e3o da \u201cSemana de Quadrinhos Nacional de Manaus (SQNM)\u201d.\",\"breadcrumb\":{\"@id\":\"https:\/\/www.manaus.am.gov.br\/manauscult\/prefeitura-manauscult-eventoquadrinhos\/#breadcrumb\"},\"inLanguage\":\"pt-BR\",\"potentialAction\":[{\"@type\":\"ReadAction\",\"target\":[\"https:\/\/www.manaus.am.gov.br\/manauscult\/prefeitura-manauscult-eventoquadrinhos\/\"]}]},{\"@type\":\"ImageObject\",\"inLanguage\":\"pt-BR\",\"@id\":\"https:\/\/www.manaus.am.gov.br\/manauscult\/prefeitura-manauscult-eventoquadrinhos\/#primaryimage\",\"url\":\"https:\/\/www.manaus.am.gov.br\/manauscult\/wp-content\/uploads\/sites\/11\/2025\/04\/e25d9ac0-8851-425f-9ecf-724d98a261bb.jpeg\",\"contentUrl\":\"https:\/\/www.manaus.am.gov.br\/manauscult\/wp-content\/uploads\/sites\/11\/2025\/04\/e25d9ac0-8851-425f-9ecf-724d98a261bb.jpeg\",\"width\":1600,\"height\":1069},{\"@type\":\"BreadcrumbList\",\"@id\":\"https:\/\/www.manaus.am.gov.br\/manauscult\/prefeitura-manauscult-eventoquadrinhos\/#breadcrumb\",\"itemListElement\":[{\"@type\":\"ListItem\",\"position\":1,\"name\":\"Home\",\"item\":\"https:\/\/www.manaus.am.gov.br\/manauscult\/\"},{\"@type\":\"ListItem\",\"position\":2,\"name\":\"Manaus celebra a arte dos quadrinhos com programa\u00e7\u00e3o gratuita neste fim de semana\"}]},{\"@type\":\"WebSite\",\"@id\":\"https:\/\/www.manaus.am.gov.br\/manauscult\/#website\",\"url\":\"https:\/\/www.manaus.am.gov.br\/manauscult\/\",\"name\":\"MANAUSCULT\",\"description\":\"Prefeitura de Manaus\",\"potentialAction\":[{\"@type\":\"SearchAction\",\"target\":{\"@type\":\"EntryPoint\",\"urlTemplate\":\"https:\/\/www.manaus.am.gov.br\/manauscult\/?s={search_term_string}\"},\"query-input\":\"required name=search_term_string\"}],\"inLanguage\":\"pt-BR\"},{\"@type\":\"Person\",\"@id\":\"https:\/\/www.manaus.am.gov.br\/manauscult\/#\/schema\/person\/4e49f4e267757a06ca072ec61b2b9968\",\"name\":\"Adriana Costa\",\"image\":{\"@type\":\"ImageObject\",\"inLanguage\":\"pt-BR\",\"@id\":\"https:\/\/www.manaus.am.gov.br\/manauscult\/#\/schema\/person\/image\/\",\"url\":\"https:\/\/secure.gravatar.com\/avatar\/576258617ef7194f718179e766d57bd4?s=96&d=mm&r=g\",\"contentUrl\":\"https:\/\/secure.gravatar.com\/avatar\/576258617ef7194f718179e766d57bd4?s=96&d=mm&r=g\",\"caption\":\"Adriana Costa\"}}]}<\/script>\n<!-- \/ Yoast SEO plugin. -->","yoast_head_json":{"title":"Manaus celebra a arte dos quadrinhos com programa\u00e7\u00e3o gratuita no mirante L\u00facia Almeida e na biblioteca p\u00fablica","description":"Com o apoio da Prefeitura de Manaus, por meio da Funda\u00e7\u00e3o Municipal de Cultura, Turismo e Eventos (ManausCult), a capital amazonense est\u00e1 respirando cultura e criatividade neste fim de semana, com a realiza\u00e7\u00e3o da \u201cSemana de Quadrinhos Nacional de Manaus (SQNM)\u201d.","robots":{"index":"noindex","follow":"follow"},"og_locale":"pt_BR","og_type":"article","og_title":"Manaus celebra a arte dos quadrinhos com programa\u00e7\u00e3o gratuita no mirante L\u00facia Almeida e na biblioteca p\u00fablica","og_description":"Com o apoio da Prefeitura de Manaus, por meio da Funda\u00e7\u00e3o Municipal de Cultura, Turismo e Eventos (ManausCult), a capital amazonense est\u00e1 respirando cultura e criatividade neste fim de semana, com a realiza\u00e7\u00e3o da \u201cSemana de Quadrinhos Nacional de Manaus (SQNM)\u201d.","og_url":"https:\/\/www.manaus.am.gov.br\/manauscult\/prefeitura-manauscult-eventoquadrinhos\/","og_site_name":"MANAUSCULT","article_published_time":"2025-04-05T16:10:11+00:00","article_modified_time":"2025-04-09T13:34:00+00:00","og_image":[{"width":1600,"height":1069,"url":"https:\/\/www.manaus.am.gov.br\/manauscult\/wp-content\/uploads\/sites\/11\/2025\/04\/e25d9ac0-8851-425f-9ecf-724d98a261bb.jpeg","type":"image\/jpeg"}],"author":"Adriana Costa","twitter_card":"summary_large_image","twitter_misc":{"Written by":"Adriana Costa","Est. reading time":"3 minutos"},"schema":{"@context":"https:\/\/schema.org","@graph":[{"@type":"WebPage","@id":"https:\/\/www.manaus.am.gov.br\/manauscult\/prefeitura-manauscult-eventoquadrinhos\/","url":"https:\/\/www.manaus.am.gov.br\/manauscult\/prefeitura-manauscult-eventoquadrinhos\/","name":"Manaus celebra a arte dos quadrinhos com programa\u00e7\u00e3o gratuita no mirante L\u00facia Almeida e na biblioteca p\u00fablica","isPartOf":{"@id":"https:\/\/www.manaus.am.gov.br\/manauscult\/#website"},"primaryImageOfPage":{"@id":"https:\/\/www.manaus.am.gov.br\/manauscult\/prefeitura-manauscult-eventoquadrinhos\/#primaryimage"},"image":{"@id":"https:\/\/www.manaus.am.gov.br\/manauscult\/prefeitura-manauscult-eventoquadrinhos\/#primaryimage"},"thumbnailUrl":"https:\/\/www.manaus.am.gov.br\/manauscult\/wp-content\/uploads\/sites\/11\/2025\/04\/e25d9ac0-8851-425f-9ecf-724d98a261bb.jpeg","datePublished":"2025-04-05T16:10:11+00:00","dateModified":"2025-04-09T13:34:00+00:00","author":{"@id":"https:\/\/www.manaus.am.gov.br\/manauscult\/#\/schema\/person\/4e49f4e267757a06ca072ec61b2b9968"},"description":"Com o apoio da Prefeitura de Manaus, por meio da Funda\u00e7\u00e3o Municipal de Cultura, Turismo e Eventos (ManausCult), a capital amazonense est\u00e1 respirando cultura e criatividade neste fim de semana, com a realiza\u00e7\u00e3o da \u201cSemana de Quadrinhos Nacional de Manaus (SQNM)\u201d.","breadcrumb":{"@id":"https:\/\/www.manaus.am.gov.br\/manauscult\/prefeitura-manauscult-eventoquadrinhos\/#breadcrumb"},"inLanguage":"pt-BR","potentialAction":[{"@type":"ReadAction","target":["https:\/\/www.manaus.am.gov.br\/manauscult\/prefeitura-manauscult-eventoquadrinhos\/"]}]},{"@type":"ImageObject","inLanguage":"pt-BR","@id":"https:\/\/www.manaus.am.gov.br\/manauscult\/prefeitura-manauscult-eventoquadrinhos\/#primaryimage","url":"https:\/\/www.manaus.am.gov.br\/manauscult\/wp-content\/uploads\/sites\/11\/2025\/04\/e25d9ac0-8851-425f-9ecf-724d98a261bb.jpeg","contentUrl":"https:\/\/www.manaus.am.gov.br\/manauscult\/wp-content\/uploads\/sites\/11\/2025\/04\/e25d9ac0-8851-425f-9ecf-724d98a261bb.jpeg","width":1600,"height":1069},{"@type":"BreadcrumbList","@id":"https:\/\/www.manaus.am.gov.br\/manauscult\/prefeitura-manauscult-eventoquadrinhos\/#breadcrumb","itemListElement":[{"@type":"ListItem","position":1,"name":"Home","item":"https:\/\/www.manaus.am.gov.br\/manauscult\/"},{"@type":"ListItem","position":2,"name":"Manaus celebra a arte dos quadrinhos com programa\u00e7\u00e3o gratuita neste fim de semana"}]},{"@type":"WebSite","@id":"https:\/\/www.manaus.am.gov.br\/manauscult\/#website","url":"https:\/\/www.manaus.am.gov.br\/manauscult\/","name":"MANAUSCULT","description":"Prefeitura de Manaus","potentialAction":[{"@type":"SearchAction","target":{"@type":"EntryPoint","urlTemplate":"https:\/\/www.manaus.am.gov.br\/manauscult\/?s={search_term_string}"},"query-input":"required name=search_term_string"}],"inLanguage":"pt-BR"},{"@type":"Person","@id":"https:\/\/www.manaus.am.gov.br\/manauscult\/#\/schema\/person\/4e49f4e267757a06ca072ec61b2b9968","name":"Adriana Costa","image":{"@type":"ImageObject","inLanguage":"pt-BR","@id":"https:\/\/www.manaus.am.gov.br\/manauscult\/#\/schema\/person\/image\/","url":"https:\/\/secure.gravatar.com\/avatar\/576258617ef7194f718179e766d57bd4?s=96&d=mm&r=g","contentUrl":"https:\/\/secure.gravatar.com\/avatar\/576258617ef7194f718179e766d57bd4?s=96&d=mm&r=g","caption":"Adriana Costa"}}]}},"_links":{"self":[{"href":"https:\/\/www.manaus.am.gov.br\/manauscult\/wp-json\/wp\/v2\/posts\/3718"}],"collection":[{"href":"https:\/\/www.manaus.am.gov.br\/manauscult\/wp-json\/wp\/v2\/posts"}],"about":[{"href":"https:\/\/www.manaus.am.gov.br\/manauscult\/wp-json\/wp\/v2\/types\/post"}],"author":[{"embeddable":true,"href":"https:\/\/www.manaus.am.gov.br\/manauscult\/wp-json\/wp\/v2\/users\/23"}],"replies":[{"embeddable":true,"href":"https:\/\/www.manaus.am.gov.br\/manauscult\/wp-json\/wp\/v2\/comments?post=3718"}],"version-history":[{"count":0,"href":"https:\/\/www.manaus.am.gov.br\/manauscult\/wp-json\/wp\/v2\/posts\/3718\/revisions"}],"wp:featuredmedia":[{"embeddable":true,"href":"https:\/\/www.manaus.am.gov.br\/manauscult\/wp-json\/wp\/v2\/media\/3719"}],"wp:attachment":[{"href":"https:\/\/www.manaus.am.gov.br\/manauscult\/wp-json\/wp\/v2\/media?parent=3718"}],"wp:term":[{"taxonomy":"category","embeddable":true,"href":"https:\/\/www.manaus.am.gov.br\/manauscult\/wp-json\/wp\/v2\/categories?post=3718"},{"taxonomy":"post_tag","embeddable":true,"href":"https:\/\/www.manaus.am.gov.br\/manauscult\/wp-json\/wp\/v2\/tags?post=3718"}],"curies":[{"name":"wp","href":"https:\/\/api.w.org\/{rel}","templated":true}]}}