{"id":3714,"date":"2025-04-08T16:52:57","date_gmt":"2025-04-08T20:52:57","guid":{"rendered":"https:\/\/www.manaus.am.gov.br\/manauscult\/hospitalidade-informacao-turistica-cat\/"},"modified":"2025-04-08T16:52:57","modified_gmt":"2025-04-08T20:52:57","slug":"hospitalidade-informacao-turistica-cat","status":"publish","type":"post","link":"https:\/\/www.manaus.am.gov.br\/manauscult\/hospitalidade-informacao-turistica-cat\/","title":{"rendered":"Prefeitura de Manaus refor\u00e7a hospitalidade e informa\u00e7\u00e3o tur\u00edstica no Centro de Atendimento ao Turista"},"content":{"rendered":"\n<p>A Prefeitura de Manaus, por meio da Funda\u00e7\u00e3o Municipal de Cultura, Turismo e Eventos (ManausCult), tem fortalecido o acolhimento aos visitantes com a atua\u00e7\u00e3o do Centro de Atendimento ao Turista (CAT), um dos principais equipamentos voltados ao turismo da capital amazonense. O espa\u00e7o \u00e9 voltado para recepcionar, orientar e facilitar a experi\u00eancia de turistas brasileiros e estrangeiros, promovendo os atrativos locais e refor\u00e7ando a imagem de Manaus como uma cidade hospitaleira, rica em hist\u00f3ria, cultura e belezas naturais.<\/p>\n\n\n\n<p><br>O principal posto do CAT funciona no Pavilh\u00e3o Universal, localizado na pra\u00e7a Adalberto Vale, no centro hist\u00f3rico, um dos pontos tur\u00edsticos mais emblem\u00e1ticos da cidade. Constru\u00eddo em ferro e vidro, o pr\u00e9dio \u00e9 um \u00edcone da arquitetura da Belle \u00c9poque em Manaus e fica pr\u00f3ximo a locais de grande visita\u00e7\u00e3o, como o mercado municipal Adolpho Lisboa, o museu da Cidade e a catedral metropolitana.<\/p>\n\n\n\n<p><br>Al\u00e9m desse, a cidade conta com mais dois pontos estrat\u00e9gicos de atendimento: um no porto de Manaus, dedicado especialmente aos turistas que chegam por cruzeiros, e outro dentro do mirante L\u00facia Almeida, voltado ao receptivo fluvial de turistas.<\/p>\n\n\n\n<p><br>Entre os servi\u00e7os oferecidos est\u00e3o informa\u00e7\u00f5es sobre roteiros tur\u00edsticos, mapas, dicas de transporte, gastronomia e cultura local, com atendimento e material bil\u00edngue. Os atendentes s\u00e3o capacitados para garantir uma recep\u00e7\u00e3o cordial e eficiente, contribuindo para uma estadia mais segura e agrad\u00e1vel.<\/p>\n\n\n\n<p><br>Para o diretor-presidente da Manauscult, Jender Lobato, o CAT cumpre um papel essencial na pol\u00edtica de valoriza\u00e7\u00e3o do turismo. \u201cMais do que fornecer informa\u00e7\u00f5es, o CAT representa a porta de entrada da experi\u00eancia tur\u00edstica em Manaus. \u00c9 onde o visitante tem seu primeiro contato com a cidade e com a riqueza da nossa cultura. \u00c9 um espa\u00e7o de acolhimento, de cuidado e de promo\u00e7\u00e3o do que temos de melhor\u201d, destacou.<\/p>\n\n\n\n<p><br>O CAT tamb\u00e9m funciona como suporte a operadores de turismo, ag\u00eancias e guias, fortalecendo a conex\u00e3o entre o setor p\u00fablico e a cadeia produtiva do turismo. O local promove a\u00e7\u00f5es culturais, como exposi\u00e7\u00f5es, apresenta\u00e7\u00f5es e distribui\u00e7\u00e3o de materiais informativos sobre eventos tradicionais como o Festival Folcl\u00f3rico de Parintins, o Boi Manaus e o Sou Manaus Passo a Pa\u00e7o.<\/p>\n\n\n\n<p><br>O centro funciona de segunda a sexta-feira, das 8h \u00e0s 17h. Com essa iniciativa, a Prefeitura de Manaus, por meio da ManausCult, reafirma seu compromisso com o desenvolvimento do turismo como uma importante ferramenta de gera\u00e7\u00e3o de emprego, renda e valoriza\u00e7\u00e3o do patrim\u00f4nio hist\u00f3rico-cultural da cidade.<\/p>\n\n\n\n<figure class=\"wp-block-image size-large\"><img loading=\"lazy\" decoding=\"async\" width=\"1024\" height=\"684\" src=\"https:\/\/www.manaus.am.gov.br\/manauscult\/wp-content\/uploads\/sites\/11\/2025\/04\/WhatsApp-Image-2025-04-08-at-16.37.10-1024x684.jpeg\" alt=\"\" class=\"wp-image-3715\" srcset=\"https:\/\/www.manaus.am.gov.br\/manauscult\/wp-content\/uploads\/sites\/11\/2025\/04\/WhatsApp-Image-2025-04-08-at-16.37.10-1024x684.jpeg 1024w, https:\/\/www.manaus.am.gov.br\/manauscult\/wp-content\/uploads\/sites\/11\/2025\/04\/WhatsApp-Image-2025-04-08-at-16.37.10-300x200.jpeg 300w, https:\/\/www.manaus.am.gov.br\/manauscult\/wp-content\/uploads\/sites\/11\/2025\/04\/WhatsApp-Image-2025-04-08-at-16.37.10-768x513.jpeg 768w, https:\/\/www.manaus.am.gov.br\/manauscult\/wp-content\/uploads\/sites\/11\/2025\/04\/WhatsApp-Image-2025-04-08-at-16.37.10-1536x1026.jpeg 1536w, https:\/\/www.manaus.am.gov.br\/manauscult\/wp-content\/uploads\/sites\/11\/2025\/04\/WhatsApp-Image-2025-04-08-at-16.37.10.jpeg 1600w\" sizes=\"(max-width: 1024px) 100vw, 1024px\" \/><\/figure>\n\n\n\n<p>&#8212; &#8212; &#8212;<\/p>\n\n\n\n<p><strong>Texto &#8211;<\/strong> J\u00e9ssica Trajano\/ManausCult <\/p>\n\n\n\n<p><strong>Fotos &#8211;<\/strong> Thelson Souza\/ManausCult<\/p>\n","protected":false},"excerpt":{"rendered":"","protected":false},"author":39,"featured_media":3716,"comment_status":"closed","ping_status":"closed","sticky":false,"template":"","format":"standard","meta":{"footnotes":""},"categories":[18],"tags":[1328,1329,9,11],"acf":[],"yoast_head":"<!-- This site is optimized with the Yoast SEO plugin v23.0 - https:\/\/yoast.com\/wordpress\/plugins\/seo\/ -->\n<title>Prefeitura refor\u00e7a hospitalidade e informa\u00e7\u00e3o tur\u00edstica no CAT<\/title>\n<meta name=\"description\" content=\"Prefeitura de Manaus, por meio da ManausCult, refor\u00e7a hospitalidade e informa\u00e7\u00e3o tur\u00edstica no Centro de Atendimento ao Turista (CAT).\" \/>\n<meta name=\"robots\" content=\"noindex, follow\" \/>\n<meta property=\"og:locale\" content=\"pt_BR\" \/>\n<meta property=\"og:type\" content=\"article\" \/>\n<meta property=\"og:title\" content=\"Prefeitura refor\u00e7a hospitalidade e informa\u00e7\u00e3o tur\u00edstica no CAT\" \/>\n<meta property=\"og:description\" content=\"Prefeitura de Manaus, por meio da ManausCult, refor\u00e7a hospitalidade e informa\u00e7\u00e3o tur\u00edstica no Centro de Atendimento ao Turista (CAT).\" \/>\n<meta property=\"og:url\" content=\"https:\/\/www.manaus.am.gov.br\/manauscult\/hospitalidade-informacao-turistica-cat\/\" \/>\n<meta property=\"og:site_name\" content=\"MANAUSCULT\" \/>\n<meta property=\"article:published_time\" content=\"2025-04-08T20:52:57+00:00\" \/>\n<meta property=\"og:image\" content=\"https:\/\/www.manaus.am.gov.br\/manauscult\/wp-content\/uploads\/sites\/11\/2025\/04\/WhatsApp-Image-2025-04-08-at-16.37.11-1.jpeg\" \/>\n\t<meta property=\"og:image:width\" content=\"1600\" \/>\n\t<meta property=\"og:image:height\" content=\"1069\" \/>\n\t<meta property=\"og:image:type\" content=\"image\/jpeg\" \/>\n<meta name=\"author\" content=\"Bruna Greco\" \/>\n<meta name=\"twitter:card\" content=\"summary_large_image\" \/>\n<meta name=\"twitter:label1\" content=\"Written by\" \/>\n\t<meta name=\"twitter:data1\" content=\"Bruna Greco\" \/>\n\t<meta name=\"twitter:label2\" content=\"Est. reading time\" \/>\n\t<meta name=\"twitter:data2\" content=\"3 minutos\" \/>\n<script type=\"application\/ld+json\" class=\"yoast-schema-graph\">{\"@context\":\"https:\/\/schema.org\",\"@graph\":[{\"@type\":\"WebPage\",\"@id\":\"https:\/\/www.manaus.am.gov.br\/manauscult\/hospitalidade-informacao-turistica-cat\/\",\"url\":\"https:\/\/www.manaus.am.gov.br\/manauscult\/hospitalidade-informacao-turistica-cat\/\",\"name\":\"Prefeitura refor\u00e7a hospitalidade e informa\u00e7\u00e3o tur\u00edstica no CAT\",\"isPartOf\":{\"@id\":\"https:\/\/www.manaus.am.gov.br\/manauscult\/#website\"},\"primaryImageOfPage\":{\"@id\":\"https:\/\/www.manaus.am.gov.br\/manauscult\/hospitalidade-informacao-turistica-cat\/#primaryimage\"},\"image\":{\"@id\":\"https:\/\/www.manaus.am.gov.br\/manauscult\/hospitalidade-informacao-turistica-cat\/#primaryimage\"},\"thumbnailUrl\":\"https:\/\/www.manaus.am.gov.br\/manauscult\/wp-content\/uploads\/sites\/11\/2025\/04\/WhatsApp-Image-2025-04-08-at-16.37.11-1.jpeg\",\"datePublished\":\"2025-04-08T20:52:57+00:00\",\"dateModified\":\"2025-04-08T20:52:57+00:00\",\"author\":{\"@id\":\"https:\/\/www.manaus.am.gov.br\/manauscult\/#\/schema\/person\/05d223aea2bf115f9883a6ff3683d81b\"},\"description\":\"Prefeitura de Manaus, por meio da ManausCult, refor\u00e7a hospitalidade e informa\u00e7\u00e3o tur\u00edstica no Centro de Atendimento ao Turista (CAT).\",\"breadcrumb\":{\"@id\":\"https:\/\/www.manaus.am.gov.br\/manauscult\/hospitalidade-informacao-turistica-cat\/#breadcrumb\"},\"inLanguage\":\"pt-BR\",\"potentialAction\":[{\"@type\":\"ReadAction\",\"target\":[\"https:\/\/www.manaus.am.gov.br\/manauscult\/hospitalidade-informacao-turistica-cat\/\"]}]},{\"@type\":\"ImageObject\",\"inLanguage\":\"pt-BR\",\"@id\":\"https:\/\/www.manaus.am.gov.br\/manauscult\/hospitalidade-informacao-turistica-cat\/#primaryimage\",\"url\":\"https:\/\/www.manaus.am.gov.br\/manauscult\/wp-content\/uploads\/sites\/11\/2025\/04\/WhatsApp-Image-2025-04-08-at-16.37.11-1.jpeg\",\"contentUrl\":\"https:\/\/www.manaus.am.gov.br\/manauscult\/wp-content\/uploads\/sites\/11\/2025\/04\/WhatsApp-Image-2025-04-08-at-16.37.11-1.jpeg\",\"width\":1600,\"height\":1069,\"caption\":\"#paratodosverem - Fachada do Centro de Atendimento ao Turista (CAT) no Pavilh\u00e3o Universal, localizado na pra\u00e7a Adalberto Vale, no centro hist\u00f3rico\"},{\"@type\":\"BreadcrumbList\",\"@id\":\"https:\/\/www.manaus.am.gov.br\/manauscult\/hospitalidade-informacao-turistica-cat\/#breadcrumb\",\"itemListElement\":[{\"@type\":\"ListItem\",\"position\":1,\"name\":\"Home\",\"item\":\"https:\/\/www.manaus.am.gov.br\/manauscult\/\"},{\"@type\":\"ListItem\",\"position\":2,\"name\":\"Prefeitura de Manaus refor\u00e7a hospitalidade e informa\u00e7\u00e3o tur\u00edstica no Centro de Atendimento ao Turista\"}]},{\"@type\":\"WebSite\",\"@id\":\"https:\/\/www.manaus.am.gov.br\/manauscult\/#website\",\"url\":\"https:\/\/www.manaus.am.gov.br\/manauscult\/\",\"name\":\"MANAUSCULT\",\"description\":\"Prefeitura de Manaus\",\"potentialAction\":[{\"@type\":\"SearchAction\",\"target\":{\"@type\":\"EntryPoint\",\"urlTemplate\":\"https:\/\/www.manaus.am.gov.br\/manauscult\/?s={search_term_string}\"},\"query-input\":\"required name=search_term_string\"}],\"inLanguage\":\"pt-BR\"},{\"@type\":\"Person\",\"@id\":\"https:\/\/www.manaus.am.gov.br\/manauscult\/#\/schema\/person\/05d223aea2bf115f9883a6ff3683d81b\",\"name\":\"Bruna Greco\",\"image\":{\"@type\":\"ImageObject\",\"inLanguage\":\"pt-BR\",\"@id\":\"https:\/\/www.manaus.am.gov.br\/manauscult\/#\/schema\/person\/image\/\",\"url\":\"https:\/\/secure.gravatar.com\/avatar\/9c877d1a6adc2a055330e5c09a8653ce?s=96&d=mm&r=g\",\"contentUrl\":\"https:\/\/secure.gravatar.com\/avatar\/9c877d1a6adc2a055330e5c09a8653ce?s=96&d=mm&r=g\",\"caption\":\"Bruna Greco\"}}]}<\/script>\n<!-- \/ Yoast SEO plugin. -->","yoast_head_json":{"title":"Prefeitura refor\u00e7a hospitalidade e informa\u00e7\u00e3o tur\u00edstica no CAT","description":"Prefeitura de Manaus, por meio da ManausCult, refor\u00e7a hospitalidade e informa\u00e7\u00e3o tur\u00edstica no Centro de Atendimento ao Turista (CAT).","robots":{"index":"noindex","follow":"follow"},"og_locale":"pt_BR","og_type":"article","og_title":"Prefeitura refor\u00e7a hospitalidade e informa\u00e7\u00e3o tur\u00edstica no CAT","og_description":"Prefeitura de Manaus, por meio da ManausCult, refor\u00e7a hospitalidade e informa\u00e7\u00e3o tur\u00edstica no Centro de Atendimento ao Turista (CAT).","og_url":"https:\/\/www.manaus.am.gov.br\/manauscult\/hospitalidade-informacao-turistica-cat\/","og_site_name":"MANAUSCULT","article_published_time":"2025-04-08T20:52:57+00:00","og_image":[{"width":1600,"height":1069,"url":"https:\/\/www.manaus.am.gov.br\/manauscult\/wp-content\/uploads\/sites\/11\/2025\/04\/WhatsApp-Image-2025-04-08-at-16.37.11-1.jpeg","type":"image\/jpeg"}],"author":"Bruna Greco","twitter_card":"summary_large_image","twitter_misc":{"Written by":"Bruna Greco","Est. reading time":"3 minutos"},"schema":{"@context":"https:\/\/schema.org","@graph":[{"@type":"WebPage","@id":"https:\/\/www.manaus.am.gov.br\/manauscult\/hospitalidade-informacao-turistica-cat\/","url":"https:\/\/www.manaus.am.gov.br\/manauscult\/hospitalidade-informacao-turistica-cat\/","name":"Prefeitura refor\u00e7a hospitalidade e informa\u00e7\u00e3o tur\u00edstica no CAT","isPartOf":{"@id":"https:\/\/www.manaus.am.gov.br\/manauscult\/#website"},"primaryImageOfPage":{"@id":"https:\/\/www.manaus.am.gov.br\/manauscult\/hospitalidade-informacao-turistica-cat\/#primaryimage"},"image":{"@id":"https:\/\/www.manaus.am.gov.br\/manauscult\/hospitalidade-informacao-turistica-cat\/#primaryimage"},"thumbnailUrl":"https:\/\/www.manaus.am.gov.br\/manauscult\/wp-content\/uploads\/sites\/11\/2025\/04\/WhatsApp-Image-2025-04-08-at-16.37.11-1.jpeg","datePublished":"2025-04-08T20:52:57+00:00","dateModified":"2025-04-08T20:52:57+00:00","author":{"@id":"https:\/\/www.manaus.am.gov.br\/manauscult\/#\/schema\/person\/05d223aea2bf115f9883a6ff3683d81b"},"description":"Prefeitura de Manaus, por meio da ManausCult, refor\u00e7a hospitalidade e informa\u00e7\u00e3o tur\u00edstica no Centro de Atendimento ao Turista (CAT).","breadcrumb":{"@id":"https:\/\/www.manaus.am.gov.br\/manauscult\/hospitalidade-informacao-turistica-cat\/#breadcrumb"},"inLanguage":"pt-BR","potentialAction":[{"@type":"ReadAction","target":["https:\/\/www.manaus.am.gov.br\/manauscult\/hospitalidade-informacao-turistica-cat\/"]}]},{"@type":"ImageObject","inLanguage":"pt-BR","@id":"https:\/\/www.manaus.am.gov.br\/manauscult\/hospitalidade-informacao-turistica-cat\/#primaryimage","url":"https:\/\/www.manaus.am.gov.br\/manauscult\/wp-content\/uploads\/sites\/11\/2025\/04\/WhatsApp-Image-2025-04-08-at-16.37.11-1.jpeg","contentUrl":"https:\/\/www.manaus.am.gov.br\/manauscult\/wp-content\/uploads\/sites\/11\/2025\/04\/WhatsApp-Image-2025-04-08-at-16.37.11-1.jpeg","width":1600,"height":1069,"caption":"#paratodosverem - Fachada do Centro de Atendimento ao Turista (CAT) no Pavilh\u00e3o Universal, localizado na pra\u00e7a Adalberto Vale, no centro hist\u00f3rico"},{"@type":"BreadcrumbList","@id":"https:\/\/www.manaus.am.gov.br\/manauscult\/hospitalidade-informacao-turistica-cat\/#breadcrumb","itemListElement":[{"@type":"ListItem","position":1,"name":"Home","item":"https:\/\/www.manaus.am.gov.br\/manauscult\/"},{"@type":"ListItem","position":2,"name":"Prefeitura de Manaus refor\u00e7a hospitalidade e informa\u00e7\u00e3o tur\u00edstica no Centro de Atendimento ao Turista"}]},{"@type":"WebSite","@id":"https:\/\/www.manaus.am.gov.br\/manauscult\/#website","url":"https:\/\/www.manaus.am.gov.br\/manauscult\/","name":"MANAUSCULT","description":"Prefeitura de Manaus","potentialAction":[{"@type":"SearchAction","target":{"@type":"EntryPoint","urlTemplate":"https:\/\/www.manaus.am.gov.br\/manauscult\/?s={search_term_string}"},"query-input":"required name=search_term_string"}],"inLanguage":"pt-BR"},{"@type":"Person","@id":"https:\/\/www.manaus.am.gov.br\/manauscult\/#\/schema\/person\/05d223aea2bf115f9883a6ff3683d81b","name":"Bruna Greco","image":{"@type":"ImageObject","inLanguage":"pt-BR","@id":"https:\/\/www.manaus.am.gov.br\/manauscult\/#\/schema\/person\/image\/","url":"https:\/\/secure.gravatar.com\/avatar\/9c877d1a6adc2a055330e5c09a8653ce?s=96&d=mm&r=g","contentUrl":"https:\/\/secure.gravatar.com\/avatar\/9c877d1a6adc2a055330e5c09a8653ce?s=96&d=mm&r=g","caption":"Bruna Greco"}}]}},"_links":{"self":[{"href":"https:\/\/www.manaus.am.gov.br\/manauscult\/wp-json\/wp\/v2\/posts\/3714"}],"collection":[{"href":"https:\/\/www.manaus.am.gov.br\/manauscult\/wp-json\/wp\/v2\/posts"}],"about":[{"href":"https:\/\/www.manaus.am.gov.br\/manauscult\/wp-json\/wp\/v2\/types\/post"}],"author":[{"embeddable":true,"href":"https:\/\/www.manaus.am.gov.br\/manauscult\/wp-json\/wp\/v2\/users\/39"}],"replies":[{"embeddable":true,"href":"https:\/\/www.manaus.am.gov.br\/manauscult\/wp-json\/wp\/v2\/comments?post=3714"}],"version-history":[{"count":1,"href":"https:\/\/www.manaus.am.gov.br\/manauscult\/wp-json\/wp\/v2\/posts\/3714\/revisions"}],"predecessor-version":[{"id":3717,"href":"https:\/\/www.manaus.am.gov.br\/manauscult\/wp-json\/wp\/v2\/posts\/3714\/revisions\/3717"}],"wp:featuredmedia":[{"embeddable":true,"href":"https:\/\/www.manaus.am.gov.br\/manauscult\/wp-json\/wp\/v2\/media\/3716"}],"wp:attachment":[{"href":"https:\/\/www.manaus.am.gov.br\/manauscult\/wp-json\/wp\/v2\/media?parent=3714"}],"wp:term":[{"taxonomy":"category","embeddable":true,"href":"https:\/\/www.manaus.am.gov.br\/manauscult\/wp-json\/wp\/v2\/categories?post=3714"},{"taxonomy":"post_tag","embeddable":true,"href":"https:\/\/www.manaus.am.gov.br\/manauscult\/wp-json\/wp\/v2\/tags?post=3714"}],"curies":[{"name":"wp","href":"https:\/\/api.w.org\/{rel}","templated":true}]}}