{"id":3599,"date":"2025-04-01T17:58:19","date_gmt":"2025-04-01T21:58:19","guid":{"rendered":"https:\/\/www.manaus.am.gov.br\/manauscult\/cadastro-para-artistas-e-agentes-culturais\/"},"modified":"2025-04-01T17:58:20","modified_gmt":"2025-04-01T21:58:20","slug":"cadastro-para-artistas-e-agentes-culturais","status":"publish","type":"post","link":"https:\/\/www.manaus.am.gov.br\/manauscult\/cadastro-para-artistas-e-agentes-culturais\/","title":{"rendered":"Prefeitura abre cadastro para artistas e agentes culturais em Manaus"},"content":{"rendered":"\n<p><strong><br><\/strong>A Prefeitura de Manaus, por meio do Conselho Municipal de Cultura (Concultura), deu in\u00edcio, na \u00faltima segunda-feira, 31\/3, \u00e0s inscri\u00e7\u00f5es para o Cadastro \u00danico de artistas, agentes e coletivos culturais da cidade. O objetivo \u00e9 mapear a diversidade art\u00edstica local e gerar estat\u00edsticas precisas, que servir\u00e3o de base para a formula\u00e7\u00e3o de novos editais e pol\u00edticas p\u00fablicas voltadas ao setor.<br><br>O presidente do Concultura, Tony Medeiros, afirmou a import\u00e2ncia da participa\u00e7\u00e3o dos artistas nas inscri\u00e7\u00f5es.<br><br>\u201cEsse cadastro \u00e9 fundamental para conhecermos melhor os artistas e agentes culturais de Manaus. Com essas informa\u00e7\u00f5es, poderemos criar pol\u00edticas p\u00fablicas mais eficazes, atender as reais necessidades da classe art\u00edstica e fortalecer a cultura local\u201d, afirmou.<br><br>O mapeamento busca reunir informa\u00e7\u00f5es sobre os diferentes segmentos culturais, como m\u00fasica, teatro, dan\u00e7a, artes visuais, literatura, audiovisual e manifesta\u00e7\u00f5es populares.<br><br>Com esses dados, ser\u00e1 poss\u00edvel compreender melhor as demandas dos artistas manauaras, garantindo que futuras iniciativas atendam as reais necessidades da classe.<br><br><strong>Como se inscrever<br><br><\/strong>Para a inscri\u00e7\u00e3o, o interessado deve acessar o portal do Concultura por meio do link: <a href=\"https:\/\/www.portadaculturamanaus.com.br\/\">https:\/\/www.portadaculturamanaus.com.br\/<\/a>, e, se j\u00e1 tiver cadastro na plataforma, \u00e9 necess\u00e1rio fazer o login com usu\u00e1rio e senha e completar o formul\u00e1rio de cadastramento art\u00edstico.<br><br>Se ainda n\u00e3o tiver cadastro, \u00e9 necess\u00e1rio clicar em \u201cCriar conta\u201d, preencher seus dados e criar um login e senha. Ap\u00f3s confirmar o cadastro, o artista deve acessar a plataforma e realizar o cadastramento art\u00edstico.<br><br>\u00c9 necess\u00e1rio preencher todas as informa\u00e7\u00f5es corretamente, pois esses dados ser\u00e3o usados para a cria\u00e7\u00e3o de novos editais e pol\u00edticas culturais na cidade.<br><br>Para mais informa\u00e7\u00f5es, os interessados podem entrar em contato pelo n\u00famero (92) 98842-1013, de segunda a sexta-feira, das 8h \u00e0s 17h, ou pelo site <a href=\"http:\/\/concultura.manaus.am.gov.br\">concultura.manaus.am.gov.br. <\/a>\u00a0<\/p>\n\n\n\n<p>\u2014 \u2014 \u2014<br><strong>Texto \u2013<\/strong> Ismael Oliveira\/ Concultura<br><strong>Fotos &#8211; <\/strong>Divulga\u00e7\u00e3o \/ Concultura <\/p>\n","protected":false},"excerpt":{"rendered":"","protected":false},"author":68,"featured_media":3600,"comment_status":"closed","ping_status":"closed","sticky":false,"template":"","format":"standard","meta":{"footnotes":""},"categories":[12],"tags":[1322,45,11],"acf":[],"yoast_head":"<!-- This site is optimized with the Yoast SEO plugin v23.0 - https:\/\/yoast.com\/wordpress\/plugins\/seo\/ -->\n<title>Prefeitura abre cadastro para artistas e agentes culturais em Manaus<\/title>\n<meta name=\"description\" content=\"A Prefeitura de Manaus, por meio do Conselho Municipal de Cultura (Concultura), deu in\u00edcio, na \u00faltima segunda-feira, 31\/3, \u00e0s inscri\u00e7\u00f5es para o Cadastro \u00danico de artistas, agentes e coletivos culturais da cidade. O objetivo \u00e9 mapear a diversidade art\u00edstica local e gerar estat\u00edsticas precisas, que servir\u00e3o de base para a formula\u00e7\u00e3o de novos editais e pol\u00edticas p\u00fablicas voltadas ao setor.\" \/>\n<meta name=\"robots\" content=\"noindex, follow\" \/>\n<meta property=\"og:locale\" content=\"pt_BR\" \/>\n<meta property=\"og:type\" content=\"article\" \/>\n<meta property=\"og:title\" content=\"Prefeitura abre cadastro para artistas e agentes culturais em Manaus\" \/>\n<meta property=\"og:description\" content=\"A Prefeitura de Manaus, por meio do Conselho Municipal de Cultura (Concultura), deu in\u00edcio, na \u00faltima segunda-feira, 31\/3, \u00e0s inscri\u00e7\u00f5es para o Cadastro \u00danico de artistas, agentes e coletivos culturais da cidade. O objetivo \u00e9 mapear a diversidade art\u00edstica local e gerar estat\u00edsticas precisas, que servir\u00e3o de base para a formula\u00e7\u00e3o de novos editais e pol\u00edticas p\u00fablicas voltadas ao setor.\" \/>\n<meta property=\"og:url\" content=\"https:\/\/www.manaus.am.gov.br\/manauscult\/cadastro-para-artistas-e-agentes-culturais\/\" \/>\n<meta property=\"og:site_name\" content=\"MANAUSCULT\" \/>\n<meta property=\"article:published_time\" content=\"2025-04-01T21:58:19+00:00\" \/>\n<meta property=\"article:modified_time\" content=\"2025-04-01T21:58:20+00:00\" \/>\n<meta property=\"og:image\" content=\"https:\/\/www.manaus.am.gov.br\/manauscult\/wp-content\/uploads\/sites\/11\/2025\/04\/Pagamento-PNAB.jpeg\" \/>\n\t<meta property=\"og:image:width\" content=\"4022\" \/>\n\t<meta property=\"og:image:height\" content=\"3014\" \/>\n\t<meta property=\"og:image:type\" content=\"image\/jpeg\" \/>\n<meta name=\"author\" content=\"bvalente\" \/>\n<meta name=\"twitter:card\" content=\"summary_large_image\" \/>\n<meta name=\"twitter:label1\" content=\"Written by\" \/>\n\t<meta name=\"twitter:data1\" content=\"bvalente\" \/>\n\t<meta name=\"twitter:label2\" content=\"Est. reading time\" \/>\n\t<meta name=\"twitter:data2\" content=\"2 minutos\" \/>\n<script type=\"application\/ld+json\" class=\"yoast-schema-graph\">{\"@context\":\"https:\/\/schema.org\",\"@graph\":[{\"@type\":\"WebPage\",\"@id\":\"https:\/\/www.manaus.am.gov.br\/manauscult\/cadastro-para-artistas-e-agentes-culturais\/\",\"url\":\"https:\/\/www.manaus.am.gov.br\/manauscult\/cadastro-para-artistas-e-agentes-culturais\/\",\"name\":\"Prefeitura abre cadastro para artistas e agentes culturais em Manaus\",\"isPartOf\":{\"@id\":\"https:\/\/www.manaus.am.gov.br\/manauscult\/#website\"},\"primaryImageOfPage\":{\"@id\":\"https:\/\/www.manaus.am.gov.br\/manauscult\/cadastro-para-artistas-e-agentes-culturais\/#primaryimage\"},\"image\":{\"@id\":\"https:\/\/www.manaus.am.gov.br\/manauscult\/cadastro-para-artistas-e-agentes-culturais\/#primaryimage\"},\"thumbnailUrl\":\"https:\/\/www.manaus.am.gov.br\/manauscult\/wp-content\/uploads\/sites\/11\/2025\/04\/Pagamento-PNAB.jpeg\",\"datePublished\":\"2025-04-01T21:58:19+00:00\",\"dateModified\":\"2025-04-01T21:58:20+00:00\",\"author\":{\"@id\":\"https:\/\/www.manaus.am.gov.br\/manauscult\/#\/schema\/person\/466a0e03ae4b6062809046bd560ac955\"},\"description\":\"A Prefeitura de Manaus, por meio do Conselho Municipal de Cultura (Concultura), deu in\u00edcio, na \u00faltima segunda-feira, 31\/3, \u00e0s inscri\u00e7\u00f5es para o Cadastro \u00danico de artistas, agentes e coletivos culturais da cidade. O objetivo \u00e9 mapear a diversidade art\u00edstica local e gerar estat\u00edsticas precisas, que servir\u00e3o de base para a formula\u00e7\u00e3o de novos editais e pol\u00edticas p\u00fablicas voltadas ao setor.\",\"breadcrumb\":{\"@id\":\"https:\/\/www.manaus.am.gov.br\/manauscult\/cadastro-para-artistas-e-agentes-culturais\/#breadcrumb\"},\"inLanguage\":\"pt-BR\",\"potentialAction\":[{\"@type\":\"ReadAction\",\"target\":[\"https:\/\/www.manaus.am.gov.br\/manauscult\/cadastro-para-artistas-e-agentes-culturais\/\"]}]},{\"@type\":\"ImageObject\",\"inLanguage\":\"pt-BR\",\"@id\":\"https:\/\/www.manaus.am.gov.br\/manauscult\/cadastro-para-artistas-e-agentes-culturais\/#primaryimage\",\"url\":\"https:\/\/www.manaus.am.gov.br\/manauscult\/wp-content\/uploads\/sites\/11\/2025\/04\/Pagamento-PNAB.jpeg\",\"contentUrl\":\"https:\/\/www.manaus.am.gov.br\/manauscult\/wp-content\/uploads\/sites\/11\/2025\/04\/Pagamento-PNAB.jpeg\",\"width\":4022,\"height\":3014},{\"@type\":\"BreadcrumbList\",\"@id\":\"https:\/\/www.manaus.am.gov.br\/manauscult\/cadastro-para-artistas-e-agentes-culturais\/#breadcrumb\",\"itemListElement\":[{\"@type\":\"ListItem\",\"position\":1,\"name\":\"Home\",\"item\":\"https:\/\/www.manaus.am.gov.br\/manauscult\/\"},{\"@type\":\"ListItem\",\"position\":2,\"name\":\"Prefeitura abre cadastro para artistas e agentes culturais em Manaus\"}]},{\"@type\":\"WebSite\",\"@id\":\"https:\/\/www.manaus.am.gov.br\/manauscult\/#website\",\"url\":\"https:\/\/www.manaus.am.gov.br\/manauscult\/\",\"name\":\"MANAUSCULT\",\"description\":\"Prefeitura de Manaus\",\"potentialAction\":[{\"@type\":\"SearchAction\",\"target\":{\"@type\":\"EntryPoint\",\"urlTemplate\":\"https:\/\/www.manaus.am.gov.br\/manauscult\/?s={search_term_string}\"},\"query-input\":\"required name=search_term_string\"}],\"inLanguage\":\"pt-BR\"},{\"@type\":\"Person\",\"@id\":\"https:\/\/www.manaus.am.gov.br\/manauscult\/#\/schema\/person\/466a0e03ae4b6062809046bd560ac955\",\"name\":\"bvalente\",\"image\":{\"@type\":\"ImageObject\",\"inLanguage\":\"pt-BR\",\"@id\":\"https:\/\/www.manaus.am.gov.br\/manauscult\/#\/schema\/person\/image\/\",\"url\":\"https:\/\/secure.gravatar.com\/avatar\/3e69bc2b014bdad41adfec3a39de07d2?s=96&d=mm&r=g\",\"contentUrl\":\"https:\/\/secure.gravatar.com\/avatar\/3e69bc2b014bdad41adfec3a39de07d2?s=96&d=mm&r=g\",\"caption\":\"bvalente\"}}]}<\/script>\n<!-- \/ Yoast SEO plugin. -->","yoast_head_json":{"title":"Prefeitura abre cadastro para artistas e agentes culturais em Manaus","description":"A Prefeitura de Manaus, por meio do Conselho Municipal de Cultura (Concultura), deu in\u00edcio, na \u00faltima segunda-feira, 31\/3, \u00e0s inscri\u00e7\u00f5es para o Cadastro \u00danico de artistas, agentes e coletivos culturais da cidade. O objetivo \u00e9 mapear a diversidade art\u00edstica local e gerar estat\u00edsticas precisas, que servir\u00e3o de base para a formula\u00e7\u00e3o de novos editais e pol\u00edticas p\u00fablicas voltadas ao setor.","robots":{"index":"noindex","follow":"follow"},"og_locale":"pt_BR","og_type":"article","og_title":"Prefeitura abre cadastro para artistas e agentes culturais em Manaus","og_description":"A Prefeitura de Manaus, por meio do Conselho Municipal de Cultura (Concultura), deu in\u00edcio, na \u00faltima segunda-feira, 31\/3, \u00e0s inscri\u00e7\u00f5es para o Cadastro \u00danico de artistas, agentes e coletivos culturais da cidade. O objetivo \u00e9 mapear a diversidade art\u00edstica local e gerar estat\u00edsticas precisas, que servir\u00e3o de base para a formula\u00e7\u00e3o de novos editais e pol\u00edticas p\u00fablicas voltadas ao setor.","og_url":"https:\/\/www.manaus.am.gov.br\/manauscult\/cadastro-para-artistas-e-agentes-culturais\/","og_site_name":"MANAUSCULT","article_published_time":"2025-04-01T21:58:19+00:00","article_modified_time":"2025-04-01T21:58:20+00:00","og_image":[{"width":4022,"height":3014,"url":"https:\/\/www.manaus.am.gov.br\/manauscult\/wp-content\/uploads\/sites\/11\/2025\/04\/Pagamento-PNAB.jpeg","type":"image\/jpeg"}],"author":"bvalente","twitter_card":"summary_large_image","twitter_misc":{"Written by":"bvalente","Est. reading time":"2 minutos"},"schema":{"@context":"https:\/\/schema.org","@graph":[{"@type":"WebPage","@id":"https:\/\/www.manaus.am.gov.br\/manauscult\/cadastro-para-artistas-e-agentes-culturais\/","url":"https:\/\/www.manaus.am.gov.br\/manauscult\/cadastro-para-artistas-e-agentes-culturais\/","name":"Prefeitura abre cadastro para artistas e agentes culturais em Manaus","isPartOf":{"@id":"https:\/\/www.manaus.am.gov.br\/manauscult\/#website"},"primaryImageOfPage":{"@id":"https:\/\/www.manaus.am.gov.br\/manauscult\/cadastro-para-artistas-e-agentes-culturais\/#primaryimage"},"image":{"@id":"https:\/\/www.manaus.am.gov.br\/manauscult\/cadastro-para-artistas-e-agentes-culturais\/#primaryimage"},"thumbnailUrl":"https:\/\/www.manaus.am.gov.br\/manauscult\/wp-content\/uploads\/sites\/11\/2025\/04\/Pagamento-PNAB.jpeg","datePublished":"2025-04-01T21:58:19+00:00","dateModified":"2025-04-01T21:58:20+00:00","author":{"@id":"https:\/\/www.manaus.am.gov.br\/manauscult\/#\/schema\/person\/466a0e03ae4b6062809046bd560ac955"},"description":"A Prefeitura de Manaus, por meio do Conselho Municipal de Cultura (Concultura), deu in\u00edcio, na \u00faltima segunda-feira, 31\/3, \u00e0s inscri\u00e7\u00f5es para o Cadastro \u00danico de artistas, agentes e coletivos culturais da cidade. O objetivo \u00e9 mapear a diversidade art\u00edstica local e gerar estat\u00edsticas precisas, que servir\u00e3o de base para a formula\u00e7\u00e3o de novos editais e pol\u00edticas p\u00fablicas voltadas ao setor.","breadcrumb":{"@id":"https:\/\/www.manaus.am.gov.br\/manauscult\/cadastro-para-artistas-e-agentes-culturais\/#breadcrumb"},"inLanguage":"pt-BR","potentialAction":[{"@type":"ReadAction","target":["https:\/\/www.manaus.am.gov.br\/manauscult\/cadastro-para-artistas-e-agentes-culturais\/"]}]},{"@type":"ImageObject","inLanguage":"pt-BR","@id":"https:\/\/www.manaus.am.gov.br\/manauscult\/cadastro-para-artistas-e-agentes-culturais\/#primaryimage","url":"https:\/\/www.manaus.am.gov.br\/manauscult\/wp-content\/uploads\/sites\/11\/2025\/04\/Pagamento-PNAB.jpeg","contentUrl":"https:\/\/www.manaus.am.gov.br\/manauscult\/wp-content\/uploads\/sites\/11\/2025\/04\/Pagamento-PNAB.jpeg","width":4022,"height":3014},{"@type":"BreadcrumbList","@id":"https:\/\/www.manaus.am.gov.br\/manauscult\/cadastro-para-artistas-e-agentes-culturais\/#breadcrumb","itemListElement":[{"@type":"ListItem","position":1,"name":"Home","item":"https:\/\/www.manaus.am.gov.br\/manauscult\/"},{"@type":"ListItem","position":2,"name":"Prefeitura abre cadastro para artistas e agentes culturais em Manaus"}]},{"@type":"WebSite","@id":"https:\/\/www.manaus.am.gov.br\/manauscult\/#website","url":"https:\/\/www.manaus.am.gov.br\/manauscult\/","name":"MANAUSCULT","description":"Prefeitura de Manaus","potentialAction":[{"@type":"SearchAction","target":{"@type":"EntryPoint","urlTemplate":"https:\/\/www.manaus.am.gov.br\/manauscult\/?s={search_term_string}"},"query-input":"required name=search_term_string"}],"inLanguage":"pt-BR"},{"@type":"Person","@id":"https:\/\/www.manaus.am.gov.br\/manauscult\/#\/schema\/person\/466a0e03ae4b6062809046bd560ac955","name":"bvalente","image":{"@type":"ImageObject","inLanguage":"pt-BR","@id":"https:\/\/www.manaus.am.gov.br\/manauscult\/#\/schema\/person\/image\/","url":"https:\/\/secure.gravatar.com\/avatar\/3e69bc2b014bdad41adfec3a39de07d2?s=96&d=mm&r=g","contentUrl":"https:\/\/secure.gravatar.com\/avatar\/3e69bc2b014bdad41adfec3a39de07d2?s=96&d=mm&r=g","caption":"bvalente"}}]}},"_links":{"self":[{"href":"https:\/\/www.manaus.am.gov.br\/manauscult\/wp-json\/wp\/v2\/posts\/3599"}],"collection":[{"href":"https:\/\/www.manaus.am.gov.br\/manauscult\/wp-json\/wp\/v2\/posts"}],"about":[{"href":"https:\/\/www.manaus.am.gov.br\/manauscult\/wp-json\/wp\/v2\/types\/post"}],"author":[{"embeddable":true,"href":"https:\/\/www.manaus.am.gov.br\/manauscult\/wp-json\/wp\/v2\/users\/68"}],"replies":[{"embeddable":true,"href":"https:\/\/www.manaus.am.gov.br\/manauscult\/wp-json\/wp\/v2\/comments?post=3599"}],"version-history":[{"count":0,"href":"https:\/\/www.manaus.am.gov.br\/manauscult\/wp-json\/wp\/v2\/posts\/3599\/revisions"}],"wp:featuredmedia":[{"embeddable":true,"href":"https:\/\/www.manaus.am.gov.br\/manauscult\/wp-json\/wp\/v2\/media\/3600"}],"wp:attachment":[{"href":"https:\/\/www.manaus.am.gov.br\/manauscult\/wp-json\/wp\/v2\/media?parent=3599"}],"wp:term":[{"taxonomy":"category","embeddable":true,"href":"https:\/\/www.manaus.am.gov.br\/manauscult\/wp-json\/wp\/v2\/categories?post=3599"},{"taxonomy":"post_tag","embeddable":true,"href":"https:\/\/www.manaus.am.gov.br\/manauscult\/wp-json\/wp\/v2\/tags?post=3599"}],"curies":[{"name":"wp","href":"https:\/\/api.w.org\/{rel}","templated":true}]}}