{"id":3595,"date":"2025-04-01T11:35:34","date_gmt":"2025-04-01T15:35:34","guid":{"rendered":"https:\/\/www.manaus.am.gov.br\/manauscult\/cruzeiro-bandeira-holandesa-manaus\/"},"modified":"2025-04-01T11:35:36","modified_gmt":"2025-04-01T15:35:36","slug":"cruzeiro-bandeira-holandesa-manaus","status":"publish","type":"post","link":"https:\/\/www.manaus.am.gov.br\/manauscult\/cruzeiro-bandeira-holandesa-manaus\/","title":{"rendered":"Chegada de cruzeiro de bandeira holandesa impulsiona economia e refor\u00e7a voca\u00e7\u00e3o tur\u00edstica de Manaus"},"content":{"rendered":"\n<p>A Prefeitura de Manaus, por meio da Funda\u00e7\u00e3o Municipal de Cultura, Turismo e Eventos (ManausCult), recepcionou o navio Volendam, de bandeira holandesa, nesta ter\u00e7a-feira, 1\u00ba de abril. A embarca\u00e7\u00e3o trouxe 1.800 visitantes, movimentando significativamente a economia local, com um impacto estimado de R$ 8.517.040,00.<\/p>\n\n\n\n<p>Os turistas ter\u00e3o a oportunidade de conhecer alguns dos principais atrativos da cidade, como o teatro Amazonas, o Encontro das \u00c1guas, o mirante L\u00facia Almeida e o mercado municipal Adolpho Lisboa, al\u00e9m de desfrutar da gastronomia regional e de experi\u00eancias ecol\u00f3gicas, que se destacam entre as mais procuradas pelos visitantes.<\/p>\n\n\n\n<p>Para a diretora de Turismo da Manauscult, Oreni Braga, a chegada de mais um cruzeiro internacional refor\u00e7a a voca\u00e7\u00e3o tur\u00edstica de Manaus e evidencia o trabalho cont\u00ednuo da gest\u00e3o municipal para fortalecer o setor. \u201cEstamos empenhados em fortalecer cada vez mais essa atividade, oferecendo infraestrutura e apoio para que Manaus continue sendo um destino de destaque no turismo internacional. A Prefeitura de Manaus e a ManausCult seguem trabalhando para atrair mais cruzeiros e consolidar nossa cidade como uma parada essencial na rota dos grandes navios\u201d, destacou Oreni.<\/p>\n\n\n\n<p>O diretor-presidente da ManausCult, Jender Lobato, tamb\u00e9m celebrou a chegada do cruzeiro e ressaltou o impacto positivo dessa movimenta\u00e7\u00e3o para diversos setores da cidade. \u201cCada cruzeiro que atraca aqui representa oportunidades para o com\u00e9rcio, para os guias tur\u00edsticos, para o setor gastron\u00f4mico e para a cultura local. Estamos trabalhando para fortalecer ainda mais esse setor e oferecer uma experi\u00eancia \u00fanica aos visitantes\u201d, afirmou.<\/p>\n\n\n\n<p>Com o crescimento cont\u00ednuo do fluxo de cruzeiros internacionais, a Prefeitura de Manaus e a ManausCult seguem investindo na promo\u00e7\u00e3o da cidade como um destino atrativo para turistas de todo o mundo, garantindo que a capital amazonense se mantenha cada vez mais presente no mapa do turismo internacional.<\/p>\n\n\n\n<p>&#8212; &#8212; &#8212;<\/p>\n\n\n\n<p><strong>Texto e Fotos<\/strong> \u2013 Divulga\u00e7\u00e3o \/ Manauscult<\/p>\n","protected":false},"excerpt":{"rendered":"","protected":false},"author":25,"featured_media":3596,"comment_status":"closed","ping_status":"closed","sticky":false,"template":"","format":"standard","meta":{"footnotes":""},"categories":[18],"tags":[953,1118,118,984,1320],"acf":[],"yoast_head":"<!-- This site is optimized with the Yoast SEO plugin v23.0 - https:\/\/yoast.com\/wordpress\/plugins\/seo\/ -->\n<title>Chegada de cruzeiro de bandeira holandesa impulsiona economia e refor\u00e7a voca\u00e7\u00e3o tur\u00edstica de Manaus<\/title>\n<meta name=\"description\" content=\"A Prefeitura de Manaus, por meio da Funda\u00e7\u00e3o Municipal de Cultura, Turismo e Eventos (Manauscult), recepcionou o navio Volendam\" \/>\n<meta name=\"robots\" content=\"noindex, follow\" \/>\n<meta property=\"og:locale\" content=\"pt_BR\" \/>\n<meta property=\"og:type\" content=\"article\" \/>\n<meta property=\"og:title\" content=\"Chegada de cruzeiro de bandeira holandesa impulsiona economia e refor\u00e7a voca\u00e7\u00e3o tur\u00edstica de Manaus\" \/>\n<meta property=\"og:description\" content=\"A Prefeitura de Manaus, por meio da Funda\u00e7\u00e3o Municipal de Cultura, Turismo e Eventos (Manauscult), recepcionou o navio Volendam\" \/>\n<meta property=\"og:url\" content=\"https:\/\/www.manaus.am.gov.br\/manauscult\/cruzeiro-bandeira-holandesa-manaus\/\" \/>\n<meta property=\"og:site_name\" content=\"MANAUSCULT\" \/>\n<meta property=\"article:published_time\" content=\"2025-04-01T15:35:34+00:00\" \/>\n<meta property=\"article:modified_time\" content=\"2025-04-01T15:35:36+00:00\" \/>\n<meta property=\"og:image\" content=\"https:\/\/www.manaus.am.gov.br\/manauscult\/wp-content\/uploads\/sites\/11\/2025\/04\/NAVIO_1.jpeg\" \/>\n\t<meta property=\"og:image:width\" content=\"2944\" \/>\n\t<meta property=\"og:image:height\" content=\"1968\" \/>\n\t<meta property=\"og:image:type\" content=\"image\/jpeg\" \/>\n<meta name=\"author\" content=\"Maur\u00edcio Freire\" \/>\n<meta name=\"twitter:card\" content=\"summary_large_image\" \/>\n<meta name=\"twitter:label1\" content=\"Written by\" \/>\n\t<meta name=\"twitter:data1\" content=\"Maur\u00edcio Freire\" \/>\n\t<meta name=\"twitter:label2\" content=\"Est. reading time\" \/>\n\t<meta name=\"twitter:data2\" content=\"2 minutos\" \/>\n<script type=\"application\/ld+json\" class=\"yoast-schema-graph\">{\"@context\":\"https:\/\/schema.org\",\"@graph\":[{\"@type\":\"WebPage\",\"@id\":\"https:\/\/www.manaus.am.gov.br\/manauscult\/cruzeiro-bandeira-holandesa-manaus\/\",\"url\":\"https:\/\/www.manaus.am.gov.br\/manauscult\/cruzeiro-bandeira-holandesa-manaus\/\",\"name\":\"Chegada de cruzeiro de bandeira holandesa impulsiona economia e refor\u00e7a voca\u00e7\u00e3o tur\u00edstica de Manaus\",\"isPartOf\":{\"@id\":\"https:\/\/www.manaus.am.gov.br\/manauscult\/#website\"},\"primaryImageOfPage\":{\"@id\":\"https:\/\/www.manaus.am.gov.br\/manauscult\/cruzeiro-bandeira-holandesa-manaus\/#primaryimage\"},\"image\":{\"@id\":\"https:\/\/www.manaus.am.gov.br\/manauscult\/cruzeiro-bandeira-holandesa-manaus\/#primaryimage\"},\"thumbnailUrl\":\"https:\/\/www.manaus.am.gov.br\/manauscult\/wp-content\/uploads\/sites\/11\/2025\/04\/NAVIO_1.jpeg\",\"datePublished\":\"2025-04-01T15:35:34+00:00\",\"dateModified\":\"2025-04-01T15:35:36+00:00\",\"author\":{\"@id\":\"https:\/\/www.manaus.am.gov.br\/manauscult\/#\/schema\/person\/587989a23a463cde5618e6a028977a9a\"},\"description\":\"A Prefeitura de Manaus, por meio da Funda\u00e7\u00e3o Municipal de Cultura, Turismo e Eventos (Manauscult), recepcionou o navio Volendam\",\"breadcrumb\":{\"@id\":\"https:\/\/www.manaus.am.gov.br\/manauscult\/cruzeiro-bandeira-holandesa-manaus\/#breadcrumb\"},\"inLanguage\":\"pt-BR\",\"potentialAction\":[{\"@type\":\"ReadAction\",\"target\":[\"https:\/\/www.manaus.am.gov.br\/manauscult\/cruzeiro-bandeira-holandesa-manaus\/\"]}]},{\"@type\":\"ImageObject\",\"inLanguage\":\"pt-BR\",\"@id\":\"https:\/\/www.manaus.am.gov.br\/manauscult\/cruzeiro-bandeira-holandesa-manaus\/#primaryimage\",\"url\":\"https:\/\/www.manaus.am.gov.br\/manauscult\/wp-content\/uploads\/sites\/11\/2025\/04\/NAVIO_1.jpeg\",\"contentUrl\":\"https:\/\/www.manaus.am.gov.br\/manauscult\/wp-content\/uploads\/sites\/11\/2025\/04\/NAVIO_1.jpeg\",\"width\":2944,\"height\":1968,\"caption\":\"#paratodosverem embarca\u00e7\u00e3o trouxe 1.800 visitantes, movimentando significativamente a economia local\"},{\"@type\":\"BreadcrumbList\",\"@id\":\"https:\/\/www.manaus.am.gov.br\/manauscult\/cruzeiro-bandeira-holandesa-manaus\/#breadcrumb\",\"itemListElement\":[{\"@type\":\"ListItem\",\"position\":1,\"name\":\"Home\",\"item\":\"https:\/\/www.manaus.am.gov.br\/manauscult\/\"},{\"@type\":\"ListItem\",\"position\":2,\"name\":\"Chegada de cruzeiro de bandeira holandesa impulsiona economia e refor\u00e7a voca\u00e7\u00e3o tur\u00edstica de Manaus\"}]},{\"@type\":\"WebSite\",\"@id\":\"https:\/\/www.manaus.am.gov.br\/manauscult\/#website\",\"url\":\"https:\/\/www.manaus.am.gov.br\/manauscult\/\",\"name\":\"MANAUSCULT\",\"description\":\"Prefeitura de Manaus\",\"potentialAction\":[{\"@type\":\"SearchAction\",\"target\":{\"@type\":\"EntryPoint\",\"urlTemplate\":\"https:\/\/www.manaus.am.gov.br\/manauscult\/?s={search_term_string}\"},\"query-input\":\"required name=search_term_string\"}],\"inLanguage\":\"pt-BR\"},{\"@type\":\"Person\",\"@id\":\"https:\/\/www.manaus.am.gov.br\/manauscult\/#\/schema\/person\/587989a23a463cde5618e6a028977a9a\",\"name\":\"Maur\u00edcio Freire\",\"image\":{\"@type\":\"ImageObject\",\"inLanguage\":\"pt-BR\",\"@id\":\"https:\/\/www.manaus.am.gov.br\/manauscult\/#\/schema\/person\/image\/\",\"url\":\"https:\/\/secure.gravatar.com\/avatar\/dc1481799a1f75c733ac3b2634cd6749?s=96&d=mm&r=g\",\"contentUrl\":\"https:\/\/secure.gravatar.com\/avatar\/dc1481799a1f75c733ac3b2634cd6749?s=96&d=mm&r=g\",\"caption\":\"Maur\u00edcio Freire\"}}]}<\/script>\n<!-- \/ Yoast SEO plugin. -->","yoast_head_json":{"title":"Chegada de cruzeiro de bandeira holandesa impulsiona economia e refor\u00e7a voca\u00e7\u00e3o tur\u00edstica de Manaus","description":"A Prefeitura de Manaus, por meio da Funda\u00e7\u00e3o Municipal de Cultura, Turismo e Eventos (Manauscult), recepcionou o navio Volendam","robots":{"index":"noindex","follow":"follow"},"og_locale":"pt_BR","og_type":"article","og_title":"Chegada de cruzeiro de bandeira holandesa impulsiona economia e refor\u00e7a voca\u00e7\u00e3o tur\u00edstica de Manaus","og_description":"A Prefeitura de Manaus, por meio da Funda\u00e7\u00e3o Municipal de Cultura, Turismo e Eventos (Manauscult), recepcionou o navio Volendam","og_url":"https:\/\/www.manaus.am.gov.br\/manauscult\/cruzeiro-bandeira-holandesa-manaus\/","og_site_name":"MANAUSCULT","article_published_time":"2025-04-01T15:35:34+00:00","article_modified_time":"2025-04-01T15:35:36+00:00","og_image":[{"width":2944,"height":1968,"url":"https:\/\/www.manaus.am.gov.br\/manauscult\/wp-content\/uploads\/sites\/11\/2025\/04\/NAVIO_1.jpeg","type":"image\/jpeg"}],"author":"Maur\u00edcio Freire","twitter_card":"summary_large_image","twitter_misc":{"Written by":"Maur\u00edcio Freire","Est. reading time":"2 minutos"},"schema":{"@context":"https:\/\/schema.org","@graph":[{"@type":"WebPage","@id":"https:\/\/www.manaus.am.gov.br\/manauscult\/cruzeiro-bandeira-holandesa-manaus\/","url":"https:\/\/www.manaus.am.gov.br\/manauscult\/cruzeiro-bandeira-holandesa-manaus\/","name":"Chegada de cruzeiro de bandeira holandesa impulsiona economia e refor\u00e7a voca\u00e7\u00e3o tur\u00edstica de Manaus","isPartOf":{"@id":"https:\/\/www.manaus.am.gov.br\/manauscult\/#website"},"primaryImageOfPage":{"@id":"https:\/\/www.manaus.am.gov.br\/manauscult\/cruzeiro-bandeira-holandesa-manaus\/#primaryimage"},"image":{"@id":"https:\/\/www.manaus.am.gov.br\/manauscult\/cruzeiro-bandeira-holandesa-manaus\/#primaryimage"},"thumbnailUrl":"https:\/\/www.manaus.am.gov.br\/manauscult\/wp-content\/uploads\/sites\/11\/2025\/04\/NAVIO_1.jpeg","datePublished":"2025-04-01T15:35:34+00:00","dateModified":"2025-04-01T15:35:36+00:00","author":{"@id":"https:\/\/www.manaus.am.gov.br\/manauscult\/#\/schema\/person\/587989a23a463cde5618e6a028977a9a"},"description":"A Prefeitura de Manaus, por meio da Funda\u00e7\u00e3o Municipal de Cultura, Turismo e Eventos (Manauscult), recepcionou o navio Volendam","breadcrumb":{"@id":"https:\/\/www.manaus.am.gov.br\/manauscult\/cruzeiro-bandeira-holandesa-manaus\/#breadcrumb"},"inLanguage":"pt-BR","potentialAction":[{"@type":"ReadAction","target":["https:\/\/www.manaus.am.gov.br\/manauscult\/cruzeiro-bandeira-holandesa-manaus\/"]}]},{"@type":"ImageObject","inLanguage":"pt-BR","@id":"https:\/\/www.manaus.am.gov.br\/manauscult\/cruzeiro-bandeira-holandesa-manaus\/#primaryimage","url":"https:\/\/www.manaus.am.gov.br\/manauscult\/wp-content\/uploads\/sites\/11\/2025\/04\/NAVIO_1.jpeg","contentUrl":"https:\/\/www.manaus.am.gov.br\/manauscult\/wp-content\/uploads\/sites\/11\/2025\/04\/NAVIO_1.jpeg","width":2944,"height":1968,"caption":"#paratodosverem embarca\u00e7\u00e3o trouxe 1.800 visitantes, movimentando significativamente a economia local"},{"@type":"BreadcrumbList","@id":"https:\/\/www.manaus.am.gov.br\/manauscult\/cruzeiro-bandeira-holandesa-manaus\/#breadcrumb","itemListElement":[{"@type":"ListItem","position":1,"name":"Home","item":"https:\/\/www.manaus.am.gov.br\/manauscult\/"},{"@type":"ListItem","position":2,"name":"Chegada de cruzeiro de bandeira holandesa impulsiona economia e refor\u00e7a voca\u00e7\u00e3o tur\u00edstica de Manaus"}]},{"@type":"WebSite","@id":"https:\/\/www.manaus.am.gov.br\/manauscult\/#website","url":"https:\/\/www.manaus.am.gov.br\/manauscult\/","name":"MANAUSCULT","description":"Prefeitura de Manaus","potentialAction":[{"@type":"SearchAction","target":{"@type":"EntryPoint","urlTemplate":"https:\/\/www.manaus.am.gov.br\/manauscult\/?s={search_term_string}"},"query-input":"required name=search_term_string"}],"inLanguage":"pt-BR"},{"@type":"Person","@id":"https:\/\/www.manaus.am.gov.br\/manauscult\/#\/schema\/person\/587989a23a463cde5618e6a028977a9a","name":"Maur\u00edcio Freire","image":{"@type":"ImageObject","inLanguage":"pt-BR","@id":"https:\/\/www.manaus.am.gov.br\/manauscult\/#\/schema\/person\/image\/","url":"https:\/\/secure.gravatar.com\/avatar\/dc1481799a1f75c733ac3b2634cd6749?s=96&d=mm&r=g","contentUrl":"https:\/\/secure.gravatar.com\/avatar\/dc1481799a1f75c733ac3b2634cd6749?s=96&d=mm&r=g","caption":"Maur\u00edcio Freire"}}]}},"_links":{"self":[{"href":"https:\/\/www.manaus.am.gov.br\/manauscult\/wp-json\/wp\/v2\/posts\/3595"}],"collection":[{"href":"https:\/\/www.manaus.am.gov.br\/manauscult\/wp-json\/wp\/v2\/posts"}],"about":[{"href":"https:\/\/www.manaus.am.gov.br\/manauscult\/wp-json\/wp\/v2\/types\/post"}],"author":[{"embeddable":true,"href":"https:\/\/www.manaus.am.gov.br\/manauscult\/wp-json\/wp\/v2\/users\/25"}],"replies":[{"embeddable":true,"href":"https:\/\/www.manaus.am.gov.br\/manauscult\/wp-json\/wp\/v2\/comments?post=3595"}],"version-history":[{"count":0,"href":"https:\/\/www.manaus.am.gov.br\/manauscult\/wp-json\/wp\/v2\/posts\/3595\/revisions"}],"wp:featuredmedia":[{"embeddable":true,"href":"https:\/\/www.manaus.am.gov.br\/manauscult\/wp-json\/wp\/v2\/media\/3596"}],"wp:attachment":[{"href":"https:\/\/www.manaus.am.gov.br\/manauscult\/wp-json\/wp\/v2\/media?parent=3595"}],"wp:term":[{"taxonomy":"category","embeddable":true,"href":"https:\/\/www.manaus.am.gov.br\/manauscult\/wp-json\/wp\/v2\/categories?post=3595"},{"taxonomy":"post_tag","embeddable":true,"href":"https:\/\/www.manaus.am.gov.br\/manauscult\/wp-json\/wp\/v2\/tags?post=3595"}],"curies":[{"name":"wp","href":"https:\/\/api.w.org\/{rel}","templated":true}]}}