{"id":3531,"date":"2025-03-26T15:49:34","date_gmt":"2025-03-26T19:49:34","guid":{"rendered":"https:\/\/www.manaus.am.gov.br\/manauscult\/selecionados-pnab-manaus-documentacao-31-3\/"},"modified":"2025-03-26T15:49:36","modified_gmt":"2025-03-26T19:49:36","slug":"selecionados-pnab-manaus-documentacao-31-3","status":"publish","type":"post","link":"https:\/\/www.manaus.am.gov.br\/manauscult\/selecionados-pnab-manaus-documentacao-31-3\/","title":{"rendered":"Selecionados nos editais da Pnab Manaus t\u00eam at\u00e9 31\/3 para enviar documenta\u00e7\u00e3o da fase de habilita\u00e7\u00e3o"},"content":{"rendered":"\n<p>A Prefeitura de Manaus, por meio do Conselho Municipal de Cultura (Concultura), informa que os contemplados nos editais n\u00b0 005\/2024 (Pontos de Cultura), n\u00b0 006\/2024 (Projetos Continuados de Pontos de Cultura), n\u00b0 007\/2024 (Subs\u00eddios e Manuten\u00e7\u00e3o de Ambientes Culturais), n\u00b0 008\/2024 (\u00c1reas Perif\u00e9ricas, Ribeirinhas e Povos Tradicionais), n\u00b0 009\/2024 (Festivais Culturais) e n\u00b0 010\/2024 (Mestras da Cultura), da Pol\u00edtica Nacional Aldir Blanc (Pnab Manaus) devem enviar a documenta\u00e7\u00e3o necess\u00e1ria para a fase de habilita\u00e7\u00e3o exigida nos editais at\u00e9 o dia 31\/3.<\/p>\n\n\n\n<p>Segundo o presidente do Concultura, Tony Medeiros, os seis editais da Pnab Manaus selecionaram 152 projetos art\u00edsticos-culturais, com um investimento total de R$ 10,4 milh\u00f5es no setor cultural de Manaus.<\/p>\n\n\n\n<p>\u201cAtendendo a determina\u00e7\u00e3o do prefeito David Almeida, estamos empenhados em tornar o processo o mais \u00e1gil poss\u00edvel. Agora, \u00e9 fundamental que os contemplados cumpram o prazo de envio da documenta\u00e7\u00e3o at\u00e9 o dia 31 de mar\u00e7o, para que possamos dar seguimento ao processo de repasse dos recursos, com total comprometimento e responsabilidade. A equipe do Concultura est\u00e1 dispon\u00edvel para esclarecer qualquer d\u00favida e garantir que o processo aconte\u00e7a de maneira eficiente para todos\u201d, afirmou o presidente.&nbsp;<\/p>\n\n\n\n<p>Para mais informa\u00e7\u00f5es sobre os editais da Pnab Manaus, os interessados podem entrar em contato pelo n\u00famero (92) 98842-1013, de segunda a sexta-feira, das 8h \u00e0s 17h, ou pelo site&nbsp;<a href=\"http:\/\/concultura.manaus.am.gov.br\/\" target=\"_blank\" rel=\"noreferrer noopener\">concultura.manaus.am.gov.br<\/a>.<\/p>\n\n\n\n<p>&#8212; &#8212; &#8212;<\/p>\n\n\n\n<p><strong>Texto<\/strong>\u00a0\u2013 Keize Pedrosa\/Concultura<\/p>\n\n\n\n<p><strong>Foto<\/strong>\u00a0\u2013 Divulga\u00e7\u00e3o\/Concultura<\/p>\n","protected":false},"excerpt":{"rendered":"","protected":false},"author":39,"featured_media":3532,"comment_status":"closed","ping_status":"closed","sticky":false,"template":"","format":"standard","meta":{"footnotes":""},"categories":[12],"tags":[1314,47,1315,1316,11],"acf":[],"yoast_head":"<!-- This site is optimized with the Yoast SEO plugin v23.0 - https:\/\/yoast.com\/wordpress\/plugins\/seo\/ -->\n<title>Selecionados na Pnab t\u00eam at\u00e9 31\/3 para enviar documenta\u00e7\u00e3o<\/title>\n<meta name=\"description\" content=\"Selecionados nos editais da Pnab Manaus t\u00eam at\u00e9 31\/3 para enviar documenta\u00e7\u00e3o da fase de habilita\u00e7\u00e3o ao Concultura.\" \/>\n<meta name=\"robots\" content=\"noindex, follow\" \/>\n<meta property=\"og:locale\" content=\"pt_BR\" \/>\n<meta property=\"og:type\" content=\"article\" \/>\n<meta property=\"og:title\" content=\"Selecionados na Pnab t\u00eam at\u00e9 31\/3 para enviar documenta\u00e7\u00e3o\" \/>\n<meta property=\"og:description\" content=\"Selecionados nos editais da Pnab Manaus t\u00eam at\u00e9 31\/3 para enviar documenta\u00e7\u00e3o da fase de habilita\u00e7\u00e3o ao Concultura.\" \/>\n<meta property=\"og:url\" content=\"https:\/\/www.manaus.am.gov.br\/manauscult\/selecionados-pnab-manaus-documentacao-31-3\/\" \/>\n<meta property=\"og:site_name\" content=\"MANAUSCULT\" \/>\n<meta property=\"article:published_time\" content=\"2025-03-26T19:49:34+00:00\" \/>\n<meta property=\"article:modified_time\" content=\"2025-03-26T19:49:36+00:00\" \/>\n<meta property=\"og:image\" content=\"https:\/\/www.manaus.am.gov.br\/manauscult\/wp-content\/uploads\/sites\/11\/2025\/03\/IMG_8422.jpeg\" \/>\n\t<meta property=\"og:image:width\" content=\"3775\" \/>\n\t<meta property=\"og:image:height\" content=\"2123\" \/>\n\t<meta property=\"og:image:type\" content=\"image\/jpeg\" \/>\n<meta name=\"author\" content=\"Bruna Greco\" \/>\n<meta name=\"twitter:card\" content=\"summary_large_image\" \/>\n<meta name=\"twitter:label1\" content=\"Written by\" \/>\n\t<meta name=\"twitter:data1\" content=\"Bruna Greco\" \/>\n\t<meta name=\"twitter:label2\" content=\"Est. reading time\" \/>\n\t<meta name=\"twitter:data2\" content=\"2 minutos\" \/>\n<script type=\"application\/ld+json\" class=\"yoast-schema-graph\">{\"@context\":\"https:\/\/schema.org\",\"@graph\":[{\"@type\":\"WebPage\",\"@id\":\"https:\/\/www.manaus.am.gov.br\/manauscult\/selecionados-pnab-manaus-documentacao-31-3\/\",\"url\":\"https:\/\/www.manaus.am.gov.br\/manauscult\/selecionados-pnab-manaus-documentacao-31-3\/\",\"name\":\"Selecionados na Pnab t\u00eam at\u00e9 31\/3 para enviar documenta\u00e7\u00e3o\",\"isPartOf\":{\"@id\":\"https:\/\/www.manaus.am.gov.br\/manauscult\/#website\"},\"primaryImageOfPage\":{\"@id\":\"https:\/\/www.manaus.am.gov.br\/manauscult\/selecionados-pnab-manaus-documentacao-31-3\/#primaryimage\"},\"image\":{\"@id\":\"https:\/\/www.manaus.am.gov.br\/manauscult\/selecionados-pnab-manaus-documentacao-31-3\/#primaryimage\"},\"thumbnailUrl\":\"https:\/\/www.manaus.am.gov.br\/manauscult\/wp-content\/uploads\/sites\/11\/2025\/03\/IMG_8422.jpeg\",\"datePublished\":\"2025-03-26T19:49:34+00:00\",\"dateModified\":\"2025-03-26T19:49:36+00:00\",\"author\":{\"@id\":\"https:\/\/www.manaus.am.gov.br\/manauscult\/#\/schema\/person\/05d223aea2bf115f9883a6ff3683d81b\"},\"description\":\"Selecionados nos editais da Pnab Manaus t\u00eam at\u00e9 31\/3 para enviar documenta\u00e7\u00e3o da fase de habilita\u00e7\u00e3o ao Concultura.\",\"breadcrumb\":{\"@id\":\"https:\/\/www.manaus.am.gov.br\/manauscult\/selecionados-pnab-manaus-documentacao-31-3\/#breadcrumb\"},\"inLanguage\":\"pt-BR\",\"potentialAction\":[{\"@type\":\"ReadAction\",\"target\":[\"https:\/\/www.manaus.am.gov.br\/manauscult\/selecionados-pnab-manaus-documentacao-31-3\/\"]}]},{\"@type\":\"ImageObject\",\"inLanguage\":\"pt-BR\",\"@id\":\"https:\/\/www.manaus.am.gov.br\/manauscult\/selecionados-pnab-manaus-documentacao-31-3\/#primaryimage\",\"url\":\"https:\/\/www.manaus.am.gov.br\/manauscult\/wp-content\/uploads\/sites\/11\/2025\/03\/IMG_8422.jpeg\",\"contentUrl\":\"https:\/\/www.manaus.am.gov.br\/manauscult\/wp-content\/uploads\/sites\/11\/2025\/03\/IMG_8422.jpeg\",\"width\":3775,\"height\":2123,\"caption\":\"#paratodosverem - Fazedor de cultura acessando edital da Pnab-Manaus\"},{\"@type\":\"BreadcrumbList\",\"@id\":\"https:\/\/www.manaus.am.gov.br\/manauscult\/selecionados-pnab-manaus-documentacao-31-3\/#breadcrumb\",\"itemListElement\":[{\"@type\":\"ListItem\",\"position\":1,\"name\":\"Home\",\"item\":\"https:\/\/www.manaus.am.gov.br\/manauscult\/\"},{\"@type\":\"ListItem\",\"position\":2,\"name\":\"Selecionados nos editais da Pnab Manaus t\u00eam at\u00e9 31\/3 para enviar documenta\u00e7\u00e3o da fase de habilita\u00e7\u00e3o\"}]},{\"@type\":\"WebSite\",\"@id\":\"https:\/\/www.manaus.am.gov.br\/manauscult\/#website\",\"url\":\"https:\/\/www.manaus.am.gov.br\/manauscult\/\",\"name\":\"MANAUSCULT\",\"description\":\"Prefeitura de Manaus\",\"potentialAction\":[{\"@type\":\"SearchAction\",\"target\":{\"@type\":\"EntryPoint\",\"urlTemplate\":\"https:\/\/www.manaus.am.gov.br\/manauscult\/?s={search_term_string}\"},\"query-input\":\"required name=search_term_string\"}],\"inLanguage\":\"pt-BR\"},{\"@type\":\"Person\",\"@id\":\"https:\/\/www.manaus.am.gov.br\/manauscult\/#\/schema\/person\/05d223aea2bf115f9883a6ff3683d81b\",\"name\":\"Bruna Greco\",\"image\":{\"@type\":\"ImageObject\",\"inLanguage\":\"pt-BR\",\"@id\":\"https:\/\/www.manaus.am.gov.br\/manauscult\/#\/schema\/person\/image\/\",\"url\":\"https:\/\/secure.gravatar.com\/avatar\/9c877d1a6adc2a055330e5c09a8653ce?s=96&d=mm&r=g\",\"contentUrl\":\"https:\/\/secure.gravatar.com\/avatar\/9c877d1a6adc2a055330e5c09a8653ce?s=96&d=mm&r=g\",\"caption\":\"Bruna Greco\"}}]}<\/script>\n<!-- \/ Yoast SEO plugin. -->","yoast_head_json":{"title":"Selecionados na Pnab t\u00eam at\u00e9 31\/3 para enviar documenta\u00e7\u00e3o","description":"Selecionados nos editais da Pnab Manaus t\u00eam at\u00e9 31\/3 para enviar documenta\u00e7\u00e3o da fase de habilita\u00e7\u00e3o ao Concultura.","robots":{"index":"noindex","follow":"follow"},"og_locale":"pt_BR","og_type":"article","og_title":"Selecionados na Pnab t\u00eam at\u00e9 31\/3 para enviar documenta\u00e7\u00e3o","og_description":"Selecionados nos editais da Pnab Manaus t\u00eam at\u00e9 31\/3 para enviar documenta\u00e7\u00e3o da fase de habilita\u00e7\u00e3o ao Concultura.","og_url":"https:\/\/www.manaus.am.gov.br\/manauscult\/selecionados-pnab-manaus-documentacao-31-3\/","og_site_name":"MANAUSCULT","article_published_time":"2025-03-26T19:49:34+00:00","article_modified_time":"2025-03-26T19:49:36+00:00","og_image":[{"width":3775,"height":2123,"url":"https:\/\/www.manaus.am.gov.br\/manauscult\/wp-content\/uploads\/sites\/11\/2025\/03\/IMG_8422.jpeg","type":"image\/jpeg"}],"author":"Bruna Greco","twitter_card":"summary_large_image","twitter_misc":{"Written by":"Bruna Greco","Est. reading time":"2 minutos"},"schema":{"@context":"https:\/\/schema.org","@graph":[{"@type":"WebPage","@id":"https:\/\/www.manaus.am.gov.br\/manauscult\/selecionados-pnab-manaus-documentacao-31-3\/","url":"https:\/\/www.manaus.am.gov.br\/manauscult\/selecionados-pnab-manaus-documentacao-31-3\/","name":"Selecionados na Pnab t\u00eam at\u00e9 31\/3 para enviar documenta\u00e7\u00e3o","isPartOf":{"@id":"https:\/\/www.manaus.am.gov.br\/manauscult\/#website"},"primaryImageOfPage":{"@id":"https:\/\/www.manaus.am.gov.br\/manauscult\/selecionados-pnab-manaus-documentacao-31-3\/#primaryimage"},"image":{"@id":"https:\/\/www.manaus.am.gov.br\/manauscult\/selecionados-pnab-manaus-documentacao-31-3\/#primaryimage"},"thumbnailUrl":"https:\/\/www.manaus.am.gov.br\/manauscult\/wp-content\/uploads\/sites\/11\/2025\/03\/IMG_8422.jpeg","datePublished":"2025-03-26T19:49:34+00:00","dateModified":"2025-03-26T19:49:36+00:00","author":{"@id":"https:\/\/www.manaus.am.gov.br\/manauscult\/#\/schema\/person\/05d223aea2bf115f9883a6ff3683d81b"},"description":"Selecionados nos editais da Pnab Manaus t\u00eam at\u00e9 31\/3 para enviar documenta\u00e7\u00e3o da fase de habilita\u00e7\u00e3o ao Concultura.","breadcrumb":{"@id":"https:\/\/www.manaus.am.gov.br\/manauscult\/selecionados-pnab-manaus-documentacao-31-3\/#breadcrumb"},"inLanguage":"pt-BR","potentialAction":[{"@type":"ReadAction","target":["https:\/\/www.manaus.am.gov.br\/manauscult\/selecionados-pnab-manaus-documentacao-31-3\/"]}]},{"@type":"ImageObject","inLanguage":"pt-BR","@id":"https:\/\/www.manaus.am.gov.br\/manauscult\/selecionados-pnab-manaus-documentacao-31-3\/#primaryimage","url":"https:\/\/www.manaus.am.gov.br\/manauscult\/wp-content\/uploads\/sites\/11\/2025\/03\/IMG_8422.jpeg","contentUrl":"https:\/\/www.manaus.am.gov.br\/manauscult\/wp-content\/uploads\/sites\/11\/2025\/03\/IMG_8422.jpeg","width":3775,"height":2123,"caption":"#paratodosverem - Fazedor de cultura acessando edital da Pnab-Manaus"},{"@type":"BreadcrumbList","@id":"https:\/\/www.manaus.am.gov.br\/manauscult\/selecionados-pnab-manaus-documentacao-31-3\/#breadcrumb","itemListElement":[{"@type":"ListItem","position":1,"name":"Home","item":"https:\/\/www.manaus.am.gov.br\/manauscult\/"},{"@type":"ListItem","position":2,"name":"Selecionados nos editais da Pnab Manaus t\u00eam at\u00e9 31\/3 para enviar documenta\u00e7\u00e3o da fase de habilita\u00e7\u00e3o"}]},{"@type":"WebSite","@id":"https:\/\/www.manaus.am.gov.br\/manauscult\/#website","url":"https:\/\/www.manaus.am.gov.br\/manauscult\/","name":"MANAUSCULT","description":"Prefeitura de Manaus","potentialAction":[{"@type":"SearchAction","target":{"@type":"EntryPoint","urlTemplate":"https:\/\/www.manaus.am.gov.br\/manauscult\/?s={search_term_string}"},"query-input":"required name=search_term_string"}],"inLanguage":"pt-BR"},{"@type":"Person","@id":"https:\/\/www.manaus.am.gov.br\/manauscult\/#\/schema\/person\/05d223aea2bf115f9883a6ff3683d81b","name":"Bruna Greco","image":{"@type":"ImageObject","inLanguage":"pt-BR","@id":"https:\/\/www.manaus.am.gov.br\/manauscult\/#\/schema\/person\/image\/","url":"https:\/\/secure.gravatar.com\/avatar\/9c877d1a6adc2a055330e5c09a8653ce?s=96&d=mm&r=g","contentUrl":"https:\/\/secure.gravatar.com\/avatar\/9c877d1a6adc2a055330e5c09a8653ce?s=96&d=mm&r=g","caption":"Bruna Greco"}}]}},"_links":{"self":[{"href":"https:\/\/www.manaus.am.gov.br\/manauscult\/wp-json\/wp\/v2\/posts\/3531"}],"collection":[{"href":"https:\/\/www.manaus.am.gov.br\/manauscult\/wp-json\/wp\/v2\/posts"}],"about":[{"href":"https:\/\/www.manaus.am.gov.br\/manauscult\/wp-json\/wp\/v2\/types\/post"}],"author":[{"embeddable":true,"href":"https:\/\/www.manaus.am.gov.br\/manauscult\/wp-json\/wp\/v2\/users\/39"}],"replies":[{"embeddable":true,"href":"https:\/\/www.manaus.am.gov.br\/manauscult\/wp-json\/wp\/v2\/comments?post=3531"}],"version-history":[{"count":0,"href":"https:\/\/www.manaus.am.gov.br\/manauscult\/wp-json\/wp\/v2\/posts\/3531\/revisions"}],"wp:featuredmedia":[{"embeddable":true,"href":"https:\/\/www.manaus.am.gov.br\/manauscult\/wp-json\/wp\/v2\/media\/3532"}],"wp:attachment":[{"href":"https:\/\/www.manaus.am.gov.br\/manauscult\/wp-json\/wp\/v2\/media?parent=3531"}],"wp:term":[{"taxonomy":"category","embeddable":true,"href":"https:\/\/www.manaus.am.gov.br\/manauscult\/wp-json\/wp\/v2\/categories?post=3531"},{"taxonomy":"post_tag","embeddable":true,"href":"https:\/\/www.manaus.am.gov.br\/manauscult\/wp-json\/wp\/v2\/tags?post=3531"}],"curies":[{"name":"wp","href":"https:\/\/api.w.org\/{rel}","templated":true}]}}