{"id":3528,"date":"2025-03-26T12:11:12","date_gmt":"2025-03-26T16:11:12","guid":{"rendered":"https:\/\/www.manaus.am.gov.br\/manauscult\/centro-cultural-consolida-ponto-turistico\/"},"modified":"2025-03-26T12:11:14","modified_gmt":"2025-03-26T16:11:14","slug":"centro-cultural-consolida-ponto-turistico","status":"publish","type":"post","link":"https:\/\/www.manaus.am.gov.br\/manauscult\/centro-cultural-consolida-ponto-turistico\/","title":{"rendered":"Centro Cultural \u00d3scar Ramos se consolida como ponto tur\u00edstico e cultural com n\u00famero crescente de visita\u00e7\u00e3o de turistas"},"content":{"rendered":"\n<p>A Prefeitura de Manaus, por meio da Funda\u00e7\u00e3o Municipal de Cultura, Turismo e Eventos (ManausCult), celebra o sucesso do Centro Cultural \u00d3scar Ramos, que se consolida como um dos principais pontos tur\u00edsticos e culturais da cidade. Localizado na hist\u00f3rica rua Bernardo Ramos, no Centro, o espa\u00e7o tem atra\u00eddo um n\u00famero crescente de visitantes, especialmente durante a temporada de cruzeiros, quando recebe entre 50 e 80 turistas, por dia, totalizando mais de 1.300 visitantes ao m\u00eas.<strong><\/strong><\/p>\n\n\n\n<p>&nbsp;\u201cO Centro Cultural \u00d3scar Ramos n\u00e3o \u00e9 apenas um espa\u00e7o de preserva\u00e7\u00e3o da mem\u00f3ria do artista, mas tamb\u00e9m um ponto de valoriza\u00e7\u00e3o da nossa identidade cultural\u201d, destacou o diretor-presidente da Manauscult, Jender Lobato<\/p>\n\n\n\n<p>Criado para homenagear um dos maiores artistas do Amazonas, o Centro Cultural \u00d3scar Ramos abriga uma cole\u00e7\u00e3o que vai desde pinturas e figurinos at\u00e9 objetos pessoais do artista. \u00d3scar Ramos foi um nome essencial na constru\u00e7\u00e3o da identidade visual da Tropic\u00e1lia, assinando capas ic\u00f4nicas de discos para Caetano Veloso, Gilberto Gil e Gal Costa. Al\u00e9m disso, teve uma trajet\u00f3ria de sucesso no cinema, conquistando pr\u00eamios como o Kikito, no Festival de Gramado, e o Candango, no Festival de Bras\u00edlia.<\/p>\n\n\n\n<p>Segundo Estevam Jorge Filho, coordenador do Centro Cultural \u00d3scar Ramos, o espa\u00e7o tem sido essencial para manter viva a mem\u00f3ria do artista e fortalecer a cena art\u00edstica local. \u201cNosso objetivo \u00e9 preservar e divulgar o legado de \u00d3scar Ramos, inspirando novas gera\u00e7\u00f5es e ampliando o acesso \u00e0 cultura na cidade\u201d, afirmou.<\/p>\n\n\n\n<p><strong>Eventos<\/strong><\/p>\n\n\n\n<p>O centro cultural tem uma agenda movimentada, promovendo eventos que refor\u00e7am sua import\u00e2ncia como um polo cultural. Em maio, acontece a \u201cSemana de Museus\u201d, evento nacional do Instituto Brasileiro de Museus (Ibram), com palestras e oficinas para mais de cem participantes por dia. No m\u00eas de setembro, a \u201cPrimavera dos Museus\u201d \u00e9 o atrativo do espa\u00e7o, com atividades culturais e educativas voltadas \u00e0 valoriza\u00e7\u00e3o do patrim\u00f4nio hist\u00f3rico e art\u00edstico.<\/p>\n\n\n\n<p>Vale destacar as atividades educativas no Centro Cultural \u00d3scar Ramos, sendo resultado de parceria com institui\u00e7\u00f5es de ensino para visitas guiadas e encontros com pesquisadores.<\/p>\n\n\n\n<p>&nbsp;Al\u00e9m disso, durante a temporada de cruzeiros (novembro a maio), o espa\u00e7o se torna um dos principais destinos de turistas, sendo um reflexo do sucesso das pol\u00edticas culturais da Prefeitura de Manaus.<\/p>\n\n\n\n<p><strong>Arquitetura e hist\u00f3ria<\/strong><\/p>\n\n\n\n<p>Instalado em um dos casar\u00f5es mais antigos da cidade, constru\u00eddo em 1819, o centro cultural preserva a arquitetura colonial com suas paredes em taipa e pisos de ladrilhos hidr\u00e1ulicos. A pr\u00f3pria rua Bernardo Ramos \u00e9 um dos logradouros hist\u00f3ricos mais importantes de Manaus, relembrando a \u00e9poca \u00e1urea da borracha e a evolu\u00e7\u00e3o da cidade.<\/p>\n\n\n\n<p><strong>Visita\u00e7\u00e3o<\/strong><\/p>\n\n\n\n<p>Aberto de segunda a sexta-feira, das 9h \u00e0s 17h, com entrada gratuita, o Centro Cultural \u00d3scar Ramos se firma como um patrim\u00f4nio cultural essencial para Manaus. Com um n\u00famero crescente de visitantes e uma programa\u00e7\u00e3o ativa, o espa\u00e7o reafirma seu papel como um dos grandes s\u00edmbolos de preserva\u00e7\u00e3o e celebra\u00e7\u00e3o da cultura amazonense.<\/p>\n\n\n\n<p>&#8212; &#8212; &#8212;<\/p>\n\n\n\n<p><strong>Texto <\/strong>&#8211; J\u00e9ssica Trajano\/ManausCult<\/p>\n\n\n\n<p><strong>Fotos <\/strong>&#8211; Thelson Souza\/ManausCult<\/p>\n","protected":false},"excerpt":{"rendered":"","protected":false},"author":25,"featured_media":3529,"comment_status":"closed","ping_status":"closed","sticky":false,"template":"","format":"standard","meta":{"footnotes":""},"categories":[18],"tags":[1312,1313,689,9],"acf":[],"yoast_head":"<!-- This site is optimized with the Yoast SEO plugin v23.0 - https:\/\/yoast.com\/wordpress\/plugins\/seo\/ -->\n<title>Centro Cultural \u00d3scar Ramos se consolida como ponto tur\u00edstico e cultural com n\u00famero crescente de visita\u00e7\u00e3o de turistas<\/title>\n<meta name=\"description\" content=\"A Prefeitura de Manaus, por meio da Funda\u00e7\u00e3o Municipal de Cultura, Turismo e Eventos (ManausCult), celebra o sucesso do Centro Cultural \u00d3scar Ramos\" \/>\n<meta name=\"robots\" content=\"noindex, follow\" \/>\n<meta property=\"og:locale\" content=\"pt_BR\" \/>\n<meta property=\"og:type\" content=\"article\" \/>\n<meta property=\"og:title\" content=\"Centro Cultural \u00d3scar Ramos se consolida como ponto tur\u00edstico e cultural com n\u00famero crescente de visita\u00e7\u00e3o de turistas\" \/>\n<meta property=\"og:description\" content=\"A Prefeitura de Manaus, por meio da Funda\u00e7\u00e3o Municipal de Cultura, Turismo e Eventos (ManausCult), celebra o sucesso do Centro Cultural \u00d3scar Ramos\" \/>\n<meta property=\"og:url\" content=\"https:\/\/www.manaus.am.gov.br\/manauscult\/centro-cultural-consolida-ponto-turistico\/\" \/>\n<meta property=\"og:site_name\" content=\"MANAUSCULT\" \/>\n<meta property=\"article:published_time\" content=\"2025-03-26T16:11:12+00:00\" \/>\n<meta property=\"article:modified_time\" content=\"2025-03-26T16:11:14+00:00\" \/>\n<meta property=\"og:image\" content=\"https:\/\/www.manaus.am.gov.br\/manauscult\/wp-content\/uploads\/sites\/11\/2025\/03\/WhatsApp-Image-2025-03-26-at-11.30.06.jpeg\" \/>\n\t<meta property=\"og:image:width\" content=\"1600\" \/>\n\t<meta property=\"og:image:height\" content=\"1069\" \/>\n\t<meta property=\"og:image:type\" content=\"image\/jpeg\" \/>\n<meta name=\"author\" content=\"Maur\u00edcio Freire\" \/>\n<meta name=\"twitter:card\" content=\"summary_large_image\" \/>\n<meta name=\"twitter:label1\" content=\"Written by\" \/>\n\t<meta name=\"twitter:data1\" content=\"Maur\u00edcio Freire\" \/>\n\t<meta name=\"twitter:label2\" content=\"Est. reading time\" \/>\n\t<meta name=\"twitter:data2\" content=\"3 minutos\" \/>\n<script type=\"application\/ld+json\" class=\"yoast-schema-graph\">{\"@context\":\"https:\/\/schema.org\",\"@graph\":[{\"@type\":\"WebPage\",\"@id\":\"https:\/\/www.manaus.am.gov.br\/manauscult\/centro-cultural-consolida-ponto-turistico\/\",\"url\":\"https:\/\/www.manaus.am.gov.br\/manauscult\/centro-cultural-consolida-ponto-turistico\/\",\"name\":\"Centro Cultural \u00d3scar Ramos se consolida como ponto tur\u00edstico e cultural com n\u00famero crescente de visita\u00e7\u00e3o de turistas\",\"isPartOf\":{\"@id\":\"https:\/\/www.manaus.am.gov.br\/manauscult\/#website\"},\"primaryImageOfPage\":{\"@id\":\"https:\/\/www.manaus.am.gov.br\/manauscult\/centro-cultural-consolida-ponto-turistico\/#primaryimage\"},\"image\":{\"@id\":\"https:\/\/www.manaus.am.gov.br\/manauscult\/centro-cultural-consolida-ponto-turistico\/#primaryimage\"},\"thumbnailUrl\":\"https:\/\/www.manaus.am.gov.br\/manauscult\/wp-content\/uploads\/sites\/11\/2025\/03\/WhatsApp-Image-2025-03-26-at-11.30.06.jpeg\",\"datePublished\":\"2025-03-26T16:11:12+00:00\",\"dateModified\":\"2025-03-26T16:11:14+00:00\",\"author\":{\"@id\":\"https:\/\/www.manaus.am.gov.br\/manauscult\/#\/schema\/person\/587989a23a463cde5618e6a028977a9a\"},\"description\":\"A Prefeitura de Manaus, por meio da Funda\u00e7\u00e3o Municipal de Cultura, Turismo e Eventos (ManausCult), celebra o sucesso do Centro Cultural \u00d3scar Ramos\",\"breadcrumb\":{\"@id\":\"https:\/\/www.manaus.am.gov.br\/manauscult\/centro-cultural-consolida-ponto-turistico\/#breadcrumb\"},\"inLanguage\":\"pt-BR\",\"potentialAction\":[{\"@type\":\"ReadAction\",\"target\":[\"https:\/\/www.manaus.am.gov.br\/manauscult\/centro-cultural-consolida-ponto-turistico\/\"]}]},{\"@type\":\"ImageObject\",\"inLanguage\":\"pt-BR\",\"@id\":\"https:\/\/www.manaus.am.gov.br\/manauscult\/centro-cultural-consolida-ponto-turistico\/#primaryimage\",\"url\":\"https:\/\/www.manaus.am.gov.br\/manauscult\/wp-content\/uploads\/sites\/11\/2025\/03\/WhatsApp-Image-2025-03-26-at-11.30.06.jpeg\",\"contentUrl\":\"https:\/\/www.manaus.am.gov.br\/manauscult\/wp-content\/uploads\/sites\/11\/2025\/03\/WhatsApp-Image-2025-03-26-at-11.30.06.jpeg\",\"width\":1600,\"height\":1069,\"caption\":\"#paratodosverem Centro Cultural \u00d3scar Ramos totaliza mais de 1.300 visitantes ao m\u00eas\"},{\"@type\":\"BreadcrumbList\",\"@id\":\"https:\/\/www.manaus.am.gov.br\/manauscult\/centro-cultural-consolida-ponto-turistico\/#breadcrumb\",\"itemListElement\":[{\"@type\":\"ListItem\",\"position\":1,\"name\":\"Home\",\"item\":\"https:\/\/www.manaus.am.gov.br\/manauscult\/\"},{\"@type\":\"ListItem\",\"position\":2,\"name\":\"Centro Cultural \u00d3scar Ramos se consolida como ponto tur\u00edstico e cultural com n\u00famero crescente de visita\u00e7\u00e3o de turistas\"}]},{\"@type\":\"WebSite\",\"@id\":\"https:\/\/www.manaus.am.gov.br\/manauscult\/#website\",\"url\":\"https:\/\/www.manaus.am.gov.br\/manauscult\/\",\"name\":\"MANAUSCULT\",\"description\":\"Prefeitura de Manaus\",\"potentialAction\":[{\"@type\":\"SearchAction\",\"target\":{\"@type\":\"EntryPoint\",\"urlTemplate\":\"https:\/\/www.manaus.am.gov.br\/manauscult\/?s={search_term_string}\"},\"query-input\":\"required name=search_term_string\"}],\"inLanguage\":\"pt-BR\"},{\"@type\":\"Person\",\"@id\":\"https:\/\/www.manaus.am.gov.br\/manauscult\/#\/schema\/person\/587989a23a463cde5618e6a028977a9a\",\"name\":\"Maur\u00edcio Freire\",\"image\":{\"@type\":\"ImageObject\",\"inLanguage\":\"pt-BR\",\"@id\":\"https:\/\/www.manaus.am.gov.br\/manauscult\/#\/schema\/person\/image\/\",\"url\":\"https:\/\/secure.gravatar.com\/avatar\/dc1481799a1f75c733ac3b2634cd6749?s=96&d=mm&r=g\",\"contentUrl\":\"https:\/\/secure.gravatar.com\/avatar\/dc1481799a1f75c733ac3b2634cd6749?s=96&d=mm&r=g\",\"caption\":\"Maur\u00edcio Freire\"}}]}<\/script>\n<!-- \/ Yoast SEO plugin. -->","yoast_head_json":{"title":"Centro Cultural \u00d3scar Ramos se consolida como ponto tur\u00edstico e cultural com n\u00famero crescente de visita\u00e7\u00e3o de turistas","description":"A Prefeitura de Manaus, por meio da Funda\u00e7\u00e3o Municipal de Cultura, Turismo e Eventos (ManausCult), celebra o sucesso do Centro Cultural \u00d3scar Ramos","robots":{"index":"noindex","follow":"follow"},"og_locale":"pt_BR","og_type":"article","og_title":"Centro Cultural \u00d3scar Ramos se consolida como ponto tur\u00edstico e cultural com n\u00famero crescente de visita\u00e7\u00e3o de turistas","og_description":"A Prefeitura de Manaus, por meio da Funda\u00e7\u00e3o Municipal de Cultura, Turismo e Eventos (ManausCult), celebra o sucesso do Centro Cultural \u00d3scar Ramos","og_url":"https:\/\/www.manaus.am.gov.br\/manauscult\/centro-cultural-consolida-ponto-turistico\/","og_site_name":"MANAUSCULT","article_published_time":"2025-03-26T16:11:12+00:00","article_modified_time":"2025-03-26T16:11:14+00:00","og_image":[{"width":1600,"height":1069,"url":"https:\/\/www.manaus.am.gov.br\/manauscult\/wp-content\/uploads\/sites\/11\/2025\/03\/WhatsApp-Image-2025-03-26-at-11.30.06.jpeg","type":"image\/jpeg"}],"author":"Maur\u00edcio Freire","twitter_card":"summary_large_image","twitter_misc":{"Written by":"Maur\u00edcio Freire","Est. reading time":"3 minutos"},"schema":{"@context":"https:\/\/schema.org","@graph":[{"@type":"WebPage","@id":"https:\/\/www.manaus.am.gov.br\/manauscult\/centro-cultural-consolida-ponto-turistico\/","url":"https:\/\/www.manaus.am.gov.br\/manauscult\/centro-cultural-consolida-ponto-turistico\/","name":"Centro Cultural \u00d3scar Ramos se consolida como ponto tur\u00edstico e cultural com n\u00famero crescente de visita\u00e7\u00e3o de turistas","isPartOf":{"@id":"https:\/\/www.manaus.am.gov.br\/manauscult\/#website"},"primaryImageOfPage":{"@id":"https:\/\/www.manaus.am.gov.br\/manauscult\/centro-cultural-consolida-ponto-turistico\/#primaryimage"},"image":{"@id":"https:\/\/www.manaus.am.gov.br\/manauscult\/centro-cultural-consolida-ponto-turistico\/#primaryimage"},"thumbnailUrl":"https:\/\/www.manaus.am.gov.br\/manauscult\/wp-content\/uploads\/sites\/11\/2025\/03\/WhatsApp-Image-2025-03-26-at-11.30.06.jpeg","datePublished":"2025-03-26T16:11:12+00:00","dateModified":"2025-03-26T16:11:14+00:00","author":{"@id":"https:\/\/www.manaus.am.gov.br\/manauscult\/#\/schema\/person\/587989a23a463cde5618e6a028977a9a"},"description":"A Prefeitura de Manaus, por meio da Funda\u00e7\u00e3o Municipal de Cultura, Turismo e Eventos (ManausCult), celebra o sucesso do Centro Cultural \u00d3scar Ramos","breadcrumb":{"@id":"https:\/\/www.manaus.am.gov.br\/manauscult\/centro-cultural-consolida-ponto-turistico\/#breadcrumb"},"inLanguage":"pt-BR","potentialAction":[{"@type":"ReadAction","target":["https:\/\/www.manaus.am.gov.br\/manauscult\/centro-cultural-consolida-ponto-turistico\/"]}]},{"@type":"ImageObject","inLanguage":"pt-BR","@id":"https:\/\/www.manaus.am.gov.br\/manauscult\/centro-cultural-consolida-ponto-turistico\/#primaryimage","url":"https:\/\/www.manaus.am.gov.br\/manauscult\/wp-content\/uploads\/sites\/11\/2025\/03\/WhatsApp-Image-2025-03-26-at-11.30.06.jpeg","contentUrl":"https:\/\/www.manaus.am.gov.br\/manauscult\/wp-content\/uploads\/sites\/11\/2025\/03\/WhatsApp-Image-2025-03-26-at-11.30.06.jpeg","width":1600,"height":1069,"caption":"#paratodosverem Centro Cultural \u00d3scar Ramos totaliza mais de 1.300 visitantes ao m\u00eas"},{"@type":"BreadcrumbList","@id":"https:\/\/www.manaus.am.gov.br\/manauscult\/centro-cultural-consolida-ponto-turistico\/#breadcrumb","itemListElement":[{"@type":"ListItem","position":1,"name":"Home","item":"https:\/\/www.manaus.am.gov.br\/manauscult\/"},{"@type":"ListItem","position":2,"name":"Centro Cultural \u00d3scar Ramos se consolida como ponto tur\u00edstico e cultural com n\u00famero crescente de visita\u00e7\u00e3o de turistas"}]},{"@type":"WebSite","@id":"https:\/\/www.manaus.am.gov.br\/manauscult\/#website","url":"https:\/\/www.manaus.am.gov.br\/manauscult\/","name":"MANAUSCULT","description":"Prefeitura de Manaus","potentialAction":[{"@type":"SearchAction","target":{"@type":"EntryPoint","urlTemplate":"https:\/\/www.manaus.am.gov.br\/manauscult\/?s={search_term_string}"},"query-input":"required name=search_term_string"}],"inLanguage":"pt-BR"},{"@type":"Person","@id":"https:\/\/www.manaus.am.gov.br\/manauscult\/#\/schema\/person\/587989a23a463cde5618e6a028977a9a","name":"Maur\u00edcio Freire","image":{"@type":"ImageObject","inLanguage":"pt-BR","@id":"https:\/\/www.manaus.am.gov.br\/manauscult\/#\/schema\/person\/image\/","url":"https:\/\/secure.gravatar.com\/avatar\/dc1481799a1f75c733ac3b2634cd6749?s=96&d=mm&r=g","contentUrl":"https:\/\/secure.gravatar.com\/avatar\/dc1481799a1f75c733ac3b2634cd6749?s=96&d=mm&r=g","caption":"Maur\u00edcio Freire"}}]}},"_links":{"self":[{"href":"https:\/\/www.manaus.am.gov.br\/manauscult\/wp-json\/wp\/v2\/posts\/3528"}],"collection":[{"href":"https:\/\/www.manaus.am.gov.br\/manauscult\/wp-json\/wp\/v2\/posts"}],"about":[{"href":"https:\/\/www.manaus.am.gov.br\/manauscult\/wp-json\/wp\/v2\/types\/post"}],"author":[{"embeddable":true,"href":"https:\/\/www.manaus.am.gov.br\/manauscult\/wp-json\/wp\/v2\/users\/25"}],"replies":[{"embeddable":true,"href":"https:\/\/www.manaus.am.gov.br\/manauscult\/wp-json\/wp\/v2\/comments?post=3528"}],"version-history":[{"count":0,"href":"https:\/\/www.manaus.am.gov.br\/manauscult\/wp-json\/wp\/v2\/posts\/3528\/revisions"}],"wp:featuredmedia":[{"embeddable":true,"href":"https:\/\/www.manaus.am.gov.br\/manauscult\/wp-json\/wp\/v2\/media\/3529"}],"wp:attachment":[{"href":"https:\/\/www.manaus.am.gov.br\/manauscult\/wp-json\/wp\/v2\/media?parent=3528"}],"wp:term":[{"taxonomy":"category","embeddable":true,"href":"https:\/\/www.manaus.am.gov.br\/manauscult\/wp-json\/wp\/v2\/categories?post=3528"},{"taxonomy":"post_tag","embeddable":true,"href":"https:\/\/www.manaus.am.gov.br\/manauscult\/wp-json\/wp\/v2\/tags?post=3528"}],"curies":[{"name":"wp","href":"https:\/\/api.w.org\/{rel}","templated":true}]}}