{"id":3431,"date":"2025-03-22T13:03:19","date_gmt":"2025-03-22T17:03:19","guid":{"rendered":"https:\/\/www.manaus.am.gov.br\/manauscult\/orum-nacional-de-turismo-e-pesca-esportiva\/"},"modified":"2025-03-22T13:03:20","modified_gmt":"2025-03-22T17:03:20","slug":"orum-nacional-de-turismo-e-pesca-esportiva","status":"publish","type":"post","link":"https:\/\/www.manaus.am.gov.br\/manauscult\/orum-nacional-de-turismo-e-pesca-esportiva\/","title":{"rendered":"Prefeitura de Manaus comemora sucesso no encerramento do 3\u00ba F\u00f3rum Nacional de Turismo e Pesca Esportiva"},"content":{"rendered":"\n<p><strong><br><\/strong>Ap\u00f3s tr\u00eas dias de intensas discuss\u00f5es e oportunidades de neg\u00f3cios, o 3\u00ba F\u00f3rum Nacional de Turismo e Pesca Esportiva, realizado dentro da 17\u00aa edi\u00e7\u00e3o do Pesca &amp; Companhia Trade Show 2025, encerrou suas atividades neste s\u00e1bado, 22\/3, em S\u00e3o Paulo (SP). A Prefeitura de Manaus, por meio da Funda\u00e7\u00e3o Municipal de Cultura, Turismo e Eventos (ManausCult), participou pelo terceiro ano consecutivo do evento, que \u00e9 a maior feira de pesca esportiva da Am\u00e9rica Latina.\u00a0 A presen\u00e7a da capital amazonense no encontro refor\u00e7ou sua posi\u00e7\u00e3o como refer\u00eancia no setor, destacando iniciativas de sustentabilidade, ecoturismo e desenvolvimento comunit\u00e1rio.<br><br>Um dos momentos mais relevantes do f\u00f3rum foi a apresenta\u00e7\u00e3o do case de sucesso da Comunidade S\u00e3o Francisco do Caramuri, realizada pela diretora do Departamento de Infraestrutura Tur\u00edstica da ManausCult, Luciana Batista. O projeto, intitulado \u201cPesca Esportiva Comunit\u00e1ria, Ecoturismo e Desenvolvimento Sustent\u00e1vel\u201d, chamou a aten\u00e7\u00e3o de representantes de estados como Amap\u00e1 e Par\u00e1, que demonstraram interesse em conhecer melhor a iniciativa e replic\u00e1-la em seus territ\u00f3rios.<br><br>Al\u00e9m do painel, Manaus fortaleceu sua posi\u00e7\u00e3o no setor por meio de reuni\u00f5es estrat\u00e9gicas. Representantes do munic\u00edpio dialogaram com gestores do Par\u00e1 e Amap\u00e1 sobre poss\u00edveis parcerias para o fortalecimento da pesca esportiva sustent\u00e1vel. Outro encontro de destaque ocorreu com o coordenador de Produ\u00e7\u00e3o Associada ao Turismo do Minist\u00e9rio do Turismo, Humberto Pires, que apresentou programas voltados para a realiza\u00e7\u00e3o de workshops sobre pesca esportiva e turismo de base comunit\u00e1ria, incentivando o desenvolvimento sustent\u00e1vel da atividade.\u00a0<br><br>O diretor-presidente da ManausCult, Jender Lobato, ressaltou a import\u00e2ncia da participa\u00e7\u00e3o de Manaus no evento e o impacto da pesca esportiva para a economia local. \u201cA pesca esportiva \u00e9 uma grande oportunidade para fortalecer o turismo sustent\u00e1vel e a gera\u00e7\u00e3o de renda para as comunidades ribeirinhas. Mostrar nossas iniciativas e ser refer\u00eancia para outros estados refor\u00e7a o compromisso de Manaus com a valoriza\u00e7\u00e3o do ecoturismo e do turismo de experi\u00eancia\u201d, afirmou.<br><br>Para Luciana Batista, a presen\u00e7a de Manaus no f\u00f3rum foi fundamental para dar visibilidade aos projetos comunit\u00e1rios e ampliar o di\u00e1logo com outras regi\u00f5es do pa\u00eds. \u201cO sucesso da Comunidade S\u00e3o Francisco do Caramuri comprova que \u00e9 poss\u00edvel aliar preserva\u00e7\u00e3o ambiental e desenvolvimento econ\u00f4mico. O interesse de outros estados no projeto refor\u00e7a a import\u00e2ncia de continuar investindo em iniciativas que unem turismo, sustentabilidade e inclus\u00e3o social\u201d, destacou.<br><br>Durante os tr\u00eas dias de evento, o estande de Manaus recebeu aproximadamente 600 visitantes di\u00e1rios, proporcionando um espa\u00e7o para empres\u00e1rios da capital e de outros munic\u00edpios do Amazonas divulgarem seus produtos e realizarem neg\u00f3cios. O alto volume de intera\u00e7\u00f5es refor\u00e7a o potencial da cidade como um destino atrativo para o turismo de pesca e ecoturismo, consolidando Manaus como um polo estrat\u00e9gico no setor.<br><br>\u201cAs a\u00e7\u00f5es da Prefeitura de Manaus para fortalecer a pesca de base comunit\u00e1ria j\u00e1 est\u00e3o contempladas no planejamento da ManausCult. Essa iniciativa ser\u00e1 um forte indutor para atrair um fluxo maior de turistas nacionais e internacionais interessados no segmento, impulsionando ainda mais o ecoturismo e a economia local\u201d, destacou tamb\u00e9m a diretora de Turismo da Manauscult, Oreni Braga.<\/p>\n\n\n\n<p>\u2014 \u2014 \u2014<br><strong>Texto &#8211; <\/strong>J\u00e9ssica Trajano<strong> <\/strong>\/ Manauscult<br><strong>Foto &#8211; <\/strong>Divulga\u00e7\u00e3o \/ Manauscult<\/p>\n","protected":false},"excerpt":{"rendered":"","protected":false},"author":68,"featured_media":3432,"comment_status":"closed","ping_status":"closed","sticky":false,"template":"","format":"standard","meta":{"footnotes":""},"categories":[18],"tags":[1307,417,11],"acf":[],"yoast_head":"<!-- This site is optimized with the Yoast SEO plugin v23.0 - https:\/\/yoast.com\/wordpress\/plugins\/seo\/ -->\n<title>Prefeitura de Manaus comemora sucesso no encerramento do 3\u00ba F\u00f3rum Nacional de Turismo e Pesca Esportiva<\/title>\n<meta name=\"description\" content=\"Ap\u00f3s tr\u00eas dias de intensas discuss\u00f5es e oportunidades de neg\u00f3cios, o 3\u00ba F\u00f3rum Nacional de Turismo e Pesca Esportiva, realizado dentro da 17\u00aa edi\u00e7\u00e3o do Pesca &amp; Companhia Trade Show 2025, encerrou suas atividades neste s\u00e1bado, 22\/3, em S\u00e3o Paulo (SP).\" \/>\n<meta name=\"robots\" content=\"noindex, follow\" \/>\n<meta property=\"og:locale\" content=\"pt_BR\" \/>\n<meta property=\"og:type\" content=\"article\" \/>\n<meta property=\"og:title\" content=\"Prefeitura de Manaus comemora sucesso no encerramento do 3\u00ba F\u00f3rum Nacional de Turismo e Pesca Esportiva\" \/>\n<meta property=\"og:description\" content=\"Ap\u00f3s tr\u00eas dias de intensas discuss\u00f5es e oportunidades de neg\u00f3cios, o 3\u00ba F\u00f3rum Nacional de Turismo e Pesca Esportiva, realizado dentro da 17\u00aa edi\u00e7\u00e3o do Pesca &amp; Companhia Trade Show 2025, encerrou suas atividades neste s\u00e1bado, 22\/3, em S\u00e3o Paulo (SP).\" \/>\n<meta property=\"og:url\" content=\"https:\/\/www.manaus.am.gov.br\/manauscult\/orum-nacional-de-turismo-e-pesca-esportiva\/\" \/>\n<meta property=\"og:site_name\" content=\"MANAUSCULT\" \/>\n<meta property=\"article:published_time\" content=\"2025-03-22T17:03:19+00:00\" \/>\n<meta property=\"article:modified_time\" content=\"2025-03-22T17:03:20+00:00\" \/>\n<meta property=\"og:image\" content=\"https:\/\/www.manaus.am.gov.br\/manauscult\/wp-content\/uploads\/sites\/11\/2025\/03\/TURISMO.jpeg\" \/>\n\t<meta property=\"og:image:width\" content=\"640\" \/>\n\t<meta property=\"og:image:height\" content=\"480\" \/>\n\t<meta property=\"og:image:type\" content=\"image\/jpeg\" \/>\n<meta name=\"author\" content=\"bvalente\" \/>\n<meta name=\"twitter:card\" content=\"summary_large_image\" \/>\n<meta name=\"twitter:label1\" content=\"Written by\" \/>\n\t<meta name=\"twitter:data1\" content=\"bvalente\" \/>\n\t<meta name=\"twitter:label2\" content=\"Est. reading time\" \/>\n\t<meta name=\"twitter:data2\" content=\"3 minutos\" \/>\n<script type=\"application\/ld+json\" class=\"yoast-schema-graph\">{\"@context\":\"https:\/\/schema.org\",\"@graph\":[{\"@type\":\"WebPage\",\"@id\":\"https:\/\/www.manaus.am.gov.br\/manauscult\/orum-nacional-de-turismo-e-pesca-esportiva\/\",\"url\":\"https:\/\/www.manaus.am.gov.br\/manauscult\/orum-nacional-de-turismo-e-pesca-esportiva\/\",\"name\":\"Prefeitura de Manaus comemora sucesso no encerramento do 3\u00ba F\u00f3rum Nacional de Turismo e Pesca Esportiva\",\"isPartOf\":{\"@id\":\"https:\/\/www.manaus.am.gov.br\/manauscult\/#website\"},\"primaryImageOfPage\":{\"@id\":\"https:\/\/www.manaus.am.gov.br\/manauscult\/orum-nacional-de-turismo-e-pesca-esportiva\/#primaryimage\"},\"image\":{\"@id\":\"https:\/\/www.manaus.am.gov.br\/manauscult\/orum-nacional-de-turismo-e-pesca-esportiva\/#primaryimage\"},\"thumbnailUrl\":\"https:\/\/www.manaus.am.gov.br\/manauscult\/wp-content\/uploads\/sites\/11\/2025\/03\/TURISMO.jpeg\",\"datePublished\":\"2025-03-22T17:03:19+00:00\",\"dateModified\":\"2025-03-22T17:03:20+00:00\",\"author\":{\"@id\":\"https:\/\/www.manaus.am.gov.br\/manauscult\/#\/schema\/person\/466a0e03ae4b6062809046bd560ac955\"},\"description\":\"Ap\u00f3s tr\u00eas dias de intensas discuss\u00f5es e oportunidades de neg\u00f3cios, o 3\u00ba F\u00f3rum Nacional de Turismo e Pesca Esportiva, realizado dentro da 17\u00aa edi\u00e7\u00e3o do Pesca & Companhia Trade Show 2025, encerrou suas atividades neste s\u00e1bado, 22\/3, em S\u00e3o Paulo (SP).\",\"breadcrumb\":{\"@id\":\"https:\/\/www.manaus.am.gov.br\/manauscult\/orum-nacional-de-turismo-e-pesca-esportiva\/#breadcrumb\"},\"inLanguage\":\"pt-BR\",\"potentialAction\":[{\"@type\":\"ReadAction\",\"target\":[\"https:\/\/www.manaus.am.gov.br\/manauscult\/orum-nacional-de-turismo-e-pesca-esportiva\/\"]}]},{\"@type\":\"ImageObject\",\"inLanguage\":\"pt-BR\",\"@id\":\"https:\/\/www.manaus.am.gov.br\/manauscult\/orum-nacional-de-turismo-e-pesca-esportiva\/#primaryimage\",\"url\":\"https:\/\/www.manaus.am.gov.br\/manauscult\/wp-content\/uploads\/sites\/11\/2025\/03\/TURISMO.jpeg\",\"contentUrl\":\"https:\/\/www.manaus.am.gov.br\/manauscult\/wp-content\/uploads\/sites\/11\/2025\/03\/TURISMO.jpeg\",\"width\":640,\"height\":480},{\"@type\":\"BreadcrumbList\",\"@id\":\"https:\/\/www.manaus.am.gov.br\/manauscult\/orum-nacional-de-turismo-e-pesca-esportiva\/#breadcrumb\",\"itemListElement\":[{\"@type\":\"ListItem\",\"position\":1,\"name\":\"Home\",\"item\":\"https:\/\/www.manaus.am.gov.br\/manauscult\/\"},{\"@type\":\"ListItem\",\"position\":2,\"name\":\"Prefeitura de Manaus comemora sucesso no encerramento do 3\u00ba F\u00f3rum Nacional de Turismo e Pesca Esportiva\"}]},{\"@type\":\"WebSite\",\"@id\":\"https:\/\/www.manaus.am.gov.br\/manauscult\/#website\",\"url\":\"https:\/\/www.manaus.am.gov.br\/manauscult\/\",\"name\":\"MANAUSCULT\",\"description\":\"Prefeitura de Manaus\",\"potentialAction\":[{\"@type\":\"SearchAction\",\"target\":{\"@type\":\"EntryPoint\",\"urlTemplate\":\"https:\/\/www.manaus.am.gov.br\/manauscult\/?s={search_term_string}\"},\"query-input\":\"required name=search_term_string\"}],\"inLanguage\":\"pt-BR\"},{\"@type\":\"Person\",\"@id\":\"https:\/\/www.manaus.am.gov.br\/manauscult\/#\/schema\/person\/466a0e03ae4b6062809046bd560ac955\",\"name\":\"bvalente\",\"image\":{\"@type\":\"ImageObject\",\"inLanguage\":\"pt-BR\",\"@id\":\"https:\/\/www.manaus.am.gov.br\/manauscult\/#\/schema\/person\/image\/\",\"url\":\"https:\/\/secure.gravatar.com\/avatar\/3e69bc2b014bdad41adfec3a39de07d2?s=96&d=mm&r=g\",\"contentUrl\":\"https:\/\/secure.gravatar.com\/avatar\/3e69bc2b014bdad41adfec3a39de07d2?s=96&d=mm&r=g\",\"caption\":\"bvalente\"}}]}<\/script>\n<!-- \/ Yoast SEO plugin. -->","yoast_head_json":{"title":"Prefeitura de Manaus comemora sucesso no encerramento do 3\u00ba F\u00f3rum Nacional de Turismo e Pesca Esportiva","description":"Ap\u00f3s tr\u00eas dias de intensas discuss\u00f5es e oportunidades de neg\u00f3cios, o 3\u00ba F\u00f3rum Nacional de Turismo e Pesca Esportiva, realizado dentro da 17\u00aa edi\u00e7\u00e3o do Pesca & Companhia Trade Show 2025, encerrou suas atividades neste s\u00e1bado, 22\/3, em S\u00e3o Paulo (SP).","robots":{"index":"noindex","follow":"follow"},"og_locale":"pt_BR","og_type":"article","og_title":"Prefeitura de Manaus comemora sucesso no encerramento do 3\u00ba F\u00f3rum Nacional de Turismo e Pesca Esportiva","og_description":"Ap\u00f3s tr\u00eas dias de intensas discuss\u00f5es e oportunidades de neg\u00f3cios, o 3\u00ba F\u00f3rum Nacional de Turismo e Pesca Esportiva, realizado dentro da 17\u00aa edi\u00e7\u00e3o do Pesca & Companhia Trade Show 2025, encerrou suas atividades neste s\u00e1bado, 22\/3, em S\u00e3o Paulo (SP).","og_url":"https:\/\/www.manaus.am.gov.br\/manauscult\/orum-nacional-de-turismo-e-pesca-esportiva\/","og_site_name":"MANAUSCULT","article_published_time":"2025-03-22T17:03:19+00:00","article_modified_time":"2025-03-22T17:03:20+00:00","og_image":[{"width":640,"height":480,"url":"https:\/\/www.manaus.am.gov.br\/manauscult\/wp-content\/uploads\/sites\/11\/2025\/03\/TURISMO.jpeg","type":"image\/jpeg"}],"author":"bvalente","twitter_card":"summary_large_image","twitter_misc":{"Written by":"bvalente","Est. reading time":"3 minutos"},"schema":{"@context":"https:\/\/schema.org","@graph":[{"@type":"WebPage","@id":"https:\/\/www.manaus.am.gov.br\/manauscult\/orum-nacional-de-turismo-e-pesca-esportiva\/","url":"https:\/\/www.manaus.am.gov.br\/manauscult\/orum-nacional-de-turismo-e-pesca-esportiva\/","name":"Prefeitura de Manaus comemora sucesso no encerramento do 3\u00ba F\u00f3rum Nacional de Turismo e Pesca Esportiva","isPartOf":{"@id":"https:\/\/www.manaus.am.gov.br\/manauscult\/#website"},"primaryImageOfPage":{"@id":"https:\/\/www.manaus.am.gov.br\/manauscult\/orum-nacional-de-turismo-e-pesca-esportiva\/#primaryimage"},"image":{"@id":"https:\/\/www.manaus.am.gov.br\/manauscult\/orum-nacional-de-turismo-e-pesca-esportiva\/#primaryimage"},"thumbnailUrl":"https:\/\/www.manaus.am.gov.br\/manauscult\/wp-content\/uploads\/sites\/11\/2025\/03\/TURISMO.jpeg","datePublished":"2025-03-22T17:03:19+00:00","dateModified":"2025-03-22T17:03:20+00:00","author":{"@id":"https:\/\/www.manaus.am.gov.br\/manauscult\/#\/schema\/person\/466a0e03ae4b6062809046bd560ac955"},"description":"Ap\u00f3s tr\u00eas dias de intensas discuss\u00f5es e oportunidades de neg\u00f3cios, o 3\u00ba F\u00f3rum Nacional de Turismo e Pesca Esportiva, realizado dentro da 17\u00aa edi\u00e7\u00e3o do Pesca & Companhia Trade Show 2025, encerrou suas atividades neste s\u00e1bado, 22\/3, em S\u00e3o Paulo (SP).","breadcrumb":{"@id":"https:\/\/www.manaus.am.gov.br\/manauscult\/orum-nacional-de-turismo-e-pesca-esportiva\/#breadcrumb"},"inLanguage":"pt-BR","potentialAction":[{"@type":"ReadAction","target":["https:\/\/www.manaus.am.gov.br\/manauscult\/orum-nacional-de-turismo-e-pesca-esportiva\/"]}]},{"@type":"ImageObject","inLanguage":"pt-BR","@id":"https:\/\/www.manaus.am.gov.br\/manauscult\/orum-nacional-de-turismo-e-pesca-esportiva\/#primaryimage","url":"https:\/\/www.manaus.am.gov.br\/manauscult\/wp-content\/uploads\/sites\/11\/2025\/03\/TURISMO.jpeg","contentUrl":"https:\/\/www.manaus.am.gov.br\/manauscult\/wp-content\/uploads\/sites\/11\/2025\/03\/TURISMO.jpeg","width":640,"height":480},{"@type":"BreadcrumbList","@id":"https:\/\/www.manaus.am.gov.br\/manauscult\/orum-nacional-de-turismo-e-pesca-esportiva\/#breadcrumb","itemListElement":[{"@type":"ListItem","position":1,"name":"Home","item":"https:\/\/www.manaus.am.gov.br\/manauscult\/"},{"@type":"ListItem","position":2,"name":"Prefeitura de Manaus comemora sucesso no encerramento do 3\u00ba F\u00f3rum Nacional de Turismo e Pesca Esportiva"}]},{"@type":"WebSite","@id":"https:\/\/www.manaus.am.gov.br\/manauscult\/#website","url":"https:\/\/www.manaus.am.gov.br\/manauscult\/","name":"MANAUSCULT","description":"Prefeitura de Manaus","potentialAction":[{"@type":"SearchAction","target":{"@type":"EntryPoint","urlTemplate":"https:\/\/www.manaus.am.gov.br\/manauscult\/?s={search_term_string}"},"query-input":"required name=search_term_string"}],"inLanguage":"pt-BR"},{"@type":"Person","@id":"https:\/\/www.manaus.am.gov.br\/manauscult\/#\/schema\/person\/466a0e03ae4b6062809046bd560ac955","name":"bvalente","image":{"@type":"ImageObject","inLanguage":"pt-BR","@id":"https:\/\/www.manaus.am.gov.br\/manauscult\/#\/schema\/person\/image\/","url":"https:\/\/secure.gravatar.com\/avatar\/3e69bc2b014bdad41adfec3a39de07d2?s=96&d=mm&r=g","contentUrl":"https:\/\/secure.gravatar.com\/avatar\/3e69bc2b014bdad41adfec3a39de07d2?s=96&d=mm&r=g","caption":"bvalente"}}]}},"_links":{"self":[{"href":"https:\/\/www.manaus.am.gov.br\/manauscult\/wp-json\/wp\/v2\/posts\/3431"}],"collection":[{"href":"https:\/\/www.manaus.am.gov.br\/manauscult\/wp-json\/wp\/v2\/posts"}],"about":[{"href":"https:\/\/www.manaus.am.gov.br\/manauscult\/wp-json\/wp\/v2\/types\/post"}],"author":[{"embeddable":true,"href":"https:\/\/www.manaus.am.gov.br\/manauscult\/wp-json\/wp\/v2\/users\/68"}],"replies":[{"embeddable":true,"href":"https:\/\/www.manaus.am.gov.br\/manauscult\/wp-json\/wp\/v2\/comments?post=3431"}],"version-history":[{"count":0,"href":"https:\/\/www.manaus.am.gov.br\/manauscult\/wp-json\/wp\/v2\/posts\/3431\/revisions"}],"wp:featuredmedia":[{"embeddable":true,"href":"https:\/\/www.manaus.am.gov.br\/manauscult\/wp-json\/wp\/v2\/media\/3432"}],"wp:attachment":[{"href":"https:\/\/www.manaus.am.gov.br\/manauscult\/wp-json\/wp\/v2\/media?parent=3431"}],"wp:term":[{"taxonomy":"category","embeddable":true,"href":"https:\/\/www.manaus.am.gov.br\/manauscult\/wp-json\/wp\/v2\/categories?post=3431"},{"taxonomy":"post_tag","embeddable":true,"href":"https:\/\/www.manaus.am.gov.br\/manauscult\/wp-json\/wp\/v2\/tags?post=3431"}],"curies":[{"name":"wp","href":"https:\/\/api.w.org\/{rel}","templated":true}]}}