{"id":3411,"date":"2025-03-20T17:18:31","date_gmt":"2025-03-20T21:18:31","guid":{"rendered":"https:\/\/www.manaus.am.gov.br\/manauscult\/estande-17a-pesca-companhia-trade-show-2025\/"},"modified":"2025-03-20T17:18:31","modified_gmt":"2025-03-20T21:18:31","slug":"estande-17a-pesca-companhia-trade-show-2025","status":"publish","type":"post","link":"https:\/\/www.manaus.am.gov.br\/manauscult\/estande-17a-pesca-companhia-trade-show-2025\/","title":{"rendered":"Estande exclusivo da Prefeitura de Manaus \u00e9 destaque na 17\u00aa edi\u00e7\u00e3o do \u2018Pesca &amp; Companhia Trade Show\u2019 2025 em S\u00e3o Paulo"},"content":{"rendered":"\n<p>A Prefeitura de Manaus, por meio da Funda\u00e7\u00e3o Municipal de Cultura, Turismo e Eventos (Manauscult), participa, pelo terceiro ano consecutivo, da \u201cPesca &amp; Companhia Trade Show\u201d, a maior feira de pesca esportiva da Am\u00e9rica Latina. O evento, que ocorre de 20 a 22\/3, em S\u00e3o Paulo (SP), re\u00fane empresas do setor, operadores de turismo, empreendedores e amantes da pesca esportiva, consolidando-se como uma plataforma essencial para novos neg\u00f3cios e divulga\u00e7\u00e3o de destinos tur\u00edsticos especializados.<\/p>\n\n\n\n<p>Com um estande exclusivo, Manaus promove suas potencialidades no segmento, permitindo que empres\u00e1rios, hot\u00e9is e operadores de turismo apresentem seus produtos e servi\u00e7os. Al\u00e9m disso, a capital amazonense refor\u00e7a sua posi\u00e7\u00e3o como um dos principais destinos para a pesca esportiva no Brasil, atraindo turistas nacionais e internacionais que buscam experi\u00eancias aut\u00eanticas na Amaz\u00f4nia.<\/p>\n\n\n\n<p>Uma das grandes novidades deste ano \u00e9 a participa\u00e7\u00e3o da Manauscult no 3\u00ba F\u00f3rum Nacional do Turismo de Pesca Esportiva, onde ser\u00e1 apresentado um case de sucesso: o projeto Pesca Esportiva Comunit\u00e1ria de S\u00e3o Francisco do Caramuri. Essa iniciativa inovadora alia turismo, conserva\u00e7\u00e3o ambiental e agricultura familiar, proporcionando desenvolvimento sustent\u00e1vel para as comunidades locais.<\/p>\n\n\n\n<p>\u201cO turismo de pesca esportiva \u00e9 um importante vetor econ\u00f4mico e ambiental para a Amaz\u00f4nia. Projetos como o de S\u00e3o Francisco do Caramuri mostram que \u00e9 poss\u00edvel conciliar preserva\u00e7\u00e3o e gera\u00e7\u00e3o de renda, fortalecendo a identidade cultural e promovendo o uso respons\u00e1vel dos recursos naturais\u201d, destaca o diretor-presidente da Manauscult, Jender Lobato.<\/p>\n\n\n\n<p><strong>Reconhecimento nacional e internacional<\/strong><\/p>\n\n\n\n<p>A presen\u00e7a de Manaus no \u201cPesca &amp; Companhia Trade Show\u201d refor\u00e7a a cidade como refer\u00eancia no turismo de pesca esportiva e sustent\u00e1vel. O evento possibilita que as comunidades locais ganhem visibilidade no cen\u00e1rio nacional e internacional, atraindo investidores e turistas que valorizam a biodiversidade e a cultura amaz\u00f4nica.<\/p>\n\n\n\n<p>Com a iniciativa, a Prefeitura de Manaus, por meio da Manauscult, reafirma seu compromisso com o desenvolvimento econ\u00f4mico sustent\u00e1vel, incentivando a conserva\u00e7\u00e3o ambiental e criando oportunidades para os moradores da regi\u00e3o. A expectativa \u00e9 que, a cada ano, mais turistas sejam atra\u00eddos para Manaus, impulsionando o setor e consolidando a cidade como um dos melhores destinos para a pesca esportiva no mundo.<\/p>\n\n\n\n<figure class=\"wp-block-image size-large\"><img loading=\"lazy\" decoding=\"async\" width=\"1024\" height=\"576\" src=\"https:\/\/www.manaus.am.gov.br\/manauscult\/wp-content\/uploads\/sites\/11\/2025\/03\/d194efe5-54b4-43ff-961e-605e4731c2fb-1024x576.jpeg\" alt=\"\" class=\"wp-image-3412\" srcset=\"https:\/\/www.manaus.am.gov.br\/manauscult\/wp-content\/uploads\/sites\/11\/2025\/03\/d194efe5-54b4-43ff-961e-605e4731c2fb-1024x576.jpeg 1024w, https:\/\/www.manaus.am.gov.br\/manauscult\/wp-content\/uploads\/sites\/11\/2025\/03\/d194efe5-54b4-43ff-961e-605e4731c2fb-300x169.jpeg 300w, https:\/\/www.manaus.am.gov.br\/manauscult\/wp-content\/uploads\/sites\/11\/2025\/03\/d194efe5-54b4-43ff-961e-605e4731c2fb-768x432.jpeg 768w, https:\/\/www.manaus.am.gov.br\/manauscult\/wp-content\/uploads\/sites\/11\/2025\/03\/d194efe5-54b4-43ff-961e-605e4731c2fb.jpeg 1280w\" sizes=\"(max-width: 1024px) 100vw, 1024px\" \/><\/figure>\n\n\n\n<p>&#8212; &#8212; &#8212;<\/p>\n\n\n\n<p><strong>Texto \u2013 <\/strong>J\u00e9ssica Trajano\/Manauscult<\/p>\n\n\n\n<p><strong>Fotos \u2013 <\/strong>Divulga\u00e7\u00e3o\/Manauscult<\/p>\n","protected":false},"excerpt":{"rendered":"","protected":false},"author":39,"featured_media":3413,"comment_status":"closed","ping_status":"closed","sticky":false,"template":"","format":"standard","meta":{"footnotes":""},"categories":[18],"tags":[1297,1298,1299,11,1300],"acf":[],"yoast_head":"<!-- This site is optimized with the Yoast SEO plugin v23.0 - https:\/\/yoast.com\/wordpress\/plugins\/seo\/ -->\n<title>Estande \u00e9 destaque na 17\u00aa \u2018Pesca &amp; Companhia Trade Show\u2019 2025<\/title>\n<meta name=\"description\" content=\"Estande exclusivo da Prefeitura de Manaus \u00e9 destaque na 17\u00aa edi\u00e7\u00e3o do \u2018Pesca &amp; Companhia Trade Show\u2019 2025 em S\u00e3o Paulo.\" \/>\n<meta name=\"robots\" content=\"noindex, follow\" \/>\n<meta property=\"og:locale\" content=\"pt_BR\" \/>\n<meta property=\"og:type\" content=\"article\" \/>\n<meta property=\"og:title\" content=\"Estande \u00e9 destaque na 17\u00aa \u2018Pesca &amp; Companhia Trade Show\u2019 2025\" \/>\n<meta property=\"og:description\" content=\"Estande exclusivo da Prefeitura de Manaus \u00e9 destaque na 17\u00aa edi\u00e7\u00e3o do \u2018Pesca &amp; Companhia Trade Show\u2019 2025 em S\u00e3o Paulo.\" \/>\n<meta property=\"og:url\" content=\"https:\/\/www.manaus.am.gov.br\/manauscult\/estande-17a-pesca-companhia-trade-show-2025\/\" \/>\n<meta property=\"og:site_name\" content=\"MANAUSCULT\" \/>\n<meta property=\"article:published_time\" content=\"2025-03-20T21:18:31+00:00\" \/>\n<meta property=\"og:image\" content=\"https:\/\/www.manaus.am.gov.br\/manauscult\/wp-content\/uploads\/sites\/11\/2025\/03\/253e3b73-7ad0-4186-b417-f8ab81f9d257.jpeg\" \/>\n\t<meta property=\"og:image:width\" content=\"1280\" \/>\n\t<meta property=\"og:image:height\" content=\"720\" \/>\n\t<meta property=\"og:image:type\" content=\"image\/jpeg\" \/>\n<meta name=\"author\" content=\"Bruna Greco\" \/>\n<meta name=\"twitter:card\" content=\"summary_large_image\" \/>\n<meta name=\"twitter:label1\" content=\"Written by\" \/>\n\t<meta name=\"twitter:data1\" content=\"Bruna Greco\" \/>\n\t<meta name=\"twitter:label2\" content=\"Est. reading time\" \/>\n\t<meta name=\"twitter:data2\" content=\"3 minutos\" \/>\n<script type=\"application\/ld+json\" class=\"yoast-schema-graph\">{\"@context\":\"https:\/\/schema.org\",\"@graph\":[{\"@type\":\"WebPage\",\"@id\":\"https:\/\/www.manaus.am.gov.br\/manauscult\/estande-17a-pesca-companhia-trade-show-2025\/\",\"url\":\"https:\/\/www.manaus.am.gov.br\/manauscult\/estande-17a-pesca-companhia-trade-show-2025\/\",\"name\":\"Estande \u00e9 destaque na 17\u00aa \u2018Pesca & Companhia Trade Show\u2019 2025\",\"isPartOf\":{\"@id\":\"https:\/\/www.manaus.am.gov.br\/manauscult\/#website\"},\"primaryImageOfPage\":{\"@id\":\"https:\/\/www.manaus.am.gov.br\/manauscult\/estande-17a-pesca-companhia-trade-show-2025\/#primaryimage\"},\"image\":{\"@id\":\"https:\/\/www.manaus.am.gov.br\/manauscult\/estande-17a-pesca-companhia-trade-show-2025\/#primaryimage\"},\"thumbnailUrl\":\"https:\/\/www.manaus.am.gov.br\/manauscult\/wp-content\/uploads\/sites\/11\/2025\/03\/253e3b73-7ad0-4186-b417-f8ab81f9d257.jpeg\",\"datePublished\":\"2025-03-20T21:18:31+00:00\",\"dateModified\":\"2025-03-20T21:18:31+00:00\",\"author\":{\"@id\":\"https:\/\/www.manaus.am.gov.br\/manauscult\/#\/schema\/person\/05d223aea2bf115f9883a6ff3683d81b\"},\"description\":\"Estande exclusivo da Prefeitura de Manaus \u00e9 destaque na 17\u00aa edi\u00e7\u00e3o do \u2018Pesca & Companhia Trade Show\u2019 2025 em S\u00e3o Paulo.\",\"breadcrumb\":{\"@id\":\"https:\/\/www.manaus.am.gov.br\/manauscult\/estande-17a-pesca-companhia-trade-show-2025\/#breadcrumb\"},\"inLanguage\":\"pt-BR\",\"potentialAction\":[{\"@type\":\"ReadAction\",\"target\":[\"https:\/\/www.manaus.am.gov.br\/manauscult\/estande-17a-pesca-companhia-trade-show-2025\/\"]}]},{\"@type\":\"ImageObject\",\"inLanguage\":\"pt-BR\",\"@id\":\"https:\/\/www.manaus.am.gov.br\/manauscult\/estande-17a-pesca-companhia-trade-show-2025\/#primaryimage\",\"url\":\"https:\/\/www.manaus.am.gov.br\/manauscult\/wp-content\/uploads\/sites\/11\/2025\/03\/253e3b73-7ad0-4186-b417-f8ab81f9d257.jpeg\",\"contentUrl\":\"https:\/\/www.manaus.am.gov.br\/manauscult\/wp-content\/uploads\/sites\/11\/2025\/03\/253e3b73-7ad0-4186-b417-f8ab81f9d257.jpeg\",\"width\":1280,\"height\":720,\"caption\":\"#paratodosverem - Estande da Prefeitura de Manaus na 17\u00aa edi\u00e7\u00e3o do \u2018Pesca &amp; Companhia Trade Show\u2019 2025 em S\u00e3o Paulo\"},{\"@type\":\"BreadcrumbList\",\"@id\":\"https:\/\/www.manaus.am.gov.br\/manauscult\/estande-17a-pesca-companhia-trade-show-2025\/#breadcrumb\",\"itemListElement\":[{\"@type\":\"ListItem\",\"position\":1,\"name\":\"Home\",\"item\":\"https:\/\/www.manaus.am.gov.br\/manauscult\/\"},{\"@type\":\"ListItem\",\"position\":2,\"name\":\"Estande exclusivo da Prefeitura de Manaus \u00e9 destaque na 17\u00aa edi\u00e7\u00e3o do \u2018Pesca &amp; Companhia Trade Show\u2019 2025 em S\u00e3o Paulo\"}]},{\"@type\":\"WebSite\",\"@id\":\"https:\/\/www.manaus.am.gov.br\/manauscult\/#website\",\"url\":\"https:\/\/www.manaus.am.gov.br\/manauscult\/\",\"name\":\"MANAUSCULT\",\"description\":\"Prefeitura de Manaus\",\"potentialAction\":[{\"@type\":\"SearchAction\",\"target\":{\"@type\":\"EntryPoint\",\"urlTemplate\":\"https:\/\/www.manaus.am.gov.br\/manauscult\/?s={search_term_string}\"},\"query-input\":\"required name=search_term_string\"}],\"inLanguage\":\"pt-BR\"},{\"@type\":\"Person\",\"@id\":\"https:\/\/www.manaus.am.gov.br\/manauscult\/#\/schema\/person\/05d223aea2bf115f9883a6ff3683d81b\",\"name\":\"Bruna Greco\",\"image\":{\"@type\":\"ImageObject\",\"inLanguage\":\"pt-BR\",\"@id\":\"https:\/\/www.manaus.am.gov.br\/manauscult\/#\/schema\/person\/image\/\",\"url\":\"https:\/\/secure.gravatar.com\/avatar\/9c877d1a6adc2a055330e5c09a8653ce?s=96&d=mm&r=g\",\"contentUrl\":\"https:\/\/secure.gravatar.com\/avatar\/9c877d1a6adc2a055330e5c09a8653ce?s=96&d=mm&r=g\",\"caption\":\"Bruna Greco\"}}]}<\/script>\n<!-- \/ Yoast SEO plugin. -->","yoast_head_json":{"title":"Estande \u00e9 destaque na 17\u00aa \u2018Pesca & Companhia Trade Show\u2019 2025","description":"Estande exclusivo da Prefeitura de Manaus \u00e9 destaque na 17\u00aa edi\u00e7\u00e3o do \u2018Pesca & Companhia Trade Show\u2019 2025 em S\u00e3o Paulo.","robots":{"index":"noindex","follow":"follow"},"og_locale":"pt_BR","og_type":"article","og_title":"Estande \u00e9 destaque na 17\u00aa \u2018Pesca & Companhia Trade Show\u2019 2025","og_description":"Estande exclusivo da Prefeitura de Manaus \u00e9 destaque na 17\u00aa edi\u00e7\u00e3o do \u2018Pesca & Companhia Trade Show\u2019 2025 em S\u00e3o Paulo.","og_url":"https:\/\/www.manaus.am.gov.br\/manauscult\/estande-17a-pesca-companhia-trade-show-2025\/","og_site_name":"MANAUSCULT","article_published_time":"2025-03-20T21:18:31+00:00","og_image":[{"width":1280,"height":720,"url":"https:\/\/www.manaus.am.gov.br\/manauscult\/wp-content\/uploads\/sites\/11\/2025\/03\/253e3b73-7ad0-4186-b417-f8ab81f9d257.jpeg","type":"image\/jpeg"}],"author":"Bruna Greco","twitter_card":"summary_large_image","twitter_misc":{"Written by":"Bruna Greco","Est. reading time":"3 minutos"},"schema":{"@context":"https:\/\/schema.org","@graph":[{"@type":"WebPage","@id":"https:\/\/www.manaus.am.gov.br\/manauscult\/estande-17a-pesca-companhia-trade-show-2025\/","url":"https:\/\/www.manaus.am.gov.br\/manauscult\/estande-17a-pesca-companhia-trade-show-2025\/","name":"Estande \u00e9 destaque na 17\u00aa \u2018Pesca & Companhia Trade Show\u2019 2025","isPartOf":{"@id":"https:\/\/www.manaus.am.gov.br\/manauscult\/#website"},"primaryImageOfPage":{"@id":"https:\/\/www.manaus.am.gov.br\/manauscult\/estande-17a-pesca-companhia-trade-show-2025\/#primaryimage"},"image":{"@id":"https:\/\/www.manaus.am.gov.br\/manauscult\/estande-17a-pesca-companhia-trade-show-2025\/#primaryimage"},"thumbnailUrl":"https:\/\/www.manaus.am.gov.br\/manauscult\/wp-content\/uploads\/sites\/11\/2025\/03\/253e3b73-7ad0-4186-b417-f8ab81f9d257.jpeg","datePublished":"2025-03-20T21:18:31+00:00","dateModified":"2025-03-20T21:18:31+00:00","author":{"@id":"https:\/\/www.manaus.am.gov.br\/manauscult\/#\/schema\/person\/05d223aea2bf115f9883a6ff3683d81b"},"description":"Estande exclusivo da Prefeitura de Manaus \u00e9 destaque na 17\u00aa edi\u00e7\u00e3o do \u2018Pesca & Companhia Trade Show\u2019 2025 em S\u00e3o Paulo.","breadcrumb":{"@id":"https:\/\/www.manaus.am.gov.br\/manauscult\/estande-17a-pesca-companhia-trade-show-2025\/#breadcrumb"},"inLanguage":"pt-BR","potentialAction":[{"@type":"ReadAction","target":["https:\/\/www.manaus.am.gov.br\/manauscult\/estande-17a-pesca-companhia-trade-show-2025\/"]}]},{"@type":"ImageObject","inLanguage":"pt-BR","@id":"https:\/\/www.manaus.am.gov.br\/manauscult\/estande-17a-pesca-companhia-trade-show-2025\/#primaryimage","url":"https:\/\/www.manaus.am.gov.br\/manauscult\/wp-content\/uploads\/sites\/11\/2025\/03\/253e3b73-7ad0-4186-b417-f8ab81f9d257.jpeg","contentUrl":"https:\/\/www.manaus.am.gov.br\/manauscult\/wp-content\/uploads\/sites\/11\/2025\/03\/253e3b73-7ad0-4186-b417-f8ab81f9d257.jpeg","width":1280,"height":720,"caption":"#paratodosverem - Estande da Prefeitura de Manaus na 17\u00aa edi\u00e7\u00e3o do \u2018Pesca &amp; Companhia Trade Show\u2019 2025 em S\u00e3o Paulo"},{"@type":"BreadcrumbList","@id":"https:\/\/www.manaus.am.gov.br\/manauscult\/estande-17a-pesca-companhia-trade-show-2025\/#breadcrumb","itemListElement":[{"@type":"ListItem","position":1,"name":"Home","item":"https:\/\/www.manaus.am.gov.br\/manauscult\/"},{"@type":"ListItem","position":2,"name":"Estande exclusivo da Prefeitura de Manaus \u00e9 destaque na 17\u00aa edi\u00e7\u00e3o do \u2018Pesca &amp; Companhia Trade Show\u2019 2025 em S\u00e3o Paulo"}]},{"@type":"WebSite","@id":"https:\/\/www.manaus.am.gov.br\/manauscult\/#website","url":"https:\/\/www.manaus.am.gov.br\/manauscult\/","name":"MANAUSCULT","description":"Prefeitura de Manaus","potentialAction":[{"@type":"SearchAction","target":{"@type":"EntryPoint","urlTemplate":"https:\/\/www.manaus.am.gov.br\/manauscult\/?s={search_term_string}"},"query-input":"required name=search_term_string"}],"inLanguage":"pt-BR"},{"@type":"Person","@id":"https:\/\/www.manaus.am.gov.br\/manauscult\/#\/schema\/person\/05d223aea2bf115f9883a6ff3683d81b","name":"Bruna Greco","image":{"@type":"ImageObject","inLanguage":"pt-BR","@id":"https:\/\/www.manaus.am.gov.br\/manauscult\/#\/schema\/person\/image\/","url":"https:\/\/secure.gravatar.com\/avatar\/9c877d1a6adc2a055330e5c09a8653ce?s=96&d=mm&r=g","contentUrl":"https:\/\/secure.gravatar.com\/avatar\/9c877d1a6adc2a055330e5c09a8653ce?s=96&d=mm&r=g","caption":"Bruna Greco"}}]}},"_links":{"self":[{"href":"https:\/\/www.manaus.am.gov.br\/manauscult\/wp-json\/wp\/v2\/posts\/3411"}],"collection":[{"href":"https:\/\/www.manaus.am.gov.br\/manauscult\/wp-json\/wp\/v2\/posts"}],"about":[{"href":"https:\/\/www.manaus.am.gov.br\/manauscult\/wp-json\/wp\/v2\/types\/post"}],"author":[{"embeddable":true,"href":"https:\/\/www.manaus.am.gov.br\/manauscult\/wp-json\/wp\/v2\/users\/39"}],"replies":[{"embeddable":true,"href":"https:\/\/www.manaus.am.gov.br\/manauscult\/wp-json\/wp\/v2\/comments?post=3411"}],"version-history":[{"count":1,"href":"https:\/\/www.manaus.am.gov.br\/manauscult\/wp-json\/wp\/v2\/posts\/3411\/revisions"}],"predecessor-version":[{"id":3414,"href":"https:\/\/www.manaus.am.gov.br\/manauscult\/wp-json\/wp\/v2\/posts\/3411\/revisions\/3414"}],"wp:featuredmedia":[{"embeddable":true,"href":"https:\/\/www.manaus.am.gov.br\/manauscult\/wp-json\/wp\/v2\/media\/3413"}],"wp:attachment":[{"href":"https:\/\/www.manaus.am.gov.br\/manauscult\/wp-json\/wp\/v2\/media?parent=3411"}],"wp:term":[{"taxonomy":"category","embeddable":true,"href":"https:\/\/www.manaus.am.gov.br\/manauscult\/wp-json\/wp\/v2\/categories?post=3411"},{"taxonomy":"post_tag","embeddable":true,"href":"https:\/\/www.manaus.am.gov.br\/manauscult\/wp-json\/wp\/v2\/tags?post=3411"}],"curies":[{"name":"wp","href":"https:\/\/api.w.org\/{rel}","templated":true}]}}