{"id":3374,"date":"2025-03-15T16:59:43","date_gmt":"2025-03-15T20:59:43","guid":{"rendered":"https:\/\/www.manaus.am.gov.br\/manauscult\/livro-reserva-tupe\/"},"modified":"2025-03-15T16:59:49","modified_gmt":"2025-03-15T20:59:49","slug":"livro-reserva-tupe","status":"publish","type":"post","link":"https:\/\/www.manaus.am.gov.br\/manauscult\/livro-reserva-tupe\/","title":{"rendered":"Prefeitura de Manaus apoia lan\u00e7amento de livro sobre a Reserva de Desenvolvimento Sustent\u00e1vel do Tup\u00e9"},"content":{"rendered":"\n<p><br><br>A hist\u00f3ria da Reserva de Desenvolvimento Sustent\u00e1vel do Tup\u00e9 (RDS do Tup\u00e9) agora entrou para os livros. O lan\u00e7amento do livro \u201cTup\u00e9 &#8211; Ber\u00e7o da Natureza\u201d, resultado do projeto hom\u00f4nimo, contemplado pela Lei Paulo Gustavo (LPG) da Prefeitura de Manaus, por meio do Conselho Municipal de Cultura (Concultura), aconteceu, neste s\u00e1bado, 15\/3, na comunidade S\u00e3o Jo\u00e3o do Tup\u00e9 (distante 25 quil\u00f4metros de Manaus), na margem esquerda do rio Negro, na zona rural.<\/p>\n\n\n\n<p>O livro oferece ao leitor importantes esclarecimentos sobre a hist\u00f3ria do Tup\u00e9, local que j\u00e1 foi abordado em outra obra pelo pr\u00f3prio autor. A narrativa traz \u00e0 tona duas realidades, uma marcada pela rusticidade do passado e outra pela progressividade do presente. A obra convida o leitor a descobrir a rica e envolvente hist\u00f3ria de uma comunidade que, gra\u00e7as \u00e0 generosidade da natureza, foi capaz de transformar-se e proporcionar o privil\u00e9gio de apreciar sua beleza natural.<\/p>\n\n\n\n<p>Durante o lan\u00e7amento do livro, o presidente do Concultura, Tony Medeiros, destacou a import\u00e2ncia de levar projetos culturais para al\u00e9m da \u00e1rea urbana de Manaus.<\/p>\n\n\n\n<p>\u201c\u00c9 de extrema import\u00e2ncia que os projetos culturais de hoje alcancem as comunidades do munic\u00edpio de Manaus. Quando se fala em Manaus, muitos pensam apenas na cidade, mas o munic\u00edpio possui diversas comunidades ao longo das estradas e tamb\u00e9m as ribeirinhas. A determina\u00e7\u00e3o do prefeito David Almeida \u00e9 justamente chegar onde nunca se chegou, e \u00e9 por isso que a prefeitura e o Concultura est\u00e3o aqui na comunidade do Tup\u00e9, prestigiando o lan\u00e7amento desse projeto contemplado pela Lei Paulo Gustavo\u201d, afirmou o presidente.<\/p>\n\n\n\n<p>Autor do livro, Raimundo de Souza destaca a import\u00e2ncia de valorizar a comunidade do Tup\u00e9 e suas hist\u00f3rias. \u201cEu quero mostrar para os meus leitores um pouquinho da comunidade tamb\u00e9m, de tudo aquilo que foi come\u00e7ado aqui. Este \u00e9 o terceiro livro que escrevo, e me sinto muito orgulhoso por isso, mesmo com o pouco estudo que tenho, por poder fazer algo pela minha comunidade\u201d, comentou o autor.<\/p>\n\n\n\n<p>O livro foi resultado da busca ativa feita pela Prefeitura de Manaus, em comunidades perif\u00e9ricas e ribeirinhas, em 2023, com o curso \u201cElabora\u00e7\u00e3o de Projetos Culturais para Capta\u00e7\u00e3o de Recursos&#8221;. O lan\u00e7amento do livro aconteceu no centro comunit\u00e1rio local, que abriga o cinema de rua \u201cTup\u00e9, Arte, Cultura e Meio Ambiente\u201d, tamb\u00e9m contemplado pela LPG.<\/p>\n\n\n\n<p>O projeto \u201cTup\u00e9 &#8211; Ber\u00e7o da Natureza\u201d foi um dos selecionados pelo Concurso Pr\u00eamio Manaus Identidade Cultural \u2013 Literatura (Edital 005\/2023), por meio da Lei Paulo Gustavo (LPG), da Prefeitura de Manaus, por interm\u00e9dio do Concultura, com o apoio do Minist\u00e9rio da Cultura (MinC) e do governo federal.<\/p>\n\n\n\n<p><strong>\u2014 \u2014 \u2014<\/strong><\/p>\n\n\n\n<p><strong>Texto \u2013<\/strong> Clara Gon\u00e7alves \/ Concultura<\/p>\n\n\n\n<p><strong>Fotos \u2013 <\/strong>Jo\u00e3o Viana\/ Semcom<\/p>\n\n\n\n<p><strong>Dispon\u00edveis em<\/strong> &#8211; <a href=\"https:\/\/flic.kr\/s\/aHBqjC5ECd\">https:\/\/flic.kr\/s\/aHBqjC5ECd<\/a><\/p>\n","protected":false},"excerpt":{"rendered":"","protected":false},"author":25,"featured_media":3375,"comment_status":"closed","ping_status":"closed","sticky":false,"template":"","format":"standard","meta":{"footnotes":""},"categories":[825],"tags":[45,685,1207],"acf":[],"yoast_head":"<!-- This site is optimized with the Yoast SEO plugin v23.0 - https:\/\/yoast.com\/wordpress\/plugins\/seo\/ -->\n<title>Prefeitura apoia lan\u00e7amento de livro sobre a Reserva de Desenvolvimento Sustent\u00e1vel do Tup\u00e9<\/title>\n<meta name=\"description\" content=\"A hist\u00f3ria da Reserva de Desenvolvimento Sustent\u00e1vel do Tup\u00e9 (RDS do Tup\u00e9) agora entrou para os livros\" \/>\n<meta name=\"robots\" content=\"noindex, follow\" \/>\n<meta property=\"og:locale\" content=\"pt_BR\" \/>\n<meta property=\"og:type\" content=\"article\" \/>\n<meta property=\"og:title\" content=\"Prefeitura apoia lan\u00e7amento de livro sobre a Reserva de Desenvolvimento Sustent\u00e1vel do Tup\u00e9\" \/>\n<meta property=\"og:description\" content=\"A hist\u00f3ria da Reserva de Desenvolvimento Sustent\u00e1vel do Tup\u00e9 (RDS do Tup\u00e9) agora entrou para os livros\" \/>\n<meta property=\"og:url\" content=\"https:\/\/www.manaus.am.gov.br\/manauscult\/livro-reserva-tupe\/\" \/>\n<meta property=\"og:site_name\" content=\"MANAUSCULT\" \/>\n<meta property=\"article:published_time\" content=\"2025-03-15T20:59:43+00:00\" \/>\n<meta property=\"article:modified_time\" content=\"2025-03-15T20:59:49+00:00\" \/>\n<meta property=\"og:image\" content=\"https:\/\/www.manaus.am.gov.br\/manauscult\/wp-content\/uploads\/sites\/11\/2025\/03\/54388844743_0854de023b_c.jpg\" \/>\n\t<meta property=\"og:image:width\" content=\"799\" \/>\n\t<meta property=\"og:image:height\" content=\"533\" \/>\n\t<meta property=\"og:image:type\" content=\"image\/jpeg\" \/>\n<meta name=\"author\" content=\"Maur\u00edcio Freire\" \/>\n<meta name=\"twitter:card\" content=\"summary_large_image\" \/>\n<meta name=\"twitter:label1\" content=\"Written by\" \/>\n\t<meta name=\"twitter:data1\" content=\"Maur\u00edcio Freire\" \/>\n\t<meta name=\"twitter:label2\" content=\"Est. reading time\" \/>\n\t<meta name=\"twitter:data2\" content=\"3 minutos\" \/>\n<script type=\"application\/ld+json\" class=\"yoast-schema-graph\">{\"@context\":\"https:\/\/schema.org\",\"@graph\":[{\"@type\":\"WebPage\",\"@id\":\"https:\/\/www.manaus.am.gov.br\/manauscult\/livro-reserva-tupe\/\",\"url\":\"https:\/\/www.manaus.am.gov.br\/manauscult\/livro-reserva-tupe\/\",\"name\":\"Prefeitura apoia lan\u00e7amento de livro sobre a Reserva de Desenvolvimento Sustent\u00e1vel do Tup\u00e9\",\"isPartOf\":{\"@id\":\"https:\/\/www.manaus.am.gov.br\/manauscult\/#website\"},\"primaryImageOfPage\":{\"@id\":\"https:\/\/www.manaus.am.gov.br\/manauscult\/livro-reserva-tupe\/#primaryimage\"},\"image\":{\"@id\":\"https:\/\/www.manaus.am.gov.br\/manauscult\/livro-reserva-tupe\/#primaryimage\"},\"thumbnailUrl\":\"https:\/\/www.manaus.am.gov.br\/manauscult\/wp-content\/uploads\/sites\/11\/2025\/03\/54388844743_0854de023b_c.jpg\",\"datePublished\":\"2025-03-15T20:59:43+00:00\",\"dateModified\":\"2025-03-15T20:59:49+00:00\",\"author\":{\"@id\":\"https:\/\/www.manaus.am.gov.br\/manauscult\/#\/schema\/person\/587989a23a463cde5618e6a028977a9a\"},\"description\":\"A hist\u00f3ria da Reserva de Desenvolvimento Sustent\u00e1vel do Tup\u00e9 (RDS do Tup\u00e9) agora entrou para os livros\",\"breadcrumb\":{\"@id\":\"https:\/\/www.manaus.am.gov.br\/manauscult\/livro-reserva-tupe\/#breadcrumb\"},\"inLanguage\":\"pt-BR\",\"potentialAction\":[{\"@type\":\"ReadAction\",\"target\":[\"https:\/\/www.manaus.am.gov.br\/manauscult\/livro-reserva-tupe\/\"]}]},{\"@type\":\"ImageObject\",\"inLanguage\":\"pt-BR\",\"@id\":\"https:\/\/www.manaus.am.gov.br\/manauscult\/livro-reserva-tupe\/#primaryimage\",\"url\":\"https:\/\/www.manaus.am.gov.br\/manauscult\/wp-content\/uploads\/sites\/11\/2025\/03\/54388844743_0854de023b_c.jpg\",\"contentUrl\":\"https:\/\/www.manaus.am.gov.br\/manauscult\/wp-content\/uploads\/sites\/11\/2025\/03\/54388844743_0854de023b_c.jpg\",\"width\":799,\"height\":533,\"caption\":\"#paratodosverem Tony Medeiro e Raimundo de Souza realizaram o lan\u00e7amento do livro na comunidade\"},{\"@type\":\"BreadcrumbList\",\"@id\":\"https:\/\/www.manaus.am.gov.br\/manauscult\/livro-reserva-tupe\/#breadcrumb\",\"itemListElement\":[{\"@type\":\"ListItem\",\"position\":1,\"name\":\"Home\",\"item\":\"https:\/\/www.manaus.am.gov.br\/manauscult\/\"},{\"@type\":\"ListItem\",\"position\":2,\"name\":\"Prefeitura de Manaus apoia lan\u00e7amento de livro sobre a Reserva de Desenvolvimento Sustent\u00e1vel do Tup\u00e9\"}]},{\"@type\":\"WebSite\",\"@id\":\"https:\/\/www.manaus.am.gov.br\/manauscult\/#website\",\"url\":\"https:\/\/www.manaus.am.gov.br\/manauscult\/\",\"name\":\"MANAUSCULT\",\"description\":\"Prefeitura de Manaus\",\"potentialAction\":[{\"@type\":\"SearchAction\",\"target\":{\"@type\":\"EntryPoint\",\"urlTemplate\":\"https:\/\/www.manaus.am.gov.br\/manauscult\/?s={search_term_string}\"},\"query-input\":\"required name=search_term_string\"}],\"inLanguage\":\"pt-BR\"},{\"@type\":\"Person\",\"@id\":\"https:\/\/www.manaus.am.gov.br\/manauscult\/#\/schema\/person\/587989a23a463cde5618e6a028977a9a\",\"name\":\"Maur\u00edcio Freire\",\"image\":{\"@type\":\"ImageObject\",\"inLanguage\":\"pt-BR\",\"@id\":\"https:\/\/www.manaus.am.gov.br\/manauscult\/#\/schema\/person\/image\/\",\"url\":\"https:\/\/secure.gravatar.com\/avatar\/dc1481799a1f75c733ac3b2634cd6749?s=96&d=mm&r=g\",\"contentUrl\":\"https:\/\/secure.gravatar.com\/avatar\/dc1481799a1f75c733ac3b2634cd6749?s=96&d=mm&r=g\",\"caption\":\"Maur\u00edcio Freire\"}}]}<\/script>\n<!-- \/ Yoast SEO plugin. -->","yoast_head_json":{"title":"Prefeitura apoia lan\u00e7amento de livro sobre a Reserva de Desenvolvimento Sustent\u00e1vel do Tup\u00e9","description":"A hist\u00f3ria da Reserva de Desenvolvimento Sustent\u00e1vel do Tup\u00e9 (RDS do Tup\u00e9) agora entrou para os livros","robots":{"index":"noindex","follow":"follow"},"og_locale":"pt_BR","og_type":"article","og_title":"Prefeitura apoia lan\u00e7amento de livro sobre a Reserva de Desenvolvimento Sustent\u00e1vel do Tup\u00e9","og_description":"A hist\u00f3ria da Reserva de Desenvolvimento Sustent\u00e1vel do Tup\u00e9 (RDS do Tup\u00e9) agora entrou para os livros","og_url":"https:\/\/www.manaus.am.gov.br\/manauscult\/livro-reserva-tupe\/","og_site_name":"MANAUSCULT","article_published_time":"2025-03-15T20:59:43+00:00","article_modified_time":"2025-03-15T20:59:49+00:00","og_image":[{"width":799,"height":533,"url":"https:\/\/www.manaus.am.gov.br\/manauscult\/wp-content\/uploads\/sites\/11\/2025\/03\/54388844743_0854de023b_c.jpg","type":"image\/jpeg"}],"author":"Maur\u00edcio Freire","twitter_card":"summary_large_image","twitter_misc":{"Written by":"Maur\u00edcio Freire","Est. reading time":"3 minutos"},"schema":{"@context":"https:\/\/schema.org","@graph":[{"@type":"WebPage","@id":"https:\/\/www.manaus.am.gov.br\/manauscult\/livro-reserva-tupe\/","url":"https:\/\/www.manaus.am.gov.br\/manauscult\/livro-reserva-tupe\/","name":"Prefeitura apoia lan\u00e7amento de livro sobre a Reserva de Desenvolvimento Sustent\u00e1vel do Tup\u00e9","isPartOf":{"@id":"https:\/\/www.manaus.am.gov.br\/manauscult\/#website"},"primaryImageOfPage":{"@id":"https:\/\/www.manaus.am.gov.br\/manauscult\/livro-reserva-tupe\/#primaryimage"},"image":{"@id":"https:\/\/www.manaus.am.gov.br\/manauscult\/livro-reserva-tupe\/#primaryimage"},"thumbnailUrl":"https:\/\/www.manaus.am.gov.br\/manauscult\/wp-content\/uploads\/sites\/11\/2025\/03\/54388844743_0854de023b_c.jpg","datePublished":"2025-03-15T20:59:43+00:00","dateModified":"2025-03-15T20:59:49+00:00","author":{"@id":"https:\/\/www.manaus.am.gov.br\/manauscult\/#\/schema\/person\/587989a23a463cde5618e6a028977a9a"},"description":"A hist\u00f3ria da Reserva de Desenvolvimento Sustent\u00e1vel do Tup\u00e9 (RDS do Tup\u00e9) agora entrou para os livros","breadcrumb":{"@id":"https:\/\/www.manaus.am.gov.br\/manauscult\/livro-reserva-tupe\/#breadcrumb"},"inLanguage":"pt-BR","potentialAction":[{"@type":"ReadAction","target":["https:\/\/www.manaus.am.gov.br\/manauscult\/livro-reserva-tupe\/"]}]},{"@type":"ImageObject","inLanguage":"pt-BR","@id":"https:\/\/www.manaus.am.gov.br\/manauscult\/livro-reserva-tupe\/#primaryimage","url":"https:\/\/www.manaus.am.gov.br\/manauscult\/wp-content\/uploads\/sites\/11\/2025\/03\/54388844743_0854de023b_c.jpg","contentUrl":"https:\/\/www.manaus.am.gov.br\/manauscult\/wp-content\/uploads\/sites\/11\/2025\/03\/54388844743_0854de023b_c.jpg","width":799,"height":533,"caption":"#paratodosverem Tony Medeiro e Raimundo de Souza realizaram o lan\u00e7amento do livro na comunidade"},{"@type":"BreadcrumbList","@id":"https:\/\/www.manaus.am.gov.br\/manauscult\/livro-reserva-tupe\/#breadcrumb","itemListElement":[{"@type":"ListItem","position":1,"name":"Home","item":"https:\/\/www.manaus.am.gov.br\/manauscult\/"},{"@type":"ListItem","position":2,"name":"Prefeitura de Manaus apoia lan\u00e7amento de livro sobre a Reserva de Desenvolvimento Sustent\u00e1vel do Tup\u00e9"}]},{"@type":"WebSite","@id":"https:\/\/www.manaus.am.gov.br\/manauscult\/#website","url":"https:\/\/www.manaus.am.gov.br\/manauscult\/","name":"MANAUSCULT","description":"Prefeitura de Manaus","potentialAction":[{"@type":"SearchAction","target":{"@type":"EntryPoint","urlTemplate":"https:\/\/www.manaus.am.gov.br\/manauscult\/?s={search_term_string}"},"query-input":"required name=search_term_string"}],"inLanguage":"pt-BR"},{"@type":"Person","@id":"https:\/\/www.manaus.am.gov.br\/manauscult\/#\/schema\/person\/587989a23a463cde5618e6a028977a9a","name":"Maur\u00edcio Freire","image":{"@type":"ImageObject","inLanguage":"pt-BR","@id":"https:\/\/www.manaus.am.gov.br\/manauscult\/#\/schema\/person\/image\/","url":"https:\/\/secure.gravatar.com\/avatar\/dc1481799a1f75c733ac3b2634cd6749?s=96&d=mm&r=g","contentUrl":"https:\/\/secure.gravatar.com\/avatar\/dc1481799a1f75c733ac3b2634cd6749?s=96&d=mm&r=g","caption":"Maur\u00edcio Freire"}}]}},"_links":{"self":[{"href":"https:\/\/www.manaus.am.gov.br\/manauscult\/wp-json\/wp\/v2\/posts\/3374"}],"collection":[{"href":"https:\/\/www.manaus.am.gov.br\/manauscult\/wp-json\/wp\/v2\/posts"}],"about":[{"href":"https:\/\/www.manaus.am.gov.br\/manauscult\/wp-json\/wp\/v2\/types\/post"}],"author":[{"embeddable":true,"href":"https:\/\/www.manaus.am.gov.br\/manauscult\/wp-json\/wp\/v2\/users\/25"}],"replies":[{"embeddable":true,"href":"https:\/\/www.manaus.am.gov.br\/manauscult\/wp-json\/wp\/v2\/comments?post=3374"}],"version-history":[{"count":0,"href":"https:\/\/www.manaus.am.gov.br\/manauscult\/wp-json\/wp\/v2\/posts\/3374\/revisions"}],"wp:featuredmedia":[{"embeddable":true,"href":"https:\/\/www.manaus.am.gov.br\/manauscult\/wp-json\/wp\/v2\/media\/3375"}],"wp:attachment":[{"href":"https:\/\/www.manaus.am.gov.br\/manauscult\/wp-json\/wp\/v2\/media?parent=3374"}],"wp:term":[{"taxonomy":"category","embeddable":true,"href":"https:\/\/www.manaus.am.gov.br\/manauscult\/wp-json\/wp\/v2\/categories?post=3374"},{"taxonomy":"post_tag","embeddable":true,"href":"https:\/\/www.manaus.am.gov.br\/manauscult\/wp-json\/wp\/v2\/tags?post=3374"}],"curies":[{"name":"wp","href":"https:\/\/api.w.org\/{rel}","templated":true}]}}