{"id":3345,"date":"2025-03-10T17:01:10","date_gmt":"2025-03-10T21:01:10","guid":{"rendered":"https:\/\/www.manaus.am.gov.br\/manauscult\/impacto-pier-manaus-355\/"},"modified":"2025-03-10T17:02:27","modified_gmt":"2025-03-10T21:02:27","slug":"impacto-pier-manaus-355","status":"publish","type":"post","link":"https:\/\/www.manaus.am.gov.br\/manauscult\/impacto-pier-manaus-355\/","title":{"rendered":"Prefeitura comemora impacto tur\u00edstico e econ\u00f4mico do P\u00eder Manaus 355\u00a0"},"content":{"rendered":"\n<p>A Prefeitura de Manaus, por meio da Funda\u00e7\u00e3o Municipal de Cultura, Turismo e Eventos (Manauscult), celebra o sucesso do P\u00eder Manaus 355, que vem se consolidando como um dos principais pontos tur\u00edsticos da cidade. Inaugurado em junho de 2024, o espa\u00e7o revoluciona o acesso aos rios da regi\u00e3o, facilita o turismo fluvial e impulsiona a economia local.<\/p>\n\n\n\n<p>Localizado no Mirante L\u00facia Almeida, na avenida Sete de Setembro, o p\u00eder recebeu esse nome em homenagem aos 355 anos da capital amazonense, comemorados em outubro de 2024. Com uma estrutura moderna e segura, o espa\u00e7o foi projetado para atender embarca\u00e7\u00f5es de pequeno e m\u00e9dio portes, garantindo mais conforto para moradores e visitantes que desejam explorar a Amaz\u00f4nia por meio dos rios.<\/p>\n\n\n\n<p>Desde sua inaugura\u00e7\u00e3o, o P\u00eder 355 recebe, em m\u00e9dia, 300 turistas por dia, n\u00famero que se intensifica durante a temporada de cruzeiros, quando a cidade recebe embarca\u00e7\u00f5es nacionais e internacionais.<\/p>\n\n\n\n<p>Al\u00e9m dos turistas que embarcam para passeios fluviais, muitos moradores de Manaus tamb\u00e9m frequentam o local para apreciar um dos espet\u00e1culos naturais mais belos da regi\u00e3o: o p\u00f4r do sol \u00e0s margens do rio Negro, que j\u00e1 se tornou um atrativo \u00e0 parte.<\/p>\n\n\n\n<p>O equipamento p\u00fablico faz parte do programa \u201cNosso Centro\u201d, iniciativa da Prefeitura de Manaus para revitalizar \u00e1reas hist\u00f3ricas e valorizar o turismo regional. Com duas pontes de liga\u00e7\u00e3o de 60 metros e dois flutuantes de apoio de 18 por 12 metros, o p\u00eder oferece infraestrutura moderna e segura para opera\u00e7\u00f5es n\u00e1uticas, al\u00e9m de ser um ponto estrat\u00e9gico para eventos culturais e esportivos.<\/p>\n\n\n\n<p>O P\u00eder 355 tem um papel fundamental na dinamiza\u00e7\u00e3o do turismo local. Empresas do setor passaram a oferecer novos roteiros a partir do espa\u00e7o, incluindo passeios pelo Encontro das \u00c1guas, visitas a comunidades ind\u00edgenas e expedi\u00e7\u00f5es ecol\u00f3gicas. A estrutura tamb\u00e9m permite que barqueiros, propriet\u00e1rios de lanchas e outros meios de transporte fluvial possam atracar com seguran\u00e7a, ampliando a oferta de servi\u00e7os tur\u00edsticos na cidade.<\/p>\n\n\n\n<p>O diretor-presidente da Manauscult, Jender Lobato, ressaltou a import\u00e2ncia do p\u00eder para a cidade.<\/p>\n\n\n\n<p>\u201cO P\u00eder 355 \u00e9 um marco para Manaus. Ele n\u00e3o apenas valoriza nosso potencial tur\u00edstico, mas tamb\u00e9m impulsiona a economia, gerando novas oportunidades de emprego e renda. Al\u00e9m disso, oferece \u00e0 popula\u00e7\u00e3o um local seguro e estruturado para desfrutar da nossa cultura e beleza natural. A cidade precisava de um equipamento como esse, que agora \u00e9 uma realidade, gra\u00e7as ao comprometimento da Prefeitura\u201d disse.<\/p>\n\n\n\n<p>Al\u00e9m de ser um ponto de embarque tur\u00edstico, o p\u00eder tamb\u00e9m se tornou um palco para eventos culturais e esportivos. Desde sua inaugura\u00e7\u00e3o, j\u00e1 sediou apresenta\u00e7\u00f5es dos bumb\u00e1s Garantido e Caprichoso, shows de artistas locais e competi\u00e7\u00f5es de canoagem e wakeboard.<\/p>\n\n\n\n<p>A Prefeitura de Manaus, por meio da Manauscult, tamb\u00e9m promove uma programa\u00e7\u00e3o cultural fixa, com m\u00fasica ao vivo e atra\u00e7\u00f5es gratuitas para toda a fam\u00edlia, transformando o p\u00eder em um espa\u00e7o de conviv\u00eancia e lazer \u00e0 beira do rio.<\/p>\n\n\n\n<figure class=\"wp-block-image size-large\"><img loading=\"lazy\" decoding=\"async\" width=\"1024\" height=\"684\" src=\"https:\/\/www.manaus.am.gov.br\/manauscult\/wp-content\/uploads\/sites\/11\/2025\/03\/WhatsApp-Image-2025-03-10-at-16.58.16-2-1024x684.jpeg\" alt=\"\" class=\"wp-image-3350\" srcset=\"https:\/\/www.manaus.am.gov.br\/manauscult\/wp-content\/uploads\/sites\/11\/2025\/03\/WhatsApp-Image-2025-03-10-at-16.58.16-2-1024x684.jpeg 1024w, https:\/\/www.manaus.am.gov.br\/manauscult\/wp-content\/uploads\/sites\/11\/2025\/03\/WhatsApp-Image-2025-03-10-at-16.58.16-2-300x200.jpeg 300w, https:\/\/www.manaus.am.gov.br\/manauscult\/wp-content\/uploads\/sites\/11\/2025\/03\/WhatsApp-Image-2025-03-10-at-16.58.16-2-768x513.jpeg 768w, https:\/\/www.manaus.am.gov.br\/manauscult\/wp-content\/uploads\/sites\/11\/2025\/03\/WhatsApp-Image-2025-03-10-at-16.58.16-2-1536x1026.jpeg 1536w, https:\/\/www.manaus.am.gov.br\/manauscult\/wp-content\/uploads\/sites\/11\/2025\/03\/WhatsApp-Image-2025-03-10-at-16.58.16-2.jpeg 1600w\" sizes=\"(max-width: 1024px) 100vw, 1024px\" \/><\/figure>\n\n\n\n<p>O P\u00eder 355 j\u00e1 \u00e9 considerado um dos principais cart\u00f5es-postais da cidade. Com sua estrutura moderna e localiza\u00e7\u00e3o privilegiada, ele fortalece a identidade de Manaus como um destino tur\u00edstico de destaque na Amaz\u00f4nia.<\/p>\n\n\n\n<p>Seja para um passeio pelo rio, um evento cultural ou simplesmente para contemplar o deslumbrante p\u00f4r do sol sobre o Rio Negro, o p\u00eder se consolidou como um dos espa\u00e7os mais ic\u00f4nicos, atraindo cada vez mais visitantes e contribuindo para o desenvolvimento tur\u00edstico e econ\u00f4mico da capital amazonense.<\/p>\n\n\n\n<p>&#8212; &#8212; &#8212;<\/p>\n\n\n\n<p><strong>Texto \u2013 <\/strong>J\u00e9ssica Trajano \/ Manauscult<br><strong>Foto \u2013<\/strong> Thelson Souza \/ Manauscult<\/p>\n","protected":false},"excerpt":{"rendered":"","protected":false},"author":68,"featured_media":3347,"comment_status":"closed","ping_status":"closed","sticky":false,"template":"","format":"standard","meta":{"footnotes":""},"categories":[18],"tags":[1276,9,11],"acf":[],"yoast_head":"<!-- This site is optimized with the Yoast SEO plugin v23.0 - https:\/\/yoast.com\/wordpress\/plugins\/seo\/ -->\n<title>Prefeitura comemora impacto tur\u00edstico e econ\u00f4mico do P\u00eder Manaus 355\u00a0<\/title>\n<meta name=\"description\" content=\"A Prefeitura de Manaus, por meio da Funda\u00e7\u00e3o Municipal de Cultura, Turismo e Eventos (Manauscult), celebra o sucesso do P\u00eder Manaus 355, que vem se consolidando como um dos principais pontos tur\u00edsticos da cidade.\" \/>\n<meta name=\"robots\" content=\"noindex, follow\" \/>\n<meta property=\"og:locale\" content=\"pt_BR\" \/>\n<meta property=\"og:type\" content=\"article\" \/>\n<meta property=\"og:title\" content=\"Prefeitura comemora impacto tur\u00edstico e econ\u00f4mico do P\u00eder Manaus 355\u00a0\" \/>\n<meta property=\"og:description\" content=\"A Prefeitura de Manaus, por meio da Funda\u00e7\u00e3o Municipal de Cultura, Turismo e Eventos (Manauscult), celebra o sucesso do P\u00eder Manaus 355, que vem se consolidando como um dos principais pontos tur\u00edsticos da cidade.\" \/>\n<meta property=\"og:url\" content=\"https:\/\/www.manaus.am.gov.br\/manauscult\/impacto-pier-manaus-355\/\" \/>\n<meta property=\"og:site_name\" content=\"MANAUSCULT\" \/>\n<meta property=\"article:published_time\" content=\"2025-03-10T21:01:10+00:00\" \/>\n<meta property=\"article:modified_time\" content=\"2025-03-10T21:02:27+00:00\" \/>\n<meta property=\"og:image\" content=\"https:\/\/www.manaus.am.gov.br\/manauscult\/wp-content\/uploads\/sites\/11\/2025\/03\/WhatsApp-Image-2025-03-10-at-16.58.16-1.jpeg\" \/>\n\t<meta property=\"og:image:width\" content=\"1600\" \/>\n\t<meta property=\"og:image:height\" content=\"1069\" \/>\n\t<meta property=\"og:image:type\" content=\"image\/jpeg\" \/>\n<meta name=\"author\" content=\"bvalente\" \/>\n<meta name=\"twitter:card\" content=\"summary_large_image\" \/>\n<meta name=\"twitter:label1\" content=\"Written by\" \/>\n\t<meta name=\"twitter:data1\" content=\"bvalente\" \/>\n\t<meta name=\"twitter:label2\" content=\"Est. reading time\" \/>\n\t<meta name=\"twitter:data2\" content=\"4 minutos\" \/>\n<script type=\"application\/ld+json\" class=\"yoast-schema-graph\">{\"@context\":\"https:\/\/schema.org\",\"@graph\":[{\"@type\":\"WebPage\",\"@id\":\"https:\/\/www.manaus.am.gov.br\/manauscult\/impacto-pier-manaus-355\/\",\"url\":\"https:\/\/www.manaus.am.gov.br\/manauscult\/impacto-pier-manaus-355\/\",\"name\":\"Prefeitura comemora impacto tur\u00edstico e econ\u00f4mico do P\u00eder Manaus 355\u00a0\",\"isPartOf\":{\"@id\":\"https:\/\/www.manaus.am.gov.br\/manauscult\/#website\"},\"primaryImageOfPage\":{\"@id\":\"https:\/\/www.manaus.am.gov.br\/manauscult\/impacto-pier-manaus-355\/#primaryimage\"},\"image\":{\"@id\":\"https:\/\/www.manaus.am.gov.br\/manauscult\/impacto-pier-manaus-355\/#primaryimage\"},\"thumbnailUrl\":\"https:\/\/www.manaus.am.gov.br\/manauscult\/wp-content\/uploads\/sites\/11\/2025\/03\/WhatsApp-Image-2025-03-10-at-16.58.16-1.jpeg\",\"datePublished\":\"2025-03-10T21:01:10+00:00\",\"dateModified\":\"2025-03-10T21:02:27+00:00\",\"author\":{\"@id\":\"https:\/\/www.manaus.am.gov.br\/manauscult\/#\/schema\/person\/466a0e03ae4b6062809046bd560ac955\"},\"description\":\"A Prefeitura de Manaus, por meio da Funda\u00e7\u00e3o Municipal de Cultura, Turismo e Eventos (Manauscult), celebra o sucesso do P\u00eder Manaus 355, que vem se consolidando como um dos principais pontos tur\u00edsticos da cidade.\",\"breadcrumb\":{\"@id\":\"https:\/\/www.manaus.am.gov.br\/manauscult\/impacto-pier-manaus-355\/#breadcrumb\"},\"inLanguage\":\"pt-BR\",\"potentialAction\":[{\"@type\":\"ReadAction\",\"target\":[\"https:\/\/www.manaus.am.gov.br\/manauscult\/impacto-pier-manaus-355\/\"]}]},{\"@type\":\"ImageObject\",\"inLanguage\":\"pt-BR\",\"@id\":\"https:\/\/www.manaus.am.gov.br\/manauscult\/impacto-pier-manaus-355\/#primaryimage\",\"url\":\"https:\/\/www.manaus.am.gov.br\/manauscult\/wp-content\/uploads\/sites\/11\/2025\/03\/WhatsApp-Image-2025-03-10-at-16.58.16-1.jpeg\",\"contentUrl\":\"https:\/\/www.manaus.am.gov.br\/manauscult\/wp-content\/uploads\/sites\/11\/2025\/03\/WhatsApp-Image-2025-03-10-at-16.58.16-1.jpeg\",\"width\":1600,\"height\":1069},{\"@type\":\"BreadcrumbList\",\"@id\":\"https:\/\/www.manaus.am.gov.br\/manauscult\/impacto-pier-manaus-355\/#breadcrumb\",\"itemListElement\":[{\"@type\":\"ListItem\",\"position\":1,\"name\":\"Home\",\"item\":\"https:\/\/www.manaus.am.gov.br\/manauscult\/\"},{\"@type\":\"ListItem\",\"position\":2,\"name\":\"Prefeitura comemora impacto tur\u00edstico e econ\u00f4mico do P\u00eder Manaus 355\u00a0\"}]},{\"@type\":\"WebSite\",\"@id\":\"https:\/\/www.manaus.am.gov.br\/manauscult\/#website\",\"url\":\"https:\/\/www.manaus.am.gov.br\/manauscult\/\",\"name\":\"MANAUSCULT\",\"description\":\"Prefeitura de Manaus\",\"potentialAction\":[{\"@type\":\"SearchAction\",\"target\":{\"@type\":\"EntryPoint\",\"urlTemplate\":\"https:\/\/www.manaus.am.gov.br\/manauscult\/?s={search_term_string}\"},\"query-input\":\"required name=search_term_string\"}],\"inLanguage\":\"pt-BR\"},{\"@type\":\"Person\",\"@id\":\"https:\/\/www.manaus.am.gov.br\/manauscult\/#\/schema\/person\/466a0e03ae4b6062809046bd560ac955\",\"name\":\"bvalente\",\"image\":{\"@type\":\"ImageObject\",\"inLanguage\":\"pt-BR\",\"@id\":\"https:\/\/www.manaus.am.gov.br\/manauscult\/#\/schema\/person\/image\/\",\"url\":\"https:\/\/secure.gravatar.com\/avatar\/3e69bc2b014bdad41adfec3a39de07d2?s=96&d=mm&r=g\",\"contentUrl\":\"https:\/\/secure.gravatar.com\/avatar\/3e69bc2b014bdad41adfec3a39de07d2?s=96&d=mm&r=g\",\"caption\":\"bvalente\"}}]}<\/script>\n<!-- \/ Yoast SEO plugin. -->","yoast_head_json":{"title":"Prefeitura comemora impacto tur\u00edstico e econ\u00f4mico do P\u00eder Manaus 355\u00a0","description":"A Prefeitura de Manaus, por meio da Funda\u00e7\u00e3o Municipal de Cultura, Turismo e Eventos (Manauscult), celebra o sucesso do P\u00eder Manaus 355, que vem se consolidando como um dos principais pontos tur\u00edsticos da cidade.","robots":{"index":"noindex","follow":"follow"},"og_locale":"pt_BR","og_type":"article","og_title":"Prefeitura comemora impacto tur\u00edstico e econ\u00f4mico do P\u00eder Manaus 355\u00a0","og_description":"A Prefeitura de Manaus, por meio da Funda\u00e7\u00e3o Municipal de Cultura, Turismo e Eventos (Manauscult), celebra o sucesso do P\u00eder Manaus 355, que vem se consolidando como um dos principais pontos tur\u00edsticos da cidade.","og_url":"https:\/\/www.manaus.am.gov.br\/manauscult\/impacto-pier-manaus-355\/","og_site_name":"MANAUSCULT","article_published_time":"2025-03-10T21:01:10+00:00","article_modified_time":"2025-03-10T21:02:27+00:00","og_image":[{"width":1600,"height":1069,"url":"https:\/\/www.manaus.am.gov.br\/manauscult\/wp-content\/uploads\/sites\/11\/2025\/03\/WhatsApp-Image-2025-03-10-at-16.58.16-1.jpeg","type":"image\/jpeg"}],"author":"bvalente","twitter_card":"summary_large_image","twitter_misc":{"Written by":"bvalente","Est. reading time":"4 minutos"},"schema":{"@context":"https:\/\/schema.org","@graph":[{"@type":"WebPage","@id":"https:\/\/www.manaus.am.gov.br\/manauscult\/impacto-pier-manaus-355\/","url":"https:\/\/www.manaus.am.gov.br\/manauscult\/impacto-pier-manaus-355\/","name":"Prefeitura comemora impacto tur\u00edstico e econ\u00f4mico do P\u00eder Manaus 355\u00a0","isPartOf":{"@id":"https:\/\/www.manaus.am.gov.br\/manauscult\/#website"},"primaryImageOfPage":{"@id":"https:\/\/www.manaus.am.gov.br\/manauscult\/impacto-pier-manaus-355\/#primaryimage"},"image":{"@id":"https:\/\/www.manaus.am.gov.br\/manauscult\/impacto-pier-manaus-355\/#primaryimage"},"thumbnailUrl":"https:\/\/www.manaus.am.gov.br\/manauscult\/wp-content\/uploads\/sites\/11\/2025\/03\/WhatsApp-Image-2025-03-10-at-16.58.16-1.jpeg","datePublished":"2025-03-10T21:01:10+00:00","dateModified":"2025-03-10T21:02:27+00:00","author":{"@id":"https:\/\/www.manaus.am.gov.br\/manauscult\/#\/schema\/person\/466a0e03ae4b6062809046bd560ac955"},"description":"A Prefeitura de Manaus, por meio da Funda\u00e7\u00e3o Municipal de Cultura, Turismo e Eventos (Manauscult), celebra o sucesso do P\u00eder Manaus 355, que vem se consolidando como um dos principais pontos tur\u00edsticos da cidade.","breadcrumb":{"@id":"https:\/\/www.manaus.am.gov.br\/manauscult\/impacto-pier-manaus-355\/#breadcrumb"},"inLanguage":"pt-BR","potentialAction":[{"@type":"ReadAction","target":["https:\/\/www.manaus.am.gov.br\/manauscult\/impacto-pier-manaus-355\/"]}]},{"@type":"ImageObject","inLanguage":"pt-BR","@id":"https:\/\/www.manaus.am.gov.br\/manauscult\/impacto-pier-manaus-355\/#primaryimage","url":"https:\/\/www.manaus.am.gov.br\/manauscult\/wp-content\/uploads\/sites\/11\/2025\/03\/WhatsApp-Image-2025-03-10-at-16.58.16-1.jpeg","contentUrl":"https:\/\/www.manaus.am.gov.br\/manauscult\/wp-content\/uploads\/sites\/11\/2025\/03\/WhatsApp-Image-2025-03-10-at-16.58.16-1.jpeg","width":1600,"height":1069},{"@type":"BreadcrumbList","@id":"https:\/\/www.manaus.am.gov.br\/manauscult\/impacto-pier-manaus-355\/#breadcrumb","itemListElement":[{"@type":"ListItem","position":1,"name":"Home","item":"https:\/\/www.manaus.am.gov.br\/manauscult\/"},{"@type":"ListItem","position":2,"name":"Prefeitura comemora impacto tur\u00edstico e econ\u00f4mico do P\u00eder Manaus 355\u00a0"}]},{"@type":"WebSite","@id":"https:\/\/www.manaus.am.gov.br\/manauscult\/#website","url":"https:\/\/www.manaus.am.gov.br\/manauscult\/","name":"MANAUSCULT","description":"Prefeitura de Manaus","potentialAction":[{"@type":"SearchAction","target":{"@type":"EntryPoint","urlTemplate":"https:\/\/www.manaus.am.gov.br\/manauscult\/?s={search_term_string}"},"query-input":"required name=search_term_string"}],"inLanguage":"pt-BR"},{"@type":"Person","@id":"https:\/\/www.manaus.am.gov.br\/manauscult\/#\/schema\/person\/466a0e03ae4b6062809046bd560ac955","name":"bvalente","image":{"@type":"ImageObject","inLanguage":"pt-BR","@id":"https:\/\/www.manaus.am.gov.br\/manauscult\/#\/schema\/person\/image\/","url":"https:\/\/secure.gravatar.com\/avatar\/3e69bc2b014bdad41adfec3a39de07d2?s=96&d=mm&r=g","contentUrl":"https:\/\/secure.gravatar.com\/avatar\/3e69bc2b014bdad41adfec3a39de07d2?s=96&d=mm&r=g","caption":"bvalente"}}]}},"_links":{"self":[{"href":"https:\/\/www.manaus.am.gov.br\/manauscult\/wp-json\/wp\/v2\/posts\/3345"}],"collection":[{"href":"https:\/\/www.manaus.am.gov.br\/manauscult\/wp-json\/wp\/v2\/posts"}],"about":[{"href":"https:\/\/www.manaus.am.gov.br\/manauscult\/wp-json\/wp\/v2\/types\/post"}],"author":[{"embeddable":true,"href":"https:\/\/www.manaus.am.gov.br\/manauscult\/wp-json\/wp\/v2\/users\/68"}],"replies":[{"embeddable":true,"href":"https:\/\/www.manaus.am.gov.br\/manauscult\/wp-json\/wp\/v2\/comments?post=3345"}],"version-history":[{"count":3,"href":"https:\/\/www.manaus.am.gov.br\/manauscult\/wp-json\/wp\/v2\/posts\/3345\/revisions"}],"predecessor-version":[{"id":3351,"href":"https:\/\/www.manaus.am.gov.br\/manauscult\/wp-json\/wp\/v2\/posts\/3345\/revisions\/3351"}],"wp:featuredmedia":[{"embeddable":true,"href":"https:\/\/www.manaus.am.gov.br\/manauscult\/wp-json\/wp\/v2\/media\/3347"}],"wp:attachment":[{"href":"https:\/\/www.manaus.am.gov.br\/manauscult\/wp-json\/wp\/v2\/media?parent=3345"}],"wp:term":[{"taxonomy":"category","embeddable":true,"href":"https:\/\/www.manaus.am.gov.br\/manauscult\/wp-json\/wp\/v2\/categories?post=3345"},{"taxonomy":"post_tag","embeddable":true,"href":"https:\/\/www.manaus.am.gov.br\/manauscult\/wp-json\/wp\/v2\/tags?post=3345"}],"curies":[{"name":"wp","href":"https:\/\/api.w.org\/{rel}","templated":true}]}}