{"id":3277,"date":"2025-02-28T13:49:00","date_gmt":"2025-02-28T17:49:00","guid":{"rendered":"https:\/\/www.manaus.am.gov.br\/manauscult\/concultura-republicara-resultado-preliminar-editais-pnab\/"},"modified":"2025-02-28T13:49:02","modified_gmt":"2025-02-28T17:49:02","slug":"concultura-republicara-resultado-preliminar-editais-pnab","status":"publish","type":"post","link":"https:\/\/www.manaus.am.gov.br\/manauscult\/concultura-republicara-resultado-preliminar-editais-pnab\/","title":{"rendered":"Conselho Municipal de Cultura republicar\u00e1 o resultado preliminar dos editais da Pnab-Manaus"},"content":{"rendered":"\n<p>O Conselho Municipal de Cultura (Concultura) informa que, nesta sexta-feira, 28\/2, ser\u00e1 republicado o resultado preliminar do Edital n\u00ba 010\/2024 (Mestras da Cultura). A republica\u00e7\u00e3o dos resultados preliminares dos editais n\u00ba 005, 006, 007, 008 e 009 da Pnab-Manaus ocorrer\u00e1 at\u00e9 a pr\u00f3xima sexta-feira, 7\/3, no Di\u00e1rio Oficial do Munic\u00edpio (<a href=\"http:\/\/dom.manaus.am.gov.br\/\" target=\"_blank\" rel=\"noreferrer noopener\">dom.manaus.am.gov.br<\/a>).<\/p>\n\n\n\n<p>Um novo cronograma para interposi\u00e7\u00e3o de recursos e divulga\u00e7\u00e3o dos resultados finais ser\u00e1 divulgado na pr\u00f3xima semana.<\/p>\n\n\n\n<p>Os espelhos de notas devem ser solicitados exclusivamente pelo e-mail:&nbsp;<a href=\"mailto:recursopnabmanaus@gmail.com\" target=\"_blank\" rel=\"noreferrer noopener\">recursopnabmanaus@gmail.com<\/a>, e devem conter o n\u00famero do edital da Pnab-Manaus, o nome completo do proponente e do projeto, al\u00e9m do n\u00famero de identifica\u00e7\u00e3o (ID) do projeto.<\/p>\n\n\n\n<p>Para mais informa\u00e7\u00f5es, os interessados podem entrar em contato pelo n\u00famero (92) 98842-1013, de segunda a sexta-feira, de 8h \u00e0s 17h.<\/p>\n\n\n\n<p>&#8212; &#8212; &#8212;<\/p>\n\n\n\n<p><strong>Texto \u2013<\/strong>\u00a0Divulga\u00e7\u00e3o\/Concultura<\/p>\n","protected":false},"excerpt":{"rendered":"","protected":false},"author":39,"featured_media":2958,"comment_status":"closed","ping_status":"closed","sticky":false,"template":"","format":"standard","meta":{"footnotes":""},"categories":[224],"tags":[1010,1261,11,1262,270],"acf":[],"yoast_head":"<!-- This site is optimized with the Yoast SEO plugin v23.0 - https:\/\/yoast.com\/wordpress\/plugins\/seo\/ -->\n<title>Concultura republicar\u00e1 o resultado preliminar dos editais da Pnab<\/title>\n<meta name=\"description\" content=\"Conselho Municipal de Cultura republicar\u00e1 o resultado preliminar dos editais da Pnab-Manaus nas pr\u00f3ximas semanas.\" \/>\n<meta name=\"robots\" content=\"noindex, follow\" \/>\n<meta property=\"og:locale\" content=\"pt_BR\" \/>\n<meta property=\"og:type\" content=\"article\" \/>\n<meta property=\"og:title\" content=\"Concultura republicar\u00e1 o resultado preliminar dos editais da Pnab\" \/>\n<meta property=\"og:description\" content=\"Conselho Municipal de Cultura republicar\u00e1 o resultado preliminar dos editais da Pnab-Manaus nas pr\u00f3ximas semanas.\" \/>\n<meta property=\"og:url\" content=\"https:\/\/www.manaus.am.gov.br\/manauscult\/concultura-republicara-resultado-preliminar-editais-pnab\/\" \/>\n<meta property=\"og:site_name\" content=\"MANAUSCULT\" \/>\n<meta property=\"article:published_time\" content=\"2025-02-28T17:49:00+00:00\" \/>\n<meta property=\"article:modified_time\" content=\"2025-02-28T17:49:02+00:00\" \/>\n<meta property=\"og:image\" content=\"https:\/\/www.manaus.am.gov.br\/manauscult\/wp-content\/uploads\/sites\/11\/2024\/12\/BANNER-NOTA.png\" \/>\n\t<meta property=\"og:image:width\" content=\"900\" \/>\n\t<meta property=\"og:image:height\" content=\"509\" \/>\n\t<meta property=\"og:image:type\" content=\"image\/png\" \/>\n<meta name=\"author\" content=\"Bruna Greco\" \/>\n<meta name=\"twitter:card\" content=\"summary_large_image\" \/>\n<meta name=\"twitter:label1\" content=\"Written by\" \/>\n\t<meta name=\"twitter:data1\" content=\"Bruna Greco\" \/>\n\t<meta name=\"twitter:label2\" content=\"Est. reading time\" \/>\n\t<meta name=\"twitter:data2\" content=\"1 minuto\" \/>\n<script type=\"application\/ld+json\" class=\"yoast-schema-graph\">{\"@context\":\"https:\/\/schema.org\",\"@graph\":[{\"@type\":\"WebPage\",\"@id\":\"https:\/\/www.manaus.am.gov.br\/manauscult\/concultura-republicara-resultado-preliminar-editais-pnab\/\",\"url\":\"https:\/\/www.manaus.am.gov.br\/manauscult\/concultura-republicara-resultado-preliminar-editais-pnab\/\",\"name\":\"Concultura republicar\u00e1 o resultado preliminar dos editais da Pnab\",\"isPartOf\":{\"@id\":\"https:\/\/www.manaus.am.gov.br\/manauscult\/#website\"},\"primaryImageOfPage\":{\"@id\":\"https:\/\/www.manaus.am.gov.br\/manauscult\/concultura-republicara-resultado-preliminar-editais-pnab\/#primaryimage\"},\"image\":{\"@id\":\"https:\/\/www.manaus.am.gov.br\/manauscult\/concultura-republicara-resultado-preliminar-editais-pnab\/#primaryimage\"},\"thumbnailUrl\":\"https:\/\/www.manaus.am.gov.br\/manauscult\/wp-content\/uploads\/sites\/11\/2024\/12\/BANNER-NOTA.png\",\"datePublished\":\"2025-02-28T17:49:00+00:00\",\"dateModified\":\"2025-02-28T17:49:02+00:00\",\"author\":{\"@id\":\"https:\/\/www.manaus.am.gov.br\/manauscult\/#\/schema\/person\/05d223aea2bf115f9883a6ff3683d81b\"},\"description\":\"Conselho Municipal de Cultura republicar\u00e1 o resultado preliminar dos editais da Pnab-Manaus nas pr\u00f3ximas semanas.\",\"breadcrumb\":{\"@id\":\"https:\/\/www.manaus.am.gov.br\/manauscult\/concultura-republicara-resultado-preliminar-editais-pnab\/#breadcrumb\"},\"inLanguage\":\"pt-BR\",\"potentialAction\":[{\"@type\":\"ReadAction\",\"target\":[\"https:\/\/www.manaus.am.gov.br\/manauscult\/concultura-republicara-resultado-preliminar-editais-pnab\/\"]}]},{\"@type\":\"ImageObject\",\"inLanguage\":\"pt-BR\",\"@id\":\"https:\/\/www.manaus.am.gov.br\/manauscult\/concultura-republicara-resultado-preliminar-editais-pnab\/#primaryimage\",\"url\":\"https:\/\/www.manaus.am.gov.br\/manauscult\/wp-content\/uploads\/sites\/11\/2024\/12\/BANNER-NOTA.png\",\"contentUrl\":\"https:\/\/www.manaus.am.gov.br\/manauscult\/wp-content\/uploads\/sites\/11\/2024\/12\/BANNER-NOTA.png\",\"width\":900,\"height\":509},{\"@type\":\"BreadcrumbList\",\"@id\":\"https:\/\/www.manaus.am.gov.br\/manauscult\/concultura-republicara-resultado-preliminar-editais-pnab\/#breadcrumb\",\"itemListElement\":[{\"@type\":\"ListItem\",\"position\":1,\"name\":\"Home\",\"item\":\"https:\/\/www.manaus.am.gov.br\/manauscult\/\"},{\"@type\":\"ListItem\",\"position\":2,\"name\":\"Conselho Municipal de Cultura republicar\u00e1 o resultado preliminar dos editais da Pnab-Manaus\"}]},{\"@type\":\"WebSite\",\"@id\":\"https:\/\/www.manaus.am.gov.br\/manauscult\/#website\",\"url\":\"https:\/\/www.manaus.am.gov.br\/manauscult\/\",\"name\":\"MANAUSCULT\",\"description\":\"Prefeitura de Manaus\",\"potentialAction\":[{\"@type\":\"SearchAction\",\"target\":{\"@type\":\"EntryPoint\",\"urlTemplate\":\"https:\/\/www.manaus.am.gov.br\/manauscult\/?s={search_term_string}\"},\"query-input\":\"required name=search_term_string\"}],\"inLanguage\":\"pt-BR\"},{\"@type\":\"Person\",\"@id\":\"https:\/\/www.manaus.am.gov.br\/manauscult\/#\/schema\/person\/05d223aea2bf115f9883a6ff3683d81b\",\"name\":\"Bruna Greco\",\"image\":{\"@type\":\"ImageObject\",\"inLanguage\":\"pt-BR\",\"@id\":\"https:\/\/www.manaus.am.gov.br\/manauscult\/#\/schema\/person\/image\/\",\"url\":\"https:\/\/secure.gravatar.com\/avatar\/9c877d1a6adc2a055330e5c09a8653ce?s=96&d=mm&r=g\",\"contentUrl\":\"https:\/\/secure.gravatar.com\/avatar\/9c877d1a6adc2a055330e5c09a8653ce?s=96&d=mm&r=g\",\"caption\":\"Bruna Greco\"}}]}<\/script>\n<!-- \/ Yoast SEO plugin. -->","yoast_head_json":{"title":"Concultura republicar\u00e1 o resultado preliminar dos editais da Pnab","description":"Conselho Municipal de Cultura republicar\u00e1 o resultado preliminar dos editais da Pnab-Manaus nas pr\u00f3ximas semanas.","robots":{"index":"noindex","follow":"follow"},"og_locale":"pt_BR","og_type":"article","og_title":"Concultura republicar\u00e1 o resultado preliminar dos editais da Pnab","og_description":"Conselho Municipal de Cultura republicar\u00e1 o resultado preliminar dos editais da Pnab-Manaus nas pr\u00f3ximas semanas.","og_url":"https:\/\/www.manaus.am.gov.br\/manauscult\/concultura-republicara-resultado-preliminar-editais-pnab\/","og_site_name":"MANAUSCULT","article_published_time":"2025-02-28T17:49:00+00:00","article_modified_time":"2025-02-28T17:49:02+00:00","og_image":[{"width":900,"height":509,"url":"https:\/\/www.manaus.am.gov.br\/manauscult\/wp-content\/uploads\/sites\/11\/2024\/12\/BANNER-NOTA.png","type":"image\/png"}],"author":"Bruna Greco","twitter_card":"summary_large_image","twitter_misc":{"Written by":"Bruna Greco","Est. reading time":"1 minuto"},"schema":{"@context":"https:\/\/schema.org","@graph":[{"@type":"WebPage","@id":"https:\/\/www.manaus.am.gov.br\/manauscult\/concultura-republicara-resultado-preliminar-editais-pnab\/","url":"https:\/\/www.manaus.am.gov.br\/manauscult\/concultura-republicara-resultado-preliminar-editais-pnab\/","name":"Concultura republicar\u00e1 o resultado preliminar dos editais da Pnab","isPartOf":{"@id":"https:\/\/www.manaus.am.gov.br\/manauscult\/#website"},"primaryImageOfPage":{"@id":"https:\/\/www.manaus.am.gov.br\/manauscult\/concultura-republicara-resultado-preliminar-editais-pnab\/#primaryimage"},"image":{"@id":"https:\/\/www.manaus.am.gov.br\/manauscult\/concultura-republicara-resultado-preliminar-editais-pnab\/#primaryimage"},"thumbnailUrl":"https:\/\/www.manaus.am.gov.br\/manauscult\/wp-content\/uploads\/sites\/11\/2024\/12\/BANNER-NOTA.png","datePublished":"2025-02-28T17:49:00+00:00","dateModified":"2025-02-28T17:49:02+00:00","author":{"@id":"https:\/\/www.manaus.am.gov.br\/manauscult\/#\/schema\/person\/05d223aea2bf115f9883a6ff3683d81b"},"description":"Conselho Municipal de Cultura republicar\u00e1 o resultado preliminar dos editais da Pnab-Manaus nas pr\u00f3ximas semanas.","breadcrumb":{"@id":"https:\/\/www.manaus.am.gov.br\/manauscult\/concultura-republicara-resultado-preliminar-editais-pnab\/#breadcrumb"},"inLanguage":"pt-BR","potentialAction":[{"@type":"ReadAction","target":["https:\/\/www.manaus.am.gov.br\/manauscult\/concultura-republicara-resultado-preliminar-editais-pnab\/"]}]},{"@type":"ImageObject","inLanguage":"pt-BR","@id":"https:\/\/www.manaus.am.gov.br\/manauscult\/concultura-republicara-resultado-preliminar-editais-pnab\/#primaryimage","url":"https:\/\/www.manaus.am.gov.br\/manauscult\/wp-content\/uploads\/sites\/11\/2024\/12\/BANNER-NOTA.png","contentUrl":"https:\/\/www.manaus.am.gov.br\/manauscult\/wp-content\/uploads\/sites\/11\/2024\/12\/BANNER-NOTA.png","width":900,"height":509},{"@type":"BreadcrumbList","@id":"https:\/\/www.manaus.am.gov.br\/manauscult\/concultura-republicara-resultado-preliminar-editais-pnab\/#breadcrumb","itemListElement":[{"@type":"ListItem","position":1,"name":"Home","item":"https:\/\/www.manaus.am.gov.br\/manauscult\/"},{"@type":"ListItem","position":2,"name":"Conselho Municipal de Cultura republicar\u00e1 o resultado preliminar dos editais da Pnab-Manaus"}]},{"@type":"WebSite","@id":"https:\/\/www.manaus.am.gov.br\/manauscult\/#website","url":"https:\/\/www.manaus.am.gov.br\/manauscult\/","name":"MANAUSCULT","description":"Prefeitura de Manaus","potentialAction":[{"@type":"SearchAction","target":{"@type":"EntryPoint","urlTemplate":"https:\/\/www.manaus.am.gov.br\/manauscult\/?s={search_term_string}"},"query-input":"required name=search_term_string"}],"inLanguage":"pt-BR"},{"@type":"Person","@id":"https:\/\/www.manaus.am.gov.br\/manauscult\/#\/schema\/person\/05d223aea2bf115f9883a6ff3683d81b","name":"Bruna Greco","image":{"@type":"ImageObject","inLanguage":"pt-BR","@id":"https:\/\/www.manaus.am.gov.br\/manauscult\/#\/schema\/person\/image\/","url":"https:\/\/secure.gravatar.com\/avatar\/9c877d1a6adc2a055330e5c09a8653ce?s=96&d=mm&r=g","contentUrl":"https:\/\/secure.gravatar.com\/avatar\/9c877d1a6adc2a055330e5c09a8653ce?s=96&d=mm&r=g","caption":"Bruna Greco"}}]}},"_links":{"self":[{"href":"https:\/\/www.manaus.am.gov.br\/manauscult\/wp-json\/wp\/v2\/posts\/3277"}],"collection":[{"href":"https:\/\/www.manaus.am.gov.br\/manauscult\/wp-json\/wp\/v2\/posts"}],"about":[{"href":"https:\/\/www.manaus.am.gov.br\/manauscult\/wp-json\/wp\/v2\/types\/post"}],"author":[{"embeddable":true,"href":"https:\/\/www.manaus.am.gov.br\/manauscult\/wp-json\/wp\/v2\/users\/39"}],"replies":[{"embeddable":true,"href":"https:\/\/www.manaus.am.gov.br\/manauscult\/wp-json\/wp\/v2\/comments?post=3277"}],"version-history":[{"count":0,"href":"https:\/\/www.manaus.am.gov.br\/manauscult\/wp-json\/wp\/v2\/posts\/3277\/revisions"}],"wp:featuredmedia":[{"embeddable":true,"href":"https:\/\/www.manaus.am.gov.br\/manauscult\/wp-json\/wp\/v2\/media\/2958"}],"wp:attachment":[{"href":"https:\/\/www.manaus.am.gov.br\/manauscult\/wp-json\/wp\/v2\/media?parent=3277"}],"wp:term":[{"taxonomy":"category","embeddable":true,"href":"https:\/\/www.manaus.am.gov.br\/manauscult\/wp-json\/wp\/v2\/categories?post=3277"},{"taxonomy":"post_tag","embeddable":true,"href":"https:\/\/www.manaus.am.gov.br\/manauscult\/wp-json\/wp\/v2\/tags?post=3277"}],"curies":[{"name":"wp","href":"https:\/\/api.w.org\/{rel}","templated":true}]}}