{"id":3273,"date":"2025-02-28T13:21:14","date_gmt":"2025-02-28T17:21:14","guid":{"rendered":"https:\/\/www.manaus.am.gov.br\/manauscult\/carnaval-inicia-oficialmente-fomento-recorde-manauscult\/"},"modified":"2025-02-28T13:21:14","modified_gmt":"2025-02-28T17:21:14","slug":"carnaval-inicia-oficialmente-fomento-recorde-manauscult","status":"publish","type":"post","link":"https:\/\/www.manaus.am.gov.br\/manauscult\/carnaval-inicia-oficialmente-fomento-recorde-manauscult\/","title":{"rendered":"Carnaval de Manaus 2025 inicia oficialmente com fomento recorde da prefeitura"},"content":{"rendered":"\n<p>O Carnaval de Manaus 2025 iniciou oficialmente, na noite desta quinta-feira, 27\/2, \u00e0s apresenta\u00e7\u00f5es das agremia\u00e7\u00f5es do Grupo B, que encantaram o p\u00fablico com enredos grandiosos e alegorias impressionantes.&nbsp; O evento, que celebra a cultura popular e movimenta a economia criativa local, contou com a presen\u00e7a da equipe da Prefeitura de Manaus, por meio da Funda\u00e7\u00e3o Municipal de Cultura, Turismo e Eventos (ManausCult), que acompanhou de perto o espet\u00e1culo e fiscalizou a aplica\u00e7\u00e3o dos recursos destinados \u00e0s agremia\u00e7\u00f5es.&nbsp;<\/p>\n\n\n\n<p>Este ano, o Carnaval de Manaus recebeu o maior fomento da hist\u00f3ria, mais de 2,5 milh\u00f5es s\u00f3 para as escolas de samba, garantindo que as agremia\u00e7\u00f5es tivessem acesso a um apoio financeiro recorde. O investimento, viabilizado pela ManausCult, permitiu que as agremia\u00e7\u00f5es ampliassem seus investimentos em infraestrutura, figurinos, alegorias e na valoriza\u00e7\u00e3o dos profissionais envolvidos na cadeia produtiva do Carnaval. &nbsp;<\/p>\n\n\n\n<p>O diretor-presidente da ManausCult, Jender Lobato, destacou a import\u00e2ncia do apoio do munic\u00edpio e celebrou os impactos positivos da festa para a economia e a cultura da cidade.<\/p>\n\n\n\n<p>\u201cEste \u00e9 um momento hist\u00f3rico para o Carnaval de Manaus. A prefeitura, com sensibilidade e compromisso com a cultura, fez um investimento para fortalecer nossas escolas de samba e valorizar os artistas. O Carnaval n\u00e3o \u00e9 apenas festa, \u00e9 gera\u00e7\u00e3o de emprego e renda, \u00e9 fortalecimento da nossa identidade cultural e um motor econ\u00f4mico fundamental para milhares de trabalhadores do setor. Esse fomento \u00e9 um reconhecimento da import\u00e2ncia dessa grande manifesta\u00e7\u00e3o popular\u201d, afirmou.&nbsp;<\/p>\n\n\n\n<p>Al\u00e9m da valoriza\u00e7\u00e3o cultural e art\u00edstica, os editais lan\u00e7ados para o Carnaval proporcionaram uma distribui\u00e7\u00e3o transparente e democr\u00e1tica dos recursos, permitindo que diversas escolas pudessem se estruturar e realizar um espet\u00e1culo ainda mais grandioso.&nbsp;<\/p>\n\n\n\n<p>A Prefeitura de Manaus, por meio da ManausCult, segue acompanhando a execu\u00e7\u00e3o dos investimentos, garantindo que os valores sejam aplicados conforme os crit\u00e9rios estabelecidos nos editais.&nbsp;<\/p>\n\n\n\n<p>Nesta sexta-feira, 28\/2, \u00e9 a vez das escolas do Grupo A entrarem na avenida, prometendo mais uma noite de muita festa e emo\u00e7\u00e3o. J\u00e1 neste s\u00e1bado, 1\u00b0\/3, o Carnaval de Manaus chega ao seu grande momento com o desfile das escolas do Grupo Especial, que encerram a programa\u00e7\u00e3o com um espet\u00e1culo de cores, ritmo e criatividade, consolidando a grandiosidade da festa na capital amazonense.<\/p>\n\n\n\n<figure class=\"wp-block-image size-large\"><img loading=\"lazy\" decoding=\"async\" width=\"1024\" height=\"768\" src=\"https:\/\/www.manaus.am.gov.br\/manauscult\/wp-content\/uploads\/sites\/11\/2025\/02\/Fiscalizacao-10-1024x768.jpeg\" alt=\"\" class=\"wp-image-3274\" srcset=\"https:\/\/www.manaus.am.gov.br\/manauscult\/wp-content\/uploads\/sites\/11\/2025\/02\/Fiscalizacao-10-1024x768.jpeg 1024w, https:\/\/www.manaus.am.gov.br\/manauscult\/wp-content\/uploads\/sites\/11\/2025\/02\/Fiscalizacao-10-300x225.jpeg 300w, https:\/\/www.manaus.am.gov.br\/manauscult\/wp-content\/uploads\/sites\/11\/2025\/02\/Fiscalizacao-10-768x576.jpeg 768w, https:\/\/www.manaus.am.gov.br\/manauscult\/wp-content\/uploads\/sites\/11\/2025\/02\/Fiscalizacao-10-1536x1152.jpeg 1536w, https:\/\/www.manaus.am.gov.br\/manauscult\/wp-content\/uploads\/sites\/11\/2025\/02\/Fiscalizacao-10.jpeg 1600w\" sizes=\"(max-width: 1024px) 100vw, 1024px\" \/><\/figure>\n\n\n\n<p>&#8212; &#8212; &#8212;<\/p>\n\n\n\n<p><strong>Texto \u2013<\/strong>\u00a0J\u00e9ssica Trajano\/ManausCult<\/p>\n\n\n\n<p><strong>Fotos \u2013 <\/strong>Divulga\u00e7\u00e3o\/ManausCult<\/p>\n","protected":false},"excerpt":{"rendered":"","protected":false},"author":39,"featured_media":3275,"comment_status":"closed","ping_status":"closed","sticky":false,"template":"","format":"standard","meta":{"footnotes":""},"categories":[1219],"tags":[1258,1259,764,1260,9,11],"acf":[],"yoast_head":"<!-- This site is optimized with the Yoast SEO plugin v23.0 - https:\/\/yoast.com\/wordpress\/plugins\/seo\/ -->\n<title>Carnaval inicia oficialmente com fomento recorde da prefeitura<\/title>\n<meta name=\"description\" content=\"Equipe da Prefeitura de Manaus, por meio da ManausCult, fiscalizou a aplica\u00e7\u00e3o dos recursos destinados \u00e0s agremia\u00e7\u00f5es.\u00a0\" \/>\n<meta name=\"robots\" content=\"noindex, follow\" \/>\n<meta property=\"og:locale\" content=\"pt_BR\" \/>\n<meta property=\"og:type\" content=\"article\" \/>\n<meta property=\"og:title\" content=\"Carnaval inicia oficialmente com fomento recorde da prefeitura\" \/>\n<meta property=\"og:description\" content=\"Equipe da Prefeitura de Manaus, por meio da ManausCult, fiscalizou a aplica\u00e7\u00e3o dos recursos destinados \u00e0s agremia\u00e7\u00f5es.\u00a0\" \/>\n<meta property=\"og:url\" content=\"https:\/\/www.manaus.am.gov.br\/manauscult\/carnaval-inicia-oficialmente-fomento-recorde-manauscult\/\" \/>\n<meta property=\"og:site_name\" content=\"MANAUSCULT\" \/>\n<meta property=\"article:published_time\" content=\"2025-02-28T17:21:14+00:00\" \/>\n<meta property=\"og:image\" content=\"https:\/\/www.manaus.am.gov.br\/manauscult\/wp-content\/uploads\/sites\/11\/2025\/02\/Fiscalizacao-1-2.jpeg\" \/>\n\t<meta property=\"og:image:width\" content=\"1600\" \/>\n\t<meta property=\"og:image:height\" content=\"1200\" \/>\n\t<meta property=\"og:image:type\" content=\"image\/jpeg\" \/>\n<meta name=\"author\" content=\"Bruna Greco\" \/>\n<meta name=\"twitter:card\" content=\"summary_large_image\" \/>\n<meta name=\"twitter:label1\" content=\"Written by\" \/>\n\t<meta name=\"twitter:data1\" content=\"Bruna Greco\" \/>\n\t<meta name=\"twitter:label2\" content=\"Est. reading time\" \/>\n\t<meta name=\"twitter:data2\" content=\"3 minutos\" \/>\n<script type=\"application\/ld+json\" class=\"yoast-schema-graph\">{\"@context\":\"https:\/\/schema.org\",\"@graph\":[{\"@type\":\"WebPage\",\"@id\":\"https:\/\/www.manaus.am.gov.br\/manauscult\/carnaval-inicia-oficialmente-fomento-recorde-manauscult\/\",\"url\":\"https:\/\/www.manaus.am.gov.br\/manauscult\/carnaval-inicia-oficialmente-fomento-recorde-manauscult\/\",\"name\":\"Carnaval inicia oficialmente com fomento recorde da prefeitura\",\"isPartOf\":{\"@id\":\"https:\/\/www.manaus.am.gov.br\/manauscult\/#website\"},\"primaryImageOfPage\":{\"@id\":\"https:\/\/www.manaus.am.gov.br\/manauscult\/carnaval-inicia-oficialmente-fomento-recorde-manauscult\/#primaryimage\"},\"image\":{\"@id\":\"https:\/\/www.manaus.am.gov.br\/manauscult\/carnaval-inicia-oficialmente-fomento-recorde-manauscult\/#primaryimage\"},\"thumbnailUrl\":\"https:\/\/www.manaus.am.gov.br\/manauscult\/wp-content\/uploads\/sites\/11\/2025\/02\/Fiscalizacao-1-2.jpeg\",\"datePublished\":\"2025-02-28T17:21:14+00:00\",\"dateModified\":\"2025-02-28T17:21:14+00:00\",\"author\":{\"@id\":\"https:\/\/www.manaus.am.gov.br\/manauscult\/#\/schema\/person\/05d223aea2bf115f9883a6ff3683d81b\"},\"description\":\"Equipe da Prefeitura de Manaus, por meio da ManausCult, fiscalizou a aplica\u00e7\u00e3o dos recursos destinados \u00e0s agremia\u00e7\u00f5es.\u00a0\",\"breadcrumb\":{\"@id\":\"https:\/\/www.manaus.am.gov.br\/manauscult\/carnaval-inicia-oficialmente-fomento-recorde-manauscult\/#breadcrumb\"},\"inLanguage\":\"pt-BR\",\"potentialAction\":[{\"@type\":\"ReadAction\",\"target\":[\"https:\/\/www.manaus.am.gov.br\/manauscult\/carnaval-inicia-oficialmente-fomento-recorde-manauscult\/\"]}]},{\"@type\":\"ImageObject\",\"inLanguage\":\"pt-BR\",\"@id\":\"https:\/\/www.manaus.am.gov.br\/manauscult\/carnaval-inicia-oficialmente-fomento-recorde-manauscult\/#primaryimage\",\"url\":\"https:\/\/www.manaus.am.gov.br\/manauscult\/wp-content\/uploads\/sites\/11\/2025\/02\/Fiscalizacao-1-2.jpeg\",\"contentUrl\":\"https:\/\/www.manaus.am.gov.br\/manauscult\/wp-content\/uploads\/sites\/11\/2025\/02\/Fiscalizacao-1-2.jpeg\",\"width\":1600,\"height\":1200,\"caption\":\"#paratodosverem - Equipe da ManausCult fiscaliza\u00e7\u00e3o aplica\u00e7\u00e3o de recursos da prefeitura em desfile das escolas de samba no samb\u00f3dromo\"},{\"@type\":\"BreadcrumbList\",\"@id\":\"https:\/\/www.manaus.am.gov.br\/manauscult\/carnaval-inicia-oficialmente-fomento-recorde-manauscult\/#breadcrumb\",\"itemListElement\":[{\"@type\":\"ListItem\",\"position\":1,\"name\":\"Home\",\"item\":\"https:\/\/www.manaus.am.gov.br\/manauscult\/\"},{\"@type\":\"ListItem\",\"position\":2,\"name\":\"Carnaval de Manaus 2025 inicia oficialmente com fomento recorde da prefeitura\"}]},{\"@type\":\"WebSite\",\"@id\":\"https:\/\/www.manaus.am.gov.br\/manauscult\/#website\",\"url\":\"https:\/\/www.manaus.am.gov.br\/manauscult\/\",\"name\":\"MANAUSCULT\",\"description\":\"Prefeitura de Manaus\",\"potentialAction\":[{\"@type\":\"SearchAction\",\"target\":{\"@type\":\"EntryPoint\",\"urlTemplate\":\"https:\/\/www.manaus.am.gov.br\/manauscult\/?s={search_term_string}\"},\"query-input\":\"required name=search_term_string\"}],\"inLanguage\":\"pt-BR\"},{\"@type\":\"Person\",\"@id\":\"https:\/\/www.manaus.am.gov.br\/manauscult\/#\/schema\/person\/05d223aea2bf115f9883a6ff3683d81b\",\"name\":\"Bruna Greco\",\"image\":{\"@type\":\"ImageObject\",\"inLanguage\":\"pt-BR\",\"@id\":\"https:\/\/www.manaus.am.gov.br\/manauscult\/#\/schema\/person\/image\/\",\"url\":\"https:\/\/secure.gravatar.com\/avatar\/9c877d1a6adc2a055330e5c09a8653ce?s=96&d=mm&r=g\",\"contentUrl\":\"https:\/\/secure.gravatar.com\/avatar\/9c877d1a6adc2a055330e5c09a8653ce?s=96&d=mm&r=g\",\"caption\":\"Bruna Greco\"}}]}<\/script>\n<!-- \/ Yoast SEO plugin. -->","yoast_head_json":{"title":"Carnaval inicia oficialmente com fomento recorde da prefeitura","description":"Equipe da Prefeitura de Manaus, por meio da ManausCult, fiscalizou a aplica\u00e7\u00e3o dos recursos destinados \u00e0s agremia\u00e7\u00f5es.\u00a0","robots":{"index":"noindex","follow":"follow"},"og_locale":"pt_BR","og_type":"article","og_title":"Carnaval inicia oficialmente com fomento recorde da prefeitura","og_description":"Equipe da Prefeitura de Manaus, por meio da ManausCult, fiscalizou a aplica\u00e7\u00e3o dos recursos destinados \u00e0s agremia\u00e7\u00f5es.\u00a0","og_url":"https:\/\/www.manaus.am.gov.br\/manauscult\/carnaval-inicia-oficialmente-fomento-recorde-manauscult\/","og_site_name":"MANAUSCULT","article_published_time":"2025-02-28T17:21:14+00:00","og_image":[{"width":1600,"height":1200,"url":"https:\/\/www.manaus.am.gov.br\/manauscult\/wp-content\/uploads\/sites\/11\/2025\/02\/Fiscalizacao-1-2.jpeg","type":"image\/jpeg"}],"author":"Bruna Greco","twitter_card":"summary_large_image","twitter_misc":{"Written by":"Bruna Greco","Est. reading time":"3 minutos"},"schema":{"@context":"https:\/\/schema.org","@graph":[{"@type":"WebPage","@id":"https:\/\/www.manaus.am.gov.br\/manauscult\/carnaval-inicia-oficialmente-fomento-recorde-manauscult\/","url":"https:\/\/www.manaus.am.gov.br\/manauscult\/carnaval-inicia-oficialmente-fomento-recorde-manauscult\/","name":"Carnaval inicia oficialmente com fomento recorde da prefeitura","isPartOf":{"@id":"https:\/\/www.manaus.am.gov.br\/manauscult\/#website"},"primaryImageOfPage":{"@id":"https:\/\/www.manaus.am.gov.br\/manauscult\/carnaval-inicia-oficialmente-fomento-recorde-manauscult\/#primaryimage"},"image":{"@id":"https:\/\/www.manaus.am.gov.br\/manauscult\/carnaval-inicia-oficialmente-fomento-recorde-manauscult\/#primaryimage"},"thumbnailUrl":"https:\/\/www.manaus.am.gov.br\/manauscult\/wp-content\/uploads\/sites\/11\/2025\/02\/Fiscalizacao-1-2.jpeg","datePublished":"2025-02-28T17:21:14+00:00","dateModified":"2025-02-28T17:21:14+00:00","author":{"@id":"https:\/\/www.manaus.am.gov.br\/manauscult\/#\/schema\/person\/05d223aea2bf115f9883a6ff3683d81b"},"description":"Equipe da Prefeitura de Manaus, por meio da ManausCult, fiscalizou a aplica\u00e7\u00e3o dos recursos destinados \u00e0s agremia\u00e7\u00f5es.\u00a0","breadcrumb":{"@id":"https:\/\/www.manaus.am.gov.br\/manauscult\/carnaval-inicia-oficialmente-fomento-recorde-manauscult\/#breadcrumb"},"inLanguage":"pt-BR","potentialAction":[{"@type":"ReadAction","target":["https:\/\/www.manaus.am.gov.br\/manauscult\/carnaval-inicia-oficialmente-fomento-recorde-manauscult\/"]}]},{"@type":"ImageObject","inLanguage":"pt-BR","@id":"https:\/\/www.manaus.am.gov.br\/manauscult\/carnaval-inicia-oficialmente-fomento-recorde-manauscult\/#primaryimage","url":"https:\/\/www.manaus.am.gov.br\/manauscult\/wp-content\/uploads\/sites\/11\/2025\/02\/Fiscalizacao-1-2.jpeg","contentUrl":"https:\/\/www.manaus.am.gov.br\/manauscult\/wp-content\/uploads\/sites\/11\/2025\/02\/Fiscalizacao-1-2.jpeg","width":1600,"height":1200,"caption":"#paratodosverem - Equipe da ManausCult fiscaliza\u00e7\u00e3o aplica\u00e7\u00e3o de recursos da prefeitura em desfile das escolas de samba no samb\u00f3dromo"},{"@type":"BreadcrumbList","@id":"https:\/\/www.manaus.am.gov.br\/manauscult\/carnaval-inicia-oficialmente-fomento-recorde-manauscult\/#breadcrumb","itemListElement":[{"@type":"ListItem","position":1,"name":"Home","item":"https:\/\/www.manaus.am.gov.br\/manauscult\/"},{"@type":"ListItem","position":2,"name":"Carnaval de Manaus 2025 inicia oficialmente com fomento recorde da prefeitura"}]},{"@type":"WebSite","@id":"https:\/\/www.manaus.am.gov.br\/manauscult\/#website","url":"https:\/\/www.manaus.am.gov.br\/manauscult\/","name":"MANAUSCULT","description":"Prefeitura de Manaus","potentialAction":[{"@type":"SearchAction","target":{"@type":"EntryPoint","urlTemplate":"https:\/\/www.manaus.am.gov.br\/manauscult\/?s={search_term_string}"},"query-input":"required name=search_term_string"}],"inLanguage":"pt-BR"},{"@type":"Person","@id":"https:\/\/www.manaus.am.gov.br\/manauscult\/#\/schema\/person\/05d223aea2bf115f9883a6ff3683d81b","name":"Bruna Greco","image":{"@type":"ImageObject","inLanguage":"pt-BR","@id":"https:\/\/www.manaus.am.gov.br\/manauscult\/#\/schema\/person\/image\/","url":"https:\/\/secure.gravatar.com\/avatar\/9c877d1a6adc2a055330e5c09a8653ce?s=96&d=mm&r=g","contentUrl":"https:\/\/secure.gravatar.com\/avatar\/9c877d1a6adc2a055330e5c09a8653ce?s=96&d=mm&r=g","caption":"Bruna Greco"}}]}},"_links":{"self":[{"href":"https:\/\/www.manaus.am.gov.br\/manauscult\/wp-json\/wp\/v2\/posts\/3273"}],"collection":[{"href":"https:\/\/www.manaus.am.gov.br\/manauscult\/wp-json\/wp\/v2\/posts"}],"about":[{"href":"https:\/\/www.manaus.am.gov.br\/manauscult\/wp-json\/wp\/v2\/types\/post"}],"author":[{"embeddable":true,"href":"https:\/\/www.manaus.am.gov.br\/manauscult\/wp-json\/wp\/v2\/users\/39"}],"replies":[{"embeddable":true,"href":"https:\/\/www.manaus.am.gov.br\/manauscult\/wp-json\/wp\/v2\/comments?post=3273"}],"version-history":[{"count":1,"href":"https:\/\/www.manaus.am.gov.br\/manauscult\/wp-json\/wp\/v2\/posts\/3273\/revisions"}],"predecessor-version":[{"id":3276,"href":"https:\/\/www.manaus.am.gov.br\/manauscult\/wp-json\/wp\/v2\/posts\/3273\/revisions\/3276"}],"wp:featuredmedia":[{"embeddable":true,"href":"https:\/\/www.manaus.am.gov.br\/manauscult\/wp-json\/wp\/v2\/media\/3275"}],"wp:attachment":[{"href":"https:\/\/www.manaus.am.gov.br\/manauscult\/wp-json\/wp\/v2\/media?parent=3273"}],"wp:term":[{"taxonomy":"category","embeddable":true,"href":"https:\/\/www.manaus.am.gov.br\/manauscult\/wp-json\/wp\/v2\/categories?post=3273"},{"taxonomy":"post_tag","embeddable":true,"href":"https:\/\/www.manaus.am.gov.br\/manauscult\/wp-json\/wp\/v2\/tags?post=3273"}],"curies":[{"name":"wp","href":"https:\/\/api.w.org\/{rel}","templated":true}]}}